{"headers": {"id": "ID", "ano": "Ano", "numero": "N\u00famero", "tipo__sigla": "Tipo de Mat\u00e9ria Legislativa/Sigla", "tipo__descricao": "Tipo de Mat\u00e9ria Legislativa/Descri\u00e7\u00e3o", "autoria": "Autorias", "texto_original": "Texto Original", "ementa": "Ementa"}, "results": [{"id": "4920", "ano": "2024", "numero": "1", "tipo__sigla": "ELO", "tipo__descricao": "Emendas \u00e0 Lei Org\u00e2nica", "autoria": "Helber Marques Corr\u00eaa", "texto_original": "http://sapl.bicas.mg.leg.br/media/", "ementa": "\"Cria a \u00e1rea de expans\u00e3o urbana, a ser denominada \"Prolongamento Portal de Bicas' no Munic\u00edpio de Bicas e d\u00e1 outras provid\u00eancias.\""}, {"id": "4963", "ano": "2024", "numero": "2", "tipo__sigla": "ELO", "tipo__descricao": "Emendas \u00e0 Lei Org\u00e2nica", "autoria": "Helber Marques Corr\u00eaa", "texto_original": "http://sapl.bicas.mg.leg.br/media/sapl/public/materialegislativa/2024/4963/projeto_de_lei_expansao_urbana_prolongamento_do_distrito_de_santa_helena_.doc", "ementa": "\"Cria a \u00e1rea de expans\u00e3o urbana a ser denominada 'Prolongamento do Distrito de Santa Helena' no munic\u00edpio de Bicas e d\u00e1 outras provid\u00eancias.\""}, {"id": "4648", "ano": "2024", "numero": "1", "tipo__sigla": "IND", "tipo__descricao": "Indica\u00e7\u00e3o", "autoria": "S\u00f4nia Mattos", "texto_original": "http://sapl.bicas.mg.leg.br/media/sapl/public/materialegislativa/2024/4648/no_01-2024.pdf", "ementa": "A vereadora que este subscreve indica, nos termos do Art. 154, \u00a71, I do Regimento Interno, que seja pintada vaga de estacionamento para idosos nos principais locais de atendimento p\u00fablico."}, {"id": "4649", "ano": "2024", "numero": "2", "tipo__sigla": "IND", "tipo__descricao": "Indica\u00e7\u00e3o", "autoria": "Melissa Terra", "texto_original": "http://sapl.bicas.mg.leg.br/media/sapl/public/materialegislativa/2024/4649/no_02-2024.pdf", "ementa": "A vereadora que este subscreve indica, nos termos do Art. 154, \u00a71, I do Regimento Interno, que seja efetuado o pagamento do 14\u00ba dos agentes comunit\u00e1rios de sa\u00fade."}, {"id": "4650", "ano": "2024", "numero": "3", "tipo__sigla": "IND", "tipo__descricao": "Indica\u00e7\u00e3o", "autoria": "S\u00f4nia Mattos", "texto_original": "http://sapl.bicas.mg.leg.br/media/sapl/public/materialegislativa/2024/4650/no_03-2024.pdf", "ementa": "A vereadora que este subscreve indica, nos termos do Art. 154, \u00a71, I do Regimento Interno, que seja corrigido buraco na rua em frente \u00e0 sa\u00edda da galeria Jos\u00e9 Maria Veiga."}, {"id": "4651", "ano": "2024", "numero": "4", "tipo__sigla": "IND", "tipo__descricao": "Indica\u00e7\u00e3o", "autoria": "Paulinho Plantas", "texto_original": "http://sapl.bicas.mg.leg.br/media/sapl/public/materialegislativa/2024/4651/no_04-2024.pdf", "ementa": "O vereador que este subscreve indica, nos termos do Art. 154, \u00a71, I do Regimento Interno, que seja constru\u00edda faixa de pedestre entre a esta\u00e7\u00e3o rodovi\u00e1ria e o parque dos ferrovi\u00e1rios, para dar acesso \u00e0 guarita e ao parque."}, {"id": "4652", "ano": "2024", "numero": "5", "tipo__sigla": "IND", "tipo__descricao": "Indica\u00e7\u00e3o", "autoria": "Marcelo Jardim", "texto_original": "http://sapl.bicas.mg.leg.br/media/sapl/public/materialegislativa/2024/4652/no_05-2024.pdf", "ementa": "O vereador que este subscreve indica, nos termos do Art. 154, \u00a71, I do Regimento Interno, que seja corrigido o afundamento da rua Garcia Passos, pr\u00f3ximo \u00e0 Mec\u00e2nica Pacheco."}, {"id": "4653", "ano": "2024", "numero": "6", "tipo__sigla": "IND", "tipo__descricao": "Indica\u00e7\u00e3o", "autoria": "Paulinho Plantas", "texto_original": "http://sapl.bicas.mg.leg.br/media/sapl/public/materialegislativa/2024/4653/no_06-2024.pdf", "ementa": "O vereador que este subscreve indica, nos termos do Art. 154, \u00a71, I do Regimento Interno, que seja iniciada a obra da capela mortu\u00e1ria de Santa Helena."}, {"id": "4662", "ano": "2024", "numero": "7", "tipo__sigla": "IND", "tipo__descricao": "Indica\u00e7\u00e3o", "autoria": "Melissa Terra", "texto_original": "http://sapl.bicas.mg.leg.br/media/sapl/public/materialegislativa/2024/4662/indicacao_no07.pdf", "ementa": "A vereadora que este subscreve indica, nos termos do Art. 154, \u00a71, I do Regimento Interno, que seja instalada ilumina\u00e7\u00e3o p\u00fablica no prolongamento da Rua Maestro Luiz Servo de Deus. Pe\u00e7o tamb\u00e9m a instala\u00e7\u00e3o de bueiro no mesmo trecho."}, {"id": "4663", "ano": "2024", "numero": "8", "tipo__sigla": "IND", "tipo__descricao": "Indica\u00e7\u00e3o", "autoria": "Dr. Beto", "texto_original": "http://sapl.bicas.mg.leg.br/media/sapl/public/materialegislativa/2024/4663/indicacao_no08.pdf", "ementa": "O vereador que este subscreve indica, nos termos do Art. 154, \u00a71, I do Regimento Interno, que seja feita a aquisi\u00e7\u00e3o imediata de testes r\u00e1pidos para dengue e que disponha de exames de sangue quando necess\u00e1rio."}, {"id": "4664", "ano": "2024", "numero": "9", "tipo__sigla": "IND", "tipo__descricao": "Indica\u00e7\u00e3o", "autoria": "Melissa Terra", "texto_original": "http://sapl.bicas.mg.leg.br/media/sapl/public/materialegislativa/2024/4664/indicacao_no09.pdf", "ementa": "A vereadora que este subscreve indica, nos termos do Art. 154, \u00a71, I do Regimento Interno, que seja elaborado um programa de manuten\u00e7\u00e3o permanente das estradas rurais."}, {"id": "4665", "ano": "2024", "numero": "10", "tipo__sigla": "IND", "tipo__descricao": "Indica\u00e7\u00e3o", "autoria": "Paulinho Plantas", "texto_original": "http://sapl.bicas.mg.leg.br/media/sapl/public/materialegislativa/2024/4665/indicacao_no10.pdf", "ementa": "O vereador que este subscreve indica, nos termos do Art. 154, \u00a71, I do Regimento Interno, que seja feita a obra de cal\u00e7amento da rua E do Bairro S\u00e3o Pedro."}, {"id": "4672", "ano": "2024", "numero": "11", "tipo__sigla": "IND", "tipo__descricao": "Indica\u00e7\u00e3o", "autoria": "Paulinho Plantas", "texto_original": "http://sapl.bicas.mg.leg.br/media/sapl/public/materialegislativa/2024/4672/011_-_paulinho.pdf", "ementa": "que seja feita a obra de cal\u00e7amento da rua do topo do campo do Leopoldina, bem como o desbloqueio e rede de esgoto."}, {"id": "4673", "ano": "2024", "numero": "12", "tipo__sigla": "IND", "tipo__descricao": "Indica\u00e7\u00e3o", "autoria": "Loro", "texto_original": "http://sapl.bicas.mg.leg.br/media/sapl/public/materialegislativa/2024/4673/indicacao_no12.pdf", "ementa": "que seja feita manuten\u00e7\u00e3o e limpeza na pra\u00e7a de Santa Helena."}, {"id": "4674", "ano": "2024", "numero": "13", "tipo__sigla": "IND", "tipo__descricao": "Indica\u00e7\u00e3o", "autoria": "Rafael Aquino", "texto_original": "http://sapl.bicas.mg.leg.br/media/sapl/public/materialegislativa/2024/4674/indicacao_no13.pdf", "ementa": "que seja a administra\u00e7\u00e3o municipal promova opera\u00e7\u00e3o tapa buraco nas ruas de nossa cidade."}, {"id": "4675", "ano": "2024", "numero": "14", "tipo__sigla": "IND", "tipo__descricao": "Indica\u00e7\u00e3o", "autoria": "Rafael Aquino", "texto_original": "http://sapl.bicas.mg.leg.br/media/sapl/public/materialegislativa/2024/4675/indicacao_no14.pdf", "ementa": "que a administra\u00e7\u00e3o Municipal, regularize a situa\u00e7\u00e3o do Munic\u00edpio junto ao Cadastro da D\u00edvida P\u00fablica (CDP), estando em situa\u00e7\u00e3o irregular"}, {"id": "4676", "ano": "2024", "numero": "15", "tipo__sigla": "IND", "tipo__descricao": "Indica\u00e7\u00e3o", "autoria": "Paulinho Plantas", "texto_original": "http://sapl.bicas.mg.leg.br/media/sapl/public/materialegislativa/2024/4676/indicacao_no15.pdf", "ementa": "que seja adquirida novos ve\u00edculos para transporte de pacientes para Juiz de Fora."}, {"id": "4677", "ano": "2024", "numero": "16", "tipo__sigla": "IND", "tipo__descricao": "Indica\u00e7\u00e3o", "autoria": "Paulinho Plantas", "texto_original": "http://sapl.bicas.mg.leg.br/media/sapl/public/materialegislativa/2024/4677/indicacao_no16.pdf", "ementa": "que seja priorizada a capina e limpeza das ruas do bairro Edgar Moreira, em especial da parte mais alta do bairro."}, {"id": "4678", "ano": "2024", "numero": "17", "tipo__sigla": "IND", "tipo__descricao": "Indica\u00e7\u00e3o", "autoria": "Paulinho Plantas", "texto_original": "http://sapl.bicas.mg.leg.br/media/sapl/public/materialegislativa/2024/4678/indicacao_no17.pdf", "ementa": "que seja notificado o dono do terreno sem manuten\u00e7\u00e3o, em desacordo com o c\u00f3digo de posturas municipais \u00e0 rua Otaviano Cassiano da Silva."}, {"id": "4681", "ano": "2024", "numero": "18", "tipo__sigla": "IND", "tipo__descricao": "Indica\u00e7\u00e3o", "autoria": "Melissa Terra", "texto_original": "http://sapl.bicas.mg.leg.br/media/sapl/public/materialegislativa/2024/4681/indicacao_no18.pdf", "ementa": "que seja feita a aquisi\u00e7\u00e3o urgente de testes r\u00e1pidos para a dengue."}, {"id": "4682", "ano": "2024", "numero": "19", "tipo__sigla": "IND", "tipo__descricao": "Indica\u00e7\u00e3o", "autoria": "Melissa Terra", "texto_original": "http://sapl.bicas.mg.leg.br/media/sapl/public/materialegislativa/2024/4682/indicacao_no19.pdf", "ementa": "que o Executivo, atrav\u00e9s da secretaria competente, verifique a possibilidade de mudan\u00e7a da \u201cFeira do Produtor Rural\u201d de lugar."}, {"id": "4683", "ano": "2024", "numero": "20", "tipo__sigla": "IND", "tipo__descricao": "Indica\u00e7\u00e3o", "autoria": "Paulinho Plantas", "texto_original": "http://sapl.bicas.mg.leg.br/media/sapl/public/materialegislativa/2024/4683/indicacao_no20.pdf", "ementa": "que seja feita a retirada de \u00e1rvores, na resid\u00eancia do Sr. Mauro L\u00facio Ferrari localizada na Rua Nec\u00e9sio Silva, n\u00ba 189."}, {"id": "4684", "ano": "2024", "numero": "21", "tipo__sigla": "IND", "tipo__descricao": "Indica\u00e7\u00e3o", "autoria": "Paulinho Plantas", "texto_original": "http://sapl.bicas.mg.leg.br/media/sapl/public/materialegislativa/2024/4684/indicacao_no21.pdf", "ementa": "que a Administra\u00e7\u00e3o Municipal, atrav\u00e9s da Secretaria de Sa\u00fade realiza mutir\u00e3o de limpeza em toda a cidade."}, {"id": "4720", "ano": "2024", "numero": "22", "tipo__sigla": "IND", "tipo__descricao": "Indica\u00e7\u00e3o", "autoria": "Fernando Joca", "texto_original": "http://sapl.bicas.mg.leg.br/media/sapl/public/materialegislativa/2024/4720/indicacao_no_22.pdf", "ementa": "que seja submetido a esta casa projeto de lei contendo as disposi\u00e7\u00f5es a seguir:\r\n\r\nEmenta: Disp\u00f5e sobre o pagamento de ticket alimenta\u00e7\u00e3o durante o per\u00edodo de f\u00e9rias.\r\n\r\nArt. 1\u00ba Inclui-se al\u00ednea d ao \u00a71\u00ba do Art. 2\u00ba da Lei n\u00ba 1561 de 15 de agosto de 2011, com a seguinte reda\u00e7\u00e3o:\r\n(...)\r\nd) f\u00e9rias regulares."}, {"id": "4721", "ano": "2024", "numero": "23", "tipo__sigla": "IND", "tipo__descricao": "Indica\u00e7\u00e3o", "autoria": "Paulinho Plantas", "texto_original": "http://sapl.bicas.mg.leg.br/media/sapl/public/materialegislativa/2024/4721/indicacao_no_23.pdf", "ementa": "que a Administra\u00e7\u00e3o Municipal, atrav\u00e9s da secretaria competente, instale poste de ilumina\u00e7\u00e3o na Rua Maria de Souza Ramos, pr\u00f3ximo ao n\u00ba 247. \r\nSolicito tamb\u00e9m, que seja realizada limpeza no local."}, {"id": "4741", "ano": "2024", "numero": "24", "tipo__sigla": "IND", "tipo__descricao": "Indica\u00e7\u00e3o", "autoria": "Paulinho Plantas", "texto_original": "http://sapl.bicas.mg.leg.br/media/sapl/public/materialegislativa/2024/4741/indicacao_no_24.pdf", "ementa": "Que a Administra\u00e7\u00e3o Municipal, atrav\u00e9s da secretaria competente, instale postes de ilumina\u00e7\u00e3o pr\u00f3ximo ao loteamento \u00c1gua Santa."}, {"id": "4742", "ano": "2024", "numero": "25", "tipo__sigla": "IND", "tipo__descricao": "Indica\u00e7\u00e3o", "autoria": "Melissa Terra", "texto_original": "http://sapl.bicas.mg.leg.br/media/sapl/public/materialegislativa/2024/4742/indicacao_no_25.pdf", "ementa": "Que o Executivo realize o atendimento aos casos suspeitos de dengue em ambiente diferente dos suspeitos de covid."}, {"id": "4743", "ano": "2024", "numero": "26", "tipo__sigla": "IND", "tipo__descricao": "Indica\u00e7\u00e3o", "autoria": "Melissa Terra", "texto_original": "http://sapl.bicas.mg.leg.br/media/sapl/public/materialegislativa/2024/4743/indicacao_no_26.pdf", "ementa": "Que o Executivo construa a cobertura do ponto de \u00f4nibus do bairro Gilson Lamha."}, {"id": "4744", "ano": "2024", "numero": "27", "tipo__sigla": "IND", "tipo__descricao": "Indica\u00e7\u00e3o", "autoria": "Fernando Joca", "texto_original": "http://sapl.bicas.mg.leg.br/media/sapl/public/materialegislativa/2024/4744/indicacao_no_27.pdf", "ementa": "Que a Prefeitura torne p\u00fablico, por meio das redes sociais do munic\u00edpio e nas r\u00e1dios locais, toda vez que houver falta de m\u00e9dico plantonista nos servi\u00e7os de urg\u00eancia e emerg\u00eancia mantidos em conv\u00eanio com o Hospital S\u00e3o Jos\u00e9."}, {"id": "4745", "ano": "2024", "numero": "28", "tipo__sigla": "IND", "tipo__descricao": "Indica\u00e7\u00e3o", "autoria": "Paulinho Plantas", "texto_original": "http://sapl.bicas.mg.leg.br/media/sapl/public/materialegislativa/2024/4745/indicacao_no_28.pdf", "ementa": "Que a Prefeitura coloque os \u00f4nibus para pegar as crian\u00e7as da escola Coronel Souza na rua de baixo."}, {"id": "4746", "ano": "2024", "numero": "29", "tipo__sigla": "IND", "tipo__descricao": "Indica\u00e7\u00e3o", "autoria": "Paulinho Plantas", "texto_original": "http://sapl.bicas.mg.leg.br/media/sapl/public/materialegislativa/2024/4746/indicacao_no_29.pdf", "ementa": "Que a Prefeitura de Bicas d\u00ea prefer\u00eancia aos comerciantes locais na loca\u00e7\u00e3o de estandes e barracas nos eventos Expobicas e Bicas Liquida, al\u00e9m de conceder gratuidade para todos os comerciantes biquenses que desejem participar."}, {"id": "4747", "ano": "2024", "numero": "30", "tipo__sigla": "IND", "tipo__descricao": "Indica\u00e7\u00e3o", "autoria": "Paulinho Plantas", "texto_original": "http://sapl.bicas.mg.leg.br/media/sapl/public/materialegislativa/2024/4747/indicacao_no_30.pdf", "ementa": "Que seja dada devida manuten\u00e7\u00e3o na estrada para a \u00e1gua santa."}, {"id": "4748", "ano": "2024", "numero": "31", "tipo__sigla": "IND", "tipo__descricao": "Indica\u00e7\u00e3o", "autoria": "Joel Mil\u00e3o do Cemit\u00e9rio", "texto_original": "http://sapl.bicas.mg.leg.br/media/sapl/public/materialegislativa/2024/4748/indicacao_no_31.pdf", "ementa": "Que seja realizado o corte da grama no Horto Florestal."}, {"id": "4749", "ano": "2024", "numero": "32", "tipo__sigla": "IND", "tipo__descricao": "Indica\u00e7\u00e3o", "autoria": "Melissa Terra", "texto_original": "http://sapl.bicas.mg.leg.br/media/sapl/public/materialegislativa/2024/4749/indicacao_no_32.pdf", "ementa": "Que seja feita limpeza da quadra do bairro Gilson Lamha."}, {"id": "4750", "ano": "2024", "numero": "33", "tipo__sigla": "IND", "tipo__descricao": "Indica\u00e7\u00e3o", "autoria": "Rafael Aquino", "texto_original": "http://sapl.bicas.mg.leg.br/media/sapl/public/materialegislativa/2024/4750/indicacao_no_33.pdf", "ementa": "Que durante este per\u00edodo de elevados casos de dengue, os postos de sa\u00fade funcionem nos fins de semana."}, {"id": "4751", "ano": "2024", "numero": "34", "tipo__sigla": "IND", "tipo__descricao": "Indica\u00e7\u00e3o", "autoria": "Paulinho Plantas", "texto_original": "http://sapl.bicas.mg.leg.br/media/sapl/public/materialegislativa/2024/4751/indicacao_no_34.pdf", "ementa": "Que seja vistoriado o terreno localizado \u00e0 Rua Sebasti\u00e3o Croce, ao lado do n\u00ba264, no bairro S\u00e3o Pedro."}, {"id": "4752", "ano": "2024", "numero": "35", "tipo__sigla": "IND", "tipo__descricao": "Indica\u00e7\u00e3o", "autoria": "Rafael Aquino", "texto_original": "http://sapl.bicas.mg.leg.br/media/sapl/public/materialegislativa/2024/4752/indicacao_no_35.pdf", "ementa": "Solicito a Administra\u00e7\u00e3o Municipal, QUE ADOTE PROCEDIMENTO ADMITIDO PELO TCU (TRIBUNAL DE CONTAS DA UNI\u00c3O) EM AC\u00d3RD\u00c3O N.\u00ba 298/2024 NAS LICITA\u00c7\u00d5ES DE OBRAS E SERVI\u00c7OS."}, {"id": "4753", "ano": "2024", "numero": "36", "tipo__sigla": "IND", "tipo__descricao": "Indica\u00e7\u00e3o", "autoria": "Paulinho Plantas", "texto_original": "http://sapl.bicas.mg.leg.br/media/sapl/public/materialegislativa/2024/4753/indicacao_no_36.pdf", "ementa": "Que seja feita limpeza do c\u00f3rrego ao longo da rua Tiradentes."}, {"id": "4754", "ano": "2024", "numero": "37", "tipo__sigla": "IND", "tipo__descricao": "Indica\u00e7\u00e3o", "autoria": "Paulinho Plantas", "texto_original": "http://sapl.bicas.mg.leg.br/media/sapl/public/materialegislativa/2024/4754/indicacao_no_37.pdf", "ementa": "Que sejam contratados mais m\u00e9dicos para o atendimento da popula\u00e7\u00e3o."}, {"id": "4755", "ano": "2024", "numero": "38", "tipo__sigla": "IND", "tipo__descricao": "Indica\u00e7\u00e3o", "autoria": "Paulinho Plantas", "texto_original": "http://sapl.bicas.mg.leg.br/media/sapl/public/materialegislativa/2024/4755/indicacao_no_38.pdf", "ementa": "Que seja feita reforma na pra\u00e7a S\u00e3o Jos\u00e9."}, {"id": "4756", "ano": "2024", "numero": "39", "tipo__sigla": "IND", "tipo__descricao": "Indica\u00e7\u00e3o", "autoria": "Paulinho Plantas", "texto_original": "http://sapl.bicas.mg.leg.br/media/sapl/public/materialegislativa/2024/4756/indicacao_no_39.pdf", "ementa": "Que seja feita capela mortu\u00e1ria no cemit\u00e9rio de Santa Helena."}, {"id": "4757", "ano": "2024", "numero": "40", "tipo__sigla": "IND", "tipo__descricao": "Indica\u00e7\u00e3o", "autoria": "Paulinho Plantas", "texto_original": "http://sapl.bicas.mg.leg.br/media/sapl/public/materialegislativa/2024/4757/indicacao_no_40.pdf", "ementa": "Que sejam feitas as obras de infraestrutura do loteamento Santa Terezinha e programa de regulariza\u00e7\u00e3o fundi\u00e1ria."}, {"id": "4758", "ano": "2024", "numero": "41", "tipo__sigla": "IND", "tipo__descricao": "Indica\u00e7\u00e3o", "autoria": "Paulinho Plantas", "texto_original": "http://sapl.bicas.mg.leg.br/media/sapl/public/materialegislativa/2024/4758/indicacao_no_41.pdf", "ementa": "Que sejam constru\u00eddo novo trevo na entrada de Bicas pela Rodovia Vital Brasil, mais seguro e moderno."}, {"id": "4762", "ano": "2024", "numero": "42", "tipo__sigla": "IND", "tipo__descricao": "Indica\u00e7\u00e3o", "autoria": "Melissa Terra", "texto_original": "http://sapl.bicas.mg.leg.br/media/sapl/public/materialegislativa/2024/4762/indicacao_no_42.pdf", "ementa": "AUTORIZA O PODER EXECUTIVO MUNICIPAL A ADQUIRIR E DOAR \u00d3CULOS DE GRAU A PESSOAS DE BAIXA RENDA E D\u00c1 OUTRAS PROVID\u00caNCIAS."}, {"id": "4767", "ano": "2024", "numero": "43", "tipo__sigla": "IND", "tipo__descricao": "Indica\u00e7\u00e3o", "autoria": "Paulinho Plantas", "texto_original": "http://sapl.bicas.mg.leg.br/media/sapl/public/materialegislativa/2024/4767/indicacao_no_43.pdf", "ementa": "Que a prefeitura adquira e doe ao hospital S\u00e3o Jos\u00e9 papel para o aparelho de Eletrocardiograma."}, {"id": "4768", "ano": "2024", "numero": "44", "tipo__sigla": "IND", "tipo__descricao": "Indica\u00e7\u00e3o", "autoria": "Joel Mil\u00e3o do Cemit\u00e9rio", "texto_original": "http://sapl.bicas.mg.leg.br/media/sapl/public/materialegislativa/2024/4768/indicacao_no_44.pdf", "ementa": "Que seja revisado o valor da di\u00e1ria dos motoristas."}, {"id": "4769", "ano": "2024", "numero": "45", "tipo__sigla": "IND", "tipo__descricao": "Indica\u00e7\u00e3o", "autoria": "Joel Mil\u00e3o do Cemit\u00e9rio", "texto_original": "http://sapl.bicas.mg.leg.br/media/sapl/public/materialegislativa/2024/4769/indicacao_no_45.pdf", "ementa": "Que seja realizada opera\u00e7\u00e3o tapa buracos nas ruas de nossa cidade."}, {"id": "4770", "ano": "2024", "numero": "46", "tipo__sigla": "IND", "tipo__descricao": "Indica\u00e7\u00e3o", "autoria": "Melissa Terra", "texto_original": "http://sapl.bicas.mg.leg.br/media/sapl/public/materialegislativa/2024/4770/indicacao_no_46.pdf", "ementa": "Que seja instalada tampa no bueiro \u00e0 Rua Norton Cid Marques de Pinho, pr\u00f3ximo ao n\u00ba 133."}, {"id": "4771", "ano": "2024", "numero": "47", "tipo__sigla": "IND", "tipo__descricao": "Indica\u00e7\u00e3o", "autoria": "Paulinho Plantas", "texto_original": "http://sapl.bicas.mg.leg.br/media/sapl/public/materialegislativa/2024/4771/indicacao_no_47.pdf", "ementa": "Que seja feita vistoria \u00e0 rua Jos\u00e9 Monteiro de Rezende, em terrenos que est\u00e3o sem capina."}, {"id": "4772", "ano": "2024", "numero": "48", "tipo__sigla": "IND", "tipo__descricao": "Indica\u00e7\u00e3o", "autoria": "Joel Mil\u00e3o do Cemit\u00e9rio", "texto_original": "http://sapl.bicas.mg.leg.br/media/sapl/public/materialegislativa/2024/4772/indicacao_no_48.pdf", "ementa": "Que seja apresentado projeto de lei complementar de altera\u00e7\u00e3o do C\u00f3digo Tribut\u00e1rio Municipal para adequa\u00e7\u00e3o ao disposto no Art. 2\u00ba das Disposi\u00e7\u00f5es transit\u00f3rias da Lei Org\u00e2nica."}, {"id": "4775", "ano": "2024", "numero": "49", "tipo__sigla": "IND", "tipo__descricao": "Indica\u00e7\u00e3o", "autoria": "Paulinho Plantas", "texto_original": "http://sapl.bicas.mg.leg.br/media/", "ementa": "Que seja instalado bebedouro na policl\u00ednica."}, {"id": "4776", "ano": "2024", "numero": "50", "tipo__sigla": "IND", "tipo__descricao": "Indica\u00e7\u00e3o", "autoria": "Melissa Terra", "texto_original": "http://sapl.bicas.mg.leg.br/media/sapl/public/materialegislativa/2024/4776/indicacao_no_50.pdf", "ementa": "Que reparado o cal\u00e7amento da rua Zima de Souza que, mais uma vez, est\u00e1 afundando."}, {"id": "4777", "ano": "2024", "numero": "51", "tipo__sigla": "IND", "tipo__descricao": "Indica\u00e7\u00e3o", "autoria": "Joel Mil\u00e3o do Cemit\u00e9rio", "texto_original": "http://sapl.bicas.mg.leg.br/media/sapl/public/materialegislativa/2024/4777/indicacao_no_51.pdf", "ementa": "Que seja instalada a ilumina\u00e7\u00e3o adequada \u00e0 torre de transmiss\u00e3o e telefonia do Morro do Cruzeiro."}, {"id": "4778", "ano": "2024", "numero": "52", "tipo__sigla": "IND", "tipo__descricao": "Indica\u00e7\u00e3o", "autoria": "Joel Mil\u00e3o do Cemit\u00e9rio", "texto_original": "http://sapl.bicas.mg.leg.br/media/sapl/public/materialegislativa/2024/4778/indicacao_no_52.pdf", "ementa": "Que seja corrigido os problemas com o sinal de TV Digital em Bicas."}, {"id": "4779", "ano": "2024", "numero": "53", "tipo__sigla": "IND", "tipo__descricao": "Indica\u00e7\u00e3o", "autoria": "Joel Mil\u00e3o do Cemit\u00e9rio", "texto_original": "http://sapl.bicas.mg.leg.br/media/sapl/public/materialegislativa/2024/4779/indicacao_no_53.pdf", "ementa": "Que seja instalado dispositivo redutor de velocidade \u00e0 Rua Garcia Passos, pr\u00f3ximo ao n\u00famero 844. Solicito tamb\u00e9m reparos nos buracos na rua."}, {"id": "4780", "ano": "2024", "numero": "54", "tipo__sigla": "IND", "tipo__descricao": "Indica\u00e7\u00e3o", "autoria": "Paulinho Plantas", "texto_original": "http://sapl.bicas.mg.leg.br/media/sapl/public/materialegislativa/2024/4780/indicacao_no_54.pdf", "ementa": "Que seja feita vacina\u00e7\u00e3o contra a meningite."}, {"id": "4781", "ano": "2024", "numero": "55", "tipo__sigla": "IND", "tipo__descricao": "Indica\u00e7\u00e3o", "autoria": "Paulinho Plantas", "texto_original": "http://sapl.bicas.mg.leg.br/media/sapl/public/materialegislativa/2024/4781/indicacao_no_55.pdf", "ementa": "Que seja vistoriado e capinado o terreno localizado \u00e0 Rua Anselmo Colace, n\u00ba 440."}, {"id": "4795", "ano": "2024", "numero": "56", "tipo__sigla": "IND", "tipo__descricao": "Indica\u00e7\u00e3o", "autoria": "Melissa Terra", "texto_original": "http://sapl.bicas.mg.leg.br/media/sapl/public/materialegislativa/2024/4795/indicacao_no_56.pdf", "ementa": "Que seja constru\u00eddo corrim\u00e3o adequado em ambos os lados no escad\u00e3o do bairro Edgar Moreira."}, {"id": "4796", "ano": "2024", "numero": "57", "tipo__sigla": "IND", "tipo__descricao": "Indica\u00e7\u00e3o", "autoria": "Melissa Terra", "texto_original": "http://sapl.bicas.mg.leg.br/media/sapl/public/materialegislativa/2024/4796/indicacao_no_57.pdf", "ementa": "Que seja organizado e sinalizado corretamente o acesso \u00e0 Avenida Bianco."}, {"id": "4797", "ano": "2024", "numero": "58", "tipo__sigla": "IND", "tipo__descricao": "Indica\u00e7\u00e3o", "autoria": "Paulinho Plantas", "texto_original": "http://sapl.bicas.mg.leg.br/media/sapl/public/materialegislativa/2024/4797/indicacao_no_58.pdf", "ementa": "Que seja cal\u00e7adas as ruas internas do cemit\u00e9rio."}, {"id": "4798", "ano": "2024", "numero": "59", "tipo__sigla": "IND", "tipo__descricao": "Indica\u00e7\u00e3o", "autoria": "Paulinho Plantas", "texto_original": "http://sapl.bicas.mg.leg.br/media/sapl/public/materialegislativa/2024/4798/indicacao_no_59.pdf", "ementa": "Que seja providenciado o cal\u00e7amento e reparo das vias que d\u00e3o acesso \u00e0 Granja Santa Isabel, na Br 267."}, {"id": "4801", "ano": "2024", "numero": "60", "tipo__sigla": "IND", "tipo__descricao": "Indica\u00e7\u00e3o", "autoria": "Melissa Terra", "texto_original": "http://sapl.bicas.mg.leg.br/media/sapl/public/materialegislativa/2024/4801/indicacao_no_60.pdf", "ementa": "Que seja retomada a obra \u00e0 rua Boa Vista, n\u00ba 73."}, {"id": "4802", "ano": "2024", "numero": "61", "tipo__sigla": "IND", "tipo__descricao": "Indica\u00e7\u00e3o", "autoria": "Paulinho Plantas", "texto_original": "http://sapl.bicas.mg.leg.br/media/sapl/public/materialegislativa/2024/4802/indicacao_no_61.pdf", "ementa": "Que seja providenciado o reparo da estrada para a Copasa em S\u00e3o Manoel. O trecho precisa com urg\u00eancia de nivelamento e limpeza."}, {"id": "4812", "ano": "2024", "numero": "62", "tipo__sigla": "IND", "tipo__descricao": "Indica\u00e7\u00e3o", "autoria": "Rafael Aquino", "texto_original": "http://sapl.bicas.mg.leg.br/media/sapl/public/materialegislativa/2024/4812/indicacao_no_62.pdf", "ementa": "Solicito da Administra\u00e7\u00e3o Municipal, atrav\u00e9s da Secretaria de Educa\u00e7\u00e3o e Departamento de Esportes, que organize e realize em nossa cidade os Jogos da Terceira Idade, com participa\u00e7\u00e3o de idosos de Bicas e da regi\u00e3o."}, {"id": "4823", "ano": "2024", "numero": "63", "tipo__sigla": "IND", "tipo__descricao": "Indica\u00e7\u00e3o", "autoria": "Melissa Terra", "texto_original": "http://sapl.bicas.mg.leg.br/media/sapl/public/materialegislativa/2024/4823/indicacao_no_63.pdf", "ementa": "Que seja feita retirada de entulhos em diversos pontos do bairro Gilson Lamha."}, {"id": "4824", "ano": "2024", "numero": "64", "tipo__sigla": "IND", "tipo__descricao": "Indica\u00e7\u00e3o", "autoria": "Paulinho Plantas", "texto_original": "http://sapl.bicas.mg.leg.br/media/sapl/public/materialegislativa/2024/4824/indicacao_no_64.pdf", "ementa": "Que seja realizado reparo ou a substitui\u00e7\u00e3o do poste localizado na Rua Joaquim Fernandes Alhadas, pr\u00f3ximo a Pracinha do HV."}, {"id": "4825", "ano": "2024", "numero": "65", "tipo__sigla": "IND", "tipo__descricao": "Indica\u00e7\u00e3o", "autoria": "Paulinho Plantas", "texto_original": "http://sapl.bicas.mg.leg.br/media/sapl/public/materialegislativa/2024/4825/indicacao_no_65.pdf", "ementa": "Que seja feita o desbloqueio da rua do topo do Campo Leopoldina com a Rua Jos\u00e9, bem como a instala\u00e7\u00e3o da rede de esgoto."}, {"id": "4829", "ano": "2024", "numero": "66", "tipo__sigla": "IND", "tipo__descricao": "Indica\u00e7\u00e3o", "autoria": "Paulinho Plantas", "texto_original": "http://sapl.bicas.mg.leg.br/media/sapl/public/materialegislativa/2024/4829/indicacao_no_66.pdf", "ementa": "Que sejam instalados refletores para a quadra da rede."}, {"id": "4830", "ano": "2024", "numero": "68", "tipo__sigla": "IND", "tipo__descricao": "Indica\u00e7\u00e3o", "autoria": "Fernando Bigode", "texto_original": "http://sapl.bicas.mg.leg.br/media/sapl/public/materialegislativa/2024/4830/indicacao_no_68.pdf", "ementa": "Que seja verificada a viabilidade de cria\u00e7\u00e3o de vagas para motos nas laterais do estacionamento da Rede Ferrovi\u00e1ria, e que seja destinada duas vagas centrais para pessoas com defici\u00eancia."}, {"id": "4831", "ano": "2024", "numero": "69", "tipo__sigla": "IND", "tipo__descricao": "Indica\u00e7\u00e3o", "autoria": "Fernando Bigode", "texto_original": "http://sapl.bicas.mg.leg.br/media/sapl/public/materialegislativa/2024/4831/indicacao_no_69.pdf", "ementa": "Que seja feita a troca das l\u00e2mpadas queimadas no cal\u00e7ad\u00e3o da Av. Governador Valadares e da Melo Viana."}, {"id": "4832", "ano": "2024", "numero": "70", "tipo__sigla": "IND", "tipo__descricao": "Indica\u00e7\u00e3o", "autoria": "Rafael Aquino", "texto_original": "http://sapl.bicas.mg.leg.br/media/sapl/public/materialegislativa/2024/4832/indicacao_no_70.pdf", "ementa": "Que a Administra\u00e7\u00e3o Municipal,atrav\u00e9s da secretaria competente, fa\u00e7a a continuidade da cal\u00e7ada na Rua Prefeito Nilson Batista Vieira."}, {"id": "4833", "ano": "2024", "numero": "71", "tipo__sigla": "IND", "tipo__descricao": "Indica\u00e7\u00e3o", "autoria": "Rafael Aquino", "texto_original": "http://sapl.bicas.mg.leg.br/media/sapl/public/materialegislativa/2024/4833/indicacao_no_71.pdf", "ementa": "Que a Administra\u00e7\u00e3o Municipal, estude a viabilidade de adequa\u00e7\u00e3o na cal\u00e7ada ao lado da Pra\u00e7a dos Aposentados, que d\u00e1 acesso \u00e0 Rua Augusto Rossi sentido centro."}, {"id": "4834", "ano": "2024", "numero": "72", "tipo__sigla": "IND", "tipo__descricao": "Indica\u00e7\u00e3o", "autoria": "Fernando Joca", "texto_original": "http://sapl.bicas.mg.leg.br/media/sapl/public/materialegislativa/2024/4834/indicacao_no_72.pdf", "ementa": "Que o Executivo Municipal reveja a necessidade das vagas privativas reservadas \u00e0 PM na rua em frente \u00e0 Esta\u00e7\u00e3ozinha e na Pra\u00e7a S\u00e3o Jos\u00e9, no centro da cidade."}, {"id": "4835", "ano": "2024", "numero": "73", "tipo__sigla": "IND", "tipo__descricao": "Indica\u00e7\u00e3o", "autoria": "Fernando Joca", "texto_original": "http://sapl.bicas.mg.leg.br/media/sapl/public/materialegislativa/2024/4835/indicacao_no_73.pdf", "ementa": "Solicito \u00e0 Administra\u00e7\u00e3o Municipal, atrav\u00e9s da Secretaria de Educa\u00e7\u00e3o, que providencie a limpeza e conserva\u00e7\u00e3o dos pr\u00e9dios p\u00fablicos que serviam \u00e0s escolas do Val Para\u00edso e Ata\u00edde Suriano Pereira, estendendo a solicita\u00e7\u00e3o tamb\u00e9m \u00e0s escolas de Santa Helena e S\u00e3o Manoel."}, {"id": "4836", "ano": "2024", "numero": "74", "tipo__sigla": "IND", "tipo__descricao": "Indica\u00e7\u00e3o", "autoria": "Melissa Terra", "texto_original": "http://sapl.bicas.mg.leg.br/media/sapl/public/materialegislativa/2024/4836/indicacao_no_74.pdf", "ementa": "Que seja adquirido novo aparelho de Eletrocardiograma (ECG) para a policl\u00ednica."}, {"id": "4846", "ano": "2024", "numero": "75", "tipo__sigla": "IND", "tipo__descricao": "Indica\u00e7\u00e3o", "autoria": "Fernando Bigode", "texto_original": "http://sapl.bicas.mg.leg.br/media/sapl/public/materialegislativa/2024/4846/indicacao_no_75.pdf", "ementa": "Que seja feita a repintura e demarca\u00e7\u00e3o das ruas de nossa cidade."}, {"id": "4847", "ano": "2024", "numero": "76", "tipo__sigla": "IND", "tipo__descricao": "Indica\u00e7\u00e3o", "autoria": "Melissa Terra", "texto_original": "http://sapl.bicas.mg.leg.br/media/sapl/public/materialegislativa/2024/4847/indicacao_no_76.pdf", "ementa": "Que seja dada a devida urg\u00eancia para os reparos da rede el\u00e9trica do CEMEI Dejanira Fonseca de Oliveira (Creche)."}, {"id": "4848", "ano": "2024", "numero": "77", "tipo__sigla": "IND", "tipo__descricao": "Indica\u00e7\u00e3o", "autoria": "Paulinho Plantas", "texto_original": "http://sapl.bicas.mg.leg.br/media/sapl/public/materialegislativa/2024/4848/indicacao_no_77.pdf", "ementa": "Que seja reparado e reformado o parquinho do bairro Edgar Moreira."}, {"id": "4849", "ano": "2024", "numero": "78", "tipo__sigla": "IND", "tipo__descricao": "Indica\u00e7\u00e3o", "autoria": "Joel Mil\u00e3o do Cemit\u00e9rio", "texto_original": "http://sapl.bicas.mg.leg.br/media/sapl/public/materialegislativa/2024/4849/indicacao_no_78.pdf", "ementa": "Que seja reparado o cal\u00e7amento das ruas do bairro Gilson Lamha, em especial as ruas Roseli Arruda, Rua da matinha e subida da Rua B."}, {"id": "4850", "ano": "2024", "numero": "79", "tipo__sigla": "IND", "tipo__descricao": "Indica\u00e7\u00e3o", "autoria": "Joel Mil\u00e3o do Cemit\u00e9rio", "texto_original": "http://sapl.bicas.mg.leg.br/media/sapl/public/materialegislativa/2024/4850/indicacao_no_79.pdf", "ementa": "Que seja reparado o cal\u00e7amento da rotat\u00f3ria da Rua Aquiles de Paula em Frente \u00e0 Aquarela."}, {"id": "4851", "ano": "2024", "numero": "80", "tipo__sigla": "IND", "tipo__descricao": "Indica\u00e7\u00e3o", "autoria": "Joel Mil\u00e3o do Cemit\u00e9rio", "texto_original": "http://sapl.bicas.mg.leg.br/media/sapl/public/materialegislativa/2024/4851/indicacao_no_80.pdf", "ementa": "Que seja feito tapa buracos na Rua Garcia Passos, Pr\u00f3ximo \u00e0 igreja OBPC Kids."}, {"id": "4852", "ano": "2024", "numero": "81", "tipo__sigla": "IND", "tipo__descricao": "Indica\u00e7\u00e3o", "autoria": "Rafael Aquino", "texto_original": "http://sapl.bicas.mg.leg.br/media/sapl/public/materialegislativa/2024/4852/indicacao_no_81.pdf", "ementa": "Solicito da Administra\u00e7\u00e3o Municipal, atrav\u00e9s da Secretaria de Educa\u00e7\u00e3o, que preparem as comemora\u00e7\u00f5es dos 145 anos da Esta\u00e7\u00e3o Ferrovi\u00e1ria, hoje Esta\u00e7\u00e3o Rodovi\u00e1ria em 09 de setembro"}, {"id": "4857", "ano": "2024", "numero": "82", "tipo__sigla": "IND", "tipo__descricao": "Indica\u00e7\u00e3o", "autoria": "Paulinho Plantas", "texto_original": "http://sapl.bicas.mg.leg.br/media/sapl/public/materialegislativa/2024/4857/indicacao_no_82.pdf", "ementa": "Que seja constru\u00eddo um pip\u00f3dromo."}, {"id": "4858", "ano": "2024", "numero": "83", "tipo__sigla": "IND", "tipo__descricao": "Indica\u00e7\u00e3o", "autoria": "Paulinho Plantas", "texto_original": "http://sapl.bicas.mg.leg.br/media/sapl/public/materialegislativa/2024/4858/indicacao_no_83.pdf", "ementa": "Que seja  reparado e reformado o parquinho do HV."}, {"id": "4859", "ano": "2024", "numero": "84", "tipo__sigla": "IND", "tipo__descricao": "Indica\u00e7\u00e3o", "autoria": "Paulinho Plantas", "texto_original": "http://sapl.bicas.mg.leg.br/media/sapl/public/materialegislativa/2024/4859/indicacao_no_84.pdf", "ementa": "que seja feita limpeza e manuten\u00e7\u00e3o do Cemit\u00e9rio Municipal."}, {"id": "4860", "ano": "2024", "numero": "85", "tipo__sigla": "IND", "tipo__descricao": "Indica\u00e7\u00e3o", "autoria": "Paulinho Plantas", "texto_original": "http://sapl.bicas.mg.leg.br/media/sapl/public/materialegislativa/2024/4860/indicacao_no_85.pdf", "ementa": "Que seja efetuado o patrolamento e a coloca\u00e7\u00e3o de saibro nas estradas rurais da Quitumba, Bananal, Florentino, \u00c1gua Santa, Baluarte at\u00e9 a Ponte Azul e a regi\u00e3o dos Batalhas."}, {"id": "4861", "ano": "2024", "numero": "86", "tipo__sigla": "IND", "tipo__descricao": "Indica\u00e7\u00e3o", "autoria": "Rafael Aquino", "texto_original": "http://sapl.bicas.mg.leg.br/media/sapl/public/materialegislativa/2024/4861/indicacao_no_86.pdf", "ementa": "Que se providencie o reparo da Ponte na estrada da Fazenda dos Cristais."}, {"id": "4870", "ano": "2024", "numero": "87", "tipo__sigla": "IND", "tipo__descricao": "Indica\u00e7\u00e3o", "autoria": "Fernando Joca", "texto_original": "http://sapl.bicas.mg.leg.br/media/sapl/public/materialegislativa/2024/4870/indicacao_no_87.pdf", "ementa": "Que troque o motorista que faz a rota do Val Para\u00edso e Machados."}, {"id": "4871", "ano": "2024", "numero": "88", "tipo__sigla": "IND", "tipo__descricao": "Indica\u00e7\u00e3o", "autoria": "Melissa Terra", "texto_original": "http://sapl.bicas.mg.leg.br/media/sapl/public/materialegislativa/2024/4871/indicacao_no_88.pdf", "ementa": "Que seja contratado geriatra para atendimento no munic\u00edpio."}, {"id": "4872", "ano": "2024", "numero": "89", "tipo__sigla": "IND", "tipo__descricao": "Indica\u00e7\u00e3o", "autoria": "Melissa Terra", "texto_original": "http://sapl.bicas.mg.leg.br/media/sapl/public/materialegislativa/2024/4872/indicacao_no_89.pdf", "ementa": "Que sejam instaladas ca\u00e7ambas fechadas com tampa para deposito de lixo dom\u00e9stico."}, {"id": "4873", "ano": "2024", "numero": "90", "tipo__sigla": "IND", "tipo__descricao": "Indica\u00e7\u00e3o", "autoria": "Melissa Terra", "texto_original": "http://sapl.bicas.mg.leg.br/media/sapl/public/materialegislativa/2024/4873/indicacao_no_90.pdf", "ementa": "Solicito que se proceda a imediata instala\u00e7\u00e3o de sistema de videomonitoramento em nossa cidade, a fim de coibir a onda de roubos que estamos presenciando."}, {"id": "4874", "ano": "2024", "numero": "91", "tipo__sigla": "IND", "tipo__descricao": "Indica\u00e7\u00e3o", "autoria": "Rafael Aquino", "texto_original": "http://sapl.bicas.mg.leg.br/media/sapl/public/materialegislativa/2024/4874/indicacao_no_91.pdf", "ementa": "Solicito que a administra\u00e7\u00e3o Municipal, atrav\u00e9s da Secretaria de Sa\u00fade, inscreva o munic\u00edpio no Programa Mais Acesso a especialistas."}, {"id": "4875", "ano": "2024", "numero": "92", "tipo__sigla": "IND", "tipo__descricao": "Indica\u00e7\u00e3o", "autoria": "Rafael Aquino", "texto_original": "http://sapl.bicas.mg.leg.br/media/sapl/public/materialegislativa/2024/4875/indicacao_no_92.pdf", "ementa": "Solicito que a Administra\u00e7\u00e3o Municipal, atrav\u00e9s da secretaria de Educa\u00e7\u00e3o, cadastre a biblioteca P\u00fablica Municipal na plataforma Minas Criativa"}, {"id": "4884", "ano": "2024", "numero": "93", "tipo__sigla": "IND", "tipo__descricao": "Indica\u00e7\u00e3o", "autoria": "Paulinho Plantas", "texto_original": "http://sapl.bicas.mg.leg.br/media/sapl/public/materialegislativa/2024/4884/indicacao_no_93.pdf", "ementa": "Que seja recolocado o cal\u00e7amento da Rua Jo\u00e3o Pinto de Castro, removido para obras de esgoto."}, {"id": "4885", "ano": "2024", "numero": "94", "tipo__sigla": "IND", "tipo__descricao": "Indica\u00e7\u00e3o", "autoria": "Joel Mil\u00e3o do Cemit\u00e9rio", "texto_original": "http://sapl.bicas.mg.leg.br/media/sapl/public/materialegislativa/2024/4885/indicacao_no_94.pdf", "ementa": "Que verifique a possibilidade de disponibilizar uma antena digital para o Lar Crist\u00e3o Paulo de Tarso."}, {"id": "4886", "ano": "2024", "numero": "95", "tipo__sigla": "IND", "tipo__descricao": "Indica\u00e7\u00e3o", "autoria": "Fernando Joca", "texto_original": "http://sapl.bicas.mg.leg.br/media/sapl/public/materialegislativa/2024/4886/indicacao_no_95.pdf", "ementa": "Que passe a m\u00e1quina patrol nas estradas rurais do Val para\u00edso, e na estrada que vai do Bairro Gilson Lamha at\u00e9 divisa de Guarar\u00e1 e dos galhos das mesmas, at\u00e9 a propriedade do Luis Monteiro e das propriedades do Laerte (DITE)."}, {"id": "4887", "ano": "2024", "numero": "96", "tipo__sigla": "IND", "tipo__descricao": "Indica\u00e7\u00e3o", "autoria": "Melissa Terra", "texto_original": "http://sapl.bicas.mg.leg.br/media/sapl/public/materialegislativa/2024/4887/indicacao_no_96.pdf", "ementa": "Que a Administra\u00e7\u00e3o Municipal destine um dia de gratuidade no parque da Exposi\u00e7\u00e3o Agropecu\u00e1ria de Bicas, para as crian\u00e7as das escolas municipais, bem como, um hor\u00e1rio reservado e espec\u00edfico para que possa atender todas as crian\u00e7as."}, {"id": "4902", "ano": "2024", "numero": "97", "tipo__sigla": "IND", "tipo__descricao": "Indica\u00e7\u00e3o", "autoria": "Paulinho Plantas", "texto_original": "http://sapl.bicas.mg.leg.br/media/sapl/public/materialegislativa/2024/4902/indicacao_no_97.pdf", "ementa": "Que seja feita capina do lote \u00e0 rua Ot\u00e1via Cassiano da Silva, pr\u00f3ximo ao n\u00famero 296. Pe\u00e7o tamb\u00e9m a retirada do entulho em frente ao lote."}, {"id": "4903", "ano": "2024", "numero": "98", "tipo__sigla": "IND", "tipo__descricao": "Indica\u00e7\u00e3o", "autoria": "Melissa Terra", "texto_original": "http://sapl.bicas.mg.leg.br/media/sapl/public/materialegislativa/2024/4903/indicacao_no_98.pdf", "ementa": "Solicito que a Administra\u00e7\u00e3o Municipal crie um plano de recomposi\u00e7\u00e3o salarial para equiparar os vencimentos dos motoristas aos valores praticados na nossa regi\u00e3o."}, {"id": "4910", "ano": "2024", "numero": "99", "tipo__sigla": "IND", "tipo__descricao": "Indica\u00e7\u00e3o", "autoria": "Fernando Joca", "texto_original": "http://sapl.bicas.mg.leg.br/media/sapl/public/materialegislativa/2024/4910/indicacao_no_99.pdf", "ementa": "Que a Administra\u00e7\u00e3o Municipal remova a lixeira do bairro Gilson Lamha e construa um abrigo para os alunos que pegam o transporte escolar."}, {"id": "4911", "ano": "2024", "numero": "100", "tipo__sigla": "IND", "tipo__descricao": "Indica\u00e7\u00e3o", "autoria": "Paulinho Plantas", "texto_original": "http://sapl.bicas.mg.leg.br/media/sapl/public/materialegislativa/2024/4911/indicacao_no_100.pdf", "ementa": "Que seja colocado quebra-molas \u00e0 Rua Prefeito Oliveira Souza, no bairro Santana, pr\u00f3ximo ao n\u00famero 134."}, {"id": "4915", "ano": "2024", "numero": "101", "tipo__sigla": "IND", "tipo__descricao": "Indica\u00e7\u00e3o", "autoria": "Paulinho Plantas", "texto_original": "http://sapl.bicas.mg.leg.br/media/sapl/public/materialegislativa/2024/4915/indicacao_no_101.pdf", "ementa": "Que seja instalada farm\u00e1cia popular municipal na parte alta."}, {"id": "4916", "ano": "2024", "numero": "102", "tipo__sigla": "IND", "tipo__descricao": "Indica\u00e7\u00e3o", "autoria": "Joel Mil\u00e3o do Cemit\u00e9rio", "texto_original": "http://sapl.bicas.mg.leg.br/media/sapl/public/materialegislativa/2024/4916/indicacao_no_102.pdf", "ementa": "Que a Administra\u00e7\u00e3o Municipal, atrav\u00e9s da secretaria competente, regularize a numera\u00e7\u00e3o das resid\u00eancias localizadas na Rua Baltazar dos Santos Faria."}, {"id": "4917", "ano": "2024", "numero": "103", "tipo__sigla": "IND", "tipo__descricao": "Indica\u00e7\u00e3o", "autoria": "Melissa Terra", "texto_original": "http://sapl.bicas.mg.leg.br/media/sapl/public/materialegislativa/2024/4917/indicacao_no_103.pdf", "ementa": "Solicito que a Administra\u00e7\u00e3o Municipal fa\u00e7a uma manuten\u00e7\u00e3o e limpeza na Rua da Olaria."}, {"id": "4922", "ano": "2024", "numero": "104", "tipo__sigla": "IND", "tipo__descricao": "Indica\u00e7\u00e3o", "autoria": "Melissa Terra", "texto_original": "http://sapl.bicas.mg.leg.br/media/sapl/public/materialegislativa/2024/4922/indicacao_no_104.pdf", "ementa": "Solicito que a Administra\u00e7\u00e3o Municipal contrate mais um pediatra para atendimento da popula\u00e7\u00e3o."}, {"id": "4923", "ano": "2024", "numero": "105", "tipo__sigla": "IND", "tipo__descricao": "Indica\u00e7\u00e3o", "autoria": "Rafael Aquino", "texto_original": "http://sapl.bicas.mg.leg.br/media/sapl/public/materialegislativa/2024/4923/indicacao_no_105.pdf", "ementa": "Solicito que a Administra\u00e7\u00e3o Municipal, que fa\u00e7a a limpeza de v\u00e1rios pontos do bairro Edgar Moreira."}, {"id": "4933", "ano": "2024", "numero": "106", "tipo__sigla": "IND", "tipo__descricao": "Indica\u00e7\u00e3o", "autoria": "Paulinho Plantas", "texto_original": "http://sapl.bicas.mg.leg.br/media/sapl/public/materialegislativa/2024/4933/indicacao_no_106.pdf", "ementa": "Que seja instalado bloquetes no trecho que d\u00e1 acesso ao parque dos ferrovi\u00e1rios, em frente ao trailer Susu Lanches."}, {"id": "4938", "ano": "2024", "numero": "107", "tipo__sigla": "IND", "tipo__descricao": "Indica\u00e7\u00e3o", "autoria": "Paulinho Plantas", "texto_original": "http://sapl.bicas.mg.leg.br/media/sapl/public/materialegislativa/2024/4938/indicacao_no_107.pdf", "ementa": "Que seja feito o atendimento m\u00e9dico familiar rural(acompanhado dos enfermeiros e agentes de sa\u00fade) na regi\u00e3o onde est\u00e3o, dentre outros, Fazenda dos pinheiros, fazenda Boa Vista, sitio dos macucos, na BR 267, aceso a Sarandira."}, {"id": "4939", "ano": "2024", "numero": "108", "tipo__sigla": "IND", "tipo__descricao": "Indica\u00e7\u00e3o", "autoria": "Melissa Terra", "texto_original": "http://sapl.bicas.mg.leg.br/media/sapl/public/materialegislativa/2024/4939/indicacao_no_108.pdf", "ementa": "Solicito que a Administra\u00e7\u00e3o Municipal reconstrua a Ponte dos Cristais na zona rural."}, {"id": "4947", "ano": "2024", "numero": "109", "tipo__sigla": "IND", "tipo__descricao": "Indica\u00e7\u00e3o", "autoria": "Melissa Terra", "texto_original": "http://sapl.bicas.mg.leg.br/media/sapl/public/materialegislativa/2024/4947/indicacao_no_109.pdf", "ementa": "Solicito que a Administra\u00e7\u00e3o Municipal tome provid\u00eancias com rela\u00e7\u00e3o a caixa de coleta de \u00e1guas pluviais aberta no bairro Edgar Moreira."}, {"id": "4948", "ano": "2024", "numero": "110", "tipo__sigla": "IND", "tipo__descricao": "Indica\u00e7\u00e3o", "autoria": "Melissa Terra", "texto_original": "http://sapl.bicas.mg.leg.br/media/sapl/public/materialegislativa/2024/4948/indicacao_no_110.pdf", "ementa": "Solicito que a Administra\u00e7\u00e3o Municipal viabilize atrav\u00e9s de Cons\u00f3rcio Intermunicipal o CAPS ad."}, {"id": "4952", "ano": "2024", "numero": "111", "tipo__sigla": "IND", "tipo__descricao": "Indica\u00e7\u00e3o", "autoria": "Melissa Terra", "texto_original": "http://sapl.bicas.mg.leg.br/media/sapl/public/materialegislativa/2024/4952/indicacao_no_111.pdf", "ementa": "Solicito que seja feita a limpeza da Rua Catulino Benedicto Dore."}, {"id": "4953", "ano": "2024", "numero": "112", "tipo__sigla": "IND", "tipo__descricao": "Indica\u00e7\u00e3o", "autoria": "Melissa Terra", "texto_original": "http://sapl.bicas.mg.leg.br/media/sapl/public/materialegislativa/2024/4953/indicacao_no_112.pdf", "ementa": "Solicito que seja feita a ensaibragem da estrada de S\u00e3o Manoel."}, {"id": "4954", "ano": "2024", "numero": "113", "tipo__sigla": "IND", "tipo__descricao": "Indica\u00e7\u00e3o", "autoria": "Paulinho Plantas", "texto_original": "http://sapl.bicas.mg.leg.br/media/sapl/public/materialegislativa/2024/4954/indicacao_no_113.pdf", "ementa": "Que seja providenciada a coloca\u00e7\u00e3o de placa proibido \u201cEstacionar e Parar\u201d na Avenida do contorno,97 pr\u00f3ximo a f\u00e1brica de roupas,no Edgar Moreira."}, {"id": "4955", "ano": "2024", "numero": "114", "tipo__sigla": "IND", "tipo__descricao": "Indica\u00e7\u00e3o", "autoria": "Joel Mil\u00e3o do Cemit\u00e9rio", "texto_original": "http://sapl.bicas.mg.leg.br/media/sapl/public/materialegislativa/2024/4955/indicacao_no_114.pdf", "ementa": "Que a Administra\u00e7\u00e3o Municipal, atrav\u00e9s da secretaria competente, realize a troca de todos os postes de madeira por postes de cimento, na Rua Ant\u00f4nio Rossi, e que aumente a capacidade de distribui\u00e7\u00e3o de energia no local."}, {"id": "4969", "ano": "2024", "numero": "115", "tipo__sigla": "IND", "tipo__descricao": "Indica\u00e7\u00e3o", "autoria": "Melissa Terra", "texto_original": "http://sapl.bicas.mg.leg.br/media/sapl/public/materialegislativa/2024/4969/indicacao_no115.pdf", "ementa": "Solicito que seja tomada provid\u00eancia quanto \u00e0 ocupa\u00e7\u00e3o da academia popular ao lado da prefeitura."}, {"id": "4985", "ano": "2024", "numero": "116", "tipo__sigla": "IND", "tipo__descricao": "Indica\u00e7\u00e3o", "autoria": "Melissa Terra", "texto_original": "http://sapl.bicas.mg.leg.br/media/sapl/public/materialegislativa/2024/4985/indicacao_no_116.pdf", "ementa": "Solicito que seja feita reforma no banheiro externo do pres\u00eddio."}, {"id": "4986", "ano": "2024", "numero": "117", "tipo__sigla": "IND", "tipo__descricao": "Indica\u00e7\u00e3o", "autoria": "Melissa Terra", "texto_original": "http://sapl.bicas.mg.leg.br/media/sapl/public/materialegislativa/2024/4986/indicacao_no_117.pdf", "ementa": "Solicito que seja informado \u00e0 popula\u00e7\u00e3o atrav\u00e9s de meios oficiais e de amplo acesso, como proceder para solicitar os servi\u00e7os de sa\u00fade."}, {"id": "4991", "ano": "2024", "numero": "118", "tipo__sigla": "IND", "tipo__descricao": "Indica\u00e7\u00e3o", "autoria": "Fernando Joca", "texto_original": "http://sapl.bicas.mg.leg.br/media/sapl/public/materialegislativa/2024/4991/indicacao_no_118a.pdf", "ementa": "O vereador que esta subscreve indica, nos termos do Art. 154, \u00a71, II do Regimento Interno o seguinte anteprojeto de lei:\r\nAltera a Lei 2108/2022\r\nArt. 1\u00b0   Inclui-se al\u00ednea \u00a73\u00ba ao Art. 3\u00ba da Lei n\u00ba 2108 de 27 de setembro de 2022, com a seguinte reda\u00e7\u00e3o:\r\n\u201c\u00a73\u00ba N\u00e3o haver\u00e1 desconto no per\u00edodo de f\u00e9rias regulares.\u201d\r\nArt. 2.  Esta Lei entra em vigor na data de sua publica\u00e7\u00e3o."}, {"id": "4992", "ano": "2024", "numero": "119", "tipo__sigla": "IND", "tipo__descricao": "Indica\u00e7\u00e3o", "autoria": "Paulinho Plantas", "texto_original": "http://sapl.bicas.mg.leg.br/media/sapl/public/materialegislativa/2024/4992/indicacao_no_119.pdf", "ementa": "Que seja providenciada a an\u00e1lise e reparo de buraco \u00e0 Rua Paulino Souza Ramos, em frente ao n\u00famero 147 perto da Escola Maria Antonieta Souza Ramos."}, {"id": "4993", "ano": "2024", "numero": "120", "tipo__sigla": "IND", "tipo__descricao": "Indica\u00e7\u00e3o", "autoria": "Fernando Joca", "texto_original": "http://sapl.bicas.mg.leg.br/media/sapl/public/materialegislativa/2024/4993/indicacao_no_120.pdf", "ementa": "Que seja providenciada a an\u00e1lise pela defesa Civil de duas resid\u00eancias no Biarro Gilson Lamha e uma no bairro \u00c1lvaro dias, conforme fotos em anexo."}, {"id": "4994", "ano": "2024", "numero": "121", "tipo__sigla": "IND", "tipo__descricao": "Indica\u00e7\u00e3o", "autoria": "Fernando Joca", "texto_original": "http://sapl.bicas.mg.leg.br/media/sapl/public/materialegislativa/2024/4994/indicacao_no_121.pdf", "ementa": "Que seja providenciada a troca dos vidros da quadra do Bairro Gilson Lamha."}, {"id": "4995", "ano": "2024", "numero": "122", "tipo__sigla": "IND", "tipo__descricao": "Indica\u00e7\u00e3o", "autoria": "Melissa Terra", "texto_original": "http://sapl.bicas.mg.leg.br/media/sapl/public/materialegislativa/2024/4995/indicacao_no_122.pdf", "ementa": "Solicito que seja instalada ilumina\u00e7\u00e3o de natal na esta\u00e7\u00e3o rodovi\u00e1ria."}, {"id": "4996", "ano": "2024", "numero": "123", "tipo__sigla": "IND", "tipo__descricao": "Indica\u00e7\u00e3o", "autoria": "Melissa Terra", "texto_original": "http://sapl.bicas.mg.leg.br/media/sapl/public/materialegislativa/2024/4996/indicacao_no_123.pdf", "ementa": "Solicito que seja instalada identifica\u00e7\u00e3o com nome da rua \u00e0 Travessa Jos\u00e9 C\u00e2ndido Moreira"}, {"id": "4997", "ano": "2024", "numero": "124", "tipo__sigla": "IND", "tipo__descricao": "Indica\u00e7\u00e3o", "autoria": "Paulinho Plantas", "texto_original": "http://sapl.bicas.mg.leg.br/media/", "ementa": "Que seja providenciado reparo na placa de sinaliza\u00e7\u00e3o localizada no in\u00edcio da Rua Santa Tereza, pr\u00f3ximo \u00e0 academia de jiu-j\u00edtsu do F\u00e1bio."}, {"id": "4998", "ano": "2024", "numero": "125", "tipo__sigla": "IND", "tipo__descricao": "Indica\u00e7\u00e3o", "autoria": "", "texto_original": "http://sapl.bicas.mg.leg.br/media/sapl/public/materialegislativa/2024/4998/indicacao_no_125.pdf", "ementa": "Que seja feitos estudos para a contrata\u00e7\u00e3o de um vigia noturno para CEMEI Dejanira Fonseca de Oliveira (Creche)."}, {"id": "5002", "ano": "2024", "numero": "126", "tipo__sigla": "IND", "tipo__descricao": "Indica\u00e7\u00e3o", "autoria": "Melissa Terra", "texto_original": "http://sapl.bicas.mg.leg.br/media/sapl/public/materialegislativa/2024/5002/indicacao_no_126.pdf", "ementa": "Solicito que seja possibilitado que os mun\u00edcipes fa\u00e7am o agendamento do transporte da sa\u00fade tamb\u00e9m no per\u00edodo da manh\u00e3."}, {"id": "5003", "ano": "2024", "numero": "127", "tipo__sigla": "IND", "tipo__descricao": "Indica\u00e7\u00e3o", "autoria": "Melissa Terra", "texto_original": "http://sapl.bicas.mg.leg.br/media/sapl/public/materialegislativa/2024/5003/indicacao_no_127.pdf", "ementa": "Solicito que seja realizada vistoria no n\u00famero 144, na obra da manilha da Rua Miquelina, para verificar seu impacto nas casas e providenciar sua corre\u00e7\u00e3o."}, {"id": "5008", "ano": "2024", "numero": "128", "tipo__sigla": "IND", "tipo__descricao": "Indica\u00e7\u00e3o", "autoria": "Melissa Terra", "texto_original": "http://sapl.bicas.mg.leg.br/media/sapl/public/materialegislativa/2024/5008/indicacao_no_128.pdf", "ementa": "Solicito que seja contratado seguran\u00e7a para o pr\u00e9dio da sede da prefeitura."}, {"id": "5009", "ano": "2024", "numero": "129", "tipo__sigla": "IND", "tipo__descricao": "Indica\u00e7\u00e3o", "autoria": "Melissa Terra", "texto_original": "http://sapl.bicas.mg.leg.br/media/sapl/public/materialegislativa/2024/5009/indicacao_no_129.pdf", "ementa": "Solicito que seja feito a restaura\u00e7\u00e3o do gramado no campo da Rede."}, {"id": "5010", "ano": "2024", "numero": "130", "tipo__sigla": "IND", "tipo__descricao": "Indica\u00e7\u00e3o", "autoria": "Melissa Terra", "texto_original": "http://sapl.bicas.mg.leg.br/media/sapl/public/materialegislativa/2024/5010/indicacao_no_130.pdf", "ementa": "Solicito que seja feito reparo na grade da escola Gilson Lamha que est\u00e1 seriamente danificada."}, {"id": "5011", "ano": "2024", "numero": "131", "tipo__sigla": "IND", "tipo__descricao": "Indica\u00e7\u00e3o", "autoria": "Melissa Terra", "texto_original": "http://sapl.bicas.mg.leg.br/media/sapl/public/materialegislativa/2024/5011/indicacao_no_131.pdf", "ementa": "Solicito que seja retirado o tronco de \u00e1rvore que est\u00e1 obstruindo o c\u00f3rrego na altura da Construtora Grassano."}, {"id": "5015", "ano": "2024", "numero": "132", "tipo__sigla": "IND", "tipo__descricao": "Indica\u00e7\u00e3o", "autoria": "Fernando Joca", "texto_original": "http://sapl.bicas.mg.leg.br/media/sapl/public/materialegislativa/2024/5015/indicacao_no_132.pdf", "ementa": "Que as guaritas que est\u00e3o sendo constru\u00eddas no bairro Gilson Lamha sigam o mesmo padr\u00e3o das j\u00e1 existentes."}, {"id": "5016", "ano": "2024", "numero": "133", "tipo__sigla": "IND", "tipo__descricao": "Indica\u00e7\u00e3o", "autoria": "Paulinho Plantas", "texto_original": "http://sapl.bicas.mg.leg.br/media/sapl/public/materialegislativa/2024/5016/indicacao_no_133.pdf", "ementa": "Que seja corrigido com urg\u00eancia o problema de capta\u00e7\u00e3o de \u00e1gua no cal\u00e7amento novo do bairro Gilson Lamha."}, {"id": "4654", "ano": "2024", "numero": "1", "tipo__sigla": "MOC", "tipo__descricao": "Mo\u00e7\u00e3o", "autoria": "Paulinho Plantas", "texto_original": "http://sapl.bicas.mg.leg.br/media/sapl/public/materialegislativa/2024/4654/mocao_no01.pdf", "ementa": "O vereador que este subscreve requer a V. Exa., nos termos do \u00a72\u00ba do Art.158 do Regimento Interno, que seja aprovada, a presente MO\u00c7\u00c3O DE APOIO \u00e0 Proposta de Emenda \u00e0 Constitui\u00e7\u00e3o do Estado de Minas Gerais que d\u00e1 nova reda\u00e7\u00e3o ao caput do art. 24 da Carta Magna Estadual e acrescenta os \u00a7\u00a711 e 12 ao mesmo diploma legal."}, {"id": "4679", "ano": "2024", "numero": "2", "tipo__sigla": "MOC", "tipo__descricao": "Mo\u00e7\u00e3o", "autoria": "S\u00f4nia Mattos", "texto_original": "http://sapl.bicas.mg.leg.br/media/sapl/public/materialegislativa/2024/4679/mocao_no2.pdf", "ementa": "A vereadora que este subscreve requer a V. Exa., nos termos do \u00a72\u00ba do Art.158 do Regimento Interno, que seja aprovada, a presente MO\u00c7\u00c3O DE APLAUSOS aos Agentes de Controle Epidemiol\u00f3gico pelo trabalho realizado em prol da coletividade."}, {"id": "4685", "ano": "2024", "numero": "3", "tipo__sigla": "MOC", "tipo__descricao": "Mo\u00e7\u00e3o", "autoria": "Fernando Joca", "texto_original": "http://sapl.bicas.mg.leg.br/media/sapl/public/materialegislativa/2024/4685/mocao_no03.pdf", "ementa": "MO\u00c7\u00c3O DE REP\u00daDIO pela fala do Presidente Lula em coletiva na Eti\u00f3pia no \u00faltimo dia 18 de fevereiro."}, {"id": "4686", "ano": "2024", "numero": "4", "tipo__sigla": "MOC", "tipo__descricao": "Mo\u00e7\u00e3o", "autoria": "Paulinho Plantas", "texto_original": "http://sapl.bicas.mg.leg.br/media/sapl/public/materialegislativa/2024/4686/mocao_no04.pdf", "ementa": "MO\u00c7\u00c3O DE APLAUSOS \u00e0 \u201cBanda do TUTI\u201d pela excelente apresenta\u00e7\u00e3o durante o carnaval."}, {"id": "4702", "ano": "2024", "numero": "5", "tipo__sigla": "MOC", "tipo__descricao": "Mo\u00e7\u00e3o", "autoria": "Paulinho Plantas", "texto_original": "http://sapl.bicas.mg.leg.br/media/sapl/public/materialegislativa/2024/4702/mocao_no_05.pdf", "ementa": "que seja aprovada, a presente MO\u00c7\u00c3O DE APLAUSOS a \u201cFabr\u00edcio Silva Deodoro\u201d em reconhecimento pela sua obra de arte que interpreta o \u201cBras\u00e3o de Santa Helena\u201d."}, {"id": "4703", "ano": "2024", "numero": "6", "tipo__sigla": "MOC", "tipo__descricao": "Mo\u00e7\u00e3o", "autoria": "S\u00f4nia Mattos", "texto_original": "http://sapl.bicas.mg.leg.br/media/sapl/public/materialegislativa/2024/4703/mocao_no_06.pdf", "ementa": "que seja aprovada, a presente MO\u00c7\u00c3O PESAR pelo falecimento da Sra. Nat\u00e1lia Roberta Silva Souza ocorrido no dia 21/02/2024."}, {"id": "4704", "ano": "2024", "numero": "7", "tipo__sigla": "MOC", "tipo__descricao": "Mo\u00e7\u00e3o", "autoria": "Marcelo Jardim", "texto_original": "http://sapl.bicas.mg.leg.br/media/sapl/public/materialegislativa/2024/4704/mocao_no_07.pdf", "ementa": "que seja aprovada, a presente MO\u00c7\u00c3O DE APLAUSOS \u00e0 Sra. Eduarda Silva Kingma Fernandes, pelos relevantes servi\u00e7os prestados como Nutricionista da Secretaria de Educa\u00e7\u00e3o."}, {"id": "4728", "ano": "2024", "numero": "8", "tipo__sigla": "MOC", "tipo__descricao": "Mo\u00e7\u00e3o", "autoria": "Rafael Aquino", "texto_original": "http://sapl.bicas.mg.leg.br/media/sapl/public/materialegislativa/2024/4728/mocao_no_08.pdf", "ementa": "que seja aprovada, a presente MO\u00c7\u00c3O DE APOIO ao Projeto de lei 10772/18, a ser enviada ao Congresso Nacional, solicitando aprova\u00e7\u00e3o deste importante projeto."}, {"id": "4826", "ano": "2024", "numero": "10", "tipo__sigla": "MOC", "tipo__descricao": "Mo\u00e7\u00e3o", "autoria": "Paulinho Plantas", "texto_original": "http://sapl.bicas.mg.leg.br/media/sapl/public/materialegislativa/2024/4826/mocao_no_10.pdf", "ementa": "Que seja aprovada, a presente MO\u00c7\u00c3O DE APLAUSOS ao Senhor Cosme Roberto Fernandes, pela realiza\u00e7\u00e3o do evento APLAUSOS."}, {"id": "4827", "ano": "2024", "numero": "11", "tipo__sigla": "MOC", "tipo__descricao": "Mo\u00e7\u00e3o", "autoria": "Paulinho Plantas", "texto_original": "http://sapl.bicas.mg.leg.br/media/sapl/public/materialegislativa/2024/4827/mocao_no_11.pdf", "ementa": "Que seja aprovada, a presente MO\u00c7\u00c3O DE APLAUSOS \u00e0 Senhora Maria Ang\u00e9lica Rebou\u00e7as, pela organiza\u00e7\u00e3o e lan\u00e7amento do livro \"Urbanos e Sacanas\", com cr\u00f4nicas de Amilcar Rebou\u00e7as em parceria com o talentoso chargista Bello."}, {"id": "4843", "ano": "2024", "numero": "12", "tipo__sigla": "MOC", "tipo__descricao": "Mo\u00e7\u00e3o", "autoria": "Rafael Aquino", "texto_original": "http://sapl.bicas.mg.leg.br/media/sapl/public/materialegislativa/2024/4843/mocao_no_12.pdf", "ementa": "Que seja aprovada, a presente MO\u00c7\u00c3O DE APLAUSOS com expedi\u00e7\u00e3o de diploma aos Empres\u00e1rios Henrique Fontes Dutra, L\u00edvia Fontes Dutra e Wallace Fontes Dutra da BTB Arena Ltda."}, {"id": "4855", "ano": "2024", "numero": "13", "tipo__sigla": "MOC", "tipo__descricao": "Mo\u00e7\u00e3o", "autoria": "Marcelo Jardim", "texto_original": "http://sapl.bicas.mg.leg.br/media/sapl/public/materialegislativa/2024/4855/mocao_no_13.pdf", "ementa": "Que seja aprovada, a presente MO\u00c7\u00c3O DE APLAUSOS Ant\u00f4nio Carlos Candido de Mattos, Geraldo Magela Granado de Ara\u00fajo, e Tenente Rog\u00e9rio de Asis Faria, pela brilhante organiza\u00e7\u00e3o do baile da Loja Ma\u00e7\u00f4nica Caridade e Luz IV de Bicas."}, {"id": "4862", "ano": "2024", "numero": "14", "tipo__sigla": "MOC", "tipo__descricao": "Mo\u00e7\u00e3o", "autoria": "Rafael Aquino", "texto_original": "http://sapl.bicas.mg.leg.br/media/sapl/public/materialegislativa/2024/4862/mocao_no_14.pdf", "ementa": "Que seja aprovada, a presente MO\u00c7\u00c3O DE APLAUSOS aos representantes da 5.\u00aa SUBSE\u00c7\u00c3O DA OAB, SOCIEDADE PROTETORA DOS ANIMAIS E CONEX\u00c3O DO BEM, pela realiza\u00e7\u00e3o da 3.\u00aa Edi\u00e7\u00e3o do ARRAI\u00c1 DA OAB E CAA/MG."}, {"id": "4863", "ano": "2024", "numero": "15", "tipo__sigla": "MOC", "tipo__descricao": "Mo\u00e7\u00e3o", "autoria": "Rafael Aquino", "texto_original": "http://sapl.bicas.mg.leg.br/media/sapl/public/materialegislativa/2024/4863/mocao_no_15.pdf", "ementa": "Que seja aprovada, a presente MO\u00c7\u00c3O DE APLAUSOS \u00e0 diretoria eleita da ASSOCIA\u00c7\u00c3O VIDA VIVA, cuja elei\u00e7\u00e3o aconteceu ontem dia 30/06/2024, na sede da Associa\u00e7\u00e3o dos Artes\u00e3os."}, {"id": "4876", "ano": "2024", "numero": "16", "tipo__sigla": "MOC", "tipo__descricao": "Mo\u00e7\u00e3o", "autoria": "Rafael Aquino", "texto_original": "http://sapl.bicas.mg.leg.br/media/sapl/public/materialegislativa/2024/4876/mocao_no_16.pdf", "ementa": "Que seja aprovada, a presente MO\u00c7\u00c3O DE APLAUSOS \u00e0 DANIELA ROCHA, por seu trabalho e pelos 10 anos da escola de Ballet."}, {"id": "4888", "ano": "2024", "numero": "17", "tipo__sigla": "MOC", "tipo__descricao": "Mo\u00e7\u00e3o", "autoria": "Fernando Bigode", "texto_original": "http://sapl.bicas.mg.leg.br/media/sapl/public/materialegislativa/2024/4888/mocao_no_17.pdf", "ementa": "Que seja aprovada, a presente MO\u00c7\u00c3O DE APLAUSOS aos 34 anos da promulga\u00e7\u00e3o do Estatuto da Crian\u00e7a e do Adolescente, a ser entregue simbolicamente ao Sr. Jo\u00e3o Luiz de Souza."}, {"id": "4937", "ano": "2024", "numero": "18", "tipo__sigla": "MOC", "tipo__descricao": "Mo\u00e7\u00e3o", "autoria": "Marcelo Jardim", "texto_original": "http://sapl.bicas.mg.leg.br/media/sapl/public/materialegislativa/2024/4937/mocao_no_18.pdf", "ementa": "Que seja aprovada, a presente MO\u00c7\u00c3O DE APLAUSOS ao Time Arrogant, pela conquista de 4 medalhas no 2\u00ba Astolfo Kombat."}, {"id": "4643", "ano": "2024", "numero": "1", "tipo__sigla": "PORT", "tipo__descricao": "Portaria", "autoria": "", "texto_original": "http://sapl.bicas.mg.leg.br/media/sapl/public/materialegislativa/2024/4643/portaria_no_01.pdf", "ementa": "Nomeia profissional que menciona para cargo de provimento em comiss\u00e3o \u201cAssessor de Assuntos Institucionais e Comunica\u00e7\u00e3o Social\u201d da C\u00e2mara Municipal de Bicas e d\u00e1 outras provid\u00eancias."}, {"id": "4644", "ano": "2024", "numero": "2", "tipo__sigla": "PORT", "tipo__descricao": "Portaria", "autoria": "", "texto_original": "http://sapl.bicas.mg.leg.br/media/sapl/public/materialegislativa/2024/4644/portaria_no_02.pdf", "ementa": "Nomeia Pregoeiro para conduzir e julgar processos de licita\u00e7\u00e3o na modalidade Preg\u00e3o Presencial da C\u00e2mara Municipal de Bicas e d\u00e1 outras provid\u00eancias."}, {"id": "4645", "ano": "2024", "numero": "3", "tipo__sigla": "PORT", "tipo__descricao": "Portaria", "autoria": "", "texto_original": "http://sapl.bicas.mg.leg.br/media/sapl/public/materialegislativa/2024/4645/portaria_no_03.pdf", "ementa": "Nomeia Comiss\u00e3o Permanente de Licita\u00e7\u00e3o e d\u00e1 outras provid\u00eancias."}, {"id": "4646", "ano": "2024", "numero": "4", "tipo__sigla": "PORT", "tipo__descricao": "Portaria", "autoria": "", "texto_original": "http://sapl.bicas.mg.leg.br/media/sapl/public/materialegislativa/2024/4646/portaria_no_04.pdf", "ementa": "Designa os agentes pol\u00edticos para efetuar movimenta\u00e7\u00e3o banc\u00e1ria e d\u00e1 outras provid\u00eancias."}, {"id": "4647", "ano": "2024", "numero": "5", "tipo__sigla": "PORT", "tipo__descricao": "Portaria", "autoria": "", "texto_original": "http://sapl.bicas.mg.leg.br/media/sapl/public/materialegislativa/2024/4647/portaria_no_05.pdf", "ementa": "Nomeia os membros das Comiss\u00f5es Permanentes da C\u00e2mara Municipal de Bicas."}, {"id": "4695", "ano": "2024", "numero": "6", "tipo__sigla": "PORT", "tipo__descricao": "Portaria", "autoria": "", "texto_original": "http://sapl.bicas.mg.leg.br/media/sapl/public/materialegislativa/2024/4695/portaria_no06.pdf", "ementa": "Disp\u00f5e sobre o expediente da C\u00e2mara Municipal de Bicas entre os dias 27 de fevereiro a 05 de mar\u00e7o e d\u00e1 outras provid\u00eancias."}, {"id": "4696", "ano": "2024", "numero": "7", "tipo__sigla": "PORT", "tipo__descricao": "Portaria", "autoria": "", "texto_original": "http://sapl.bicas.mg.leg.br/media/sapl/public/materialegislativa/2024/4696/portaria_no_07.pdf", "ementa": "disp\u00f5e a cerca da presen\u00e7a de mun\u00edcipes na 6\u00aa e 7\u00aa reuni\u00e3o p\u00fablica devido a obra realizada no pr\u00e9dio da C\u00e2mara de Bicas."}, {"id": "4697", "ano": "2024", "numero": "8", "tipo__sigla": "PORT", "tipo__descricao": "Portaria", "autoria": "", "texto_original": "http://sapl.bicas.mg.leg.br/media/sapl/public/materialegislativa/2024/4697/portaria_no_08.pdf", "ementa": "\u201cDesigna Membros Para Compor a Comiss\u00e3o Institu\u00edda Para o Levantamento do Invent\u00e1rio F\u00edsico e Financeiro dos Valores em Tesouraria, Almoxarifado, Patrim\u00f4nio, do Passivo Circulante e n\u00e3o Circulante e das Contas representativas dos Atos Potenciais Ativos e Passivos\u201d."}, {"id": "4698", "ano": "2024", "numero": "9", "tipo__sigla": "PORT", "tipo__descricao": "Portaria", "autoria": "", "texto_original": "http://sapl.bicas.mg.leg.br/media/sapl/public/materialegislativa/2024/4698/portaria_no_09.pdf", "ementa": "\u201cRevoga a Portaria n\u00ba 07/2024.\u201d"}, {"id": "4699", "ano": "2024", "numero": "10", "tipo__sigla": "PORT", "tipo__descricao": "Portaria", "autoria": "", "texto_original": "http://sapl.bicas.mg.leg.br/media/sapl/public/materialegislativa/2024/4699/portaria_no_10.pdf", "ementa": "\u201cDisp\u00f5e sobre o local da realiza\u00e7\u00e3o da 6\u00ba e 7\u00ba Reuni\u00e3o P\u00fablica Ordin\u00e1ria da C\u00e2mara Municipal de Bicas\u201d."}, {"id": "4700", "ano": "2024", "numero": "11", "tipo__sigla": "PORT", "tipo__descricao": "Portaria", "autoria": "", "texto_original": "http://sapl.bicas.mg.leg.br/media/sapl/public/materialegislativa/2024/4700/portaria_no_11.pdf", "ementa": "\u201cRevoga o art. 4\u00ba da Portaria n\u00ba 06/2024 e d\u00e1 outras provid\u00eancias.\u201d"}, {"id": "4701", "ano": "2024", "numero": "12", "tipo__sigla": "PORT", "tipo__descricao": "Portaria", "autoria": "", "texto_original": "http://sapl.bicas.mg.leg.br/media/sapl/public/materialegislativa/2024/4701/portaria_no_12.pdf", "ementa": "\u201cDisp\u00f5e sobre o local da realiza\u00e7\u00e3o da 7\u00ba Reuni\u00e3o P\u00fablica Ordin\u00e1ria da C\u00e2mara Municipal de Bicas\u201d."}, {"id": "4722", "ano": "2024", "numero": "13", "tipo__sigla": "PORT", "tipo__descricao": "Portaria", "autoria": "", "texto_original": "http://sapl.bicas.mg.leg.br/media/", "ementa": "Dilata prazo para conclus\u00e3o dos trabalhos da Comiss\u00e3o Tempor\u00e1ria de Inqu\u00e9rito da C\u00e2mara Municipal de Bicas, institu\u00edda pela Portaria n\u00ba 29/2023 e d\u00e1 outras provid\u00eancias."}, {"id": "4726", "ano": "2024", "numero": "14", "tipo__sigla": "PORT", "tipo__descricao": "Portaria", "autoria": "", "texto_original": "http://sapl.bicas.mg.leg.br/media/sapl/public/materialegislativa/2024/4726/portaria_no_14.pdf", "ementa": "Altera parcialmente o art. 1\u00ba da Portaria n\u00ba 03/2024 alterando em parte os membros titulares da Comiss\u00e3o Permanente de Licita\u00e7\u00e3o."}, {"id": "4727", "ano": "2024", "numero": "15", "tipo__sigla": "PORT", "tipo__descricao": "Portaria", "autoria": "", "texto_original": "http://sapl.bicas.mg.leg.br/media/sapl/public/materialegislativa/2024/4727/portaria_no_15.pdf", "ementa": "Nomeia os membros da Comiss\u00e3o Processante da C\u00e2mara Municipal de Bicas."}, {"id": "4760", "ano": "2024", "numero": "16", "tipo__sigla": "PORT", "tipo__descricao": "Portaria", "autoria": "", "texto_original": "http://sapl.bicas.mg.leg.br/media/sapl/public/materialegislativa/2024/4760/portaria_no_16.pdf", "ementa": "Atribui a Comiss\u00e3o de Educa\u00e7\u00e3o, Sa\u00fade, Assist\u00eancia Social, Pol\u00edtica Urbana, Desenvolvimento Sustent\u00e1vel e Trabalho, a compet\u00eancias para sele\u00e7\u00e3o dos profissionais a serem condecorados com o t\u00edtulo de Professor Em\u00e9rito de Bicas e Pedagogo Destaque do ano de 2023."}, {"id": "4761", "ano": "2024", "numero": "17", "tipo__sigla": "PORT", "tipo__descricao": "Portaria", "autoria": "", "texto_original": "http://sapl.bicas.mg.leg.br/media/sapl/public/materialegislativa/2024/4761/portaria_no_17.pdf", "ementa": "Disp\u00f5e sobre o expediente da C\u00e2mara Municipal de Bicas entre os dias 11 e 12 de abril e d\u00e1 outras provid\u00eancias."}, {"id": "4774", "ano": "2024", "numero": "18", "tipo__sigla": "PORT", "tipo__descricao": "Portaria", "autoria": "", "texto_original": "http://sapl.bicas.mg.leg.br/media/sapl/public/materialegislativa/2024/4774/portaria_no_18.pdf", "ementa": "Nomeia os membros da Comiss\u00e3o Processante da C\u00e2mara Municipal de Bicas."}, {"id": "4809", "ano": "2024", "numero": "19", "tipo__sigla": "PORT", "tipo__descricao": "Portaria", "autoria": "", "texto_original": "http://sapl.bicas.mg.leg.br/media/sapl/public/materialegislativa/2024/4809/portaria_no_19.pdf", "ementa": "Disp\u00f5e sobre o expediente da C\u00e2mara Municipal de Bicas no dia 24 de maio de 2024."}, {"id": "4810", "ano": "2024", "numero": "20", "tipo__sigla": "PORT", "tipo__descricao": "Portaria", "autoria": "", "texto_original": "http://sapl.bicas.mg.leg.br/media/sapl/public/materialegislativa/2024/4810/portaria_no_20.pdf", "ementa": "Nomeia os membros da Comiss\u00e3o Tempor\u00e1ria de Inqu\u00e9rito da C\u00e2mara Municipal de Bicas visando apura\u00e7\u00e3o de ind\u00edcios de fraudes nas folhas de ponto por parte da servidora p\u00fablica Melissa Terra Agrelli Mattos."}, {"id": "4811", "ano": "2024", "numero": "21", "tipo__sigla": "PORT", "tipo__descricao": "Portaria", "autoria": "", "texto_original": "http://sapl.bicas.mg.leg.br/media/sapl/public/materialegislativa/2024/4811/portaria_no_21.pdf", "ementa": "Disp\u00f5e sobre Reuni\u00e3o Ordin\u00e1ria no dia 03 de junho de 2024."}, {"id": "4822", "ano": "2024", "numero": "22", "tipo__sigla": "PORT", "tipo__descricao": "Portaria", "autoria": "", "texto_original": "http://sapl.bicas.mg.leg.br/media/sapl/public/materialegislativa/2024/4822/portaria_no_22.pdf", "ementa": "\u201cDisp\u00f5e sobre o expediente da C\u00e2mara Municipal de Bicas nos dia 13 e 14 de Junho de 2024.\u201d"}, {"id": "4845", "ano": "2024", "numero": "23", "tipo__sigla": "PORT", "tipo__descricao": "Portaria", "autoria": "", "texto_original": "http://sapl.bicas.mg.leg.br/media/sapl/public/materialegislativa/2024/4845/portaria_no_23.pdf", "ementa": "Nomeia os membros da Comiss\u00e3o Tempor\u00e1ria de Inqu\u00e9rito da C\u00e2mara Municipal de Bicas visando apura\u00e7\u00e3o de den\u00fancia de poss\u00edveis irregularidades na administra\u00e7\u00e3o do Hospital S\u00e3o Jos\u00e9 de Bicas."}, {"id": "4856", "ano": "2024", "numero": "24", "tipo__sigla": "PORT", "tipo__descricao": "Portaria", "autoria": "", "texto_original": "http://sapl.bicas.mg.leg.br/media/sapl/public/materialegislativa/2024/4856/portaria_no_24.pdf", "ementa": "Altera membro titular da Comiss\u00e3o Tempor\u00e1ria de Inqu\u00e9rito instaurada pela Portaria n\u00b0 23/2024 para apura\u00e7\u00e3o de den\u00fancia de poss\u00edveis irregularidades na administra\u00e7\u00e3o do Hospital S\u00e3o Jos\u00e9 de Bicas."}, {"id": "4869", "ano": "2024", "numero": "25", "tipo__sigla": "PORT", "tipo__descricao": "Portaria", "autoria": "", "texto_original": "http://sapl.bicas.mg.leg.br/media/sapl/public/materialegislativa/2024/4869/portaria_no_25.pdf", "ementa": "Disp\u00f5e sobre o sigilo a toda documenta\u00e7\u00e3o do processo, referente \u00e0 Comiss\u00e3o Parlamentar de Inqu\u00e9rito n\u00ba 23/2024 at\u00e9 que se ultimem as investiga\u00e7\u00f5es."}, {"id": "4881", "ano": "2024", "numero": "26", "tipo__sigla": "PORT", "tipo__descricao": "Portaria", "autoria": "", "texto_original": "http://sapl.bicas.mg.leg.br/media/sapl/public/materialegislativa/2024/4881/portaria_no_26.pdf", "ementa": "Disp\u00f5e sobre o funcionamento do Centro de Atendimento ao Cidad\u00e3o da C\u00e2mara Municipal de Bicas no per\u00edodo de 22 de julho de 2024 a 14 de agosto de 2024."}, {"id": "4882", "ano": "2024", "numero": "27", "tipo__sigla": "PORT", "tipo__descricao": "Portaria", "autoria": "", "texto_original": "http://sapl.bicas.mg.leg.br/media/sapl/public/materialegislativa/2024/4882/portaria_no_27.pdf", "ementa": "Nomeia os membros da Comiss\u00e3o Tempor\u00e1ria Especial da C\u00e2mara Municipal de Bicas para apura\u00e7\u00e3o de exist\u00eancia de conduta indecorosa do vereador Aloysio Barbosa Borges."}, {"id": "4883", "ano": "2024", "numero": "28", "tipo__sigla": "PORT", "tipo__descricao": "Portaria", "autoria": "", "texto_original": "http://sapl.bicas.mg.leg.br/media/sapl/public/materialegislativa/2024/4883/portaria_no_28.pdf", "ementa": "Disp\u00f5e sobre o expediente da C\u00e2mara Municipal de Bicas nos dias 25 e 26 de julho de 2024."}, {"id": "4908", "ano": "2024", "numero": "29", "tipo__sigla": "PORT", "tipo__descricao": "Portaria", "autoria": "", "texto_original": "http://sapl.bicas.mg.leg.br/media/sapl/public/materialegislativa/2024/4908/portaria_no_29.pdf", "ementa": "Altera membro titular da Comiss\u00e3o Tempor\u00e1ria de Inqu\u00e9rito instaurada pela Portaria n\u00b0 23/2024 para apura\u00e7\u00e3o de den\u00fancia de poss\u00edveis irregularidades na administra\u00e7\u00e3o do Hospital S\u00e3o Jos\u00e9 de Bicas."}, {"id": "4909", "ano": "2024", "numero": "30", "tipo__sigla": "PORT", "tipo__descricao": "Portaria", "autoria": "", "texto_original": "http://sapl.bicas.mg.leg.br/media/sapl/public/materialegislativa/2024/4909/portaria_no_30.pdf", "ementa": "Nomeia profissional que menciona para ser respons\u00e1vel para o acesso e postagens no site e redes sociais da C\u00e2mara Municipal de Bicas e d\u00e1 outras provid\u00eancias."}, {"id": "4944", "ano": "2024", "numero": "31", "tipo__sigla": "PORT", "tipo__descricao": "Portaria", "autoria": "", "texto_original": "http://sapl.bicas.mg.leg.br/media/sapl/public/materialegislativa/2024/4944/portaria_no_31.pdf", "ementa": "Nomeia os membros da Comiss\u00e3o Processante da C\u00e2mara Municipal de Bicas."}, {"id": "4956", "ano": "2024", "numero": "32", "tipo__sigla": "PORT", "tipo__descricao": "Portaria", "autoria": "", "texto_original": "http://sapl.bicas.mg.leg.br/media/sapl/public/materialegislativa/2024/4956/portaria_no_32.pdf", "ementa": "Disp\u00f5e sobre Reuni\u00e3o Ordin\u00e1ria no dia 30 de setembro de 2024."}, {"id": "4962", "ano": "2024", "numero": "33", "tipo__sigla": "PORT", "tipo__descricao": "Portaria", "autoria": "", "texto_original": "http://sapl.bicas.mg.leg.br/media/sapl/public/materialegislativa/2024/4962/portaria_no_33.pdf", "ementa": "Disp\u00f5e sobre a antecipa\u00e7\u00e3o da Reuni\u00e3o Ordin\u00e1ria agendada para o dia 10 de outubro de 2024."}, {"id": "4964", "ano": "2024", "numero": "34", "tipo__sigla": "PORT", "tipo__descricao": "Portaria", "autoria": "", "texto_original": "http://sapl.bicas.mg.leg.br/media/sapl/public/materialegislativa/2024/4964/portaria_no_34.pdf", "ementa": "Nomeia os membros da Comiss\u00e3o Tempor\u00e1ria de Inqu\u00e9rito da C\u00e2mara Municipal de Bicas visando apurar as falas do vereador Marcelo com rela\u00e7\u00e3o \u00e0 coa\u00e7\u00e3o de servidores para obten\u00e7\u00e3o de documentos."}, {"id": "4965", "ano": "2024", "numero": "35", "tipo__sigla": "PORT", "tipo__descricao": "Portaria", "autoria": "", "texto_original": "http://sapl.bicas.mg.leg.br/media/sapl/public/materialegislativa/2024/4965/portaria_no_35.pdf", "ementa": "Nomeia os membros da Comiss\u00e3o Tempor\u00e1ria de Inqu\u00e9rito da C\u00e2mara Municipal de Bicas visando apurar as falas do vereador Loro sobre vereadores \u201clevarem um dinheirinho.\u201d"}, {"id": "4966", "ano": "2024", "numero": "36", "tipo__sigla": "PORT", "tipo__descricao": "Portaria", "autoria": "", "texto_original": "http://sapl.bicas.mg.leg.br/media/sapl/public/materialegislativa/2024/4966/portaria_no_36.pdf", "ementa": "Nomeia os membros da Comiss\u00e3o Tempor\u00e1ria de Inqu\u00e9rito da C\u00e2mara Municipal de Bicas visando apura\u00e7\u00e3o do apresentado no Requerimento n\u00ba 53/2024."}, {"id": "4967", "ano": "2024", "numero": "37", "tipo__sigla": "PORT", "tipo__descricao": "Portaria", "autoria": "", "texto_original": "http://sapl.bicas.mg.leg.br/media/sapl/public/materialegislativa/2024/4967/portaria_no_37.pdf", "ementa": "Nomeia os novos membros da Comiss\u00e3o Tempor\u00e1ria de Inqu\u00e9rito da C\u00e2mara Municipal de Bicas instaurada pela portaria 34/2024."}, {"id": "5000", "ano": "2024", "numero": "38", "tipo__sigla": "PORT", "tipo__descricao": "Portaria", "autoria": "", "texto_original": "http://sapl.bicas.mg.leg.br/media/sapl/public/materialegislativa/2024/5000/portaria_no_38.pdf", "ementa": "Exonera do cargo de Auxiliar Legislativo da C\u00e2mara Municipal de Bicas a servidora Mar\u00edlia Andrade da Silva."}, {"id": "5017", "ano": "2024", "numero": "39", "tipo__sigla": "PORT", "tipo__descricao": "Portaria", "autoria": "", "texto_original": "http://sapl.bicas.mg.leg.br/media/", "ementa": "DISP\u00d5E SOBRE O  EXPEDIENTE DA C\u00c2MARA MUNICIPAL DE BICAS DURANTE O M\u00caS DE DEZEMBRO DE 2024 E D\u00c1 OUTRAS PROVID\u00caNCIAS."}, {"id": "5018", "ano": "2024", "numero": "40", "tipo__sigla": "PORT", "tipo__descricao": "Portaria", "autoria": "", "texto_original": "http://sapl.bicas.mg.leg.br/media/sapl/public/materialegislativa/2024/5018/portaria_no_40.pdf", "ementa": "Exonera a servidora que menciona, ocupante de cargo em comiss\u00e3o de Diretora Financeira e d\u00e1 outras provid\u00eancias."}, {"id": "5019", "ano": "2024", "numero": "41", "tipo__sigla": "PORT", "tipo__descricao": "Portaria", "autoria": "", "texto_original": "http://sapl.bicas.mg.leg.br/media/sapl/public/materialegislativa/2024/5019/portaria_no_41.pdf", "ementa": "Exonera a servidora que menciona, ocupante de cargo em comiss\u00e3o de Diretora Administrativa e d\u00e1 outras provid\u00eancias."}, {"id": "5020", "ano": "2024", "numero": "42", "tipo__sigla": "PORT", "tipo__descricao": "Portaria", "autoria": "", "texto_original": "http://sapl.bicas.mg.leg.br/media/sapl/public/materialegislativa/2024/5020/portaria_no_42.pdf", "ementa": "Exonera o servidor que menciona, ocupante de cargo em comiss\u00e3o de Assessor de Assuntos Institucionais e Comunica\u00e7\u00e3o Social e d\u00e1 outras provid\u00eancias."}, {"id": "5021", "ano": "2024", "numero": "43", "tipo__sigla": "PORT", "tipo__descricao": "Portaria", "autoria": "", "texto_original": "http://sapl.bicas.mg.leg.br/media/sapl/public/materialegislativa/2024/5021/portaria_no_43.pdf", "ementa": "Exonera o servidor que menciona, ocupante de cargo em comiss\u00e3o de Consultor Legislativo e d\u00e1 outras provid\u00eancias."}, {"id": "5022", "ano": "2024", "numero": "44", "tipo__sigla": "PORT", "tipo__descricao": "Portaria", "autoria": "", "texto_original": "http://sapl.bicas.mg.leg.br/media/sapl/public/materialegislativa/2024/5022/portaria_no_44.pdf", "ementa": "Exonera a servidora que menciona, ocupante de cargo em comiss\u00e3o de Assessor Jur\u00eddico e d\u00e1 outras provid\u00eancias."}, {"id": "4868", "ano": "2024", "numero": "1", "tipo__sigla": "PDL", "tipo__descricao": "Projeto de Decreto Legislativo", "autoria": "", "texto_original": "http://sapl.bicas.mg.leg.br/media/sapl/public/materialegislativa/2024/4868/pdl_01.2024_-_cassacao.docx", "ementa": "Disp\u00f5e sobre a cassa\u00e7\u00e3o do mandato eletivo do Vice-Prefeito Municipal de Bicas -MG, Sr. Tiago Henrique Queiroz de Souza.\""}, {"id": "4976", "ano": "2024", "numero": "3", "tipo__sigla": "PDL", "tipo__descricao": "Projeto de Decreto Legislativo", "autoria": "Fernando Joca", "texto_original": "http://sapl.bicas.mg.leg.br/media/sapl/public/materialegislativa/2024/4976/pdl_03.2024_-_titulo_ramillo.docx", "ementa": "CONCEDE T\u00cdTULO DE CIDAD\u00c3O BENEM\u00c9RITO AO SR. RAMILLO RODRIGUES DE OLIVEIRA"}, {"id": "4977", "ano": "2024", "numero": "4", "tipo__sigla": "PDL", "tipo__descricao": "Projeto de Decreto Legislativo", "autoria": "Fernando Bigode", "texto_original": "http://sapl.bicas.mg.leg.br/media/", "ementa": "CONCEDE T\u00cdTULO DE CIDAD\u00c3O BENEM\u00c9RITO AO SR. RICARDO MENDES DE MATTOS."}, {"id": "4978", "ano": "2024", "numero": "5", "tipo__sigla": "PDL", "tipo__descricao": "Projeto de Decreto Legislativo", "autoria": "Paulinho Plantas", "texto_original": "http://sapl.bicas.mg.leg.br/media/sapl/public/materialegislativa/2024/4978/pdl_05.2024_-_vitor_fernanades_ferreira.docx", "ementa": "CONCEDE T\u00cdTULO DE CIDAD\u00c3O BENEM\u00c9RITO AO SR. VITOR FERNANDES FERREIRA."}, {"id": "4979", "ano": "2024", "numero": "6", "tipo__sigla": "PDL", "tipo__descricao": "Projeto de Decreto Legislativo", "autoria": "Paulinho Plantas", "texto_original": "http://sapl.bicas.mg.leg.br/media/sapl/public/materialegislativa/2024/4979/pdl_06.2024_-_jose_arnaldo_ferreira_jorge-_dr._beto.docx", "ementa": "CONCEDE T\u00cdTULO DE CIDAD\u00c3O HONOR\u00c1RIO AO SR. JOS\u00c9 ARNALDO FERREIRA JORGE ."}, {"id": "4980", "ano": "2024", "numero": "7", "tipo__sigla": "PDL", "tipo__descricao": "Projeto de Decreto Legislativo", "autoria": "Joel Mil\u00e3o do Cemit\u00e9rio", "texto_original": "http://sapl.bicas.mg.leg.br/media/sapl/public/materialegislativa/2024/4980/pdl_07.2024_-_claudio_jose_escaraboto.docx", "ementa": "CONCEDE T\u00cdTULO DE CIDAD\u00c3O BENEM\u00c9RITO AO SR. CL\u00c1UDIO JOS\u00c9 ESCARABOTO."}, {"id": "4981", "ano": "2024", "numero": "8", "tipo__sigla": "PDL", "tipo__descricao": "Projeto de Decreto Legislativo", "autoria": "Rafael Aquino", "texto_original": "http://sapl.bicas.mg.leg.br/media/sapl/public/materialegislativa/2024/4981/pdl_08.2024_-_marcelo_de_oliveira_senra.docx", "ementa": "CONCEDE T\u00cdTULO DE CIDAD\u00c3O BENEM\u00c9RITO AO SR. MARCELO DE OLIVEIRA SENRA"}, {"id": "4982", "ano": "2024", "numero": "9", "tipo__sigla": "PDL", "tipo__descricao": "Projeto de Decreto Legislativo", "autoria": "", "texto_original": "http://sapl.bicas.mg.leg.br/media/sapl/public/materialegislativa/2024/4982/pdl_09.2024_-_sonia_maria_pereira_mattos.docx", "ementa": "CONCEDE T\u00cdTULO DE CIDAD\u00c3 BENEM\u00c9RITA \u00c0 SRA. S\u00d4NIA MARIA PEREIRA MATTOS"}, {"id": "4983", "ano": "2024", "numero": "10", "tipo__sigla": "PDL", "tipo__descricao": "Projeto de Decreto Legislativo", "autoria": "Marcelo Jardim", "texto_original": "http://sapl.bicas.mg.leg.br/media/sapl/public/materialegislativa/2024/4983/pdl_10.2024_-_antonio_jose_alves_de_souza_junior.docx", "ementa": "CONCEDE T\u00cdTULO DE CIDAD\u00c3O HONOR\u00c1RIO AO SR. ANTONIO JOSE ALVES DE SOUZA JUNIOR"}, {"id": "4984", "ano": "2024", "numero": "11", "tipo__sigla": "PDL", "tipo__descricao": "Projeto de Decreto Legislativo", "autoria": "Loro", "texto_original": "http://sapl.bicas.mg.leg.br/media/sapl/public/materialegislativa/2024/4984/pdl_11.2024_-_gustavo_vieira_da_silva.docx", "ementa": "CONCEDE T\u00cdTULO DE CIDAD\u00c3O HONOR\u00c1RIO AO SR. GUSTAVO VIEIRA DA SILVA"}, {"id": "4759", "ano": "2024", "numero": "1", "tipo__sigla": "PLC", "tipo__descricao": "Projeto de Lei Complementar", "autoria": "", "texto_original": "http://sapl.bicas.mg.leg.br/media/sapl/public/materialegislativa/2024/4759/plc_01.2024_-_motorista.doc", "ementa": "\"Altera parcialmente o plano de cargos e sal\u00e1rios no \u00e2mbito do Munic\u00edpio de Bicas e d\u00e1 outras provid\u00eancias.\""}, {"id": "4844", "ano": "2024", "numero": "2", "tipo__sigla": "PLC", "tipo__descricao": "Projeto de Lei Complementar", "autoria": "Helber Marques Corr\u00eaa", "texto_original": "http://sapl.bicas.mg.leg.br/media/sapl/public/materialegislativa/2024/4844/plc_02.2024_-_tecnicos_de_enfermagem.doc", "ementa": "Altera parcialmente o Plano de cargos e sal\u00e1rios no \u00e2mbito do munic\u00edpio de Bicas e d\u00e1 outras provid\u00eancias."}, {"id": "4943", "ano": "2024", "numero": "3", "tipo__sigla": "PLC", "tipo__descricao": "Projeto de Lei Complementar", "autoria": "Helber Marques Corr\u00eaa", "texto_original": "http://sapl.bicas.mg.leg.br/media/sapl/public/materialegislativa/2024/4943/plc_03.2024_tecnico_em_enfermagem._._revisado.doc", "ementa": "\u201cALTERA PARCIALMENTE O PLANO DE CARGOS E SAL\u00c1RIOS NO \u00c2MBITO DO MUNIC\u00cdPIO DE BICAS E D\u00c1 OUTRAS PROVID\u00caNCIAS\u201d"}, {"id": "4690", "ano": "2024", "numero": "1", "tipo__sigla": "PLO", "tipo__descricao": "Projeto de Lei Ordin\u00e1ria", "autoria": "Joel Mil\u00e3o do Cemit\u00e9rio", "texto_original": "http://sapl.bicas.mg.leg.br/media/sapl/public/materialegislativa/2024/4690/plo_01.2024_-_drones.docx", "ementa": "\u201cAutoriza o uso de drones para as a\u00e7\u00f5es do Poder Executivo municipal que menciona.\u201d"}, {"id": "4691", "ano": "2024", "numero": "2", "tipo__sigla": "PLO", "tipo__descricao": "Projeto de Lei Ordin\u00e1ria", "autoria": "Joel Mil\u00e3o do Cemit\u00e9rio", "texto_original": "http://sapl.bicas.mg.leg.br/media/sapl/public/materialegislativa/2024/4691/plo_02.2024_-_subsidio_dos_vereadores.docx", "ementa": "Disp\u00f5e sobre a revis\u00e3o geral anual do subs\u00eddio dos Vereadores da C\u00e2mara Municipal de Bicas/MG e d\u00e1 outras provid\u00eancias"}, {"id": "4692", "ano": "2024", "numero": "3", "tipo__sigla": "PLO", "tipo__descricao": "Projeto de Lei Ordin\u00e1ria", "autoria": "Joel Mil\u00e3o do Cemit\u00e9rio", "texto_original": "http://sapl.bicas.mg.leg.br/media/sapl/public/materialegislativa/2024/4692/plo_03.2024_-_reajuste_tickt.docx", "ementa": "\u201cDisp\u00f5e sobre a revis\u00e3o geral anual do vale alimenta\u00e7\u00e3o dos Servidores da C\u00e2mara Municipal de Bicas/MG e d\u00e1 outras provid\u00eancias.\u201d"}, {"id": "4693", "ano": "2024", "numero": "4", "tipo__sigla": "PLO", "tipo__descricao": "Projeto de Lei Ordin\u00e1ria", "autoria": "Joel Mil\u00e3o do Cemit\u00e9rio", "texto_original": "http://sapl.bicas.mg.leg.br/media/sapl/public/materialegislativa/2024/4693/plo_04.2024_-_revisao_dos_servidores.docx", "ementa": "\u201cDisp\u00f5e sobre a revis\u00e3o geral anual dos sal\u00e1rios dos Servidores da C\u00e2mara Municipal de Bicas/MG e d\u00e1 outras provid\u00eancias.\u201d"}, {"id": "4705", "ano": "2024", "numero": "5", "tipo__sigla": "PLO", "tipo__descricao": "Projeto de Lei Ordin\u00e1ria", "autoria": "Fernando Joca", "texto_original": "http://sapl.bicas.mg.leg.br/media/sapl/public/materialegislativa/2024/4705/plo_05.2024_-_internacao_humanizada.docx", "ementa": "\u201cDisp\u00f5e sobre a interna\u00e7\u00e3o humanizada no munic\u00edpio de Bicas.\u201d"}, {"id": "4706", "ano": "2024", "numero": "6", "tipo__sigla": "PLO", "tipo__descricao": "Projeto de Lei Ordin\u00e1ria", "autoria": "Fernando Joca", "texto_original": "http://sapl.bicas.mg.leg.br/media/sapl/public/materialegislativa/2024/4706/plo_06.2024_-_ticket_ferias.docx", "ementa": "\u201cDisp\u00f5e sobre o pagamento de ticket alimenta\u00e7\u00e3o aos servidores do Poder Legislativo Municipal durante o per\u00edodo de f\u00e9rias.\u201d"}, {"id": "4707", "ano": "2024", "numero": "7", "tipo__sigla": "PLO", "tipo__descricao": "Projeto de Lei Ordin\u00e1ria", "autoria": "Marcelo Jardim", "texto_original": "http://sapl.bicas.mg.leg.br/media/sapl/public/materialegislativa/2024/4707/plo_07.2024_-_auxilio_mulher_vitima_de_violencia.docx", "ementa": "\u201cDisp\u00f5e sobre o pagamento de  aux\u00edlio- aluguel \u00e0s mulheres v\u00edtimas de viol\u00eancia dom\u00e9stica em extrema situa\u00e7\u00e3o de vulnerabilidade\u201d."}, {"id": "4723", "ano": "2024", "numero": "8", "tipo__sigla": "PLO", "tipo__descricao": "Projeto de Lei Ordin\u00e1ria", "autoria": "", "texto_original": "http://sapl.bicas.mg.leg.br/media/sapl/public/materialegislativa/2024/4723/plo_08.2024_-_piso_magisterio_2024.doc", "ementa": "\u201cAtualiza em car\u00e1ter transit\u00f3rio, para o exerc\u00edcio financeiro de 2024, at\u00e9 que seja editada a lei espec\u00edfica prevista nos termos do inciso XII do art. 212 A da Constitui\u00e7\u00e3o Federal de 1988, o valor do piso salarial profissional para os profissionais do magist\u00e9rio da educa\u00e7\u00e3o b\u00e1sica p\u00fablica municipal, com base na Portaria 61/2024 do Minist\u00e9rio da Educa\u00e7\u00e3o que menciona e autoriza o pagamento das diferen\u00e7as devidas aos profissionais do magist\u00e9rio da educa\u00e7\u00e3o b\u00e1sica p\u00fablica abrangidos por esta lei, referentes ao piso salarial do exerc\u00edcio financeiro de 2023, correspondente \u00e0s compet\u00eancias de janeiro a dezembro e d\u00e1 outras provid\u00eancias\u201d."}, {"id": "4724", "ano": "2024", "numero": "9", "tipo__sigla": "PLO", "tipo__descricao": "Projeto de Lei Ordin\u00e1ria", "autoria": "Marcelo Jardim", "texto_original": "http://sapl.bicas.mg.leg.br/media/sapl/public/materialegislativa/2024/4724/plo_09.2024_-_cavalgada_patrimonio.docx", "ementa": "\u201cDecreta as cavalgadas patrim\u00f4nio hist\u00f3rico-cultural imaterial do munic\u00edpio de Bicas.\u201d"}, {"id": "4725", "ano": "2024", "numero": "10", "tipo__sigla": "PLO", "tipo__descricao": "Projeto de Lei Ordin\u00e1ria", "autoria": "Helber Marques Corr\u00eaa", "texto_original": "http://sapl.bicas.mg.leg.br/media/sapl/public/materialegislativa/2024/4725/plo_10.2024_-_aux_em_tec_enfermagem.doc", "ementa": "\u201cAutoriza o Poder Executivo Municipal a transformar o Cargo de Auxiliar de Enfermagem em T\u00e9cnico em Enfermagem e d\u00e1 outras provid\u00eancias\u201d."}, {"id": "4740", "ano": "2024", "numero": "11", "tipo__sigla": "PLO", "tipo__descricao": "Projeto de Lei Ordin\u00e1ria", "autoria": "Helber Marques Corr\u00eaa", "texto_original": "http://sapl.bicas.mg.leg.br/media/sapl/public/materialegislativa/2024/4740/plo_11.2024_-_subvencao_cenfor.doc", "ementa": "\u201cDISP\u00d5E SOBRE A CONCESS\u00c3O DE SUBVEN\u00c7\u00d5ES SOCIAIS \u00c0S ENTIDADES QUE MENCIONA E D\u00c1 OUTRAS PROVID\u00caNCIAS\u201d."}, {"id": "4764", "ano": "2024", "numero": "12", "tipo__sigla": "PLO", "tipo__descricao": "Projeto de Lei Ordin\u00e1ria", "autoria": "Joel Mil\u00e3o do Cemit\u00e9rio", "texto_original": "http://sapl.bicas.mg.leg.br/media/sapl/public/materialegislativa/2024/4764/plo_12.2024_-_fixa_subsidio_dos_vereadores.docx", "ementa": "\"Fixa o subs\u00eddio dos vereadores da C\u00e2mara Municipal de Bicas.\u201d"}, {"id": "4765", "ano": "2024", "numero": "13", "tipo__sigla": "PLO", "tipo__descricao": "Projeto de Lei Ordin\u00e1ria", "autoria": "Joel Mil\u00e3o do Cemit\u00e9rio", "texto_original": "http://sapl.bicas.mg.leg.br/media/sapl/public/materialegislativa/2024/4765/plo_13.2024_-_fixa_subseidio_prefeito.docx", "ementa": "\u201cFixa o subs\u00eddio do Prefeito, Vice-Prefeito, secret\u00e1rios ou equivalentes do Munic\u00edpio de Bicas\u201d."}, {"id": "4766", "ano": "2024", "numero": "14", "tipo__sigla": "PLO", "tipo__descricao": "Projeto de Lei Ordin\u00e1ria", "autoria": "Helber Marques Corr\u00eaa", "texto_original": "http://sapl.bicas.mg.leg.br/media/sapl/public/materialegislativa/2024/4766/plo_14.2024_-_ldo.pdf", "ementa": "\"Disp\u00f5e sobre as diretrizes or\u00e7ament\u00e1rias para a elabora\u00e7\u00e3o e a execu\u00e7\u00e3o da Lei Or\u00e7ament\u00e1ria do exerc\u00edcio financeiro de 2025 e d\u00e1s outras provid\u00eancias.\""}, {"id": "4773", "ano": "2024", "numero": "15", "tipo__sigla": "PLO", "tipo__descricao": "Projeto de Lei Ordin\u00e1ria", "autoria": "Helber Marques Corr\u00eaa", "texto_original": "http://sapl.bicas.mg.leg.br/media/sapl/public/materialegislativa/2024/4773/plo_15.2024_-_alteracao_contibuicao_consep_2024.doc", "ementa": "Altera parcialmente a Lei Municipal n\u00ba 2207/2023, que disp\u00f5e sobre a concess\u00e3o de contribui\u00e7\u00f5es sociais \u00e0s entidades que menciona e d\u00e1 outras provid\u00eancias."}, {"id": "4792", "ano": "2024", "numero": "16", "tipo__sigla": "PLO", "tipo__descricao": "Projeto de Lei Ordin\u00e1ria", "autoria": "Hon\u00f3rio de Oliveira", "texto_original": "http://sapl.bicas.mg.leg.br/media/sapl/public/materialegislativa/2024/4792/plo_16.2024_-_conselho_municipal_de_educacao_cme.doc", "ementa": "\u201cCRIA O CME- CONSELHO MUNICIPAL DE EDUCA\u00c7\u00c3O E D\u00c1 OUTRAS PROVID\u00caNCIAS\u201d."}, {"id": "4793", "ano": "2024", "numero": "17", "tipo__sigla": "PLO", "tipo__descricao": "Projeto de Lei Ordin\u00e1ria", "autoria": "Melissa Terra", "texto_original": "http://sapl.bicas.mg.leg.br/media/sapl/public/materialegislativa/2024/4793/plo_17.2024_-_melissa_-_esporte.docx", "ementa": "\u201cDisp\u00f5e sobre a isen\u00e7\u00e3o de Taxa de Inscri\u00e7\u00e3o para os atletas residentes no Munic\u00edpio de Bicas, em eventos esportivos apoiados pela Prefeitura Municipal\u201d."}, {"id": "4794", "ano": "2024", "numero": "18", "tipo__sigla": "PLO", "tipo__descricao": "Projeto de Lei Ordin\u00e1ria", "autoria": "Helber Marques Corr\u00eaa", "texto_original": "http://sapl.bicas.mg.leg.br/media/sapl/public/materialegislativa/2024/4794/plo_18.2024_-_inclusao_ppa.doc", "ementa": "\u201cINCLUI NA LEI MUNICIPAL N 2044 DE 30 DE DEZEMBRO DE 2021 QUE DISP\u00d5E SOBRE O PLANO PLURIANUAL DE INVESTIMENTOS 2022/2025\u201d."}, {"id": "4828", "ano": "2024", "numero": "19", "tipo__sigla": "PLO", "tipo__descricao": "Projeto de Lei Ordin\u00e1ria", "autoria": "Helber Marques Corr\u00eaa", "texto_original": "http://sapl.bicas.mg.leg.br/media/sapl/public/materialegislativa/2024/4828/plo_19.2024_-_alteracao_da_lei_2207_emendas.doc", "ementa": "ALTERA O INCISO VII DO ARTIGO 1\u00ba DA LEI MUNICIPAL 2.207/2023 E D\u00c1 OUTRAS PROVID\u00caNCIAS."}, {"id": "4928", "ano": "2024", "numero": "20", "tipo__sigla": "PLO", "tipo__descricao": "Projeto de Lei Ordin\u00e1ria", "autoria": "Rafael Aquino", "texto_original": "http://sapl.bicas.mg.leg.br/media/sapl/public/materialegislativa/2024/4928/plo_20.2024_-_rafael_-_navegacao_de_paciente.docx", "ementa": "\u201cDISP\u00d5E SOBRE O PROGRAMA DE NAVEGA\u00c7\u00c3O DE PACIENTE, NA FORMA QUE MENCIONA."}, {"id": "4929", "ano": "2024", "numero": "21", "tipo__sigla": "PLO", "tipo__descricao": "Projeto de Lei Ordin\u00e1ria", "autoria": "", "texto_original": "http://sapl.bicas.mg.leg.br/media/sapl/public/materialegislativa/2024/4929/plo_21.2024_-_abertura_de_credito_especial_descentralizacao_da_gestao.doc", "ementa": "Autoriza a abertura de Cr\u00e9dito Adicional Especial no valor de R$ 12.000,00 e d\u00e1 outras provid\u00eancias."}, {"id": "4930", "ano": "2024", "numero": "22", "tipo__sigla": "PLO", "tipo__descricao": "Projeto de Lei Ordin\u00e1ria", "autoria": "", "texto_original": "http://sapl.bicas.mg.leg.br/media/sapl/public/materialegislativa/2024/4930/plo_22.2024_-_auxilio_financeiro_hospital_resolucao_9.483.docx", "ementa": "\u201cDISP\u00d5E SOBRE A AUTORIZA\u00c7\u00c3O DE REPASSE DE EMENDA PARLAMENTAR \u00c0 ENTIDADE BENEFICI\u00c1RIA QUE MENCIONA NOS TERMOS DA RESOLU\u00c7\u00c3O 9.483/2024 E D\u00c1 OUTRAS PROVID\u00caNCIAS"}, {"id": "4932", "ano": "2024", "numero": "23", "tipo__sigla": "PLO", "tipo__descricao": "Projeto de Lei Ordin\u00e1ria", "autoria": "Helber Marques Corr\u00eaa", "texto_original": "http://sapl.bicas.mg.leg.br/media/sapl/public/materialegislativa/2024/4932/plo_23.2024_-_loa_2025.docx", "ementa": "Estima a Receita e fixa a Despesa do Munic\u00edpio de Bicas para o exerc\u00edcio financeiro de 2025."}, {"id": "4945", "ano": "2024", "numero": "24", "tipo__sigla": "PLO", "tipo__descricao": "Projeto de Lei Ordin\u00e1ria", "autoria": "Rafael Aquino", "texto_original": "http://sapl.bicas.mg.leg.br/media/sapl/public/materialegislativa/2024/4945/plo_24.2024_-_rafael_-_saude_mental.docx", "ementa": "\u201cInstitui a Pol\u00edtica Municipal de Aten\u00e7\u00e3o \u00e0 Sa\u00fade Mental"}, {"id": "4946", "ano": "2024", "numero": "25", "tipo__sigla": "PLO", "tipo__descricao": "Projeto de Lei Ordin\u00e1ria", "autoria": "Joel Mil\u00e3o do Cemit\u00e9rio, Rafael Aquino", "texto_original": "http://sapl.bicas.mg.leg.br/media/sapl/public/materialegislativa/2024/4946/plo_25.2024_-_rafael_e_joel_-_tramitacao_eletronica.docx", "ementa": "Disp\u00f5e sobre o processo legislativo eletr\u00f4nico no \u00e2mbito da C\u00e2mara Municipal de Bicas/MG."}, {"id": "4961", "ano": "2024", "numero": "26", "tipo__sigla": "PLO", "tipo__descricao": "Projeto de Lei Ordin\u00e1ria", "autoria": "Helber Marques Corr\u00eaa", "texto_original": "http://sapl.bicas.mg.leg.br/media/", "ementa": "\"Altera o artigo 2\u00ba da Lei Municipal 1844/2024 e d\u00e1 outras provid\u00eancias.\""}, {"id": "4968", "ano": "2024", "numero": "27", "tipo__sigla": "PLO", "tipo__descricao": "Projeto de Lei Ordin\u00e1ria", "autoria": "", "texto_original": "http://sapl.bicas.mg.leg.br/media/sapl/public/materialegislativa/2024/4968/plo_27.2024_-_melissa_-_recolhimento_de_medicamentos.docx", "ementa": "\u201cDisp\u00f5e sobre o recolhimento de medicamentos de uso humano vencidos ou em desuso, pelos usu\u00e1rios das unidades b\u00e1sicas de sa\u00fade do Munic\u00edpio de Bicas\u201d"}, {"id": "4989", "ano": "2024", "numero": "28", "tipo__sigla": "PLO", "tipo__descricao": "Projeto de Lei Ordin\u00e1ria", "autoria": "Helber Marques Corr\u00eaa", "texto_original": "http://sapl.bicas.mg.leg.br/media/", "ementa": "\"Autoriza a abertura de Cr\u00e9dito Adicional Especial no valor de R$650.662,17 e d\u00e1 outras provid\u00eancias.\""}, {"id": "4990", "ano": "2024", "numero": "29", "tipo__sigla": "PLO", "tipo__descricao": "Projeto de Lei Ordin\u00e1ria", "autoria": "Helber Marques Corr\u00eaa", "texto_original": "http://sapl.bicas.mg.leg.br/media/", "ementa": "Altera o exerc\u00edcio e a meta financeira do Programa 007, a\u00e7\u00e3o 1185 do Plano Plurianual- PPA do munic\u00edpio de Bicas para o per\u00edodo de 2022/2025."}, {"id": "5001", "ano": "2024", "numero": "30", "tipo__sigla": "PLO", "tipo__descricao": "Projeto de Lei Ordin\u00e1ria", "autoria": "Helber Marques Corr\u00eaa", "texto_original": "http://sapl.bicas.mg.leg.br/media/", "ementa": "Autoriza a abertura de cr\u00e9dito adicional especial no valor de R$ 125.327,75 e d\u00e1 outras provid\u00eancias."}, {"id": "5014", "ano": "2024", "numero": "31", "tipo__sigla": "PLO", "tipo__descricao": "Projeto de Lei Ordin\u00e1ria", "autoria": "Fernando Joca", "texto_original": "http://sapl.bicas.mg.leg.br/media/sapl/public/materialegislativa/2024/5014/plo_31.2024_-_denomina_agostinho.docx", "ementa": "\u201cDenomina Agostinho Alves dos Santos o plen\u00e1rio da C\u00e2mara Municipal de Bicas\u201d."}, {"id": "4694", "ano": "2024", "numero": "1", "tipo__sigla": "PRE", "tipo__descricao": "Projeto de Resolu\u00e7\u00e3o", "autoria": "Joel Mil\u00e3o do Cemit\u00e9rio", "texto_original": "http://sapl.bicas.mg.leg.br/media/sapl/public/materialegislativa/2024/4694/revisao_diarias.docx", "ementa": "Disp\u00f5e sobre a revis\u00e3o geral anual das di\u00e1rias dos vereadores e servidores da C\u00e2mara Municipal de Bicas e d\u00e1 outras provid\u00eancias.\u201d"}, {"id": "4708", "ano": "2024", "numero": "2", "tipo__sigla": "PRE", "tipo__descricao": "Projeto de Resolu\u00e7\u00e3o", "autoria": "Marcelo Jardim", "texto_original": "http://sapl.bicas.mg.leg.br/media/sapl/public/materialegislativa/2024/4708/pre_02.2024_-_mulher_cidada.docx", "ementa": "\u201cInstitui o Pr\u00eamio Mulheres Inspiradoras.\u201d"}, {"id": "4800", "ano": "2024", "numero": "3", "tipo__sigla": "PRE", "tipo__descricao": "Projeto de Resolu\u00e7\u00e3o", "autoria": "", "texto_original": "http://sapl.bicas.mg.leg.br/media/sapl/public/materialegislativa/2024/4800/pre_03.2024_criacao_de_cargos.docx", "ementa": "\u201cAltera parcialmente a Resolu\u00e7\u00e3o 286/2010 para dispor sobre acr\u00e9scimo e cria\u00e7\u00e3o de cargos em provimento no \u00e2mbito da C\u00e2mara Municipal de Bicas e d\u00e1 outras provid\u00eancias\u201d."}, {"id": "4921", "ano": "2024", "numero": "4", "tipo__sigla": "PRE", "tipo__descricao": "Projeto de Resolu\u00e7\u00e3o", "autoria": "Joel Mil\u00e3o do Cemit\u00e9rio", "texto_original": "http://sapl.bicas.mg.leg.br/media/sapl/public/materialegislativa/2024/4921/pre_04.2024_-_ferias_vereadores.docx", "ementa": "\u201cDisp\u00f5e acerca do gozo de f\u00e9rias anuais remuneradas aos vereadores da C\u00e2mara Municipal de Bicas.\u201d"}, {"id": "4655", "ano": "2024", "numero": "1", "tipo__sigla": "REQ", "tipo__descricao": "Requerimento", "autoria": "Melissa Terra", "texto_original": "http://sapl.bicas.mg.leg.br/media/sapl/public/materialegislativa/2024/4655/requerimento_no01.pdf", "ementa": "A vereadora que este subscreve requer a V. Exa., nos termos do Art. 164, VII, do Regimento Interno, que seja informado\r\nO motivo do Munic\u00edpio de Bicas n\u00e3o ter se inscrito para receber os recursos do Fundo de Arrendamento Residencial - FAR para o programa Minha Casa Minha Vida."}, {"id": "4656", "ano": "2024", "numero": "2", "tipo__sigla": "REQ", "tipo__descricao": "Requerimento", "autoria": "Fernando Joca", "texto_original": "http://sapl.bicas.mg.leg.br/media/sapl/public/materialegislativa/2024/4656/requerimento_no02.pdf", "ementa": "O vereador que este subscreve requer a V. Exa., nos termos do Art. 164, VII, do Regimento Interno, que seja oficiado o Hospital S\u00e3o Jos\u00e9 para responder o motivo da mudan\u00e7a no fluxo de atendimento \u00e0 popula\u00e7\u00e3o."}, {"id": "4657", "ano": "2024", "numero": "3", "tipo__sigla": "REQ", "tipo__descricao": "Requerimento", "autoria": "Fernando Joca", "texto_original": "http://sapl.bicas.mg.leg.br/media/sapl/public/materialegislativa/2024/4657/requerimento_no03.pdf", "ementa": "O vereador que este subscreve requer a V. Exa., nos termos do Art. 164, VII, do Regimento Interno, que o Conselho Municipal de Sa\u00fade informe a rela\u00e7\u00e3o de conselheiros do Hospital S\u00e3o Jos\u00e9."}, {"id": "4658", "ano": "2024", "numero": "4", "tipo__sigla": "REQ", "tipo__descricao": "Requerimento", "autoria": "Loro", "texto_original": "http://sapl.bicas.mg.leg.br/media/sapl/public/materialegislativa/2024/4658/requerimento_no04.pdf", "ementa": "O vereador que este subscreve requer a V. Exa., nos termos do Art. 164, VII, do Regimento Interno, que seja encaminhada toda a documenta\u00e7\u00e3o referente aos editais 01/2023 e 02/2023 da Lei Paulo Gustavo, em especial os projetos apresentados pelos participantes e as an\u00e1lises de m\u00e9rito cultural do comit\u00ea gestor."}, {"id": "4659", "ano": "2024", "numero": "5", "tipo__sigla": "REQ", "tipo__descricao": "Requerimento", "autoria": "Paulinho Plantas", "texto_original": "http://sapl.bicas.mg.leg.br/media/sapl/public/materialegislativa/2024/4659/requerimento_no05.pdf", "ementa": "O vereador que este subscreve requer a V. Exa., nos termos do Art. 164, VII, do Regimento Interno, que seja informada a previs\u00e3o atualizada de conclus\u00e3o das obras do centro da cidade e o motivo de at\u00e9 hoje n\u00e3o ter sido afixada placa indicativa dos valores de recursos e empresa respons\u00e1vel."}, {"id": "4660", "ano": "2024", "numero": "6", "tipo__sigla": "REQ", "tipo__descricao": "Requerimento", "autoria": "Rafael Aquino", "texto_original": "http://sapl.bicas.mg.leg.br/media/sapl/public/materialegislativa/2024/4660/requerimento_no06.pdf", "ementa": "O vereador que este subscreve requer a V. Exa., nos termos do Art. 164, VII, do Regimento Interno, que a Administra\u00e7\u00e3o Municipal, atrav\u00e9s da secretarias competentes, enviem novo contrato e cronograma com a nova empresa que assumiu as obras do parque dos ferrovi\u00e1rios."}, {"id": "4661", "ano": "2024", "numero": "7", "tipo__sigla": "REQ", "tipo__descricao": "Requerimento", "autoria": "Rafael Aquino", "texto_original": "http://sapl.bicas.mg.leg.br/media/sapl/public/materialegislativa/2024/4661/requerimento_no07.pdf", "ementa": "O vereador que este subscreve requer a V. Exa., nos termos do Art. 164, VII, do Regimento Interno, que a Administra\u00e7\u00e3o Municipal, atrav\u00e9s da secretaria de Sa\u00fade, informe se enviou dados sobre receitas e despesas com A\u00e7\u00f5es  e Servi\u00e7os de Sa\u00fade atrav\u00e9s do Siops, e que encaminhe c\u00f3pia destas informa\u00e7\u00f5es, bem como relat\u00f3rio de consultas e exames aguardando marca\u00e7\u00e3o."}, {"id": "4666", "ano": "2024", "numero": "8", "tipo__sigla": "REQ", "tipo__descricao": "Requerimento", "autoria": "Melissa Terra", "texto_original": "http://sapl.bicas.mg.leg.br/media/sapl/public/materialegislativa/2024/4666/requerimento_no08.pdf", "ementa": "A vereadora que este subscreve requer a V. Exa., nos termos do Art. 164, VII, do Regimento Interno, que seja informado\r\nQuais medidas est\u00e3o sendo tomadas para combate da dengue e nosso munic\u00edpio bem como quais a\u00e7\u00f5es de preparo \u00e0 popula\u00e7\u00e3o est\u00e3o sendo implementadas para lidar com poss\u00edveis epidemias."}, {"id": "4667", "ano": "2024", "numero": "9", "tipo__sigla": "REQ", "tipo__descricao": "Requerimento", "autoria": "Dr. Beto", "texto_original": "http://sapl.bicas.mg.leg.br/media/sapl/public/materialegislativa/2024/4667/requerimento_no09.pdf", "ementa": "O vereador que este subscreve requer a V. Exa., nos termos do Art. 164, VII, do Regimento Interno, que a Administra\u00e7\u00e3o Municipal informe o cronograma de combate \u00e0 dengue para o ano de 2024."}, {"id": "4668", "ano": "2024", "numero": "10", "tipo__sigla": "REQ", "tipo__descricao": "Requerimento", "autoria": "Loro", "texto_original": "http://sapl.bicas.mg.leg.br/media/sapl/public/materialegislativa/2024/4668/requerimento_no10.pdf", "ementa": "O vereador que este subscreve requer a V. Exa., nos termos do Art. 164, VII, do Regimento Interno, que seja informado:\r\nSe existe contrato de servi\u00e7o de internet para o Bicas Digital. Em caso afirmativo, que envie c\u00f3pia do contrato e valores pagos \u00e0 empresa vencedora."}, {"id": "4669", "ano": "2024", "numero": "11", "tipo__sigla": "REQ", "tipo__descricao": "Requerimento", "autoria": "Fernando Joca", "texto_original": "http://sapl.bicas.mg.leg.br/media/sapl/public/materialegislativa/2024/4669/requerimento_no11.pdf", "ementa": "O vereador que este subscreve requer a V. Exa., nos termos do Art. 164, VII, do Regimento Interno, que a administra\u00e7\u00e3o desta Casa fa\u00e7a instalar ao menos uma c\u00e2mera com capta\u00e7\u00e3o de v\u00eddeo e voz na sala das Comiss\u00f5es."}, {"id": "4670", "ano": "2024", "numero": "12", "tipo__sigla": "REQ", "tipo__descricao": "Requerimento", "autoria": "Rafael Aquino", "texto_original": "http://sapl.bicas.mg.leg.br/media/sapl/public/materialegislativa/2024/4670/requerimento_no12.pdf", "ementa": "O vereador que este subscreve requer a V. Exa., nos termos do Art. 164, VII, do Regimento Interno, que a Administra\u00e7\u00e3o Municipal, atrav\u00e9s da Secretaria de Sa\u00fade, informe o \u00edndice do LIRA (O Levantamento R\u00e1pido de \u00cdndices para o Aedes aegypti), e o n\u00famero de casos confirmados de Dengue, Zika e Chikungunya em nosso munic\u00edpio, e juntamente com a Secretaria de Obras , realizem um grande mutir\u00e3o de limpeza e combate a Dengue, prevenindo assim, situa\u00e7\u00e3o de gravidade no munic\u00edpio."}, {"id": "4671", "ano": "2024", "numero": "13", "tipo__sigla": "REQ", "tipo__descricao": "Requerimento", "autoria": "Rafael Aquino", "texto_original": "http://sapl.bicas.mg.leg.br/media/sapl/public/materialegislativa/2024/4671/requerimento_no13.pdf", "ementa": "O vereador que este subscreve requer a V. Exa., nos termos do Art. 164, VII, do Regimento Interno, que a Administra\u00e7\u00e3o Municipal, atrav\u00e9s da secretarias competentes, enviem relat\u00f3rio demonstrando lotes que foram notificados para devida limpeza de acordo com a lei n.\u00ba 1.499/2010, e quais j\u00e1 foram limpos pelos propriet\u00e1rios ou pela Prefeitura com a cobran\u00e7a posterior no IPTU."}, {"id": "4680", "ano": "2024", "numero": "14", "tipo__sigla": "REQ", "tipo__descricao": "Requerimento", "autoria": "Loro", "texto_original": "http://sapl.bicas.mg.leg.br/media/sapl/public/materialegislativa/2024/4680/requerimento_no14.pdf", "ementa": "que seja enviado ao CIESP pedido de altera\u00e7\u00e3o da data das provas do concurso por coincidirem com as do concurso Nacional Unificado."}, {"id": "4687", "ano": "2024", "numero": "15", "tipo__sigla": "REQ", "tipo__descricao": "Requerimento", "autoria": "Melissa Terra", "texto_original": "http://sapl.bicas.mg.leg.br/media/sapl/public/materialegislativa/2024/4687/requerimento_no15.pdf", "ementa": "que seja informado porque n\u00e3o houve a aquisi\u00e7\u00e3o do aparelho de ultrasson destinado ano passado por emenda do Deputado Noraldino J\u00fanior."}, {"id": "4688", "ano": "2024", "numero": "16", "tipo__sigla": "REQ", "tipo__descricao": "Requerimento", "autoria": "Loro", "texto_original": "http://sapl.bicas.mg.leg.br/media/sapl/public/materialegislativa/2024/4688/requerimento_no16.pdf", "ementa": "que seja encaminhado aos vereadores c\u00f3pia dos boletins de medi\u00e7\u00e3o e extrato de pagamentos da obra que est\u00e1 sendo realizada nas depend\u00eancias da C\u00e2mara Municipal e tamb\u00e9m que estes documentos sejam publicados nas redes sociais da C\u00e2mara e Portal da Transpar\u00eancia."}, {"id": "4689", "ano": "2024", "numero": "17", "tipo__sigla": "REQ", "tipo__descricao": "Requerimento", "autoria": "Loro", "texto_original": "http://sapl.bicas.mg.leg.br/media/sapl/public/materialegislativa/2024/4689/requerimento_no17.pdf", "ementa": "que informe a esta Casa Legislativa como se deu a contrata\u00e7\u00e3o de seguran\u00e7a, estrutura, ilumina\u00e7\u00e3o e sonoriza\u00e7\u00e3o para as festividades do Carnaval 2024, bem como encaminhe todas as documenta\u00e7\u00f5es referentes \u00e0 mesma.\r\nRequeiro ainda que seja encaminhado relat\u00f3rio dos investimentos de qualquer natureza realizados em blocos carnavalescos. Os blocos contemplados e o valor de cada um."}, {"id": "4710", "ano": "2024", "numero": "18", "tipo__sigla": "REQ", "tipo__descricao": "Requerimento", "autoria": "Melissa Terra", "texto_original": "http://sapl.bicas.mg.leg.br/media/sapl/public/materialegislativa/2024/4710/requerimento_no_18.pdf", "ementa": "que seja informado como foram utilizados os recursos destinados \u00e0 Casa Azul no ano de 2023, destacando os valores de emendas impositivas."}, {"id": "4711", "ano": "2024", "numero": "19", "tipo__sigla": "REQ", "tipo__descricao": "Requerimento", "autoria": "Melissa Terra", "texto_original": "http://sapl.bicas.mg.leg.br/media/sapl/public/materialegislativa/2024/4711/requerimento_no_19.pdf", "ementa": "que seja informado quantos atendimentos est\u00e3o sendo prestados na casa Azul, quais atendimentos, n\u00famero de vagas e qual a demanda reprimida para cada servi\u00e7o prestado."}, {"id": "4712", "ano": "2024", "numero": "20", "tipo__sigla": "REQ", "tipo__descricao": "Requerimento", "autoria": "Paulinho Plantas", "texto_original": "http://sapl.bicas.mg.leg.br/media/sapl/public/materialegislativa/2024/4712/requerimento_no_20.pdf", "ementa": "que o Secret\u00e1rio Municipal de Educa\u00e7\u00e3o esclare\u00e7a a situa\u00e7\u00e3o do transporte escolar na regi\u00e3o dos Machados."}, {"id": "4713", "ano": "2024", "numero": "21", "tipo__sigla": "REQ", "tipo__descricao": "Requerimento", "autoria": "Melissa Terra", "texto_original": "http://sapl.bicas.mg.leg.br/media/sapl/public/materialegislativa/2024/4713/requerimento_no_21.pdf", "ementa": "que seja informado se existe previs\u00e3o para o retorno das cirurgias de catarata. Pe\u00e7o tamb\u00e9m informa\u00e7\u00e3o sobre a atual demanda desse procedimento."}, {"id": "4714", "ano": "2024", "numero": "22", "tipo__sigla": "REQ", "tipo__descricao": "Requerimento", "autoria": "Melissa Terra", "texto_original": "http://sapl.bicas.mg.leg.br/media/sapl/public/materialegislativa/2024/4714/requerimento_no_22.pdf", "ementa": "que seja informada a previs\u00e3o para funcionamento do aparelho de ultrassom recebido atrav\u00e9s de emenda parlamentar este ano. Pe\u00e7o tamb\u00e9m que seja informado o local onde o aparelho ser\u00e1 instalado e se est\u00e3o sendo contratados m\u00e9dicos para opera\u00e7\u00e3o e laudos."}, {"id": "4715", "ano": "2024", "numero": "23", "tipo__sigla": "REQ", "tipo__descricao": "Requerimento", "autoria": "S\u00f4nia Mattos", "texto_original": "http://sapl.bicas.mg.leg.br/media/sapl/public/materialegislativa/2024/4715/requerimento_no_23.pdf", "ementa": ", que seja dada aten\u00e7\u00e3o ao tempo de uso do estacionamento rotativo \u00e0 rua Coronel Souza, com a\u00e7\u00f5es coordenadas da Pol\u00edcia Militar e Prefeitura"}, {"id": "4716", "ano": "2024", "numero": "24", "tipo__sigla": "REQ", "tipo__descricao": "Requerimento", "autoria": "S\u00f4nia Mattos", "texto_original": "http://sapl.bicas.mg.leg.br/media/sapl/public/materialegislativa/2024/4716/requerimento_no_24.pdf", "ementa": "que seja expedido votos de pesar aos familiares de Aparecido Ananias, pela ocasi\u00e3o de seu falecimento."}, {"id": "4717", "ano": "2024", "numero": "25", "tipo__sigla": "REQ", "tipo__descricao": "Requerimento", "autoria": "Joel Mil\u00e3o do Cemit\u00e9rio", "texto_original": "http://sapl.bicas.mg.leg.br/media/sapl/public/materialegislativa/2024/4717/requerimento_no_25.pdf", "ementa": "que seja informado pela Copasa \u2013 Bicas o motivo da falta de energia na capta\u00e7\u00e3o de \u00e1gua se existem dois geradores no local."}, {"id": "4718", "ano": "2024", "numero": "26", "tipo__sigla": "REQ", "tipo__descricao": "Requerimento", "autoria": "Rafael Aquino", "texto_original": "http://sapl.bicas.mg.leg.br/media/sapl/public/materialegislativa/2024/4718/requerimento_no_26.pdf", "ementa": "que seja encaminhada informa\u00e7\u00f5es atualizadas sobre as empresas beneficiadas com apoio financeiro da lei de incentivo desde o ano de 2021, qual seja: listagem contendo o nome das empresas, o valor do apoio financeiro concedido, a data de in\u00edcio e t\u00e9rmino do benef\u00edcio."}, {"id": "4719", "ano": "2024", "numero": "27", "tipo__sigla": "REQ", "tipo__descricao": "Requerimento", "autoria": "Rafael Aquino", "texto_original": "http://sapl.bicas.mg.leg.br/media/sapl/public/materialegislativa/2024/4719/requerimento_no_27.pdf", "ementa": "que seja encaminhada informa\u00e7\u00f5es sobre a previs\u00e3o para a solu\u00e7\u00e3o dos problemas na torre de TV que ainda se encontram pendentes. Al\u00e9m disso, gostaria de saber a data prevista para a disponibiliza\u00e7\u00e3o dos canais digitais \u00e0 popula\u00e7\u00e3o, bem como quais canais ser\u00e3o ofertados."}, {"id": "4729", "ano": "2024", "numero": "28", "tipo__sigla": "REQ", "tipo__descricao": "Requerimento", "autoria": "Joel Mil\u00e3o do Cemit\u00e9rio", "texto_original": "http://sapl.bicas.mg.leg.br/media/sapl/public/materialegislativa/2024/4729/requerimento_no_28.pdf", "ementa": "que seja informado se a prefeitura j\u00e1 verificou a possibilidade de utilizar esc\u00f3ria como agregado para melhoria das estradas rurais."}, {"id": "4730", "ano": "2024", "numero": "29", "tipo__sigla": "REQ", "tipo__descricao": "Requerimento", "autoria": "Melissa Terra", "texto_original": "http://sapl.bicas.mg.leg.br/media/sapl/public/materialegislativa/2024/4730/requerimento_no_29.pdf", "ementa": "que seja expedido votos de pesar aos familiares de Jorge Osmar Ribeiro, pela ocasi\u00e3o de seu falecimento."}, {"id": "4731", "ano": "2024", "numero": "30", "tipo__sigla": "REQ", "tipo__descricao": "Requerimento", "autoria": "Rafael Aquino", "texto_original": "http://sapl.bicas.mg.leg.br/media/sapl/public/materialegislativa/2024/4731/requerimento_no_30.pdf", "ementa": "Que o Prefeito Municipal envie a esta casa informa\u00e7\u00f5es sobre a ades\u00e3o do munic\u00edpio de Bicas ao processo de Regulariza\u00e7\u00e3o Fundi\u00e1ria Urbana (REURB) no Bairro Gilson Lamha."}, {"id": "4732", "ano": "2024", "numero": "31", "tipo__sigla": "REQ", "tipo__descricao": "Requerimento", "autoria": "Fernando Joca", "texto_original": "http://sapl.bicas.mg.leg.br/media/sapl/public/materialegislativa/2024/4732/requerimento_no_31.pdf", "ementa": "Que seja inclu\u00edda em regime de urg\u00eancia aos seguintes projetos:\r\n. Projeto de resolu\u00e7\u00e3o n\u00ba 1 de 19 de fevereiro de 2024;\r\n. Projeto de lei Ordin\u00e1ria n\u00ba 4 de 19 de fevereiro de 2024;\r\n. Projeto de lei Ordin\u00e1ria n\u00ba 8 de 15 de mar\u00e7o de 2024;"}, {"id": "4733", "ano": "2024", "numero": "32", "tipo__sigla": "REQ", "tipo__descricao": "Requerimento", "autoria": "Melissa Terra", "texto_original": "http://sapl.bicas.mg.leg.br/media/sapl/public/materialegislativa/2024/4733/requerimento_no_32.pdf", "ementa": "Que sejam informados a esta Casa os valores municipais destinados aos dois \u00faltimos eventos de futev\u00f4lei que ocorreram em nossa cidade."}, {"id": "4734", "ano": "2024", "numero": "33", "tipo__sigla": "REQ", "tipo__descricao": "Requerimento", "autoria": "Paulinho Plantas", "texto_original": "http://sapl.bicas.mg.leg.br/media/sapl/public/materialegislativa/2024/4734/requerimento_no_33.pdf", "ementa": "Que seja informado quem decidiu e o motivo das unidades de sa\u00fade municipais terem emendado o feriado de 19 de mar\u00e7o em plena vig\u00eancia de um decreto de urg\u00eancia em sa\u00fade."}, {"id": "4735", "ano": "2024", "numero": "34", "tipo__sigla": "REQ", "tipo__descricao": "Requerimento", "autoria": "Loro", "texto_original": "http://sapl.bicas.mg.leg.br/media/sapl/public/materialegislativa/2024/4735/requerimento_no_34.pdf", "ementa": "que seja informado andamento dos processos administrativos que verificam a contrata\u00e7\u00e3o do palco concha da Expobicas e das Luzes de Natal."}, {"id": "4736", "ano": "2024", "numero": "35", "tipo__sigla": "REQ", "tipo__descricao": "Requerimento", "autoria": "Loro", "texto_original": "http://sapl.bicas.mg.leg.br/media/sapl/public/materialegislativa/2024/4736/requerimento_no_35.pdf", "ementa": "Que seja publicada a ata da sess\u00e3o da Licita\u00e7\u00e3o n\u00ba 47/223 e encaminhada c\u00f3pia a esta Casa Legislativa."}, {"id": "4737", "ano": "2024", "numero": "36", "tipo__sigla": "REQ", "tipo__descricao": "Requerimento", "autoria": "Fernando Joca", "texto_original": "http://sapl.bicas.mg.leg.br/media/sapl/public/materialegislativa/2024/4737/requerimento_no_36.pdf", "ementa": "Que a administra\u00e7\u00e3o desta Casa informe quanto cada vereador gastou com di\u00e1rias, hospedagem, inscri\u00e7\u00f5es e transportes dos anos de 2009 at\u00e9 a presente data."}, {"id": "4738", "ano": "2024", "numero": "37", "tipo__sigla": "REQ", "tipo__descricao": "Requerimento", "autoria": "Melissa Terra", "texto_original": "http://sapl.bicas.mg.leg.br/media/sapl/public/materialegislativa/2024/4738/requerimento_no_37.pdf", "ementa": "Que sejam informadas as atualiza\u00e7\u00f5es nas negocia\u00e7\u00f5es do caso do terreno do antigo tiro de Guerra."}, {"id": "4739", "ano": "2024", "numero": "38", "tipo__sigla": "REQ", "tipo__descricao": "Requerimento", "autoria": "Loro", "texto_original": "http://sapl.bicas.mg.leg.br/media/sapl/public/materialegislativa/2024/4739/requerimento_no_38.pdf", "ementa": "Que seja informado se existe limite no n\u00famero de atendimentos noturnos nos PSFs e, caso exista, de onde vem este n\u00famero e quais crit\u00e9rios s\u00e3o adotados para determin\u00e1-lo em cada unidade.\r\nsolicito, tamb\u00e9m, c\u00f3pia dos contratos dos m\u00e9dicos que prestam esses atendimentos."}, {"id": "4763", "ano": "2024", "numero": "39", "tipo__sigla": "REQ", "tipo__descricao": "Requerimento", "autoria": "Melissa Terra", "texto_original": "http://sapl.bicas.mg.leg.br/media/sapl/public/materialegislativa/2024/4763/requerimento_no_39.pdf", "ementa": "Que seja informado se ser\u00e1 feito nas f\u00e9rias de julho a distribui\u00e7\u00e3o dos kits merenda escolar para os alunos da rede p\u00fablica municipal."}, {"id": "4782", "ano": "2024", "numero": "41", "tipo__sigla": "REQ", "tipo__descricao": "Requerimento", "autoria": "Rafael Aquino", "texto_original": "http://sapl.bicas.mg.leg.br/media/sapl/public/materialegislativa/2024/4782/requerimento_no_41.pdf", "ementa": "Que seja expedido votos de pesar aos familiares de Oswaldo Cardoso da Costa, pela ocasi\u00e3o de seu falecimento."}, {"id": "4783", "ano": "2024", "numero": "42", "tipo__sigla": "REQ", "tipo__descricao": "Requerimento", "autoria": "Paulinho Plantas", "texto_original": "http://sapl.bicas.mg.leg.br/media/sapl/public/materialegislativa/2024/4783/requerimento_no_42.pdf", "ementa": "Que seja solicitado ao Comando estadual da PM que providencie um refor\u00e7o policial para o per\u00edodo noturno em nossa cidade."}, {"id": "4784", "ano": "2024", "numero": "43", "tipo__sigla": "REQ", "tipo__descricao": "Requerimento", "autoria": "Fernando Joca", "texto_original": "http://sapl.bicas.mg.leg.br/media/sapl/public/materialegislativa/2024/4784/requerimento_no_43.pdf", "ementa": "que seja encaminhado todos os documentos referentes ao processo licitat\u00f3rio e \u00e0s notas fiscais das madeiras utilizadas na \u00faltima reforma do telhado do pr\u00e9dio da C\u00e2mara."}, {"id": "4785", "ano": "2024", "numero": "44", "tipo__sigla": "REQ", "tipo__descricao": "Requerimento", "autoria": "Fernando Joca", "texto_original": "http://sapl.bicas.mg.leg.br/media/sapl/public/materialegislativa/2024/4785/requerimento_no_44.pdf", "ementa": "Que seja informado o motivo do \u00f4nibus que fazia a rota do bairro Gilson Lamha parou de rodar e que seja aberta nova concess\u00e3o para a linha, incluindo vans e outros transportes."}, {"id": "4786", "ano": "2024", "numero": "45", "tipo__sigla": "REQ", "tipo__descricao": "Requerimento", "autoria": "Fernando Joca", "texto_original": "http://sapl.bicas.mg.leg.br/media/sapl/public/materialegislativa/2024/4786/requerimento_no_45.pdf", "ementa": "Que seja enviada a c\u00f3pia das folhas de ponto da servidora Melissa Terra Agrelli Mattos dos \u00faltimos seis meses e as imagens das c\u00e2meras de seguran\u00e7a da assist\u00eancia social dos \u00faltimos 30 dias."}, {"id": "4787", "ano": "2024", "numero": "46", "tipo__sigla": "REQ", "tipo__descricao": "Requerimento", "autoria": "Melissa Terra", "texto_original": "http://sapl.bicas.mg.leg.br/media/sapl/public/materialegislativa/2024/4787/requerimento_no_46.pdf", "ementa": "Que seja informada a data de previs\u00e3o para funcionamento do aparelho de ultrassom recebido atrav\u00e9s de emenda parlamentar este ano e se est\u00e3o sendo contratados m\u00e9dicos para opera\u00e7\u00e3o e laudos."}, {"id": "4788", "ano": "2024", "numero": "47", "tipo__sigla": "REQ", "tipo__descricao": "Requerimento", "autoria": "Loro", "texto_original": "http://sapl.bicas.mg.leg.br/media/sapl/public/materialegislativa/2024/4788/requerimento_no_47.pdf", "ementa": "Que seja informado as seguintes informa\u00e7\u00f5es a respeito das emendas impositivas de n\u00ba 01, 02, 03 e 09 de 2022 (ao or\u00e7amento de 2023):\r\n\u2022\tEm qual dota\u00e7\u00e3o foram alocadas as verbas destinadas ao NAEE - Casa Azul?\r\n\u2022\tQual era o saldo inicial destas dota\u00e7\u00f5es no in\u00edcio da execu\u00e7\u00e3o or\u00e7ament\u00e1ria?\r\n\u2022\tQual foi o saldo final destas dota\u00e7\u00f5es?\r\n\u2022\tQuais decretos, se houver, alteraram os valores destas dota\u00e7\u00f5es?"}, {"id": "4789", "ano": "2024", "numero": "49", "tipo__sigla": "REQ", "tipo__descricao": "Requerimento", "autoria": "Rafael Aquino", "texto_original": "http://sapl.bicas.mg.leg.br/media/sapl/public/materialegislativa/2024/4789/requerimento_no_49.pdf", "ementa": "Que seja encaminhada informa\u00e7\u00f5es sobre qual porcentagem da meta de cobertura vacinal infantil Bicas alcan\u00e7ou em 2023."}, {"id": "4790", "ano": "2024", "numero": "50", "tipo__sigla": "REQ", "tipo__descricao": "Requerimento", "autoria": "Rafael Aquino", "texto_original": "http://sapl.bicas.mg.leg.br/media/sapl/public/materialegislativa/2024/4790/requerimento_no_50.pdf", "ementa": "Que seja informado o \u00faltimo \u00edndice LIRAa de nosso munic\u00edpio."}, {"id": "4791", "ano": "2024", "numero": "51", "tipo__sigla": "REQ", "tipo__descricao": "Requerimento", "autoria": "Rafael Aquino", "texto_original": "http://sapl.bicas.mg.leg.br/media/sapl/public/materialegislativa/2024/4791/requerimento_no_51.pdf", "ementa": "Que seja informada a listagem de benefici\u00e1rios do passe de transporte para juiz de Fora e os benefici\u00e1rios de reforma de casas, no ano de 2024."}, {"id": "4799", "ano": "2024", "numero": "52", "tipo__sigla": "REQ", "tipo__descricao": "Requerimento", "autoria": "Loro", "texto_original": "http://sapl.bicas.mg.leg.br/media/sapl/public/materialegislativa/2024/4799/requerimento_no_52.pdf", "ementa": "Que sejam cedidas as grava\u00e7\u00f5es das reuni\u00f5es da CCLJRF de 20/3/2024 at\u00e9 a presente data."}, {"id": "4808", "ano": "2024", "numero": "53", "tipo__sigla": "REQ", "tipo__descricao": "Requerimento", "autoria": "Fernando Joca", "texto_original": "http://sapl.bicas.mg.leg.br/media/sapl/public/materialegislativa/2024/4808/requerimento_no_53.pdf", "ementa": "Abertura de Comiss\u00e3o de Inqu\u00e9rito para apura\u00e7\u00e3o de ind\u00edcio de fraude nas folhas de ponto por parte da servidora p\u00fablica Melissa Terra Agrelli Mattos, que exerce tamb\u00e9m o cargo de vereadora."}, {"id": "4803", "ano": "2024", "numero": "55", "tipo__sigla": "REQ", "tipo__descricao": "Requerimento", "autoria": "Rafael Aquino", "texto_original": "http://sapl.bicas.mg.leg.br/media/sapl/public/materialegislativa/2024/4803/requerimento_no_55.pdf", "ementa": "Que seja informada situa\u00e7\u00e3o da inclus\u00e3o da Ci\u00eancia do Direito como tema nas atividades escolares."}, {"id": "4804", "ano": "2024", "numero": "56", "tipo__sigla": "REQ", "tipo__descricao": "Requerimento", "autoria": "Rafael Aquino", "texto_original": "http://sapl.bicas.mg.leg.br/media/sapl/public/materialegislativa/2024/4804/requerimento_no_56.pdf", "ementa": "Que seja informado pelo Ciesp e pela prefeitura os motivos para falta de Neurologista e quais provid\u00eancias v\u00eam sendo tomadas para solucionar o problema."}, {"id": "4805", "ano": "2024", "numero": "57", "tipo__sigla": "REQ", "tipo__descricao": "Requerimento", "autoria": "Melissa Terra", "texto_original": "http://sapl.bicas.mg.leg.br/media/sapl/public/materialegislativa/2024/4805/requerimento_no_57.pdf", "ementa": "Que sejam informadas quais as atividades est\u00e3o sendo realizadas no tempo integral com os alunos na escola Gilson Lamha (quais oficinas, atividades extracurriculares, per\u00edodo, etc.)"}, {"id": "4806", "ano": "2024", "numero": "58", "tipo__sigla": "REQ", "tipo__descricao": "Requerimento", "autoria": "Fernando Joca", "texto_original": "http://sapl.bicas.mg.leg.br/media/sapl/public/materialegislativa/2024/4806/requerimento_no_58.pdf", "ementa": "Que seja inclu\u00eddo nos autos da Comiss\u00e3o Processante n\u00ba 2 os documentos que comprovam o n\u00e3o comparecimento do Vice-prefeito para seu depoimento na Comiss\u00e3o Processante n\u00ba 1"}, {"id": "4813", "ano": "2024", "numero": "59", "tipo__sigla": "REQ", "tipo__descricao": "Requerimento", "autoria": "Loro", "texto_original": "http://sapl.bicas.mg.leg.br/media/sapl/public/materialegislativa/2024/4813/requerimento_no_59.pdf", "ementa": "Que seja encaminhada a documenta\u00e7\u00e3o referente \u00e0 viagem para Bras\u00edlia, realizada entre os dias 19 e 25 de maio. Especificamente, solicito:\r\n\u2022\tRelat\u00f3rio completo de todas as despesas da viagem, discriminadas por pessoa.\r\n\u2022\tInclus\u00e3o de quaisquer pedidos de reembolso efetuados.\r\n\u2022\tC\u00f3pias das notas fiscais de todas as despesas.\r\n\u2022\tC\u00f3pia das agendas oficiais de todos os participantes da viagem.\r\n\u2022\tComprovantes das reuni\u00f5es e compromissos oficiais expedidos por minist\u00e9rios, gabinetes ou qualquer outro \u00f3rg\u00e3o p\u00fablico."}, {"id": "4814", "ano": "2024", "numero": "60", "tipo__sigla": "REQ", "tipo__descricao": "Requerimento", "autoria": "Loro", "texto_original": "http://sapl.bicas.mg.leg.br/media/sapl/public/materialegislativa/2024/4814/requerimento_no_60.pdf", "ementa": "Que seja encaminhada c\u00f3pias das planilhas de movimenta\u00e7\u00e3o do ve\u00edculo do Conselho Tutelar dos \u00faltimos 30 dias."}, {"id": "4815", "ano": "2024", "numero": "61", "tipo__sigla": "REQ", "tipo__descricao": "Requerimento", "autoria": "Loro", "texto_original": "http://sapl.bicas.mg.leg.br/media/sapl/public/materialegislativa/2024/4815/requerimento_no_61.pdf", "ementa": "Que seja encaminhada c\u00f3pia da nota de empenho e ordem de pagamento, se for o caso, da contrata\u00e7\u00e3o das luzes de Natal do ano de 2023."}, {"id": "4816", "ano": "2024", "numero": "62", "tipo__sigla": "REQ", "tipo__descricao": "Requerimento", "autoria": "Loro", "texto_original": "http://sapl.bicas.mg.leg.br/media/sapl/public/materialegislativa/2024/4816/requerimento_no_62.pdf", "ementa": "Que seja enviada informa\u00e7\u00e3o atualizada sobre o andamento/resultado dos Processos Administrativos Disciplinares abertos para apurar os desvios cometidos no pagamento do palco concha da exposi\u00e7\u00e3o 2023 e na ilumina\u00e7\u00e3o de natal do mesmo ano."}, {"id": "4817", "ano": "2024", "numero": "63", "tipo__sigla": "REQ", "tipo__descricao": "Requerimento", "autoria": "Melissa Terra", "texto_original": "http://sapl.bicas.mg.leg.br/media/sapl/public/materialegislativa/2024/4817/requerimento_no_63.pdf", "ementa": "Que seja informada a atual situa\u00e7\u00e3o do processo de regulariza\u00e7\u00e3o do terreno do Tiro de Guerra."}, {"id": "4818", "ano": "2024", "numero": "64", "tipo__sigla": "REQ", "tipo__descricao": "Requerimento", "autoria": "Fernando Joca", "texto_original": "http://sapl.bicas.mg.leg.br/media/sapl/public/materialegislativa/2024/4818/requerimento_no_64.pdf", "ementa": "Que o Prefeito e o Conselho Municipal de Sa\u00fade tomem provid\u00eancias urgentes quanto \u00e0 elei\u00e7\u00e3o para novos conselheiros do hospital ocorrida na semana passada."}, {"id": "4819", "ano": "2024", "numero": "65", "tipo__sigla": "REQ", "tipo__descricao": "Requerimento", "autoria": "Fernando Joca", "texto_original": "http://sapl.bicas.mg.leg.br/media/sapl/public/materialegislativa/2024/4819/requerimento_no_65.pdf", "ementa": "Que o Conselho Municipal de Sa\u00fade que sejam requisitados todos os documentos cont\u00e1beis referentes \u00e0s verbas de R$400.000,00 e R$600.000,00 destinadas ao hospital para combate ao coronav\u00edrus pela resolu\u00e7\u00e3o SES 7296/2020(pol\u00edtica de leitos de retaguarda)."}, {"id": "4820", "ano": "2024", "numero": "66", "tipo__sigla": "REQ", "tipo__descricao": "Requerimento", "autoria": "Fernando Joca", "texto_original": "http://sapl.bicas.mg.leg.br/media/sapl/public/materialegislativa/2024/4820/requerimento_no_66.pdf", "ementa": "Que seja inclu\u00eddo nos autos da Comiss\u00e3o Processante n\u00ba 2 os documentos que comprovam o n\u00e3o comparecimento do Vice-prefeito para seu segundo depoimento na Comiss\u00e3o Processante n\u00ba 1. Pe\u00e7o tamb\u00e9m a inclus\u00e3o do relato do Dr. Fabr\u00edcio sobre o Vice Prefeito estar na praia recebendo dinheiro p\u00fablico."}, {"id": "4821", "ano": "2024", "numero": "67", "tipo__sigla": "REQ", "tipo__descricao": "Requerimento", "autoria": "Rafael Aquino", "texto_original": "http://sapl.bicas.mg.leg.br/media/sapl/public/materialegislativa/2024/4821/requerimento_no_67.pdf", "ementa": "Solicito que a Mesa Diretora mande of\u00edcio ao Congresso Nacional, demonstrando a contrariedade desta casa a um poss\u00edvel plano para desvincular os benef\u00edcios da Previd\u00eancia do sal\u00e1rio m\u00ednimo at\u00e9 2025."}, {"id": "4837", "ano": "2024", "numero": "68", "tipo__sigla": "REQ", "tipo__descricao": "Requerimento", "autoria": "Rafael Aquino", "texto_original": "http://sapl.bicas.mg.leg.br/media/sapl/public/materialegislativa/2024/4837/requerimento_no_68.pdf", "ementa": "Solicito que sejam oficiados as empresas COPASA e CEMIG, para que atualizem as contas dos usu\u00e1rios, com os CEPs atualizados de cada contribuinte."}, {"id": "4838", "ano": "2024", "numero": "69", "tipo__sigla": "REQ", "tipo__descricao": "Requerimento", "autoria": "Loro", "texto_original": "http://sapl.bicas.mg.leg.br/media/sapl/public/materialegislativa/2024/4838/requerimento_no_69.pdf", "ementa": "Que seja enviada toda documenta\u00e7\u00e3o que instruiu o processo de dispensa n\u00ba 18/2024. Solicito tamb\u00e9m, informa\u00e7\u00f5es de todos os contratos emergenciais celebrados vinculado \u00e0 sa\u00fade, especificamente a vigil\u00e2ncia epidemiol\u00f3gica, com origem do recurso e destina\u00e7\u00e3o."}, {"id": "4839", "ano": "2024", "numero": "70", "tipo__sigla": "REQ", "tipo__descricao": "Requerimento", "autoria": "Melissa Terra", "texto_original": "http://sapl.bicas.mg.leg.br/media/sapl/public/materialegislativa/2024/4839/requerimento_no_70.pdf", "ementa": "Que com urg\u00eancia, o Executivo Municipal adote provid\u00eancias imediatas em resposta \u00e0 recente e alarmante onda de furtos que tem assolado as lojas de nossa cidade, enviando a esta Casa informa\u00e7\u00f5es sobre todas as medidas tomadas."}, {"id": "4840", "ano": "2024", "numero": "71", "tipo__sigla": "REQ", "tipo__descricao": "Requerimento", "autoria": "Loro", "texto_original": "http://sapl.bicas.mg.leg.br/media/sapl/public/materialegislativa/2024/4840/requerimento_no_71.pdf", "ementa": "Que seja explicada onde exatamente no pr\u00e9dio ocorrer\u00e3o as interven\u00e7\u00f5es previstas no edital do Processo n\u00ba 78/2024 (Concorr\u00eancia 05/2024)."}, {"id": "4841", "ano": "2024", "numero": "72", "tipo__sigla": "REQ", "tipo__descricao": "Requerimento", "autoria": "Marcelo Jardim", "texto_original": "http://sapl.bicas.mg.leg.br/media/sapl/public/materialegislativa/2024/4841/requerimento_no_72.pdf", "ementa": "Que sejam enviados todos os contratos elaborados com pessoas f\u00edsicas e pessoas jur\u00eddicas que prestam servi\u00e7os m\u00e9dicos , bem como os valores pagos mensalmente aos profissionais m\u00e9dicos e suas respectivas horas contratadas, no per\u00edodo de janeiro de 2021 a maio de 2024. E que os documentos referentes \u00e0s pessoas jur\u00eddicas sejam acompanhados com os respectivos contratos sociais devidamente registrados na JUCEMG (Junta Comercial do Estado de Minas Gerais)."}, {"id": "4842", "ano": "2024", "numero": "73", "tipo__sigla": "REQ", "tipo__descricao": "Requerimento", "autoria": "Rafael Aquino", "texto_original": "http://sapl.bicas.mg.leg.br/media/sapl/public/materialegislativa/2024/4842/requerimento_no_73.pdf", "ementa": "Que seja encaminhada a mat\u00e9ria em ep\u00edgrafe e a seguir discriminada:\r\nQue seja promovida audi\u00eancia p\u00fablica com representantes dos Poderes Legislativo e executivo Municipal, Poder Judici\u00e1rio, Minist\u00e9rio p\u00fablico e pol\u00edcias, a fim de buscar solu\u00e7\u00f5es para o crescente problema de furtos em nossa cidade."}, {"id": "4853", "ano": "2024", "numero": "74", "tipo__sigla": "REQ", "tipo__descricao": "Requerimento", "autoria": "Fernando Joca", "texto_original": "http://sapl.bicas.mg.leg.br/media/sapl/public/materialegislativa/2024/4853/requerimento_no_74e.pdf", "ementa": "Apresentar a seguinte den\u00fancia de poss\u00edveis irregularidades na administra\u00e7\u00e3o do Hospital S\u00e3o Jos\u00e9 de Bicas (HSJB), as quais elenco aqui:\r\n1. Opera\u00e7\u00f5es particulares lan\u00e7adas inadequadamente como SUS.\r\n2. Capta\u00e7\u00e3o de pacientes de outras cidades com endere\u00e7o falso.\r\n3. Cirurgias pagas pelo Ciesp lan\u00e7adas no SUS.\r\n4. Uso pol\u00edtico de cirurgias com informa\u00e7\u00f5es falsas:\r\n5. Desvio de verbas para combate \u00e0 COVID-19:\r\n6. Pagamento de rescis\u00f5es trabalhistas acima do estabelecido por Lei."}, {"id": "4854", "ano": "2024", "numero": "75", "tipo__sigla": "REQ", "tipo__descricao": "Requerimento", "autoria": "Rafael Aquino", "texto_original": "http://sapl.bicas.mg.leg.br/media/sapl/public/materialegislativa/2024/4854/requerimento_no_75.pdf", "ementa": "Solicito que a Secretaria de Assist\u00eancia Social informe se deu in\u00edcio ao PROCAD SUAS."}, {"id": "4864", "ano": "2024", "numero": "76", "tipo__sigla": "REQ", "tipo__descricao": "Requerimento", "autoria": "Fernando Joca", "texto_original": "http://sapl.bicas.mg.leg.br/media/sapl/public/materialegislativa/2024/4864/requerimento_no_76.pdf", "ementa": "requer que o chefe do executivo tome provid\u00eancias urgentes para intervir junto ao conselho do Hospital S\u00e3o Jos\u00e9 de Bicas (HSJB), a fim de suspender a dire\u00e7\u00e3o do hospital at\u00e9 que seja conclu\u00edda a apura\u00e7\u00e3o das den\u00fancias apresentadas atrav\u00e9s do requerimento n\u00ba 74/2024."}, {"id": "4865", "ano": "2024", "numero": "77", "tipo__sigla": "REQ", "tipo__descricao": "Requerimento", "autoria": "Fernando Joca", "texto_original": "http://sapl.bicas.mg.leg.br/media/sapl/public/materialegislativa/2024/4865/requerimento_no_77.pdf", "ementa": "requer que o Conselho Municipal de Sa\u00fade (CMS) tome provid\u00eancias \u00b4sobre as den\u00fancias que apresentei aqui nesta casa em rela\u00e7\u00e3o \u00e0 dire\u00e7\u00e3o do Hospital S\u00e3o Jos\u00e9 de Bicas (HSJB), intervindo junto ao conselho daquela entidade."}, {"id": "4866", "ano": "2024", "numero": "78", "tipo__sigla": "REQ", "tipo__descricao": "Requerimento", "autoria": "Fernando Joca", "texto_original": "http://sapl.bicas.mg.leg.br/media/sapl/public/materialegislativa/2024/4866/requerimento_no_78.pdf", "ementa": "solicito \u00e0 Administra\u00e7\u00e3o Municipal, que fa\u00e7a valer a previs\u00e3o contratual e tome provid\u00eancias urgentes em rela\u00e7\u00e3o \u00e0 falta de m\u00e9dicos no Hospital S\u00e3o Jos\u00e9 de Bicas (HSJB), considerando que o pronto atendimento \u00e9 de responsabilidade do munic\u00edpio, que mant\u00e9m conv\u00eanio com essa entidade."}, {"id": "4867", "ano": "2024", "numero": "79", "tipo__sigla": "REQ", "tipo__descricao": "Requerimento", "autoria": "Rafael Aquino", "texto_original": "http://sapl.bicas.mg.leg.br/media/sapl/public/materialegislativa/2024/4867/requerimento_no_79.pdf", "ementa": "Que envie c\u00f3pia das atas de todas as reuni\u00f5es, de todos os conselhos municipais, de 2021 at\u00e9 a presente data, com a rela\u00e7\u00e3o dos integrantes de cada conselho. Solicito ainda que informem quais as pr\u00f3ximas datas e locais de reuni\u00f5es dos conselhos."}, {"id": "4877", "ano": "2024", "numero": "80", "tipo__sigla": "REQ", "tipo__descricao": "Requerimento", "autoria": "Loro", "texto_original": "http://sapl.bicas.mg.leg.br/media/sapl/public/materialegislativa/2024/4877/requerimento_no_80.pdf", "ementa": "que seja oficiado o Minist\u00e9rio P\u00fablico quanto as irregularidades  a seguir:\r\n1.\tN\u00e3o funcionamento do Conselho Municipal dos Direitos da Crian\u00e7a e do Adolescente;\r\n2.\tOferta insuficiente de cursos de capacita\u00e7\u00e3o aos conselheiros tutelares;\r\n3.\tProblemas com telefone de plant\u00e3o dos conselheiros tutelares;\r\n4.\tN\u00e3o resposta de of\u00edcios e pedidos do conselho tutelar;\r\n5.\tFalta de local de recolhimento emergencial de menor;\r\n6.\tN\u00e3o implanta\u00e7\u00e3o do programa fam\u00edlia acolhedora, mesmo havendo lei prevendo sua aplica\u00e7\u00e3o.\r\n7.\tFalta de mobili\u00e1rio para o Conselho Tutelar;\r\n8.\tN\u00e3o fornecimento de lanche para o Conselho Tutelar."}, {"id": "4878", "ano": "2024", "numero": "81", "tipo__sigla": "REQ", "tipo__descricao": "Requerimento", "autoria": "Fernando Joca", "texto_original": "http://sapl.bicas.mg.leg.br/media/sapl/public/materialegislativa/2024/4878/requerimento_no_81.pdf", "ementa": "Solicito \u00e0 Administra\u00e7\u00e3o Municipal, rela\u00e7\u00e3o de todas verbas destinadas pela Deputada Delegada Sheila ao munic\u00edpio de Bicas nos anos de 2020 a 2024."}, {"id": "4879", "ano": "2024", "numero": "82", "tipo__sigla": "REQ", "tipo__descricao": "Requerimento", "autoria": "Loro", "texto_original": "http://sapl.bicas.mg.leg.br/media/sapl/public/materialegislativa/2024/4879/requerimento_no_82.pdf", "ementa": "Que seja solicitada a Confedera\u00e7\u00e3o Nacional dos Munic\u00edpios - CNM informa\u00e7\u00e3o sobre quais palestras ou eventos os participantes de Bicas, Joel Mil\u00e3o Filho, Arthur Souza Longo dos Santos e Guilherme Sabino Daniel, estiveram inscritos e a comprova\u00e7\u00e3o de sua participa\u00e7\u00e3o."}, {"id": "4889", "ano": "2024", "numero": "83", "tipo__sigla": "REQ", "tipo__descricao": "Requerimento", "autoria": "Melissa Terra", "texto_original": "http://sapl.bicas.mg.leg.br/media/sapl/public/materialegislativa/2024/4889/requerimento_no_83.pdf", "ementa": "Que seja informada data de t\u00e9rmino para a obra na Rua Zima de Souza. Aproveito para pedir a sinaliza\u00e7\u00e3o adequada da obra."}, {"id": "4890", "ano": "2024", "numero": "84", "tipo__sigla": "REQ", "tipo__descricao": "Requerimento", "autoria": "Fernando Joca", "texto_original": "http://sapl.bicas.mg.leg.br/media/sapl/public/materialegislativa/2024/4890/requerimento_no_84.pdf", "ementa": "Solicito a abertura de uma Comiss\u00e3o para averiguar a exist\u00eancia de conduta indecorosa do vereador Aloysio Barbosa Borges (Loro) conforme relato a seguir."}, {"id": "4891", "ano": "2024", "numero": "85", "tipo__sigla": "REQ", "tipo__descricao": "Requerimento", "autoria": "Rafael Aquino", "texto_original": "http://sapl.bicas.mg.leg.br/media/sapl/public/materialegislativa/2024/4891/requerimento_no_85.pdf", "ementa": "Solicito que a administra\u00e7\u00e3o Municipal, atrav\u00e9s da Secretaria de Assist\u00eancia Social, informe qual o andamento para in\u00edcio da constru\u00e7\u00e3o de casas populares por programa habitacional, no loteamento doado pela Igreja Cat\u00f3lica no Bairro Santa Terezinha."}, {"id": "4892", "ano": "2024", "numero": "86", "tipo__sigla": "REQ", "tipo__descricao": "Requerimento", "autoria": "Loro", "texto_original": "http://sapl.bicas.mg.leg.br/media/sapl/public/materialegislativa/2024/4892/requerimento_no_86.pdf", "ementa": "Que seja aberta Comiss\u00e3o para averiguar a exist\u00eancia de conduta indecorosa do Vereador Luiz Fernando Passos de Souza ao usar uma vassoura de forma ofensiva contra os membros deste plen\u00e1rio."}, {"id": "4893", "ano": "2024", "numero": "87", "tipo__sigla": "REQ", "tipo__descricao": "Requerimento", "autoria": "Loro", "texto_original": "http://sapl.bicas.mg.leg.br/media/sapl/public/materialegislativa/2024/4893/requerimento_no_87.pdf", "ementa": "Que seja aberta Comiss\u00e3o para averiguar a exist\u00eancia de conduta indecorosa do Vereador Luiz Fernando Passos de Souza ao usar termos vulgares e insultos contra minha pessoa em requerimento."}, {"id": "4894", "ano": "2024", "numero": "88", "tipo__sigla": "REQ", "tipo__descricao": "Requerimento", "autoria": "Loro", "texto_original": "http://sapl.bicas.mg.leg.br/media/sapl/public/materialegislativa/2024/4894/requerimento_no_88.pdf", "ementa": "Que seja aberta Comiss\u00e3o para averiguar a exist\u00eancia de conduta indecorosa do Vereador Luiz Fernando Passos de Souza por suas falas ofensivas e reiteradas em redes sociais."}, {"id": "4895", "ano": "2024", "numero": "89", "tipo__sigla": "REQ", "tipo__descricao": "Requerimento", "autoria": "Loro", "texto_original": "http://sapl.bicas.mg.leg.br/media/sapl/public/materialegislativa/2024/4895/requerimento_no_89.pdf", "ementa": "Que seja aberta Comiss\u00e3o para averiguar a exist\u00eancia de conduta indecorosa do Vereador Luiz Fernando Passos de Souza ao disseminar informa\u00e7\u00f5es falsas atrav\u00e9s da rede social."}, {"id": "4896", "ano": "2024", "numero": "90", "tipo__sigla": "REQ", "tipo__descricao": "Requerimento", "autoria": "Loro", "texto_original": "http://sapl.bicas.mg.leg.br/media/sapl/public/materialegislativa/2024/4896/requerimento_no_90.pdf", "ementa": "Que seja aberta Comiss\u00e3o para averiguar a subtra\u00e7\u00e3o de 64 porteiras da prefeitura."}, {"id": "4897", "ano": "2024", "numero": "91", "tipo__sigla": "REQ", "tipo__descricao": "Requerimento", "autoria": "Loro", "texto_original": "http://sapl.bicas.mg.leg.br/media/sapl/public/materialegislativa/2024/4897/requerimento_no_91.pdf", "ementa": "Que seja aberta Comiss\u00e3o para averiguar a exist\u00eancia de conduta indecorosa em suposta agress\u00e3o de uma mulher cometida pelo Vereador Luiz Fernando Passos de Souza."}, {"id": "4898", "ano": "2024", "numero": "92", "tipo__sigla": "REQ", "tipo__descricao": "Requerimento", "autoria": "Loro", "texto_original": "http://sapl.bicas.mg.leg.br/media/sapl/public/materialegislativa/2024/4898/requerimento_no_92.pdf", "ementa": "Que seja aberta Comiss\u00e3o para averiguar a exist\u00eancia de conduta indecorosa do Vereador Luiz Fernando Passos de Souza, ao compartilhar conversa particular endere\u00e7ada a outrem."}, {"id": "4899", "ano": "2024", "numero": "93", "tipo__sigla": "REQ", "tipo__descricao": "Requerimento", "autoria": "Rafael Aquino", "texto_original": "http://sapl.bicas.mg.leg.br/media/sapl/public/materialegislativa/2024/4899/requerimento_no_93.pdf", "ementa": "Solicito que a administra\u00e7\u00e3o Municipal, informe como se dar\u00e1 o cumprimento da Lei Municipal 2.023 de 11 de dezembro de 2023 e que divulgue amplamente a toda popula\u00e7\u00e3o de Bicas."}, {"id": "4900", "ano": "2024", "numero": "94", "tipo__sigla": "REQ", "tipo__descricao": "Requerimento", "autoria": "Rafael Aquino", "texto_original": "http://sapl.bicas.mg.leg.br/media/sapl/public/materialegislativa/2024/4900/requerimento_no_94.pdf", "ementa": "Solicito que a administra\u00e7\u00e3o Municipal, informe quais medicamentos est\u00e3o em falta na farm\u00e1cia b\u00e1sica, o motivo da falta e se foi suspenso o fornecimento de fitas glic\u00eamicas."}, {"id": "4901", "ano": "2024", "numero": "95", "tipo__sigla": "REQ", "tipo__descricao": "Requerimento", "autoria": "Loro", "texto_original": "http://sapl.bicas.mg.leg.br/media/sapl/public/materialegislativa/2024/4901/requerimento_no_95.pdf", "ementa": "Que seja aberta Comiss\u00e3o para averiguar a exist\u00eancia de conduta indecorosa do Vereador Luiz Fernando Passos de Souza, ao assediar servidores."}, {"id": "4904", "ano": "2024", "numero": "96", "tipo__sigla": "REQ", "tipo__descricao": "Requerimento", "autoria": "Loro", "texto_original": "http://sapl.bicas.mg.leg.br/media/sapl/public/materialegislativa/2024/4904/requerimento_no_96.pdf", "ementa": "Que seja informado quais empresas recebem qualquer tipo de subven\u00e7\u00e3o econ\u00f4mica por parte do munic\u00edpio hoje, bem como empresas que recebam benef\u00edcios n\u00e3o pecuni\u00e1rios, como  cess\u00e3o de im\u00f3veis p\u00fablicos."}, {"id": "4905", "ano": "2024", "numero": "97", "tipo__sigla": "REQ", "tipo__descricao": "Requerimento", "autoria": "Loro", "texto_original": "http://sapl.bicas.mg.leg.br/media/sapl/public/materialegislativa/2024/4905/requerimento_no_97.pdf", "ementa": "Que seja informado se a policl\u00ednica est\u00e1 sendo usada para coleta de amostras para laborat\u00f3rios particulares e sob quais condi\u00e7\u00f5es."}, {"id": "4906", "ano": "2024", "numero": "98", "tipo__sigla": "REQ", "tipo__descricao": "Requerimento", "autoria": "Marcelo Jardim", "texto_original": "http://sapl.bicas.mg.leg.br/media/sapl/public/materialegislativa/2024/4906/requerimento_no_98.pdf", "ementa": "Que sejam expedidos votos de pesar aos familiares do Sr. Cosme Marcos Arruda."}, {"id": "4907", "ano": "2024", "numero": "99", "tipo__sigla": "REQ", "tipo__descricao": "Requerimento", "autoria": "Marcelo Jardim", "texto_original": "http://sapl.bicas.mg.leg.br/media/sapl/public/materialegislativa/2024/4907/requerimento_no_99.pdf", "ementa": "Que seja informado como se deu a contrata\u00e7\u00e3o da seguran\u00e7a para o evento expobicas, indicando quais as obriga\u00e7\u00f5es da contratada e enviando c\u00f3pias dos contratos."}, {"id": "4912", "ano": "2024", "numero": "100", "tipo__sigla": "REQ", "tipo__descricao": "Requerimento", "autoria": "Fernando Joca", "texto_original": "http://sapl.bicas.mg.leg.br/media/sapl/public/materialegislativa/2024/4912/requerimento_no_100.pdf", "ementa": "Solicito \u00e0 Mesa Diretora que tome provid\u00eancia para garantir o acesso aos documentos solicitados pelo requerimento 65/2024."}, {"id": "4913", "ano": "2024", "numero": "101", "tipo__sigla": "REQ", "tipo__descricao": "Requerimento", "autoria": "Melissa Terra", "texto_original": "http://sapl.bicas.mg.leg.br/media/sapl/public/materialegislativa/2024/4913/requerimento_no_101.pdf", "ementa": "Que sejam expedidos votos de pesar aos familiares da Sra. Edith Barbosa Borges."}, {"id": "4914", "ano": "2024", "numero": "102", "tipo__sigla": "REQ", "tipo__descricao": "Requerimento", "autoria": "Fernando Bigode", "texto_original": "http://sapl.bicas.mg.leg.br/media/sapl/public/materialegislativa/2024/4914/requerimento_no_102.pdf", "ementa": "Que sejam expedidos votos de pesar aos familiares do Sr. Jos\u00e9 Afonso Lara."}, {"id": "4918", "ano": "2024", "numero": "103", "tipo__sigla": "REQ", "tipo__descricao": "Requerimento", "autoria": "Melissa Terra", "texto_original": "http://sapl.bicas.mg.leg.br/media/sapl/public/materialegislativa/2024/4918/requerimento_no_103.pdf", "ementa": "Que seja encaminhada c\u00f3pia do ETP e do cronograma de execu\u00e7\u00e3o da obra da pra\u00e7a S\u00e3o Jos\u00e9."}, {"id": "4919", "ano": "2024", "numero": "104", "tipo__sigla": "REQ", "tipo__descricao": "Requerimento", "autoria": "Fernando Joca", "texto_original": "http://sapl.bicas.mg.leg.br/media/sapl/public/materialegislativa/2024/4919/requerimento_no_104.pdf", "ementa": "Solicito que seja informada a raz\u00e3o para a troca do sistema e-sus."}, {"id": "4924", "ano": "2024", "numero": "105", "tipo__sigla": "REQ", "tipo__descricao": "Requerimento", "autoria": "Melissa Terra", "texto_original": "http://sapl.bicas.mg.leg.br/media/sapl/public/materialegislativa/2024/4924/requerimento_no_105.pdf", "ementa": "Que seja encaminhada informa\u00e7\u00e3o quanto ao tamanho da fila de espera para a creche e as medidas que vem sendo tomadas para reduzi-la."}, {"id": "4925", "ano": "2024", "numero": "106", "tipo__sigla": "REQ", "tipo__descricao": "Requerimento", "autoria": "Fernando Joca", "texto_original": "http://sapl.bicas.mg.leg.br/media/sapl/public/materialegislativa/2024/4925/requerimento_no_106.pdf", "ementa": "Solicito que seja encaminhada a presta\u00e7\u00e3o de contas acompanhada de todas as notas fiscais emitidas(inclusive canceladas) referentes \u00e0s hospedagens custeadas pela C\u00e2mara para o curso \u201cElei\u00e7\u00f5es 2024: o Papel dos Vereadores e Atualiza\u00e7\u00e3o Sobre as Regras Eleitorais\u201d, realizado entre os dias 30/01 e 02/02 na Cidade de Belo Horizonte."}, {"id": "4926", "ano": "2024", "numero": "107", "tipo__sigla": "REQ", "tipo__descricao": "Requerimento", "autoria": "Melissa Terra", "texto_original": "http://sapl.bicas.mg.leg.br/media/sapl/public/materialegislativa/2024/4926/requerimento_no_107.pdf", "ementa": "Que seja encaminhada informa\u00e7\u00e3o quanto ao in\u00edcio das obras de asfaltamento da Rua Santa F\u00e9, uma vez que o recurso j\u00e1 est\u00e1 em conta."}, {"id": "4927", "ano": "2024", "numero": "108", "tipo__sigla": "REQ", "tipo__descricao": "Requerimento", "autoria": "Rafael Aquino", "texto_original": "http://sapl.bicas.mg.leg.br/media/sapl/public/materialegislativa/2024/4927/requerimento_no_108.pdf", "ementa": "Solicito que seja oficiada a empresa de telefonia OI sobre a mudan\u00e7a dos telefones fixos."}, {"id": "4934", "ano": "2024", "numero": "109", "tipo__sigla": "REQ", "tipo__descricao": "Requerimento", "autoria": "Melissa Terra", "texto_original": "http://sapl.bicas.mg.leg.br/media/sapl/public/materialegislativa/2024/4934/requerimento_no_109.pdf", "ementa": "Que seja encaminhada informa\u00e7\u00e3o quanto ao andamento da aquisi\u00e7\u00e3o de caixa d\u2019agua para o distrito de Santa Helena e a previs\u00e3o da instala\u00e7\u00e3o dela."}, {"id": "4935", "ano": "2024", "numero": "110", "tipo__sigla": "REQ", "tipo__descricao": "Requerimento", "autoria": "Melissa Terra", "texto_original": "http://sapl.bicas.mg.leg.br/media/sapl/public/materialegislativa/2024/4935/requerimento_no_110.pdf", "ementa": "Que seja encaminhada informa\u00e7\u00e3o sobre os motivos para mais uma vez termos falta de fraldas para distribui\u00e7\u00e3o na policl\u00ednica."}, {"id": "4936", "ano": "2024", "numero": "111", "tipo__sigla": "REQ", "tipo__descricao": "Requerimento", "autoria": "Rafael Aquino", "texto_original": "http://sapl.bicas.mg.leg.br/media/sapl/public/materialegislativa/2024/4936/requerimento_no_111.pdf", "ementa": "Que seja encaminhada informa\u00e7\u00e3o quanto \u00e0 forma como \u00e9 o tr\u00e2mite para o pagamento da progress\u00e3o por nova qualifica\u00e7\u00e3o aos servidores."}, {"id": "4940", "ano": "2024", "numero": "112", "tipo__sigla": "REQ", "tipo__descricao": "Requerimento", "autoria": "Paulinho Plantas", "texto_original": "http://sapl.bicas.mg.leg.br/media/sapl/public/materialegislativa/2024/4940/requerimento_no_112.pdf", "ementa": "Solicito que seja solicitado \u00e0s empresas de internet a remo\u00e7\u00e3o dos cabos partidos na parte mais alta do bairro Edgar Moreira."}, {"id": "4941", "ano": "2024", "numero": "113", "tipo__sigla": "REQ", "tipo__descricao": "Requerimento", "autoria": "Paulinho Plantas", "texto_original": "http://sapl.bicas.mg.leg.br/media/sapl/public/materialegislativa/2024/4941/requerimento_no_113.pdf", "ementa": "Solicito que seja oficiado o DNITT para que promova reparos urgentes na ponte da BR 267 na altura do distrito de S\u00e3o Manoel."}, {"id": "4942", "ano": "2024", "numero": "114", "tipo__sigla": "REQ", "tipo__descricao": "Requerimento", "autoria": "Paulinho Plantas", "texto_original": "http://sapl.bicas.mg.leg.br/media/sapl/public/materialegislativa/2024/4942/requerimento_no_114.pdf", "ementa": "Solicito que seja solicitado \u00e0 CEMIG a instala\u00e7\u00e3o de um transformador mais forte no bairro S\u00e3o Pedro."}, {"id": "4949", "ano": "2024", "numero": "115", "tipo__sigla": "REQ", "tipo__descricao": "Requerimento", "autoria": "Fernando Joca", "texto_original": "http://sapl.bicas.mg.leg.br/media/sapl/public/materialegislativa/2024/4949/requerimento_no_115.pdf", "ementa": "Requeiro que sejam juntadas ao processo da Comiss\u00e3o Processante n\u00ba 3/2024 as retrata\u00e7\u00f5es feitas pelo vereador Loro em cumprimento \u00e0s determina\u00e7\u00f5es da Justi\u00e7a, decis\u00f5es judiciais e v\u00e1rios outros eventos p\u00fablicos e not\u00f3rios de cal\u00fania e difama\u00e7\u00e3o protagonizados pelo vereador."}, {"id": "4950", "ano": "2024", "numero": "116", "tipo__sigla": "REQ", "tipo__descricao": "Requerimento", "autoria": "Paulinho Plantas", "texto_original": "http://sapl.bicas.mg.leg.br/media/sapl/public/materialegislativa/2024/4950/requerimento_no_116.pdf", "ementa": "O vereador que esta subscreve solicita abertura de Comiss\u00e3o de Inqu\u00e9rito, nos termos do Art. 75 do Regimento Interno, para apurar as falas do vereador Marcelo com rela\u00e7\u00e3o \u00e0 coa\u00e7\u00e3o de servidores para obten\u00e7\u00e3o de documentos."}, {"id": "4951", "ano": "2024", "numero": "117", "tipo__sigla": "REQ", "tipo__descricao": "Requerimento", "autoria": "Rafael Aquino", "texto_original": "http://sapl.bicas.mg.leg.br/media/sapl/public/materialegislativa/2024/4951/requerimento_no_117.pdf", "ementa": "Que seja encaminhada informa\u00e7\u00e3o quanto \u00e0 realiza\u00e7\u00e3o de um processo seletivo para contrata\u00e7\u00e3o de agentes de sa\u00fade."}, {"id": "4957", "ano": "2024", "numero": "118", "tipo__sigla": "REQ", "tipo__descricao": "Requerimento", "autoria": "Loro", "texto_original": "http://sapl.bicas.mg.leg.br/media/sapl/public/materialegislativa/2024/4957/requerimento_no_118_a.pdf", "ementa": "Que esta Casa Legislativa providencie c\u00f3pias de toda a documenta\u00e7\u00e3o referente a declara\u00e7\u00e3o de bens dos secret\u00e1rios municipais e diretores nomeados desde o in\u00edcio do mandato,se tiver, caso n\u00e3o tenha, que solicite a Administra\u00e7\u00e3o Municipal."}, {"id": "4958", "ano": "2024", "numero": "119", "tipo__sigla": "REQ", "tipo__descricao": "Requerimento", "autoria": "Melissa Terra", "texto_original": "http://sapl.bicas.mg.leg.br/media/sapl/public/materialegislativa/2024/4958/requerimento_no_119.pdf", "ementa": "Que seja enviado os valores gastos com as altera\u00e7\u00f5es na travessia elevada constru\u00edda na Avenida Augusto Rossi, em frente \u00e0 rodovi\u00e1ria."}, {"id": "4959", "ano": "2024", "numero": "120", "tipo__sigla": "REQ", "tipo__descricao": "Requerimento", "autoria": "Fernando Joca", "texto_original": "http://sapl.bicas.mg.leg.br/media/sapl/public/materialegislativa/2024/4959/requerimento_no_120.pdf", "ementa": "Requeiro que sejam juntadas ao processo da Comiss\u00e3o Processante n\u00ba 3/2024 v\u00eddeo que mostra o Vereador processado em com\u00edcio dizendo que vereador desta Casa recebeu dinheiro para se calar nas redes sociais."}, {"id": "4960", "ano": "2024", "numero": "121", "tipo__sigla": "REQ", "tipo__descricao": "Requerimento", "autoria": "Fernando Joca", "texto_original": "http://sapl.bicas.mg.leg.br/media/sapl/public/materialegislativa/2024/4960/requerimento_no_121.pdf", "ementa": "Requeiro que seja criada Comiss\u00e3o de Inqu\u00e9rito para apurar as falas do vereador Loro sobre vereadores \u201clevarem um dinheirinho\u201d."}, {"id": "4970", "ano": "2024", "numero": "122", "tipo__sigla": "REQ", "tipo__descricao": "Requerimento", "autoria": "Rafael Aquino", "texto_original": "http://sapl.bicas.mg.leg.br/media/sapl/public/materialegislativa/2024/4970/requerimento_no_122.pdf", "ementa": "Que seja reaberta Comiss\u00e3o Especial de Inqu\u00e9rito para apura\u00e7\u00e3o do apresenta no Requerimento n\u00ba 53/2024."}, {"id": "4971", "ano": "2024", "numero": "123", "tipo__sigla": "REQ", "tipo__descricao": "Requerimento", "autoria": "Rafael Aquino", "texto_original": "http://sapl.bicas.mg.leg.br/media/sapl/public/materialegislativa/2024/4971/requerimento_no_123.pdf", "ementa": "Que seja informado o motivo da paralisa\u00e7\u00e3o da obra da pra\u00e7a S\u00e3o Jos\u00e9 e envie c\u00f3pia do cronograma de execu\u00e7\u00e3o, bem como providencie a retomada dos trabalhos para conclus\u00e3o da obra no local."}, {"id": "4972", "ano": "2024", "numero": "124", "tipo__sigla": "REQ", "tipo__descricao": "Requerimento", "autoria": "Loro", "texto_original": "http://sapl.bicas.mg.leg.br/media/sapl/public/materialegislativa/2024/4972/requerimento_no_124.pdf", "ementa": "Que esta Casa Legislativa oficie os correios sobre o motivo de n\u00e3o haver entrega de correspond\u00eancias na Travessa Ary Maroco."}, {"id": "4973", "ano": "2024", "numero": "125", "tipo__sigla": "REQ", "tipo__descricao": "Requerimento", "autoria": "Melissa Terra", "texto_original": "http://sapl.bicas.mg.leg.br/media/sapl/public/materialegislativa/2024/4973/requerimento_no_125.pdf", "ementa": "Que seja informado quais as provid\u00eancias est\u00e3o sendo tomadas em rela\u00e7\u00e3o a interdi\u00e7\u00e3o da casa da Sra. Simone Valeriano, localizada na Rua \u00c1lvaro Dias."}, {"id": "4974", "ano": "2024", "numero": "126", "tipo__sigla": "REQ", "tipo__descricao": "Requerimento", "autoria": "Melissa Terra", "texto_original": "http://sapl.bicas.mg.leg.br/media/sapl/public/materialegislativa/2024/4974/requerimento_no_126.pdf", "ementa": "Que seja encaminhado informa\u00e7\u00f5es e o cronograma quanto ao in\u00edcio das obras de asfaltamento da Rua Santa F\u00e9."}, {"id": "4975", "ano": "2024", "numero": "127", "tipo__sigla": "REQ", "tipo__descricao": "Requerimento", "autoria": "Melissa Terra", "texto_original": "http://sapl.bicas.mg.leg.br/media/sapl/public/materialegislativa/2024/4975/requerimento_no_127.pdf", "ementa": "Que seja encaminhada informa\u00e7\u00e3o juntamente com o cronograma do andamento para  aquisi\u00e7\u00e3o de caixa d\u2019agua para o distrito de Santa Helena."}, {"id": "4987", "ano": "2024", "numero": "128", "tipo__sigla": "REQ", "tipo__descricao": "Requerimento", "autoria": "Paulinho Plantas", "texto_original": "http://sapl.bicas.mg.leg.br/media/sapl/public/materialegislativa/2024/4987/requerimento_no_128.pdf", "ementa": "O vereador que esta subscreve solicita que a mesa diretora oficie a Copasa perguntando sobre as causas da interrup\u00e7\u00e3o do abastecimento de \u00e1gua no bairro S\u00e3o Pedro no fim de semana de 19 a 20 de outubro."}, {"id": "4988", "ano": "2024", "numero": "129", "tipo__sigla": "REQ", "tipo__descricao": "Requerimento", "autoria": "Fernando Joca", "texto_original": "http://sapl.bicas.mg.leg.br/media/sapl/public/materialegislativa/2024/4988/requerimento_no_129.pdf", "ementa": "Nos termos regimentais, requeiro que seja afastada da CPI 34/2024, que apura as falas do vereador Marcelo Navarro Jardim com rela\u00e7\u00e3o \u00e0 coa\u00e7\u00e3o e oferecimento de dinheiro para servidores para obten\u00e7\u00e3o de documentos, a vereadora Melissa Terra Agrelli Mattos, uma vez que esta declarou em reuni\u00e3o, se referindo \u00e0 minha pessoa que: \u201ca gente sabe que ele fez\u201d."}, {"id": "4999", "ano": "2024", "numero": "130", "tipo__sigla": "REQ", "tipo__descricao": "Requerimento", "autoria": "Melissa Terra", "texto_original": "http://sapl.bicas.mg.leg.br/media/sapl/public/materialegislativa/2024/4999/requerimento_no_130.pdf", "ementa": "Que seja encaminhada listagem de repasses financeiros feitos a t\u00edtulo de incentivo a campeonatos em nosso munic\u00edpio neste exerc\u00edcio, acompanhados das delibera\u00e7\u00f5es do conselho do esporte(quando houver)."}, {"id": "5004", "ano": "2024", "numero": "131", "tipo__sigla": "REQ", "tipo__descricao": "Requerimento", "autoria": "Melissa Terra", "texto_original": "http://sapl.bicas.mg.leg.br/media/sapl/public/materialegislativa/2024/5004/requerimento_no_131.pdf", "ementa": "Que seja encaminhada toda a documenta\u00e7\u00e3o que comprove a efetiva aplica\u00e7\u00e3o dos recursos referentes aos repasses da Lei Paulo Gustavo."}, {"id": "5005", "ano": "2024", "numero": "132", "tipo__sigla": "REQ", "tipo__descricao": "Requerimento", "autoria": "Melissa Terra", "texto_original": "http://sapl.bicas.mg.leg.br/media/sapl/public/materialegislativa/2024/5005/requerimento_no_132.pdf", "ementa": "Solicito as seguintes informa\u00e7\u00f5es a respeito do transporte escolar para alunos da educa\u00e7\u00e3o b\u00e1sica:\r\n1.\tQuais s\u00e3o as rotas atualmente existentes para o transporte escolar?\r\n2.\tQuais os crit\u00e9rios utilizados para definir as rotas e os bairros atendidos?\r\n3.\tTodo aluno de todo bairro tem direito ao transporte escolar? Caso contr\u00e1rio, quais os crit\u00e9rios para a concess\u00e3o?\r\n4.\tO transporte \u00e9 diferenciado por escola ou todos os estudantes de determinada localidade t\u00eam o mesmo acesso ao servi\u00e7o?\r\n5.\tOs professores e demais profissionais tem direito ao transporte?"}, {"id": "5006", "ano": "2024", "numero": "133", "tipo__sigla": "REQ", "tipo__descricao": "Requerimento", "autoria": "Loro", "texto_original": "http://sapl.bicas.mg.leg.br/media/sapl/public/materialegislativa/2024/5006/requerimento_no_133.pdf", "ementa": "Que sejam expedidos votos de pesar aos familiares do Sr. Pedro Batista da Silva"}, {"id": "5007", "ano": "2024", "numero": "134", "tipo__sigla": "REQ", "tipo__descricao": "Requerimento", "autoria": "Melissa Terra", "texto_original": "http://sapl.bicas.mg.leg.br/media/sapl/public/materialegislativa/2024/5007/requerimento_no_134.pdf", "ementa": "Solicito que seja informado o motivo da n\u00e3o realiza\u00e7\u00e3o do Feir\u00e3o Bicas Black Friday esse ano."}, {"id": "5012", "ano": "2024", "numero": "135", "tipo__sigla": "REQ", "tipo__descricao": "Requerimento", "autoria": "Paulinho Plantas", "texto_original": "http://sapl.bicas.mg.leg.br/media/sapl/public/materialegislativa/2024/5012/requerimento_no_135.pdf", "ementa": "Que sejam expedidos votos de pesar aos familiares do Sr. Onocyr Longo"}, {"id": "5013", "ano": "2024", "numero": "136", "tipo__sigla": "REQ", "tipo__descricao": "Requerimento", "autoria": "Melissa Terra", "texto_original": "http://sapl.bicas.mg.leg.br/media/sapl/public/materialegislativa/2024/5013/requerimento_no_136.pdf", "ementa": "Solicito que seja informado o rol de profissionais lotados na Casa Azul, inclusive contratados e qual a fun\u00e7\u00e3o de cada um."}]}