{"headers": {"id": "ID", "ano": "Ano", "numero": "N\u00famero", "tipo__sigla": "Tipo de Mat\u00e9ria Legislativa/Sigla", "tipo__descricao": "Tipo de Mat\u00e9ria Legislativa/Descri\u00e7\u00e3o", "autoria": "Autorias", "texto_original": "Texto Original", "ementa": "Ementa"}, "results": [{"id": "2621", "ano": "2021", "numero": "1", "tipo__sigla": "APL", "tipo__descricao": "Anteprojeto de Lei", "autoria": "Loro", "texto_original": "http://sapl.bicas.mg.leg.br/media/sapl/public/materialegislativa/2021/2621/01.pdf", "ementa": "Altera a Lei n\u00ba 1644 de 10 de outubro de 2013 para atualizar o valor do subs\u00eddio e dispor sobre sua atualiza\u00e7\u00e3o."}, {"id": "2786", "ano": "2021", "numero": "2", "tipo__sigla": "APL", "tipo__descricao": "Anteprojeto de Lei", "autoria": "Melissa Terra", "texto_original": "http://sapl.bicas.mg.leg.br/media/sapl/public/materialegislativa/2021/2786/02.pdf", "ementa": "\u201cInstitui, no \u00e2mbito do munic\u00edpio de Bicas, a \u201cCreche 12 Meses\u201d\u201d."}, {"id": "2817", "ano": "2021", "numero": "3", "tipo__sigla": "APL", "tipo__descricao": "Anteprojeto de Lei", "autoria": "Rafael Aquino", "texto_original": "http://sapl.bicas.mg.leg.br/media/sapl/public/materialegislativa/2021/2817/03.pdf", "ementa": "Disp\u00f5e sobre a concess\u00e3o de incentivo fiscal a empresas e mun\u00edcipes que promovam a instala\u00e7\u00e3o de c\u00e2meras de monitoramento em frente a seus estabelecimentos e im\u00f3veis, possibilitando a visualiza\u00e7\u00e3o das vias e espa\u00e7os p\u00fablicos."}, {"id": "2963", "ano": "2021", "numero": "5", "tipo__sigla": "APL", "tipo__descricao": "Anteprojeto de Lei", "autoria": "Melissa Terra", "texto_original": "http://sapl.bicas.mg.leg.br/media/sapl/public/materialegislativa/2021/2963/5.pdf", "ementa": "\u201cCria a Coordenadoria Municipal de Prote\u00e7\u00e3o e Defesa Civil (COMPDEC) do munic\u00edpio de Bicase revoga as leis 1.073 de 23 de Fevereiro de 2000 e 1.105 de 2 de Fevereiro de 2001."}, {"id": "3017", "ano": "2021", "numero": "6", "tipo__sigla": "APL", "tipo__descricao": "Anteprojeto de Lei", "autoria": "Loro", "texto_original": "http://sapl.bicas.mg.leg.br/media/sapl/public/materialegislativa/2021/3017/6.pdf", "ementa": "\u201cFixa o percentual de reajuste do vale alimenta\u00e7\u00e3o fornecido aos servidores do Munic\u00edpio de Bicas.\u201d"}, {"id": "3018", "ano": "2021", "numero": "7", "tipo__sigla": "APL", "tipo__descricao": "Anteprojeto de Lei", "autoria": "Loro", "texto_original": "http://sapl.bicas.mg.leg.br/media/sapl/public/materialegislativa/2021/3018/7.pdf", "ementa": "Cria a Ajuda de Custo para Valoriza\u00e7\u00e3o do Magist\u00e9rio P\u00fablico Municipal e d\u00e1 outras provid\u00eancias."}, {"id": "3145", "ano": "2021", "numero": "8", "tipo__sigla": "APL", "tipo__descricao": "Anteprojeto de Lei", "autoria": "Joel Mil\u00e3o do Cemit\u00e9rio", "texto_original": "http://sapl.bicas.mg.leg.br/media/sapl/public/materialegislativa/2021/3145/8.pdf", "ementa": "Disp\u00f5e sobre a realiza\u00e7\u00e3o quadrienal de auditoria externa independente no \u00e2mbito da prefeitura municipal."}, {"id": "3217", "ano": "2021", "numero": "9", "tipo__sigla": "APL", "tipo__descricao": "Anteprojeto de Lei", "autoria": "Loro", "texto_original": "http://sapl.bicas.mg.leg.br/media/sapl/public/materialegislativa/2021/3217/9.pdf", "ementa": "\u201cInstitui plano de adequa\u00e7\u00e3o salarial e reajuste do aux\u00edlio alimenta\u00e7\u00e3o de que trata a lei 1.446 de 09 de setembro de 2009 e indeniza\u00e7\u00e3o de f\u00e9rias pr\u00eamio vencidas.\u201d"}, {"id": "3086", "ano": "2021", "numero": "1", "tipo__sigla": "ATO", "tipo__descricao": "Ato da mesa", "autoria": "Melissa Terra", "texto_original": "http://sapl.bicas.mg.leg.br/media/sapl/public/materialegislativa/2021/3086/ato_convocatorio_01.pdf", "ementa": "Disp\u00f5e sobre a realiza\u00e7\u00e3o de Audi\u00eancia P\u00fablica e devidas restri\u00e7\u00f5es devido a pandemia causada pela Covid-19."}, {"id": "3333", "ano": "2021", "numero": "2", "tipo__sigla": "ATO", "tipo__descricao": "Ato da mesa", "autoria": "", "texto_original": "http://sapl.bicas.mg.leg.br/media/sapl/public/materialegislativa/2021/3333/ato_convocatorio_02.2021.pdf", "ementa": "A presidente da C\u00e2mara Municipal de Bicas no uso de suas atribui\u00e7\u00f5es legais e regimentais, pelo art 76 da Lei Org\u00e2nica do Munic\u00edpio de Bicas e em conformidade com art. 1\u00ba \u00a7 1\u00ba da Resolu\u00e7\u00e3o 276/2009, \r\n\r\nConsiderando a import\u00e2ncia de realizar audi\u00eancia p\u00fablica para tratar de assunto de interesse p\u00fablico relevante;\r\n\r\nConsiderando a necessidade de restri\u00e7\u00e3o de n\u00famero de pessoas para evitar aglomera\u00e7\u00e3o por conta da pandemia causada pela Covid-19"}, {"id": "2764", "ano": "2021", "numero": "1", "tipo__sigla": "ELO", "tipo__descricao": "Emendas \u00e0 Lei Org\u00e2nica", "autoria": "", "texto_original": "http://sapl.bicas.mg.leg.br/media/sapl/public/materialegislativa/2021/2764/01_emenda_a_lei_organica_emenda_impositiva.docx", "ementa": "\"Altera o artigo que menciona da Lei Org\u00e2nica do Munic\u00edpio de Bicas/MG e d\u00e1 outras provid\u00eancias.\""}, {"id": "2818", "ano": "2021", "numero": "2", "tipo__sigla": "ELO", "tipo__descricao": "Emendas \u00e0 Lei Org\u00e2nica", "autoria": "", "texto_original": "http://sapl.bicas.mg.leg.br/media/sapl/public/materialegislativa/2021/2818/02_prazos.docx", "ementa": "\u201cAltera os artigos e incisos que menciona da Lei Org\u00e2nica do Munic\u00edpio de Bicas/MG e d\u00e1 outras provid\u00eancias.\u201d"}, {"id": "2991", "ano": "2021", "numero": "3", "tipo__sigla": "ELO", "tipo__descricao": "Emendas \u00e0 Lei Org\u00e2nica", "autoria": "", "texto_original": "http://sapl.bicas.mg.leg.br/media/sapl/public/materialegislativa/2021/2991/03_distribuicao_de_lotes.docx", "ementa": "\u201cVeda a distribui\u00e7\u00e3o de lotes sem a constru\u00e7\u00e3o de infraestrutura urbana m\u00ednima.\u201d"}, {"id": "2992", "ano": "2021", "numero": "4", "tipo__sigla": "ELO", "tipo__descricao": "Emendas \u00e0 Lei Org\u00e2nica", "autoria": "Helber Marques Corr\u00eaa", "texto_original": "http://sapl.bicas.mg.leg.br/media/sapl/public/materialegislativa/2021/2992/04_expansao_urbana.doc", "ementa": "\u201cCria a \u00e1rea de expans\u00e3o urbana \u00e0 pedido, a ser denominada como Vetor Norte no Munic\u00edpio de Bicas e d\u00e1 outras provid\u00eancias.\u201d"}, {"id": "3083", "ano": "2021", "numero": "5", "tipo__sigla": "ELO", "tipo__descricao": "Emendas \u00e0 Lei Org\u00e2nica", "autoria": "", "texto_original": "http://sapl.bicas.mg.leg.br/media/sapl/public/materialegislativa/2021/3083/05_expansao_urbana_ii_1.doc", "ementa": "\u201cCria a \u00e1rea de expans\u00e3o urbana \u00e0 pedido, a ser denominada como Vetor Norte no Munic\u00edpio de Bicas e d\u00e1 outras provid\u00eancias.\u201d"}, {"id": "3084", "ano": "2021", "numero": "6", "tipo__sigla": "ELO", "tipo__descricao": "Emendas \u00e0 Lei Org\u00e2nica", "autoria": "Marcelo Jardim", "texto_original": "http://sapl.bicas.mg.leg.br/media/sapl/public/materialegislativa/2021/3084/06_lei_expansao_urbana_marcelo_jardim_-_emenda_camara.doc", "ementa": "\"Cria a \u00e1rea de expans\u00e3o urbana \u00e0 pedido , a ser denominada como Vetor Norte no Munic\u00edpio de Bicas e d\u00e1 outras provid\u00eancias.\""}, {"id": "3089", "ano": "2021", "numero": "7", "tipo__sigla": "ELO", "tipo__descricao": "Emendas \u00e0 Lei Org\u00e2nica", "autoria": "Helber Marques Corr\u00eaa", "texto_original": "http://sapl.bicas.mg.leg.br/media/sapl/public/materialegislativa/2021/3089/07_maquinas_2.doc", "ementa": "\"Regulamenta a cess\u00e3o de m\u00e1quinas e operadores da Prefeitura, estabelece par\u00e2metros e d\u00e1 outras provid\u00eancias.\""}, {"id": "2598", "ano": "2021", "numero": "1", "tipo__sigla": "IND", "tipo__descricao": "Indica\u00e7\u00e3o", "autoria": "Melissa Terra", "texto_original": "http://sapl.bicas.mg.leg.br/media/sapl/public/materialegislativa/2021/2598/ind_01_2021.pdf", "ementa": "Que seja inclu\u00eddo no novo organograma cargos para representantes de bairros."}, {"id": "2599", "ano": "2021", "numero": "2", "tipo__sigla": "IND", "tipo__descricao": "Indica\u00e7\u00e3o", "autoria": "Melissa Terra", "texto_original": "http://sapl.bicas.mg.leg.br/media/sapl/public/materialegislativa/2021/2599/ind_2_2021.pdf", "ementa": "Que seja ofertado transporte escolar para os estudantes do bairro Gilson Lamha."}, {"id": "2600", "ano": "2021", "numero": "3", "tipo__sigla": "IND", "tipo__descricao": "Indica\u00e7\u00e3o", "autoria": "Marcelo Jardim", "texto_original": "http://sapl.bicas.mg.leg.br/media/sapl/public/materialegislativa/2021/2600/03_2021.pdf", "ementa": "Que seja feito reparo nos muros do Cemit\u00e9rio Municipal."}, {"id": "2601", "ano": "2021", "numero": "4", "tipo__sigla": "IND", "tipo__descricao": "Indica\u00e7\u00e3o", "autoria": "Marcelo Jardim", "texto_original": "http://sapl.bicas.mg.leg.br/media/sapl/public/materialegislativa/2021/2601/ind_04_2021.pdf", "ementa": "Que seja instalada lixeira \u00e0 rua Professor Joaquim Fernandes Alhadas."}, {"id": "2602", "ano": "2021", "numero": "5", "tipo__sigla": "IND", "tipo__descricao": "Indica\u00e7\u00e3o", "autoria": "Marcelo Jardim", "texto_original": "http://sapl.bicas.mg.leg.br/media/sapl/public/materialegislativa/2021/2602/ind_5_2021.pdf", "ementa": "Que seja colocada grade no jardim frontal da escola Coronel Souza."}, {"id": "2603", "ano": "2021", "numero": "6", "tipo__sigla": "IND", "tipo__descricao": "Indica\u00e7\u00e3o", "autoria": "Marcelo Jardim", "texto_original": "http://sapl.bicas.mg.leg.br/media/sapl/public/materialegislativa/2021/2603/ind_6_2021.pdf", "ementa": "Que seja enviado Assistente Social para levantamento e medidas de aux\u00edlio aos toxicodependentes que frequentam o jardim frontal da Escola Coronel Souza."}, {"id": "2604", "ano": "2021", "numero": "7", "tipo__sigla": "IND", "tipo__descricao": "Indica\u00e7\u00e3o", "autoria": "Joel Mil\u00e3o do Cemit\u00e9rio", "texto_original": "http://sapl.bicas.mg.leg.br/media/sapl/public/materialegislativa/2021/2604/ind_7_2021.pdf", "ementa": "Que seja feita a instala\u00e7\u00e3o de postes no trecho entre S\u00e3o Manoel e a Esta\u00e7\u00e3o da COPASA."}, {"id": "2605", "ano": "2021", "numero": "8", "tipo__sigla": "IND", "tipo__descricao": "Indica\u00e7\u00e3o", "autoria": "Fernando Bigode", "texto_original": "http://sapl.bicas.mg.leg.br/media/sapl/public/materialegislativa/2021/2605/ind_8_2021.pdf", "ementa": "Que seja constru\u00edda rede de esgoto no prolongamento da Rua Farmac\u00eautico Jair de Souza."}, {"id": "2606", "ano": "2021", "numero": "9", "tipo__sigla": "IND", "tipo__descricao": "Indica\u00e7\u00e3o", "autoria": "Melissa Terra", "texto_original": "http://sapl.bicas.mg.leg.br/media/sapl/public/materialegislativa/2021/2606/ind_9_2021.pdf", "ementa": "Que sejam feitos reparos no parquinho do HV."}, {"id": "2607", "ano": "2021", "numero": "10", "tipo__sigla": "IND", "tipo__descricao": "Indica\u00e7\u00e3o", "autoria": "Loro", "texto_original": "http://sapl.bicas.mg.leg.br/media/sapl/public/materialegislativa/2021/2607/ind_10_2021.pdf", "ementa": "Que seja instalado bra\u00e7o de ilumina\u00e7\u00e3o p\u00fablica no poste na esquina da Rua Jos\u00e9 Apolin\u00e1rio da Silva com Avenida do Contorno Dalton Curzio."}, {"id": "2608", "ano": "2021", "numero": "11", "tipo__sigla": "IND", "tipo__descricao": "Indica\u00e7\u00e3o", "autoria": "Loro", "texto_original": "http://sapl.bicas.mg.leg.br/media/sapl/public/materialegislativa/2021/2608/ind_11_2021.pdf", "ementa": "Que seja instalado redutor de velocidade no trecho da RuaFrancisco C\u00e2ndido de Assis que d\u00e1 acesso ao bairro Edgar Moreira."}, {"id": "2609", "ano": "2021", "numero": "12", "tipo__sigla": "IND", "tipo__descricao": "Indica\u00e7\u00e3o", "autoria": "Melissa Terra", "texto_original": "http://sapl.bicas.mg.leg.br/media/sapl/public/materialegislativa/2021/2609/ind_12_2021.pdf", "ementa": "Que seja feito mutir\u00e3o de capina nas ruas de nossa cidade."}, {"id": "2610", "ano": "2021", "numero": "13", "tipo__sigla": "IND", "tipo__descricao": "Indica\u00e7\u00e3o", "autoria": "Joel Mil\u00e3o do Cemit\u00e9rio", "texto_original": "http://sapl.bicas.mg.leg.br/media/sapl/public/materialegislativa/2021/2610/ind_13_2021.pdf", "ementa": "Que seja feito reparo na rede de esgoto da Rua F, no logradouro conhecido como Cutieira."}, {"id": "2611", "ano": "2021", "numero": "14", "tipo__sigla": "IND", "tipo__descricao": "Indica\u00e7\u00e3o", "autoria": "Joel Mil\u00e3o do Cemit\u00e9rio", "texto_original": "http://sapl.bicas.mg.leg.br/media/sapl/public/materialegislativa/2021/2611/ind_14_2021.pdf", "ementa": "Que seja instalado redutor de velocidade na Rua Baronesa de Catas Altas."}, {"id": "2612", "ano": "2021", "numero": "15", "tipo__sigla": "IND", "tipo__descricao": "Indica\u00e7\u00e3o", "autoria": "Loro", "texto_original": "http://sapl.bicas.mg.leg.br/media/sapl/public/materialegislativa/2021/2612/ind_15_2021.pdf", "ementa": "Que o Programa Adolescente Aprendiz, descontinuado na gest\u00e3o anterior, seja retomado."}, {"id": "2613", "ano": "2021", "numero": "16", "tipo__sigla": "IND", "tipo__descricao": "Indica\u00e7\u00e3o", "autoria": "Rafael Aquino", "texto_original": "http://sapl.bicas.mg.leg.br/media/sapl/public/materialegislativa/2021/2613/162021_rafael_aquino.pdf", "ementa": "Solicito da Administra\u00e7\u00e3o Municipal, atrav\u00e9s da Secretaria competente, que providencie a licita\u00e7\u00e3o para contrata\u00e7\u00e3o de cl\u00ednica ou profissional veterin\u00e1rio para continuidade das castra\u00e7\u00f5es."}, {"id": "2614", "ano": "2021", "numero": "17", "tipo__sigla": "IND", "tipo__descricao": "Indica\u00e7\u00e3o", "autoria": "Paulinho Plantas", "texto_original": "http://sapl.bicas.mg.leg.br/media/sapl/public/materialegislativa/2021/2614/indicacao_172021.pdf", "ementa": "Solicito da Administra\u00e7\u00e3o Municipal, atrav\u00e9s da Secretaria de Educa\u00e7\u00e3o, a continuidade do Kit Merenda."}, {"id": "2615", "ano": "2021", "numero": "18", "tipo__sigla": "IND", "tipo__descricao": "Indica\u00e7\u00e3o", "autoria": "Rafael Aquino", "texto_original": "http://sapl.bicas.mg.leg.br/media/sapl/public/materialegislativa/2021/2615/ind_18_2021.pdf", "ementa": "Solicito da Administra\u00e7\u00e3o Municipal, que disponibilize DISPENSE TOTEM com \u00e1lcool em gel na entrada da prefeitura, pr\u00e9dios p\u00fablicos e parquinhos."}, {"id": "2616", "ano": "2021", "numero": "19", "tipo__sigla": "IND", "tipo__descricao": "Indica\u00e7\u00e3o", "autoria": "Rafael Aquino", "texto_original": "http://sapl.bicas.mg.leg.br/media/sapl/public/materialegislativa/2021/2616/ind_1902021.pdf", "ementa": "Solicito da Administra\u00e7\u00e3o Municipal, atrav\u00e9s da Secretaria de Educa\u00e7\u00e3o, que estenda o hor\u00e1rio de funcionamento da Creche Municipal e de outros locais utilizados para o mesmo fim."}, {"id": "2617", "ano": "2021", "numero": "20", "tipo__sigla": "IND", "tipo__descricao": "Indica\u00e7\u00e3o", "autoria": "Rafael Aquino", "texto_original": "http://sapl.bicas.mg.leg.br/media/sapl/public/materialegislativa/2021/2617/ind_20_2021.pdf", "ementa": "Solicito da Administra\u00e7\u00e3o Municipal, atrav\u00e9s da Secretaria de Sa\u00fade, a qualifica\u00e7\u00e3o dos profissionais da Sa\u00fade, principalmente aqueles respons\u00e1veis por inserir as informa\u00e7\u00f5es de cada paciente no aplicativo e-Sus, com a efetiva cobran\u00e7a de lan\u00e7amento imediato da vacina\u00e7\u00e3o contra o CORONAV\u00cdRUS."}, {"id": "2618", "ano": "2021", "numero": "21", "tipo__sigla": "IND", "tipo__descricao": "Indica\u00e7\u00e3o", "autoria": "Rafael Aquino", "texto_original": "http://sapl.bicas.mg.leg.br/media/sapl/public/materialegislativa/2021/2618/ind_21_2021.pdf", "ementa": "Solicito da Administra\u00e7\u00e3o Municipal, atrav\u00e9s da Secretaria de Desenvolvimento Econ\u00f4mico, que estude parcerias com as confec\u00e7\u00f5es e fac\u00e7\u00f5es de nossa cidade, para ofertar prepara\u00e7\u00e3o de m\u00e3o de obra para expans\u00e3o do setor."}, {"id": "2619", "ano": "2021", "numero": "22", "tipo__sigla": "IND", "tipo__descricao": "Indica\u00e7\u00e3o", "autoria": "Rafael Aquino", "texto_original": "http://sapl.bicas.mg.leg.br/media/sapl/public/materialegislativa/2021/2619/ind_22_2021.pdf", "ementa": "Solicito da Administra\u00e7\u00e3o Municipal, atrav\u00e9s da Secretaria de Educa\u00e7\u00e3o, que disponibilize transporte escolar para os alunos do Bairro Gilson Lamha e para aqueles que moram em locais muito distantes da escola, bem como re\u00fana esfor\u00e7os para abrir uma creche municipal no pr\u00e9dio do antigo Samu, para as fam\u00edlias do bairro Gilson Lamha."}, {"id": "2620", "ano": "2021", "numero": "23", "tipo__sigla": "IND", "tipo__descricao": "Indica\u00e7\u00e3o", "autoria": "Melissa Terra", "texto_original": "http://sapl.bicas.mg.leg.br/media/sapl/public/materialegislativa/2021/2620/ind_23_2021.pdf", "ementa": "Que seja feita a limpeza do Parque dos Ferrovi\u00e1rios, em especial no trecho nos arredores da antiga quadra de malha."}, {"id": "2622", "ano": "2021", "numero": "24", "tipo__sigla": "IND", "tipo__descricao": "Indica\u00e7\u00e3o", "autoria": "Melissa Terra", "texto_original": "http://sapl.bicas.mg.leg.br/media/sapl/public/materialegislativa/2021/2622/24.pdf", "ementa": "Que seja instalado dispositivo para reduzir a velocidade no final da Avenida Governador Valadares."}, {"id": "2623", "ano": "2021", "numero": "25", "tipo__sigla": "IND", "tipo__descricao": "Indica\u00e7\u00e3o", "autoria": "Melissa Terra", "texto_original": "http://sapl.bicas.mg.leg.br/media/sapl/public/materialegislativa/2021/2623/25.pdf", "ementa": "Que seja verificada a possibilidade de incluir no grupo priorit\u00e1rio de vacina\u00e7\u00e3o contra Covid19 os profissionais que atuam no cemit\u00e9rio e servi\u00e7os funer\u00e1rios."}, {"id": "2624", "ano": "2021", "numero": "26", "tipo__sigla": "IND", "tipo__descricao": "Indica\u00e7\u00e3o", "autoria": "Melissa Terra", "texto_original": "http://sapl.bicas.mg.leg.br/media/sapl/public/materialegislativa/2021/2624/26.pdf", "ementa": "Que seja designado o mais r\u00e1pido poss\u00edvel servidor para dar continuidade aos atendimentos da junta militar."}, {"id": "2625", "ano": "2021", "numero": "27", "tipo__sigla": "IND", "tipo__descricao": "Indica\u00e7\u00e3o", "autoria": "Paulinho Plantas", "texto_original": "http://sapl.bicas.mg.leg.br/media/sapl/public/materialegislativa/2021/2625/27.pdf", "ementa": "Que seja instalado redutor de velocidade na Rua Jos\u00e9 Padula Sobrinho e Travessa Sebasti\u00e3o Amaro, no Campo do Leopoldina."}, {"id": "2626", "ano": "2021", "numero": "28", "tipo__sigla": "IND", "tipo__descricao": "Indica\u00e7\u00e3o", "autoria": "Paulinho Plantas", "texto_original": "http://sapl.bicas.mg.leg.br/media/", "ementa": "Que seja feita limpeza e desobstru\u00e7\u00e3o na rede de capta\u00e7\u00e3o de \u00e1guas pluviais da Rua Garcia Passos."}, {"id": "2627", "ano": "2021", "numero": "29", "tipo__sigla": "IND", "tipo__descricao": "Indica\u00e7\u00e3o", "autoria": "Paulinho Plantas", "texto_original": "http://sapl.bicas.mg.leg.br/media/", "ementa": "Que o executivo Municipal tome provid\u00eancias quanto ao im\u00f3vel abandonado na Rua da Caixa."}, {"id": "2628", "ano": "2021", "numero": "30", "tipo__sigla": "IND", "tipo__descricao": "Indica\u00e7\u00e3o", "autoria": "Paulinho Plantas", "texto_original": "http://sapl.bicas.mg.leg.br/media/sapl/public/materialegislativa/2021/2628/30.pdf", "ementa": "Que seja colocada placa de carga e descarga na Rua Nilson Batista Vieira, em frente ao n\u00famero 150."}, {"id": "2631", "ano": "2021", "numero": "31", "tipo__sigla": "IND", "tipo__descricao": "Indica\u00e7\u00e3o", "autoria": "Paulinho Plantas", "texto_original": "http://sapl.bicas.mg.leg.br/media/sapl/public/materialegislativa/2021/2631/31.pdf", "ementa": "Que seja terminada a constru\u00e7\u00e3o do passeio na Rua Nilson Batista Vieira no trecho paralelo \u00e0 Rua Lucas Proen\u00e7a, e tamb\u00e9m coloca\u00e7\u00e3o de grade em ambos os lados do passeio e corrim\u00e3o na escadaria que liga as duas ruas."}, {"id": "2632", "ano": "2021", "numero": "32", "tipo__sigla": "IND", "tipo__descricao": "Indica\u00e7\u00e3o", "autoria": "Paulinho Plantas", "texto_original": "http://sapl.bicas.mg.leg.br/media/sapl/public/materialegislativa/2021/2632/32.pdf", "ementa": "Que seja instalada placa de estacionamento rotativo (5 minutos) ao final de Rua Amilcar Verlangieri Rebou\u00e7as."}, {"id": "2633", "ano": "2021", "numero": "33", "tipo__sigla": "IND", "tipo__descricao": "Indica\u00e7\u00e3o", "autoria": "Paulinho Plantas", "texto_original": "http://sapl.bicas.mg.leg.br/media/sapl/public/materialegislativa/2021/2633/33.pdf", "ementa": "Que seja feita a pintura e sinaliza\u00e7\u00e3o do quebra-molas pr\u00f3ximo ao Asilo."}, {"id": "2634", "ano": "2021", "numero": "34", "tipo__sigla": "IND", "tipo__descricao": "Indica\u00e7\u00e3o", "autoria": "Paulinho Plantas", "texto_original": "http://sapl.bicas.mg.leg.br/media/sapl/public/materialegislativa/2021/2634/34.pdf", "ementa": "Que seja instalada placa de carga e descarga em frente \u00e0 Madeireira Redentor."}, {"id": "2635", "ano": "2021", "numero": "35", "tipo__sigla": "IND", "tipo__descricao": "Indica\u00e7\u00e3o", "autoria": "Paulinho Plantas", "texto_original": "http://sapl.bicas.mg.leg.br/media/sapl/public/materialegislativa/2021/2635/35.pdf", "ementa": "Que seja instalado dispositivo redutor de velocidade \u00c0 Rua Francisco Peres, popularmente conhecida como beco da COPASA, e tamb\u00e9m a reinstala\u00e7\u00e3o da placa de sentido \u00fanico em local mais vis\u00edvel."}, {"id": "2636", "ano": "2021", "numero": "36", "tipo__sigla": "IND", "tipo__descricao": "Indica\u00e7\u00e3o", "autoria": "Joel Mil\u00e3o do Cemit\u00e9rio", "texto_original": "http://sapl.bicas.mg.leg.br/media/sapl/public/materialegislativa/2021/2636/36.pdf", "ementa": "Que sejam instalados refletores no pr\u00e9dio que hoje sedia o Conselho da Comunidade."}, {"id": "2637", "ano": "2021", "numero": "37", "tipo__sigla": "IND", "tipo__descricao": "Indica\u00e7\u00e3o", "autoria": "Fernando Bigode", "texto_original": "http://sapl.bicas.mg.leg.br/media/sapl/public/materialegislativa/2021/2637/37.pdf", "ementa": "Que seja retornado o atendimento noturno no PSF da Rua Santa Tereza."}, {"id": "2638", "ano": "2021", "numero": "38", "tipo__sigla": "IND", "tipo__descricao": "Indica\u00e7\u00e3o", "autoria": "Fernando Bigode", "texto_original": "http://sapl.bicas.mg.leg.br/media/sapl/public/materialegislativa/2021/2638/38.pdf", "ementa": "Que seja feita reforma na parte el\u00e9trica do parque de exposi\u00e7\u00e3o."}, {"id": "2639", "ano": "2021", "numero": "39", "tipo__sigla": "IND", "tipo__descricao": "Indica\u00e7\u00e3o", "autoria": "Fernando Bigode", "texto_original": "http://sapl.bicas.mg.leg.br/media/sapl/public/materialegislativa/2021/2639/39.pdf", "ementa": "Que seja instalado toldo no PSF da Rua Santa Tereza."}, {"id": "2640", "ano": "2021", "numero": "40", "tipo__sigla": "IND", "tipo__descricao": "Indica\u00e7\u00e3o", "autoria": "Rafael Aquino", "texto_original": "http://sapl.bicas.mg.leg.br/media/sapl/public/materialegislativa/2021/2640/40.pdf", "ementa": "Solicito da Administra\u00e7\u00e3o Municipal, atrav\u00e9s da Secretaria de Sa\u00fade, que divulgue um cronograma de vacina\u00e7\u00e3o dos idosos, bem como a forma e local que ser\u00e3o realizadas."}, {"id": "2641", "ano": "2021", "numero": "41", "tipo__sigla": "IND", "tipo__descricao": "Indica\u00e7\u00e3o", "autoria": "Rafael Aquino", "texto_original": "http://sapl.bicas.mg.leg.br/media/sapl/public/materialegislativa/2021/2641/41_01.pdf", "ementa": "Solicito da Administra\u00e7\u00e3o Municipal, atrav\u00e9s da Secretaria de Obras, que recomponha parte da rua 8 de mar\u00e7o no bairro Santa Terezinha."}, {"id": "2642", "ano": "2021", "numero": "42", "tipo__sigla": "IND", "tipo__descricao": "Indica\u00e7\u00e3o", "autoria": "Rafael Aquino", "texto_original": "http://sapl.bicas.mg.leg.br/media/sapl/public/materialegislativa/2021/2642/42.pdf", "ementa": "Solicito da Administra\u00e7\u00e3o Municipal, que fa\u00e7a o cancelamento da dota\u00e7\u00e3o or\u00e7ament\u00e1ria destinada ao Carnaval 2021, para utiliza\u00e7\u00e3o na aquisi\u00e7\u00e3o de cestas b\u00e1sicas para as fam\u00edlias de alta vulnerabilidade social, e aquelas que estar\u00e3o sem o aux\u00edlio emergencial."}, {"id": "2672", "ano": "2021", "numero": "43", "tipo__sigla": "IND", "tipo__descricao": "Indica\u00e7\u00e3o", "autoria": "Joel Mil\u00e3o do Cemit\u00e9rio", "texto_original": "http://sapl.bicas.mg.leg.br/media/sapl/public/materialegislativa/2021/2672/43.pdf", "ementa": "Que seja feito o cal\u00e7amento das ruas de nosso munic\u00edpio que ainda n\u00e3o s\u00e3o cal\u00e7adas."}, {"id": "2673", "ano": "2021", "numero": "44", "tipo__sigla": "IND", "tipo__descricao": "Indica\u00e7\u00e3o", "autoria": "Joel Mil\u00e3o do Cemit\u00e9rio", "texto_original": "http://sapl.bicas.mg.leg.br/media/sapl/public/materialegislativa/2021/2673/44.pdf", "ementa": "Que seja feita a troca das l\u00e2mpadas no entorno da quadra do Bairro Edgar Moreira, bem como instala\u00e7\u00e3o de bra\u00e7os de ilumina\u00e7\u00e3o no trecho da subida."}, {"id": "2674", "ano": "2021", "numero": "45", "tipo__sigla": "IND", "tipo__descricao": "Indica\u00e7\u00e3o", "autoria": "Melissa Terra", "texto_original": "http://sapl.bicas.mg.leg.br/media/sapl/public/materialegislativa/2021/2674/45.pdf", "ementa": "Que seja criado um canal eficiente e de f\u00e1cil acesso para a popula\u00e7\u00e3o solicitar reparos na ilumina\u00e7\u00e3o p\u00fablica."}, {"id": "2675", "ano": "2021", "numero": "46", "tipo__sigla": "IND", "tipo__descricao": "Indica\u00e7\u00e3o", "autoria": "Dr. Beto", "texto_original": "http://sapl.bicas.mg.leg.br/media/sapl/public/materialegislativa/2021/2675/46.pdf", "ementa": "Que seja reativado o COMREN."}, {"id": "2676", "ano": "2021", "numero": "47", "tipo__sigla": "IND", "tipo__descricao": "Indica\u00e7\u00e3o", "autoria": "Fernando Joca", "texto_original": "http://sapl.bicas.mg.leg.br/media/sapl/public/materialegislativa/2021/2676/47.pdf", "ementa": "Que seja feito e divulgado pela Secretaria de Sa\u00fade informativo do avan\u00e7o mensal de casos(suspeitos, descartados, em tratamento) e \u00f3bitos por covid em nosso munic\u00edpio, conforme sugest\u00e3o em anexo."}, {"id": "2677", "ano": "2021", "numero": "48", "tipo__sigla": "IND", "tipo__descricao": "Indica\u00e7\u00e3o", "autoria": "Melissa Terra", "texto_original": "http://sapl.bicas.mg.leg.br/media/sapl/public/materialegislativa/2021/2677/48.pdf", "ementa": "Que seja feito o reajuste dos vencimentos dos ACEs e sua inclus\u00e3o na Folha de Pagamento."}, {"id": "2678", "ano": "2021", "numero": "49", "tipo__sigla": "IND", "tipo__descricao": "Indica\u00e7\u00e3o", "autoria": "Marcelo Jardim", "texto_original": "http://sapl.bicas.mg.leg.br/media/sapl/public/materialegislativa/2021/2678/49.pdf", "ementa": "Que seja iniciado o programa \u201cHortas Comunit\u00e1rias\u201d institu\u00eddo pela Lei 1.931 de 26 de mar\u00e7o de 2020."}, {"id": "2679", "ano": "2021", "numero": "50", "tipo__sigla": "IND", "tipo__descricao": "Indica\u00e7\u00e3o", "autoria": "Rafael Aquino", "texto_original": "http://sapl.bicas.mg.leg.br/media/sapl/public/materialegislativa/2021/2679/50.pdf", "ementa": "Solicito da Administra\u00e7\u00e3o Municipal, atrav\u00e9s da Secretaria competente, que feche parcialmente a rua Augusto Rossi aos s\u00e1bados, para realiza\u00e7\u00e3o da Feirinha."}, {"id": "2680", "ano": "2021", "numero": "51", "tipo__sigla": "IND", "tipo__descricao": "Indica\u00e7\u00e3o", "autoria": "Rafael Aquino", "texto_original": "http://sapl.bicas.mg.leg.br/media/sapl/public/materialegislativa/2021/2680/51.pdf", "ementa": "Solicito da Administra\u00e7\u00e3o Municipal, atrav\u00e9s da Secretaria competente, que providencie a manuten\u00e7\u00e3o da torre de TV, bem como inicie conversas com as emissoras com sinal em Bicas, para implementa\u00e7\u00e3o do sinal digital."}, {"id": "2681", "ano": "2021", "numero": "52", "tipo__sigla": "IND", "tipo__descricao": "Indica\u00e7\u00e3o", "autoria": "Loro", "texto_original": "http://sapl.bicas.mg.leg.br/media/sapl/public/materialegislativa/2021/2681/52.pdf", "ementa": "Que a Comiss\u00e3o de Participa\u00e7\u00e3o Popular e Fiscaliza\u00e7\u00e3o da Cidade discuta melhorias no tr\u00e2nsito em nosso munic\u00edpio."}, {"id": "2682", "ano": "2021", "numero": "53", "tipo__sigla": "IND", "tipo__descricao": "Indica\u00e7\u00e3o", "autoria": "Loro", "texto_original": "http://sapl.bicas.mg.leg.br/media/sapl/public/materialegislativa/2021/2682/53.pdf", "ementa": "Que a Comiss\u00e3o de Participa\u00e7\u00e3o Popular e Fiscaliza\u00e7\u00e3o da Cidade discuta a distribui\u00e7\u00e3o e tratamento de \u00e1gua em nosso munic\u00edpio."}, {"id": "2683", "ano": "2021", "numero": "54", "tipo__sigla": "IND", "tipo__descricao": "Indica\u00e7\u00e3o", "autoria": "Paulinho Plantas", "texto_original": "http://sapl.bicas.mg.leg.br/media/sapl/public/materialegislativa/2021/2683/54.pdf", "ementa": "Que seja instaladas lixeiras, bebedouros, dispenser de \u00e1lcool gel e pias para atender aos comerciantes e p\u00fablico da feirinha."}, {"id": "2688", "ano": "2021", "numero": "55", "tipo__sigla": "IND", "tipo__descricao": "Indica\u00e7\u00e3o", "autoria": "Joel Mil\u00e3o do Cemit\u00e9rio", "texto_original": "http://sapl.bicas.mg.leg.br/media/sapl/public/materialegislativa/2021/2688/55.pdf", "ementa": "Que seja feito o monitoramento dos pacientes domiciliares que usam oxig\u00eanio a fim de evitar a falta dele nos fins de semana."}, {"id": "2689", "ano": "2021", "numero": "56", "tipo__sigla": "IND", "tipo__descricao": "Indica\u00e7\u00e3o", "autoria": "Joel Mil\u00e3o do Cemit\u00e9rio", "texto_original": "http://sapl.bicas.mg.leg.br/media/sapl/public/materialegislativa/2021/2689/56.pdf", "ementa": "Que sejam tomadas provid\u00eancias para constru\u00e7\u00e3o de cal\u00e7ada e corrim\u00e3o na descida da Rua Jos\u00e9 Bertelli,"}, {"id": "2690", "ano": "2021", "numero": "57", "tipo__sigla": "IND", "tipo__descricao": "Indica\u00e7\u00e3o", "autoria": "Joel Mil\u00e3o do Cemit\u00e9rio", "texto_original": "http://sapl.bicas.mg.leg.br/media/sapl/public/materialegislativa/2021/2690/57.pdf", "ementa": "Que sejam instaladas lixeiras na pra\u00e7a S\u00e3o Jos\u00e9."}, {"id": "2691", "ano": "2021", "numero": "58", "tipo__sigla": "IND", "tipo__descricao": "Indica\u00e7\u00e3o", "autoria": "Joel Mil\u00e3o do Cemit\u00e9rio", "texto_original": "http://sapl.bicas.mg.leg.br/media/sapl/public/materialegislativa/2021/2691/58.pdf", "ementa": "Que seja feita a instala\u00e7\u00e3o de c\u00e2meras de seguran\u00e7a nas \u00e1reas do munic\u00edpio mais frequentadas, como a rodovi\u00e1ria e a Pra\u00e7a S\u00e3o Jos\u00e9."}, {"id": "2692", "ano": "2021", "numero": "59", "tipo__sigla": "IND", "tipo__descricao": "Indica\u00e7\u00e3o", "autoria": "Paulinho Plantas", "texto_original": "http://sapl.bicas.mg.leg.br/media/sapl/public/materialegislativa/2021/2692/59.pdf", "ementa": "Que seja instalado dispositivo redutor de velocidade \u00e0 Primo Rossi."}, {"id": "2693", "ano": "2021", "numero": "60", "tipo__sigla": "IND", "tipo__descricao": "Indica\u00e7\u00e3o", "autoria": "Paulinho Plantas", "texto_original": "http://sapl.bicas.mg.leg.br/media/sapl/public/materialegislativa/2021/2693/60.pdf", "ementa": "Que seja feito reparo imediato no passeio da Rua Otaviano Rezende, que apresenta risco de deslizamento."}, {"id": "2694", "ano": "2021", "numero": "61", "tipo__sigla": "IND", "tipo__descricao": "Indica\u00e7\u00e3o", "autoria": "Paulinho Plantas", "texto_original": "http://sapl.bicas.mg.leg.br/media/sapl/public/materialegislativa/2021/2694/61.pdf", "ementa": "Que sejam feitas reformas nos equipamentos p\u00fablicos de Santa Helena."}, {"id": "2695", "ano": "2021", "numero": "62", "tipo__sigla": "IND", "tipo__descricao": "Indica\u00e7\u00e3o", "autoria": "Paulinho Plantas", "texto_original": "http://sapl.bicas.mg.leg.br/media/sapl/public/materialegislativa/2021/2695/62.pdf", "ementa": "Que sejam instalados postes de ilumina\u00e7\u00e3o p\u00fablica e dispositivos redutores de velocidade na Rua M\u00e1rio Bolotari que liga a MG126 ao Transporte Coruj\u00e3o."}, {"id": "2696", "ano": "2021", "numero": "63", "tipo__sigla": "IND", "tipo__descricao": "Indica\u00e7\u00e3o", "autoria": "Paulinho Plantas", "texto_original": "http://sapl.bicas.mg.leg.br/media/sapl/public/materialegislativa/2021/2696/63.pdf", "ementa": "Que seja estudado pela Secretaria Municipal de Educa\u00e7\u00e3o os pontos para embarque e desembarque dos alunos do transporte intermunicipal."}, {"id": "2697", "ano": "2021", "numero": "64", "tipo__sigla": "IND", "tipo__descricao": "Indica\u00e7\u00e3o", "autoria": "Fernando Joca", "texto_original": "http://sapl.bicas.mg.leg.br/media/sapl/public/materialegislativa/2021/2697/064_fernando_-_transparencia.docx", "ementa": "Que seja atualizado o portal da transpar\u00eancia e que uma vez feita a atualiza\u00e7\u00e3o, seja sempre mantido em dia."}, {"id": "2698", "ano": "2021", "numero": "65", "tipo__sigla": "IND", "tipo__descricao": "Indica\u00e7\u00e3o", "autoria": "Paulinho Plantas", "texto_original": "http://sapl.bicas.mg.leg.br/media/sapl/public/materialegislativa/2021/2698/65.pdf", "ementa": "Que seja custeado o passe integral (100%) para os alunos do transporte intermunicipal e a extens\u00e3o do programa a outras localidades al\u00e9m de Juiz de Fora."}, {"id": "2699", "ano": "2021", "numero": "66", "tipo__sigla": "IND", "tipo__descricao": "Indica\u00e7\u00e3o", "autoria": "Paulinho Plantas", "texto_original": "http://sapl.bicas.mg.leg.br/media/sapl/public/materialegislativa/2021/2699/66.pdf", "ementa": "Que a Prefeitura viabilize o aux\u00edlio emergencial municipal."}, {"id": "2700", "ano": "2021", "numero": "67", "tipo__sigla": "IND", "tipo__descricao": "Indica\u00e7\u00e3o", "autoria": "Paulinho Plantas", "texto_original": "http://sapl.bicas.mg.leg.br/media/sapl/public/materialegislativa/2021/2700/67.pdf", "ementa": "Que a Prefeitura adquira um caminh\u00e3o acoplado para posicionar ca\u00e7ambas em pontos em obras na cidade."}, {"id": "2701", "ano": "2021", "numero": "68", "tipo__sigla": "IND", "tipo__descricao": "Indica\u00e7\u00e3o", "autoria": "Paulinho Plantas", "texto_original": "http://sapl.bicas.mg.leg.br/media/sapl/public/materialegislativa/2021/2701/68.pdf", "ementa": "Que a Prefeitura coloque postes de ilumina\u00e7\u00e3o e bueiros na rua F do Bairro Gilson Lamha."}, {"id": "2702", "ano": "2021", "numero": "69", "tipo__sigla": "IND", "tipo__descricao": "Indica\u00e7\u00e3o", "autoria": "Joel Mil\u00e3o do Cemit\u00e9rio", "texto_original": "http://sapl.bicas.mg.leg.br/media/sapl/public/materialegislativa/2021/2702/69.pdf", "ementa": "Que fa\u00e7a o cancelamento da dota\u00e7\u00e3o or\u00e7ament\u00e1ria destinada \u00e0 Expobicas para constru\u00e7\u00e3o de capta\u00e7\u00e3o de \u00e1guas (bueiros inteiri\u00e7os) nas Ruas Zima de Souza, Avenida do Contorno e na Avenida Oleg\u00e1rio Maciel, para reduzir a quantidade de \u00e1gua que chega na Prefeito Oliveira Souza."}, {"id": "2703", "ano": "2021", "numero": "70", "tipo__sigla": "IND", "tipo__descricao": "Indica\u00e7\u00e3o", "autoria": "Paulinho Plantas", "texto_original": "http://sapl.bicas.mg.leg.br/media/", "ementa": "Que a Prefeitura execute reformas para melhoria dos vesti\u00e1rios da Quadra do Bairro Gilson Lamha."}, {"id": "2704", "ano": "2021", "numero": "71", "tipo__sigla": "IND", "tipo__descricao": "Indica\u00e7\u00e3o", "autoria": "Paulinho Plantas", "texto_original": "http://sapl.bicas.mg.leg.br/media/sapl/public/materialegislativa/2021/2704/71.pdf", "ementa": "Que a Prefeitura volte a buscar os alunos da Zona rural em suas resid\u00eancias."}, {"id": "2705", "ano": "2021", "numero": "72", "tipo__sigla": "IND", "tipo__descricao": "Indica\u00e7\u00e3o", "autoria": "Paulinho Plantas", "texto_original": "http://sapl.bicas.mg.leg.br/media/sapl/public/materialegislativa/2021/2705/72.pdf", "ementa": "Que seja constru\u00eddo novo parquinho no distrito de Santa Helena."}, {"id": "2706", "ano": "2021", "numero": "73", "tipo__sigla": "IND", "tipo__descricao": "Indica\u00e7\u00e3o", "autoria": "Melissa Terra", "texto_original": "http://sapl.bicas.mg.leg.br/media/sapl/public/materialegislativa/2021/2706/73.pdf", "ementa": "Que seja prorrogado, como no ano passado, o pagamento sem juros do IPTU."}, {"id": "2707", "ano": "2021", "numero": "74", "tipo__sigla": "IND", "tipo__descricao": "Indica\u00e7\u00e3o", "autoria": "Melissa Terra", "texto_original": "http://sapl.bicas.mg.leg.br/media/sapl/public/materialegislativa/2021/2707/74.pdf", "ementa": "Que seja instalado dispositivo redutor de velocidade \u00e0 Rua Santo Ant\u00f4nio, pr\u00f3ximo ao n\u00famero 33, no bairro Todos os Santos."}, {"id": "2708", "ano": "2021", "numero": "75", "tipo__sigla": "IND", "tipo__descricao": "Indica\u00e7\u00e3o", "autoria": "Fernando Bigode", "texto_original": "http://sapl.bicas.mg.leg.br/media/sapl/public/materialegislativa/2021/2708/75.pdf", "ementa": "Que seja feita uma an\u00e1lise da possibilidade de colocar um vigia na Pra\u00e7a da Rede Ferrovi\u00e1ria das 18 \u00e0s 23 horas, de segunda a s\u00e1bado."}, {"id": "2709", "ano": "2021", "numero": "76", "tipo__sigla": "IND", "tipo__descricao": "Indica\u00e7\u00e3o", "autoria": "Joel Mil\u00e3o do Cemit\u00e9rio", "texto_original": "http://sapl.bicas.mg.leg.br/media/sapl/public/materialegislativa/2021/2709/76.pdf", "ementa": "Que seja feita opera\u00e7\u00e3o tapa-buracos nas ruas de nossa cidade."}, {"id": "2710", "ano": "2021", "numero": "77", "tipo__sigla": "IND", "tipo__descricao": "Indica\u00e7\u00e3o", "autoria": "Joel Mil\u00e3o do Cemit\u00e9rio", "texto_original": "http://sapl.bicas.mg.leg.br/media/sapl/public/materialegislativa/2021/2710/77.pdf", "ementa": "Que seja feita a desobstru\u00e7\u00e3o da valeta em frente \u00e0 entrada do Hor\u00e1cio Machado, na estrada para S\u00e3o Jo\u00e3o Nepomuceno."}, {"id": "2711", "ano": "2021", "numero": "78", "tipo__sigla": "IND", "tipo__descricao": "Indica\u00e7\u00e3o", "autoria": "Joel Mil\u00e3o do Cemit\u00e9rio", "texto_original": "http://sapl.bicas.mg.leg.br/media/sapl/public/materialegislativa/2021/2711/78.pdf", "ementa": "Que seja feito o afastamento de rede no poste localizado na Rua Catolino Benedicto Dore, n\u00ba 161 ( Antiga Travessa Camilo Fernandes Alhadas) no Bairro Retto J\u00fanior."}, {"id": "2712", "ano": "2021", "numero": "79", "tipo__sigla": "IND", "tipo__descricao": "Indica\u00e7\u00e3o", "autoria": "Fernando Joca", "texto_original": "http://sapl.bicas.mg.leg.br/media/sapl/public/materialegislativa/2021/2712/79.pdf", "ementa": "Que seja acrescentadoao portal da transpar\u00eancia com as informa\u00e7\u00f5es relativas ao combate da Covid19."}, {"id": "2713", "ano": "2021", "numero": "80", "tipo__sigla": "IND", "tipo__descricao": "Indica\u00e7\u00e3o", "autoria": "Fernando Joca", "texto_original": "http://sapl.bicas.mg.leg.br/media/sapl/public/materialegislativa/2021/2713/80.pdf", "ementa": "Que seja feita vistoria no Leopoldina Atl\u00e9tico Clube para identifica\u00e7\u00e3o e controle de focos de dengue."}, {"id": "2714", "ano": "2021", "numero": "81", "tipo__sigla": "IND", "tipo__descricao": "Indica\u00e7\u00e3o", "autoria": "Paulinho Plantas", "texto_original": "http://sapl.bicas.mg.leg.br/media/sapl/public/materialegislativa/2021/2714/81.pdf", "ementa": "Que seja constru\u00edda rampa de acessibilidade na Rua Melo Viana."}, {"id": "2715", "ano": "2021", "numero": "82", "tipo__sigla": "IND", "tipo__descricao": "Indica\u00e7\u00e3o", "autoria": "Fernando Joca", "texto_original": "http://sapl.bicas.mg.leg.br/media/sapl/public/materialegislativa/2021/2715/82.pdf", "ementa": "Que seja intensificada a capina nos bairros."}, {"id": "2716", "ano": "2021", "numero": "83", "tipo__sigla": "IND", "tipo__descricao": "Indica\u00e7\u00e3o", "autoria": "Melissa Terra", "texto_original": "http://sapl.bicas.mg.leg.br/media/sapl/public/materialegislativa/2021/2716/83.pdf", "ementa": "Que sejam feitas obras para melhoria dos equipamentos p\u00fablicos do horto, al\u00e9m da amplia\u00e7\u00e3o da frequ\u00eancia de limpeza do local."}, {"id": "2717", "ano": "2021", "numero": "84", "tipo__sigla": "IND", "tipo__descricao": "Indica\u00e7\u00e3o", "autoria": "Melissa Terra", "texto_original": "http://sapl.bicas.mg.leg.br/media/sapl/public/materialegislativa/2021/2717/84.pdf", "ementa": "Que seja estuda uma maneira de reduzir o mau cheiro da lixeira instalada na entrada no bairro Gilson Lamha."}, {"id": "2718", "ano": "2021", "numero": "85", "tipo__sigla": "IND", "tipo__descricao": "Indica\u00e7\u00e3o", "autoria": "Fernando Joca", "texto_original": "http://sapl.bicas.mg.leg.br/media/sapl/public/materialegislativa/2021/2718/85.pdf", "ementa": "Que sejam colocadas estacas nas \u00e1rvores plantadas no canteiro entre as ruas Oliveira Souza e Melo Viana."}, {"id": "2719", "ano": "2021", "numero": "86", "tipo__sigla": "IND", "tipo__descricao": "Indica\u00e7\u00e3o", "autoria": "Rafael Aquino", "texto_original": "http://sapl.bicas.mg.leg.br/media/", "ementa": "Solicito da Administra\u00e7\u00e3o Municipal, que envie a esta Casa Legislativa, projeto de lei para altera\u00e7\u00e3o da data base de reajuste do funcionalismo biquense para 01 de janeiro de cada ano."}, {"id": "2720", "ano": "2021", "numero": "87", "tipo__sigla": "IND", "tipo__descricao": "Indica\u00e7\u00e3o", "autoria": "Rafael Aquino", "texto_original": "http://sapl.bicas.mg.leg.br/media/sapl/public/materialegislativa/2021/2720/87.pdf", "ementa": "Solicito da Administra\u00e7\u00e3o Municipal, que proceda a corre\u00e7\u00e3o do ticket alimenta\u00e7\u00e3o, repondo a perda inflacion\u00e1ria do \u00faltimo ano."}, {"id": "2721", "ano": "2021", "numero": "88", "tipo__sigla": "IND", "tipo__descricao": "Indica\u00e7\u00e3o", "autoria": "Rafael Aquino", "texto_original": "http://sapl.bicas.mg.leg.br/media/sapl/public/materialegislativa/2021/2721/88.pdf", "ementa": "Solicito da Administra\u00e7\u00e3o Municipal, atrav\u00e9s da Secretaria de Educa\u00e7\u00e3o, que verifique junto ao Minist\u00e9rio da Cidadania, a possibilidade de inscrever Bicas no projeto \u201cSKATE ESCOLA\u201d."}, {"id": "2725", "ano": "2021", "numero": "89", "tipo__sigla": "IND", "tipo__descricao": "Indica\u00e7\u00e3o", "autoria": "Fernando Bigode", "texto_original": "http://sapl.bicas.mg.leg.br/media/sapl/public/materialegislativa/2021/2725/89.pdf", "ementa": "Que sejam instaladas lixeiras no Parque de Exposi\u00e7\u00f5es no Horto Florestal, para atendimento dos praticantes de atividades f\u00edsicas como caminhada, corrida e pedalada, bem como a limpeza geral destes locais."}, {"id": "2726", "ano": "2021", "numero": "90", "tipo__sigla": "IND", "tipo__descricao": "Indica\u00e7\u00e3o", "autoria": "Fernando Bigode", "texto_original": "http://sapl.bicas.mg.leg.br/media/sapl/public/materialegislativa/2021/2726/90.pdf", "ementa": "Que seja colocada grade nas janelas e corrim\u00e3o de acesso no PSF do Campo do Leopoldina"}, {"id": "2727", "ano": "2021", "numero": "91", "tipo__sigla": "IND", "tipo__descricao": "Indica\u00e7\u00e3o", "autoria": "Paulinho Plantas", "texto_original": "http://sapl.bicas.mg.leg.br/media/sapl/public/materialegislativa/2021/2727/91.pdf", "ementa": "Que sejam ampliadas as salas para atendimento educacional especializado."}, {"id": "2728", "ano": "2021", "numero": "92", "tipo__sigla": "IND", "tipo__descricao": "Indica\u00e7\u00e3o", "autoria": "Paulinho Plantas", "texto_original": "http://sapl.bicas.mg.leg.br/media/sapl/public/materialegislativa/2021/2728/92.pdf", "ementa": "Que seja feita coleta seletiva em nosso munic\u00edpio."}, {"id": "2729", "ano": "2021", "numero": "93", "tipo__sigla": "IND", "tipo__descricao": "Indica\u00e7\u00e3o", "autoria": "Marcelo Jardim", "texto_original": "http://sapl.bicas.mg.leg.br/media/sapl/public/materialegislativa/2021/2729/93.pdf", "ementa": "Que seja instalado redutor de velocidade \u00e0 rua Homero de Souza Mattos, Bairro Leopoldina"}, {"id": "2730", "ano": "2021", "numero": "94", "tipo__sigla": "IND", "tipo__descricao": "Indica\u00e7\u00e3o", "autoria": "Marcelo Jardim", "texto_original": "http://sapl.bicas.mg.leg.br/media/sapl/public/materialegislativa/2021/2730/94.pdf", "ementa": "Que o sentido do tr\u00e2nsito \u00e0 rua Aquiles de Paula, do trecho do cruzamento com a Vereador Cassiano de Ara\u00fajo at\u00e9 a Avenida Bar\u00e3o de Catas Altas seja de m\u00e3o \u00fanica descendo."}, {"id": "2731", "ano": "2021", "numero": "95", "tipo__sigla": "IND", "tipo__descricao": "Indica\u00e7\u00e3o", "autoria": "Marcelo Jardim", "texto_original": "http://sapl.bicas.mg.leg.br/media/sapl/public/materialegislativa/2021/2731/95.pdf", "ementa": "Que seja feito conv\u00eanio com a EMATER-MG para aux\u00edlio dos produtores rurais."}, {"id": "2732", "ano": "2021", "numero": "96", "tipo__sigla": "IND", "tipo__descricao": "Indica\u00e7\u00e3o", "autoria": "Loro", "texto_original": "http://sapl.bicas.mg.leg.br/media/sapl/public/materialegislativa/2021/2732/96.pdf", "ementa": "Que a prefeitura municipal abra Tomada de Contas para averiguar o uso de recursos de combate \u00e0 Covid no exerc\u00edcio anterior."}, {"id": "2733", "ano": "2021", "numero": "97", "tipo__sigla": "IND", "tipo__descricao": "Indica\u00e7\u00e3o", "autoria": "Marcelo Jardim", "texto_original": "http://sapl.bicas.mg.leg.br/media/sapl/public/materialegislativa/2021/2733/97.pdf", "ementa": "Que seja feito o encurtamento da cal\u00e7ada \u00e0 rua Arthur Bernardes no trecho entre a Travessa Ant\u00f4nio Pedro da Cunha e Rua Eug\u00eanio Geraldino Pimentel."}, {"id": "2734", "ano": "2021", "numero": "98", "tipo__sigla": "IND", "tipo__descricao": "Indica\u00e7\u00e3o", "autoria": "Paulinho Plantas", "texto_original": "http://sapl.bicas.mg.leg.br/media/", "ementa": "Que um ve\u00edculo seja lotado no distrito de Santa Helena para atendimento daquela comunidade."}, {"id": "2735", "ano": "2021", "numero": "99", "tipo__sigla": "IND", "tipo__descricao": "Indica\u00e7\u00e3o", "autoria": "Loro", "texto_original": "http://sapl.bicas.mg.leg.br/media/sapl/public/materialegislativa/2021/2735/99.pdf", "ementa": "Que seja reparado a depress\u00e3o na pista no trecho em frente ao n\u00famero 685 da Avenida do Contorno"}, {"id": "2736", "ano": "2021", "numero": "100", "tipo__sigla": "IND", "tipo__descricao": "Indica\u00e7\u00e3o", "autoria": "Fernando Joca", "texto_original": "http://sapl.bicas.mg.leg.br/media/sapl/public/materialegislativa/2021/2736/100.pdf", "ementa": "Solicito ao Prefeito Municipal, atrav\u00e9s da Secretaria de Sa\u00fade que informe sobre a quantidade de vacinas que foram recebidas pela Munic\u00edpio na a 2\u00aa remessa e a rela\u00e7\u00e3o das pessoas que receberam essas vacinas.\r\nAproveito ainda, para mais uma vez, pedir que esses dados sejam disponibilizados no Portal da Transpar\u00eancia, bem como as pessoas que foram beneficiadas com as sobras do primeiro e segundo recebimento."}, {"id": "2737", "ano": "2021", "numero": "101", "tipo__sigla": "IND", "tipo__descricao": "Indica\u00e7\u00e3o", "autoria": "Loro", "texto_original": "http://sapl.bicas.mg.leg.br/media/sapl/public/materialegislativa/2021/2737/101.pdf", "ementa": "Que seja aberta sindic\u00e2ncia para apurar a contrata\u00e7\u00e3o da empresa WS Construtora nos anos de 2018 a 2020."}, {"id": "2738", "ano": "2021", "numero": "102", "tipo__sigla": "IND", "tipo__descricao": "Indica\u00e7\u00e3o", "autoria": "Melissa Terra", "texto_original": "http://sapl.bicas.mg.leg.br/media/sapl/public/materialegislativa/2021/2738/102.pdf", "ementa": "Que seja viabilizada a amplia\u00e7\u00e3o de vagas na creche municipal."}, {"id": "2739", "ano": "2021", "numero": "103", "tipo__sigla": "IND", "tipo__descricao": "Indica\u00e7\u00e3o", "autoria": "Melissa Terra", "texto_original": "http://sapl.bicas.mg.leg.br/media/sapl/public/materialegislativa/2021/2739/103.pdf", "ementa": "Que seja disponibilizado ve\u00edculo para atendimentos domiciliares da Sa\u00fade da Fam\u00edlia, especialmente na Zona Rural."}, {"id": "2740", "ano": "2021", "numero": "104", "tipo__sigla": "IND", "tipo__descricao": "Indica\u00e7\u00e3o", "autoria": "Melissa Terra", "texto_original": "http://sapl.bicas.mg.leg.br/media/sapl/public/materialegislativa/2021/2740/104.pdf", "ementa": "Que o atendimento de Cardiologista na policl\u00ednica seja retomado."}, {"id": "2741", "ano": "2021", "numero": "105", "tipo__sigla": "IND", "tipo__descricao": "Indica\u00e7\u00e3o", "autoria": "Rafael Aquino", "texto_original": "http://sapl.bicas.mg.leg.br/media/sapl/public/materialegislativa/2021/2741/105.pdf", "ementa": "Solicito da Administra\u00e7\u00e3o Municipal, atrav\u00e9s da Secretaria de Fazenda, o agendamento e a realiza\u00e7\u00e3o de Audi\u00eancia P\u00fablica para Avalia\u00e7\u00e3o das Metas fiscais no 3.\u00ba quadrimestre de 2020."}, {"id": "2742", "ano": "2021", "numero": "106", "tipo__sigla": "IND", "tipo__descricao": "Indica\u00e7\u00e3o", "autoria": "Rafael Aquino", "texto_original": "http://sapl.bicas.mg.leg.br/media/sapl/public/materialegislativa/2021/2742/106.pdf", "ementa": "Pela presente indica\u00e7\u00e3o, solicito da Secretaria de Obras, que produza e instale os chamados \u201c Bueiros Inteligentes\u201d nos bueiros de nossa cidade, iniciando pelas ruas onde tem maior incid\u00eancia de enchentes ocasionadas por entupimento dos mesmos."}, {"id": "2743", "ano": "2021", "numero": "107", "tipo__sigla": "IND", "tipo__descricao": "Indica\u00e7\u00e3o", "autoria": "Rafael Aquino", "texto_original": "http://sapl.bicas.mg.leg.br/media/sapl/public/materialegislativa/2021/2743/107.pdf", "ementa": "Solicito da Administra\u00e7\u00e3o Municipal, atrav\u00e9s da Secretaria de Obras, que providencie luz para o p\u00e1tio da Secretaria de Cultura."}, {"id": "2765", "ano": "2021", "numero": "108", "tipo__sigla": "IND", "tipo__descricao": "Indica\u00e7\u00e3o", "autoria": "Melissa Terra", "texto_original": "http://sapl.bicas.mg.leg.br/media/sapl/public/materialegislativa/2021/2765/108.pdf", "ementa": "Que seja reativado o Conselho da Mulher."}, {"id": "2766", "ano": "2021", "numero": "109", "tipo__sigla": "IND", "tipo__descricao": "Indica\u00e7\u00e3o", "autoria": "Fernando Joca", "texto_original": "http://sapl.bicas.mg.leg.br/media/sapl/public/materialegislativa/2021/2766/109.pdf", "ementa": "Solicito ao Prefeito Municipal, atrav\u00e9s da Secretaria de Obras que providencie reparo nos bueiros do Bairro S\u00e3o Pedro, em especial  na Rua Sebasti\u00e3o Croce."}, {"id": "2767", "ano": "2021", "numero": "110", "tipo__sigla": "IND", "tipo__descricao": "Indica\u00e7\u00e3o", "autoria": "Loro", "texto_original": "http://sapl.bicas.mg.leg.br/media/sapl/public/materialegislativa/2021/2767/110.pdf", "ementa": "Que seja reparada a ilumina\u00e7\u00e3o da Pra\u00e7a Jair Longo."}, {"id": "2768", "ano": "2021", "numero": "111", "tipo__sigla": "IND", "tipo__descricao": "Indica\u00e7\u00e3o", "autoria": "Rafael Aquino", "texto_original": "http://sapl.bicas.mg.leg.br/media/sapl/public/materialegislativa/2021/2768/111.pdf", "ementa": "Solicito da Administra\u00e7\u00e3o Municipal, que providencie uniformes para todos os servidores, e EPI para aqueles que desempenham atividades que requerem maior prote\u00e7\u00e3o."}, {"id": "2769", "ano": "2021", "numero": "112", "tipo__sigla": "IND", "tipo__descricao": "Indica\u00e7\u00e3o", "autoria": "Paulinho Plantas", "texto_original": "http://sapl.bicas.mg.leg.br/media/sapl/public/materialegislativa/2021/2769/112.pdf", "ementa": "Que a prefeitura intensifique as medidas de combate \u00e0 Covid com a instala\u00e7\u00e3o de barreiras sanit\u00e1rias, desinfec\u00e7\u00e3o dos pontos de maior, distribui\u00e7\u00e3o de m\u00e1scaras e \u00e1lcool gel para fam\u00edlias carentes e popula\u00e7\u00e3o de rua, e aumento da fiscaliza\u00e7\u00e3o."}, {"id": "2770", "ano": "2021", "numero": "113", "tipo__sigla": "IND", "tipo__descricao": "Indica\u00e7\u00e3o", "autoria": "Fernando Bigode", "texto_original": "http://sapl.bicas.mg.leg.br/media/sapl/public/materialegislativa/2021/2770/113.pdf", "ementa": "Que seja instalado toldo na frente da Farm\u00e1cia Popular."}, {"id": "2771", "ano": "2021", "numero": "114", "tipo__sigla": "IND", "tipo__descricao": "Indica\u00e7\u00e3o", "autoria": "Fernando Bigode", "texto_original": "http://sapl.bicas.mg.leg.br/media/sapl/public/materialegislativa/2021/2771/114.pdf", "ementa": "Que sejafeita revis\u00e3o no telhado e instalado toldo no PSF do Campo do Leopoldina."}, {"id": "2772", "ano": "2021", "numero": "115", "tipo__sigla": "IND", "tipo__descricao": "Indica\u00e7\u00e3o", "autoria": "Fernando Joca", "texto_original": "http://sapl.bicas.mg.leg.br/media/sapl/public/materialegislativa/2021/2772/115.pdf", "ementa": "Solicito ao Prefeito Municipal, atrav\u00e9s da Secretaria de Obras que disponibilize funcion\u00e1rio para ser cuidar da manuten\u00e7\u00e3o da estrada e do Santu\u00e1rio da \u00c1gua Santa."}, {"id": "2773", "ano": "2021", "numero": "116", "tipo__sigla": "IND", "tipo__descricao": "Indica\u00e7\u00e3o", "autoria": "Melissa Terra", "texto_original": "http://sapl.bicas.mg.leg.br/media/sapl/public/materialegislativa/2021/2773/116.pdf", "ementa": "Que seja zerado o valor do IPTU dos estabelecimentos comerciais"}, {"id": "2774", "ano": "2021", "numero": "117", "tipo__sigla": "IND", "tipo__descricao": "Indica\u00e7\u00e3o", "autoria": "Melissa Terra", "texto_original": "http://sapl.bicas.mg.leg.br/media/sapl/public/materialegislativa/2021/2774/117.pdf", "ementa": "Que seja instalada ilumina\u00e7\u00e3o publica na rua F do Bairro Gilson Lamha."}, {"id": "2775", "ano": "2021", "numero": "118", "tipo__sigla": "IND", "tipo__descricao": "Indica\u00e7\u00e3o", "autoria": "Paulinho Plantas", "texto_original": "http://sapl.bicas.mg.leg.br/media/sapl/public/materialegislativa/2021/2775/118.pdf", "ementa": "Que seja reparado o bueiro estourado \u00e0 Rua Nilson Batista Vieira, pr\u00f3ximo ao n\u00famero 165."}, {"id": "2776", "ano": "2021", "numero": "119", "tipo__sigla": "IND", "tipo__descricao": "Indica\u00e7\u00e3o", "autoria": "Paulinho Plantas", "texto_original": "http://sapl.bicas.mg.leg.br/media/sapl/public/materialegislativa/2021/2776/119.pdf", "ementa": "Que seja pago 14\u00ba sal\u00e1rio aos servidores da Sa\u00fade."}, {"id": "2777", "ano": "2021", "numero": "120", "tipo__sigla": "IND", "tipo__descricao": "Indica\u00e7\u00e3o", "autoria": "Loro", "texto_original": "http://sapl.bicas.mg.leg.br/media/sapl/public/materialegislativa/2021/2777/120.pdf", "ementa": "Que seja verificada a ilumina\u00e7\u00e3o p\u00fablica da Rua Aristides de Souza Ramos, no bairro Souza Mattos."}, {"id": "2778", "ano": "2021", "numero": "121", "tipo__sigla": "IND", "tipo__descricao": "Indica\u00e7\u00e3o", "autoria": "Rafael Aquino", "texto_original": "http://sapl.bicas.mg.leg.br/media/sapl/public/materialegislativa/2021/2778/121.pdf", "ementa": "Solicito da Administra\u00e7\u00e3o Municipal, atrav\u00e9s das Secretarias competentes, que voltem a fazer o recolhimento de sucatas e objetos em desuso, com frequ\u00eancia determinada."}, {"id": "2788", "ano": "2021", "numero": "122", "tipo__sigla": "IND", "tipo__descricao": "Indica\u00e7\u00e3o", "autoria": "Joel Mil\u00e3o do Cemit\u00e9rio", "texto_original": "http://sapl.bicas.mg.leg.br/media/sapl/public/materialegislativa/2021/2788/122.pdf", "ementa": "Que seja substitu\u00edda a pavimenta\u00e7\u00e3o da pista no entorno da pra\u00e7a S\u00e3o Jos\u00e9 por blocos intertravados."}, {"id": "2789", "ano": "2021", "numero": "123", "tipo__sigla": "IND", "tipo__descricao": "Indica\u00e7\u00e3o", "autoria": "Fernando Bigode", "texto_original": "http://sapl.bicas.mg.leg.br/media/sapl/public/materialegislativa/2021/2789/123.pdf", "ementa": "Que sejam reparados os buracos no pavimento do parque de exposi\u00e7\u00f5es."}, {"id": "2790", "ano": "2021", "numero": "124", "tipo__sigla": "IND", "tipo__descricao": "Indica\u00e7\u00e3o", "autoria": "Fernando Bigode", "texto_original": "http://sapl.bicas.mg.leg.br/media/sapl/public/materialegislativa/2021/2790/124.pdf", "ementa": "Que seja retomada a aplica\u00e7\u00e3o de \u00e1gua clorada nos pontos de maior movimenta\u00e7\u00e3o."}, {"id": "2791", "ano": "2021", "numero": "125", "tipo__sigla": "IND", "tipo__descricao": "Indica\u00e7\u00e3o", "autoria": "Joel Mil\u00e3o do Cemit\u00e9rio", "texto_original": "http://sapl.bicas.mg.leg.br/media/sapl/public/materialegislativa/2021/2791/125.pdf", "ementa": "Que seja instalado dispositivo redutor de velocidade \u00e0 Rua Jos\u00e9 Francisco Candido da Silva."}, {"id": "2792", "ano": "2021", "numero": "126", "tipo__sigla": "IND", "tipo__descricao": "Indica\u00e7\u00e3o", "autoria": "Paulinho Plantas", "texto_original": "http://sapl.bicas.mg.leg.br/media/sapl/public/materialegislativa/2021/2792/126.pdf", "ementa": "Que seja enviado pessoal t\u00e9cnico para avaliar solu\u00e7\u00e3o para a ponte interditada na zona rural de S\u00e3o Manoel."}, {"id": "2793", "ano": "2021", "numero": "127", "tipo__sigla": "IND", "tipo__descricao": "Indica\u00e7\u00e3o", "autoria": "Melissa Terra", "texto_original": "http://sapl.bicas.mg.leg.br/media/sapl/public/materialegislativa/2021/2793/127.pdf", "ementa": "Que seja intensificada a fiscaliza\u00e7\u00e3o da limpeza de terrenos e lotes particulares em nosso munic\u00edpio."}, {"id": "2794", "ano": "2021", "numero": "128", "tipo__sigla": "IND", "tipo__descricao": "Indica\u00e7\u00e3o", "autoria": "Rafael Aquino", "texto_original": "http://sapl.bicas.mg.leg.br/media/sapl/public/materialegislativa/2021/2794/128.pdf", "ementa": "Solicito da Administra\u00e7\u00e3o Municipal, atrav\u00e9s das Secretarias de Sa\u00fade e Assist\u00eancia Social, que fa\u00e7am nova entrega de m\u00e1scaras e material de higiene para as fam\u00edlias vulner\u00e1veis."}, {"id": "2795", "ano": "2021", "numero": "129", "tipo__sigla": "IND", "tipo__descricao": "Indica\u00e7\u00e3o", "autoria": "Rafael Aquino", "texto_original": "http://sapl.bicas.mg.leg.br/media/sapl/public/materialegislativa/2021/2795/129.pdf", "ementa": "Que seja priorizada a vacina\u00e7\u00e3o de pessoas com s\u00edndrome de Down."}, {"id": "2805", "ano": "2021", "numero": "130", "tipo__sigla": "IND", "tipo__descricao": "Indica\u00e7\u00e3o", "autoria": "Melissa Terra", "texto_original": "http://sapl.bicas.mg.leg.br/media/sapl/public/materialegislativa/2021/2805/130.pdf", "ementa": "Que seja priorizada a vacina\u00e7\u00e3o de pessoas com s\u00edndrome de Down."}, {"id": "2806", "ano": "2021", "numero": "131", "tipo__sigla": "IND", "tipo__descricao": "Indica\u00e7\u00e3o", "autoria": "Melissa Terra", "texto_original": "http://sapl.bicas.mg.leg.br/media/sapl/public/materialegislativa/2021/2806/131.pdf", "ementa": "Que seja retomado o atendimento de Cl\u00ednico Geral e pediatra no Bairro Gilson Lamha."}, {"id": "2807", "ano": "2021", "numero": "132", "tipo__sigla": "IND", "tipo__descricao": "Indica\u00e7\u00e3o", "autoria": "Melissa Terra", "texto_original": "http://sapl.bicas.mg.leg.br/media/sapl/public/materialegislativa/2021/2807/132.pdf", "ementa": "Que seja revitalizada a pra\u00e7a Raul Soares."}, {"id": "2808", "ano": "2021", "numero": "133", "tipo__sigla": "IND", "tipo__descricao": "Indica\u00e7\u00e3o", "autoria": "Paulinho Plantas", "texto_original": "http://sapl.bicas.mg.leg.br/media/sapl/public/materialegislativa/2021/2808/133.pdf", "ementa": "Que seja elaborado Plano de Desenvolvimento Econ\u00f4mico para nosso munic\u00edpio, com a cria\u00e7\u00e3o de um distrito industrial."}, {"id": "2809", "ano": "2021", "numero": "134", "tipo__sigla": "IND", "tipo__descricao": "Indica\u00e7\u00e3o", "autoria": "Paulinho Plantas", "texto_original": "http://sapl.bicas.mg.leg.br/media/sapl/public/materialegislativa/2021/2809/134.pdf", "ementa": "Que seja instalado toldo na frente da policl\u00ednica."}, {"id": "2810", "ano": "2021", "numero": "135", "tipo__sigla": "IND", "tipo__descricao": "Indica\u00e7\u00e3o", "autoria": "Joel Mil\u00e3o do Cemit\u00e9rio", "texto_original": "http://sapl.bicas.mg.leg.br/media/sapl/public/materialegislativa/2021/2810/135.pdf", "ementa": "Que seja feita a expans\u00e3o de rede el\u00e9trica e de esgoto e \u00e1gua no Loteamento Francisco de Oliveira."}, {"id": "2811", "ano": "2021", "numero": "136", "tipo__sigla": "IND", "tipo__descricao": "Indica\u00e7\u00e3o", "autoria": "Rafael Aquino", "texto_original": "http://sapl.bicas.mg.leg.br/media/sapl/public/materialegislativa/2021/2811/136.pdf", "ementa": "Solicito da Administra\u00e7\u00e3o Municipal, atrav\u00e9s da Secretaria de Sa\u00fade, que verifique a possibilidade de antecipar a vacina\u00e7\u00e3o das pessoas portadoras de Autismo, e das com graves MORBIDADES QUE EST\u00c3O ACAMADAS."}, {"id": "2812", "ano": "2021", "numero": "137", "tipo__sigla": "IND", "tipo__descricao": "Indica\u00e7\u00e3o", "autoria": "Rafael Aquino", "texto_original": "http://sapl.bicas.mg.leg.br/media/sapl/public/materialegislativa/2021/2812/137.pdf", "ementa": "Solicito da Administra\u00e7\u00e3o Municipal, atrav\u00e9s da Secretaria de Sa\u00fade, que verifique a possibilidade de antecipar a vacina\u00e7\u00e3o das pessoas portadoras de Autismo, e das com graves MORBIDADES QUE EST\u00c3O ACAMADAS."}, {"id": "2820", "ano": "2021", "numero": "138", "tipo__sigla": "IND", "tipo__descricao": "Indica\u00e7\u00e3o", "autoria": "Paulinho Plantas", "texto_original": "http://sapl.bicas.mg.leg.br/media/sapl/public/materialegislativa/2021/2820/138.pdf", "ementa": "Que seja disponibilizada internet para as fam\u00edlias carentes com crian\u00e7as na rede p\u00fablica de ensino do munic\u00edpio."}, {"id": "2821", "ano": "2021", "numero": "139", "tipo__sigla": "IND", "tipo__descricao": "Indica\u00e7\u00e3o", "autoria": "Paulinho Plantas", "texto_original": "http://sapl.bicas.mg.leg.br/media/sapl/public/materialegislativa/2021/2821/139.pdf", "ementa": "Que seja constru\u00eddo futuramente um centro de conven\u00e7\u00f5es no Bairro Gilson Lamha."}, {"id": "2822", "ano": "2021", "numero": "140", "tipo__sigla": "IND", "tipo__descricao": "Indica\u00e7\u00e3o", "autoria": "Marcelo Jardim", "texto_original": "http://sapl.bicas.mg.leg.br/media/sapl/public/materialegislativa/2021/2822/140.pdf", "ementa": "Que seja dado destaque \u00e0s filas de espera de exames e procedimentos de sa\u00fade no portal da transpar\u00eancia do munic\u00edpio."}, {"id": "2823", "ano": "2021", "numero": "141", "tipo__sigla": "IND", "tipo__descricao": "Indica\u00e7\u00e3o", "autoria": "Melissa Terra", "texto_original": "http://sapl.bicas.mg.leg.br/media/sapl/public/materialegislativa/2021/2823/141.pdf", "ementa": "Que seja reparado o vazamento de esgoto \u00e0 Rua Alameda Santa, pr\u00f3ximo \u00e0 rotat\u00f3ria."}, {"id": "2829", "ano": "2021", "numero": "142", "tipo__sigla": "IND", "tipo__descricao": "Indica\u00e7\u00e3o", "autoria": "Joel Mil\u00e3o do Cemit\u00e9rio", "texto_original": "http://sapl.bicas.mg.leg.br/media/sapl/public/materialegislativa/2021/2829/142.pdf", "ementa": "Que seja desenvolvido um sistema municipal de armazenamento digital de dados e documentos referentes aos procedimentos internos da Administra\u00e7\u00e3o Municipal."}, {"id": "2830", "ano": "2021", "numero": "143", "tipo__sigla": "IND", "tipo__descricao": "Indica\u00e7\u00e3o", "autoria": "Fernando Bigode", "texto_original": "http://sapl.bicas.mg.leg.br/media/sapl/public/materialegislativa/2021/2830/143.pdf", "ementa": "Que seja reparado o telhado da base do SAMU."}, {"id": "2831", "ano": "2021", "numero": "144", "tipo__sigla": "IND", "tipo__descricao": "Indica\u00e7\u00e3o", "autoria": "Fernando Bigode", "texto_original": "http://sapl.bicas.mg.leg.br/media/sapl/public/materialegislativa/2021/2831/144.pdf", "ementa": "Que sejam feitos reparos na bueira (mata-burro de drenagem) na Rua Gil Marques de Souza."}, {"id": "2832", "ano": "2021", "numero": "145", "tipo__sigla": "IND", "tipo__descricao": "Indica\u00e7\u00e3o", "autoria": "Joel Mil\u00e3o do Cemit\u00e9rio", "texto_original": "http://sapl.bicas.mg.leg.br/media/sapl/public/materialegislativa/2021/2832/145.pdf", "ementa": "Que seja reparado com urg\u00eancia as manilhas da Rua C, Bairro Edgar Moreira, que est\u00e3o em imin\u00eancia de cair."}, {"id": "2833", "ano": "2021", "numero": "146", "tipo__sigla": "IND", "tipo__descricao": "Indica\u00e7\u00e3o", "autoria": "Paulinho Plantas", "texto_original": "http://sapl.bicas.mg.leg.br/media/sapl/public/materialegislativa/2021/2833/146.pdf", "ementa": "Que seja feita adequa\u00e7\u00e3o no aux\u00edlio funeral."}, {"id": "2834", "ano": "2021", "numero": "147", "tipo__sigla": "IND", "tipo__descricao": "Indica\u00e7\u00e3o", "autoria": "Paulinho Plantas", "texto_original": "http://sapl.bicas.mg.leg.br/media/sapl/public/materialegislativa/2021/2834/147.pdf", "ementa": "Que seja feito reparo em bueiro localizado \u00e0 entrada da Rua F no bairro Gilson Lamha que h\u00e1 8 anos est\u00e1 em p\u00e9ssimas condi\u00e7\u00f5es."}, {"id": "2835", "ano": "2021", "numero": "148", "tipo__sigla": "IND", "tipo__descricao": "Indica\u00e7\u00e3o", "autoria": "Joel Mil\u00e3o do Cemit\u00e9rio", "texto_original": "http://sapl.bicas.mg.leg.br/media/sapl/public/materialegislativa/2021/2835/148.pdf", "ementa": "Que seja constru\u00eddo meio fio na Rua C, Bairro Edgar Moreira."}, {"id": "2837", "ano": "2021", "numero": "149", "tipo__sigla": "IND", "tipo__descricao": "Indica\u00e7\u00e3o", "autoria": "Marcelo Jardim", "texto_original": "http://sapl.bicas.mg.leg.br/media/sapl/public/materialegislativa/2021/2837/149.pdf", "ementa": "Solicito ao Prefeito Municipal provid\u00eancias para melhorar as condi\u00e7\u00f5es de trabalho ao Consep."}, {"id": "2838", "ano": "2021", "numero": "150", "tipo__sigla": "IND", "tipo__descricao": "Indica\u00e7\u00e3o", "autoria": "Marcelo Jardim", "texto_original": "http://sapl.bicas.mg.leg.br/media/sapl/public/materialegislativa/2021/2838/150.pdf", "ementa": "Que sejam dadas formas de divulga\u00e7\u00e3o alternativas \u00e0 internet ao calend\u00e1rio de vacina\u00e7\u00e3o contra COVID-19."}, {"id": "2839", "ano": "2021", "numero": "151", "tipo__sigla": "IND", "tipo__descricao": "Indica\u00e7\u00e3o", "autoria": "Rafael Aquino", "texto_original": "http://sapl.bicas.mg.leg.br/media/sapl/public/materialegislativa/2021/2839/151.pdf", "ementa": "Solicito da Secretaria Municipal de Sa\u00fade, que continue a vacina\u00e7\u00e3o aos s\u00e1bados."}, {"id": "2840", "ano": "2021", "numero": "152", "tipo__sigla": "IND", "tipo__descricao": "Indica\u00e7\u00e3o", "autoria": "Rafael Aquino", "texto_original": "http://sapl.bicas.mg.leg.br/media/sapl/public/materialegislativa/2021/2840/152.pdf", "ementa": "Solicito da Administra\u00e7\u00e3o Municipal, atrav\u00e9s das Secretaria de Obras e de Assist\u00eancia Social, que estudem a viabilidade de doa\u00e7\u00e3o e constru\u00e7\u00e3o de fog\u00e3o de lenha \u00e0s fam\u00edlias com alta vulnerabilidade social que est\u00e3o com grande dificuldade de se alimentarem e ainda mais de comprar g\u00e1s de cozinha."}, {"id": "2841", "ano": "2021", "numero": "153", "tipo__sigla": "IND", "tipo__descricao": "Indica\u00e7\u00e3o", "autoria": "Rafael Aquino", "texto_original": "http://sapl.bicas.mg.leg.br/media/sapl/public/materialegislativa/2021/2841/153.pdf", "ementa": "Solicito da Secretaria Municipal de Sa\u00fade disponibilize EPI adequado para os profissionais que est\u00e3o fazendo atendimento domiciliares, como por exemplo os Fisioterapeutas, bem como orienta\u00e7\u00e3o para a adequada higieniza\u00e7\u00e3o e outros cuidados para executarem seus servi\u00e7os nas casas dos pacientes."}, {"id": "2842", "ano": "2021", "numero": "154", "tipo__sigla": "IND", "tipo__descricao": "Indica\u00e7\u00e3o", "autoria": "Rafael Aquino", "texto_original": "http://sapl.bicas.mg.leg.br/media/sapl/public/materialegislativa/2021/2842/154.pdf", "ementa": "Solicito da Secretaria Municipal de Educa\u00e7\u00e3o, a possibilidade de refor\u00e7ar o Kit Merenda, principalmente com o fornecimento de pacote de 5kg de arroz."}, {"id": "2843", "ano": "2021", "numero": "155", "tipo__sigla": "IND", "tipo__descricao": "Indica\u00e7\u00e3o", "autoria": "Melissa Terra", "texto_original": "http://sapl.bicas.mg.leg.br/media/sapl/public/materialegislativa/2021/2843/155.pdf", "ementa": "Que seja nivelada a pista da Rua Salvador Ferreira Filho pr\u00f3ximo ao n\u00famero 213."}, {"id": "2844", "ano": "2021", "numero": "156", "tipo__sigla": "IND", "tipo__descricao": "Indica\u00e7\u00e3o", "autoria": "Marcelo Jardim", "texto_original": "http://sapl.bicas.mg.leg.br/media/sapl/public/materialegislativa/2021/2844/156.pdf", "ementa": "Que retorne o sistema de drive-thru para vacina\u00e7\u00e3o contra COVID-19."}, {"id": "2845", "ano": "2021", "numero": "157", "tipo__sigla": "IND", "tipo__descricao": "Indica\u00e7\u00e3o", "autoria": "Fernando Bigode", "texto_original": "http://sapl.bicas.mg.leg.br/media/sapl/public/materialegislativa/2021/2845/157.pdf", "ementa": "Que sejam trocadas as l\u00e2mpadas queimadas no cal\u00e7ad\u00e3o da Reta e na pra\u00e7a do Batalh\u00e3o."}, {"id": "2846", "ano": "2021", "numero": "158", "tipo__sigla": "IND", "tipo__descricao": "Indica\u00e7\u00e3o", "autoria": "Fernando Bigode", "texto_original": "http://sapl.bicas.mg.leg.br/media/sapl/public/materialegislativa/2021/2846/158.pdf", "ementa": "Que seja instalada a placa identificando o PSF DimMotta(PSF da Rua Santa Tereza)"}, {"id": "2847", "ano": "2021", "numero": "159", "tipo__sigla": "IND", "tipo__descricao": "Indica\u00e7\u00e3o", "autoria": "Fernando Bigode", "texto_original": "http://sapl.bicas.mg.leg.br/media/sapl/public/materialegislativa/2021/2847/159.pdf", "ementa": "Que seja colocado guarda corpo na ponte localizada \u00e0 Rua Am\u00e9rico Ribeiro, travessa da Olaria."}, {"id": "2848", "ano": "2021", "numero": "160", "tipo__sigla": "IND", "tipo__descricao": "Indica\u00e7\u00e3o", "autoria": "Melissa Terra", "texto_original": "http://sapl.bicas.mg.leg.br/media/sapl/public/materialegislativa/2021/2848/160.pdf", "ementa": "Que seja feita capina e troca de l\u00e2mpadas no fim da Rua Santa F\u00e9."}, {"id": "2849", "ano": "2021", "numero": "161", "tipo__sigla": "IND", "tipo__descricao": "Indica\u00e7\u00e3o", "autoria": "Paulinho Plantas", "texto_original": "http://sapl.bicas.mg.leg.br/media/sapl/public/materialegislativa/2021/2849/161.pdf", "ementa": "Que seja feita a troca dos postes na Rua da Olaria e a padroniza\u00e7\u00e3o dos  fios de distribui\u00e7\u00e3o de energia el\u00e9trica."}, {"id": "2850", "ano": "2021", "numero": "162", "tipo__sigla": "IND", "tipo__descricao": "Indica\u00e7\u00e3o", "autoria": "Paulinho Plantas", "texto_original": "http://sapl.bicas.mg.leg.br/media/sapl/public/materialegislativa/2021/2850/162.pdf", "ementa": "Solicito a Prefeitura Municipal que providencie  coloca\u00e7\u00e3o de dois postes de ilumina\u00e7\u00e3o em frente ao posto de gasolina \u201cMinateli\u201d. Um em frente \u00e0 casa do Sr. Manoel Messias de Oliveira e o outro em frente ao Hotel Minateli."}, {"id": "2851", "ano": "2021", "numero": "163", "tipo__sigla": "IND", "tipo__descricao": "Indica\u00e7\u00e3o", "autoria": "Paulinho Plantas", "texto_original": "http://sapl.bicas.mg.leg.br/media/sapl/public/materialegislativa/2021/2851/163.pdf", "ementa": "Solicito a Prefeitura Municipal, atrav\u00e9s da secretaria competente, que providencie o cal\u00e7amento da Rua Edson Souza (Rua atr\u00e1s do F\u00f3rum) e a coloca\u00e7\u00e3o de um bra\u00e7o de ilumina\u00e7\u00e3o no poste localizado no local."}, {"id": "2852", "ano": "2021", "numero": "164", "tipo__sigla": "IND", "tipo__descricao": "Indica\u00e7\u00e3o", "autoria": "Joel Mil\u00e3o do Cemit\u00e9rio", "texto_original": "http://sapl.bicas.mg.leg.br/media/sapl/public/materialegislativa/2021/2852/164.pdf", "ementa": "Que seja desobstru\u00eddo o bueiro da Rua Garcia Passos pr\u00f3ximo ao n\u00famero 902."}, {"id": "2853", "ano": "2021", "numero": "165", "tipo__sigla": "IND", "tipo__descricao": "Indica\u00e7\u00e3o", "autoria": "Joel Mil\u00e3o do Cemit\u00e9rio", "texto_original": "http://sapl.bicas.mg.leg.br/media/sapl/public/materialegislativa/2021/2853/165.pdf", "ementa": "Que sejam colocadas nas entradas dos bairros placas de identifica\u00e7\u00e3o com seus respectivos nomes."}, {"id": "2854", "ano": "2021", "numero": "166", "tipo__sigla": "IND", "tipo__descricao": "Indica\u00e7\u00e3o", "autoria": "Paulinho Plantas", "texto_original": "http://sapl.bicas.mg.leg.br/media/sapl/public/materialegislativa/2021/2854/166.pdf", "ementa": "Solicito a Prefeitura Municipal, atrav\u00e9s da secretaria competente, entre em contato com as confec\u00e7\u00f5es instaladas em nosso munic\u00edpio para discutir a destina\u00e7\u00e3o dos retalhos industriais."}, {"id": "2855", "ano": "2021", "numero": "167", "tipo__sigla": "IND", "tipo__descricao": "Indica\u00e7\u00e3o", "autoria": "Rafael Aquino", "texto_original": "http://sapl.bicas.mg.leg.br/media/sapl/public/materialegislativa/2021/2855/167.pdf", "ementa": "Solicito da Secretaria Municipal de Educa\u00e7\u00e3o, a possibilidade de refor\u00e7ar o Kit Merenda, principalmente com o fornecimento de pacote de 5kg de arroz."}, {"id": "2856", "ano": "2021", "numero": "168", "tipo__sigla": "IND", "tipo__descricao": "Indica\u00e7\u00e3o", "autoria": "Rafael Aquino", "texto_original": "http://sapl.bicas.mg.leg.br/media/sapl/public/materialegislativa/2021/2856/168.pdf", "ementa": "Solicito da Secretaria de Sa\u00fade, que utilize as pessoas contratadas para as barreiras sanit\u00e1rias, para atuarem junto a organiza\u00e7\u00e3o das filas de vacina\u00e7\u00e3o. Aproveito a oportunidade para solicitar a ado\u00e7\u00e3o de filas por idades e prioridades para as maiores idades."}, {"id": "2857", "ano": "2021", "numero": "169", "tipo__sigla": "IND", "tipo__descricao": "Indica\u00e7\u00e3o", "autoria": "Rafael Aquino", "texto_original": "http://sapl.bicas.mg.leg.br/media/sapl/public/materialegislativa/2021/2857/169.pdf", "ementa": "Solicito da Administra\u00e7\u00e3o Municipal, atrav\u00e9s das Secretarias de Assist\u00eancia Social e de Sa\u00fade, que informem se definiram datas e forma de realiza\u00e7\u00e3o de suas Confer\u00eancias Municipais que obrigatoriamente devem ser realizadas no ano de 2021."}, {"id": "2860", "ano": "2021", "numero": "170", "tipo__sigla": "IND", "tipo__descricao": "Indica\u00e7\u00e3o", "autoria": "Dr. Beto", "texto_original": "http://sapl.bicas.mg.leg.br/media/sapl/public/materialegislativa/2021/2860/170.pdf", "ementa": "Solicito \u00e0 secretaria de Sa\u00fade a possibilidade de ofertar ao Hospital S\u00e3o Jos\u00e9 de Bicas kits de PCR Covid19, em quantidade a ser acordada entre as institui\u00e7\u00f5es."}, {"id": "2875", "ano": "2021", "numero": "171", "tipo__sigla": "IND", "tipo__descricao": "Indica\u00e7\u00e3o", "autoria": "Joel Mil\u00e3o do Cemit\u00e9rio", "texto_original": "http://sapl.bicas.mg.leg.br/media/sapl/public/materialegislativa/2021/2875/171.pdf", "ementa": "Que seja reinstalada a placa de estacionamento por 15 minutos na rua Santa Tereza."}, {"id": "2876", "ano": "2021", "numero": "172", "tipo__sigla": "IND", "tipo__descricao": "Indica\u00e7\u00e3o", "autoria": "Dr. Beto", "texto_original": "http://sapl.bicas.mg.leg.br/media/sapl/public/materialegislativa/2021/2876/172.pdf", "ementa": "Que seja reativado o COMAD \u2013 Conselho Municipal Anti-drogas."}, {"id": "2877", "ano": "2021", "numero": "173", "tipo__sigla": "IND", "tipo__descricao": "Indica\u00e7\u00e3o", "autoria": "Melissa Terra", "texto_original": "http://sapl.bicas.mg.leg.br/media/sapl/public/materialegislativa/2021/2877/173.pdf", "ementa": "Que seja feita manuten\u00e7\u00e3o nos ventiladores e instala\u00e7\u00e3o de totem dispenser de \u00e1lcool gel capela mortu\u00e1ria do Cemit\u00e9rio Municipal."}, {"id": "2878", "ano": "2021", "numero": "174", "tipo__sigla": "IND", "tipo__descricao": "Indica\u00e7\u00e3o", "autoria": "Paulinho Plantas", "texto_original": "http://sapl.bicas.mg.leg.br/media/sapl/public/materialegislativa/2021/2878/174.pdf", "ementa": "Solicito a Prefeitura Municipal, atrav\u00e9s da secretaria competente, a coloca\u00e7\u00e3o de dois postes de ilumina\u00e7\u00e3o em volta da Pra\u00e7a da Cutieira."}, {"id": "2879", "ano": "2021", "numero": "175", "tipo__sigla": "IND", "tipo__descricao": "Indica\u00e7\u00e3o", "autoria": "Paulinho Plantas", "texto_original": "http://sapl.bicas.mg.leg.br/media/sapl/public/materialegislativa/2021/2879/175.pdf", "ementa": "Que seja cimentada a cal\u00e7ada da Rua Maria Marques. Aproveitando a oportunidade solicito ainda, a coloca\u00e7\u00e3o de quatro postes de ilumina\u00e7\u00e3o no local."}, {"id": "2880", "ano": "2021", "numero": "176", "tipo__sigla": "IND", "tipo__descricao": "Indica\u00e7\u00e3o", "autoria": "Joel Mil\u00e3o do Cemit\u00e9rio", "texto_original": "http://sapl.bicas.mg.leg.br/media/sapl/public/materialegislativa/2021/2880/176.pdf", "ementa": "Que seja reparada e nivelada a estrada Rural da fazenda Hava\u00ed."}, {"id": "2881", "ano": "2021", "numero": "177", "tipo__sigla": "IND", "tipo__descricao": "Indica\u00e7\u00e3o", "autoria": "Paulinho Plantas", "texto_original": "http://sapl.bicas.mg.leg.br/media/sapl/public/materialegislativa/2021/2881/177.pdf", "ementa": "Que seja feita uma reforma na pintura na Escola Municipal Dr. Matheus."}, {"id": "2882", "ano": "2021", "numero": "178", "tipo__sigla": "IND", "tipo__descricao": "Indica\u00e7\u00e3o", "autoria": "Loro", "texto_original": "http://sapl.bicas.mg.leg.br/media/sapl/public/materialegislativa/2021/2882/178.pdf", "ementa": "Que a secretaria competente verifique a depress\u00e3o existente na esquina da Avenida Prefeito Oliveira Souza com a Rua Capit\u00e3o Jos\u00e9 Oliveira Souza"}, {"id": "2883", "ano": "2021", "numero": "179", "tipo__sigla": "IND", "tipo__descricao": "Indica\u00e7\u00e3o", "autoria": "Joel Mil\u00e3o do Cemit\u00e9rio", "texto_original": "http://sapl.bicas.mg.leg.br/media/sapl/public/materialegislativa/2021/2883/179.pdf", "ementa": "Que sejam removidos ou adequados os quebra-molas irregulares instalados na rua Captulino Benedicto Dore."}, {"id": "2884", "ano": "2021", "numero": "180", "tipo__sigla": "IND", "tipo__descricao": "Indica\u00e7\u00e3o", "autoria": "Fernando Joca", "texto_original": "http://sapl.bicas.mg.leg.br/media/sapl/public/materialegislativa/2021/2884/180.pdf", "ementa": "Solicito ao Prefeito Municipal, atrav\u00e9s da Secretaria competente que fiscalize o cumprimento da lei de tempo na fila de espera dos bancos(Lei n\u00ba 1.734, de 01 de outubro de 2015)"}, {"id": "2885", "ano": "2021", "numero": "181", "tipo__sigla": "IND", "tipo__descricao": "Indica\u00e7\u00e3o", "autoria": "Melissa Terra", "texto_original": "http://sapl.bicas.mg.leg.br/media/sapl/public/materialegislativa/2021/2885/181.pdf", "ementa": "Que sejam distribu\u00eddas senhas nas filas de vacina\u00e7\u00e3o contra Covid-19 e que as filas para primeira e segunda dose sejam separadas."}, {"id": "2886", "ano": "2021", "numero": "182", "tipo__sigla": "IND", "tipo__descricao": "Indica\u00e7\u00e3o", "autoria": "Fernando Bigode", "texto_original": "http://sapl.bicas.mg.leg.br/media/sapl/public/materialegislativa/2021/2886/182.pdf", "ementa": "Que seja feita poda das \u00e1rvores na cutieira."}, {"id": "2887", "ano": "2021", "numero": "183", "tipo__sigla": "IND", "tipo__descricao": "Indica\u00e7\u00e3o", "autoria": "Fernando Bigode", "texto_original": "http://sapl.bicas.mg.leg.br/media/sapl/public/materialegislativa/2021/2887/183.pdf", "ementa": "Que seja reparado o bra\u00e7o de ilumina\u00e7\u00e3o na Rua Angelino Mariano, em frente \u00e0 delegacia e a substitui\u00e7\u00e3o de l\u00e2mpada no poste ao lado."}, {"id": "2888", "ano": "2021", "numero": "184", "tipo__sigla": "IND", "tipo__descricao": "Indica\u00e7\u00e3o", "autoria": "Joel Mil\u00e3o do Cemit\u00e9rio", "texto_original": "http://sapl.bicas.mg.leg.br/media/sapl/public/materialegislativa/2021/2888/184.pdf", "ementa": "Que seja feita fiscaliza\u00e7\u00e3o presencial do cumprimento do Minas Consciente nas confec\u00e7\u00f5es de nosso munic\u00edpio."}, {"id": "2889", "ano": "2021", "numero": "185", "tipo__sigla": "IND", "tipo__descricao": "Indica\u00e7\u00e3o", "autoria": "Paulinho Plantas", "texto_original": "http://sapl.bicas.mg.leg.br/media/sapl/public/materialegislativa/2021/2889/185.pdf", "ementa": "Solicito do Executivo Municipal, atrav\u00e9s da secretaria competente, que providencie a limpeza e que realize as melhorias necess\u00e1rias na estrada que d\u00e1 acesso \u00e0 \u201cCh\u00e1cara do Lim\u00e3o\u201d no Distrito de S\u00e3o Manoel."}, {"id": "2890", "ano": "2021", "numero": "186", "tipo__sigla": "IND", "tipo__descricao": "Indica\u00e7\u00e3o", "autoria": "Paulinho Plantas", "texto_original": "http://sapl.bicas.mg.leg.br/media/sapl/public/materialegislativa/2021/2890/186.pdf", "ementa": "Solicito do Executivo Municipal, atrav\u00e9s da secretaria competente, que tome providencias em rela\u00e7\u00e3o a grande quantidade de pombos na Policl\u00ednica e na \u00e1rea da Fisioterapia."}, {"id": "2891", "ano": "2021", "numero": "187", "tipo__sigla": "IND", "tipo__descricao": "Indica\u00e7\u00e3o", "autoria": "Paulinho Plantas", "texto_original": "http://sapl.bicas.mg.leg.br/media/sapl/public/materialegislativa/2021/2891/187_2.pdf", "ementa": "Solicito da Secretaria de Sa\u00fade que verifique a viabilidade de mudar o local de vacina\u00e7\u00e3o da Escola Municipal Dejanira Fonseca, Creche Municipal para o Parque de Exposi\u00e7\u00f5es."}, {"id": "2892", "ano": "2021", "numero": "188", "tipo__sigla": "IND", "tipo__descricao": "Indica\u00e7\u00e3o", "autoria": "Melissa Terra", "texto_original": "http://sapl.bicas.mg.leg.br/media/sapl/public/materialegislativa/2021/2892/188.pdf", "ementa": "Que a secretaria competente promova a retirada de lixo e entulho \u00e0 Rua Nilson Batista Vieira, pr\u00f3ximo ao n\u00famero 137."}, {"id": "2893", "ano": "2021", "numero": "189", "tipo__sigla": "IND", "tipo__descricao": "Indica\u00e7\u00e3o", "autoria": "Rafael Aquino", "texto_original": "http://sapl.bicas.mg.leg.br/media/sapl/public/materialegislativa/2021/2893/189.pdf", "ementa": "O Vereador que a esta subscreve, requer, que ap\u00f3s a tramita\u00e7\u00e3o regimental, seja encaminhada a mat\u00e9ria em ep\u00edgrafe e a seguir discriminada:"}, {"id": "2894", "ano": "2021", "numero": "190", "tipo__sigla": "IND", "tipo__descricao": "Indica\u00e7\u00e3o", "autoria": "Marcelo Jardim", "texto_original": "http://sapl.bicas.mg.leg.br/media/sapl/public/materialegislativa/2021/2894/190.pdf", "ementa": "Apresento este pedido pois a subida \u00e9 muito \u00edngreme e o cal\u00e7amento escorregadio. Com o asfaltamento ficar\u00e1 mais f\u00e1cil o tr\u00e2nsito."}, {"id": "2895", "ano": "2021", "numero": "191", "tipo__sigla": "IND", "tipo__descricao": "Indica\u00e7\u00e3o", "autoria": "Marcelo Jardim", "texto_original": "http://sapl.bicas.mg.leg.br/media/sapl/public/materialegislativa/2021/2895/191.pdf", "ementa": "Solicito ao Prefeito Municipal que disponibilize varredor para limpeza da rua Homero de Souza Mattos."}, {"id": "2896", "ano": "2021", "numero": "192", "tipo__sigla": "IND", "tipo__descricao": "Indica\u00e7\u00e3o", "autoria": "Paulinho Plantas", "texto_original": "http://sapl.bicas.mg.leg.br/media/sapl/public/materialegislativa/2021/2896/192.pdf", "ementa": "Que a Prefeitura fa\u00e7a contato com o DNITT para que seja colocado novamente o radar no treco em frente \u00e0 Tittoneli Ve\u00edculos."}, {"id": "2913", "ano": "2021", "numero": "193", "tipo__sigla": "IND", "tipo__descricao": "Indica\u00e7\u00e3o", "autoria": "Joel Mil\u00e3o do Cemit\u00e9rio", "texto_original": "http://sapl.bicas.mg.leg.br/media/sapl/public/materialegislativa/2021/2913/193.pdf", "ementa": "Que seja feita a remo\u00e7\u00e3o dos dizeres administra\u00e7\u00e3o 2016-2020 dos ve\u00edculos municipais."}, {"id": "2914", "ano": "2021", "numero": "194", "tipo__sigla": "IND", "tipo__descricao": "Indica\u00e7\u00e3o", "autoria": "Melissa Terra", "texto_original": "http://sapl.bicas.mg.leg.br/media/sapl/public/materialegislativa/2021/2914/194.pdf", "ementa": "Que a secretaria competente elabore o Plano De Mobilidade E Acessibilidade Urbana(PMU)."}, {"id": "2915", "ano": "2021", "numero": "195", "tipo__sigla": "IND", "tipo__descricao": "Indica\u00e7\u00e3o", "autoria": "Melissa Terra", "texto_original": "http://sapl.bicas.mg.leg.br/media/sapl/public/materialegislativa/2021/2915/195.pdf", "ementa": "Que seja instalado redutor de velocidade na Avenida Augusto Rossi."}, {"id": "2916", "ano": "2021", "numero": "196", "tipo__sigla": "IND", "tipo__descricao": "Indica\u00e7\u00e3o", "autoria": "Paulinho Plantas", "texto_original": "http://sapl.bicas.mg.leg.br/media/sapl/public/materialegislativa/2021/2916/196.pdf", "ementa": "Solicito do Executivo Municipal, atrav\u00e9s da secretaria competente, a disponibiliza\u00e7\u00e3o de mais um m\u00e9dico pediatra para atendimento nas unidades b\u00e1sicas de sa\u00fade municipal."}, {"id": "2917", "ano": "2021", "numero": "197", "tipo__sigla": "IND", "tipo__descricao": "Indica\u00e7\u00e3o", "autoria": "Rafael Aquino", "texto_original": "http://sapl.bicas.mg.leg.br/media/sapl/public/materialegislativa/2021/2917/197.pdf", "ementa": "Solicito da Comiss\u00e3o de Finan\u00e7as, Legisla\u00e7\u00e3o e Justi\u00e7a, fa\u00e7a uma an\u00e1lise, caso ainda exista tempo h\u00e1bil, ouvindo o departamento de Meio Ambiente da prefeitura Municipal de Bicas, para enviar sugest\u00f5es para o projeto PL que prev\u00ea a cria\u00e7\u00e3o de unidades regionais de saneamento b\u00e1sico em Minas Gerais."}, {"id": "2918", "ano": "2021", "numero": "198", "tipo__sigla": "IND", "tipo__descricao": "Indica\u00e7\u00e3o", "autoria": "Rafael Aquino", "texto_original": "http://sapl.bicas.mg.leg.br/media/sapl/public/materialegislativa/2021/2918/198.pdf", "ementa": "Solicito da Administra\u00e7\u00e3o Municipal, atrav\u00e9s da Secretaria de Sa\u00fade, que ative o Comit\u00ea de enfrentamento ao Covid-19, para fortalecimento das a\u00e7\u00f5es com participa\u00e7\u00e3o de \u00e1reas t\u00e9cnicas e da sociedade com seus diversos representantes."}, {"id": "2919", "ano": "2021", "numero": "199", "tipo__sigla": "IND", "tipo__descricao": "Indica\u00e7\u00e3o", "autoria": "Rafael Aquino", "texto_original": "http://sapl.bicas.mg.leg.br/media/sapl/public/materialegislativa/2021/2919/199.pdf", "ementa": "Solicito da Administra\u00e7\u00e3o Municipal, atrav\u00e9s da Secretaria de Sa\u00fade, que cobre e/ou promova a testagem dos funcion\u00e1rios e atendentes de estabelecimentos de grande circula\u00e7\u00e3o, como bancos, supermercados, mercados, mercearias e bares."}, {"id": "2920", "ano": "2021", "numero": "200", "tipo__sigla": "IND", "tipo__descricao": "Indica\u00e7\u00e3o", "autoria": "Rafael Aquino", "texto_original": "http://sapl.bicas.mg.leg.br/media/sapl/public/materialegislativa/2021/2920/200.pdf", "ementa": "Solicito da Administra\u00e7\u00e3o Municipal, atrav\u00e9s da Secretaria de Sa\u00fade, a intensifica\u00e7\u00e3o da fiscaliza\u00e7\u00e3o, e a retomada de campanhas de conscientiza\u00e7\u00e3o com carro de som e faixas, para alertar o momento que estamos e combater a alta propaga\u00e7\u00e3o existente no momento em nossa"}, {"id": "2921", "ano": "2021", "numero": "201", "tipo__sigla": "IND", "tipo__descricao": "Indica\u00e7\u00e3o", "autoria": "Marcelo Jardim", "texto_original": "http://sapl.bicas.mg.leg.br/media/sapl/public/materialegislativa/2021/2921/201.pdf", "ementa": "Solicito da Administra\u00e7\u00e3o Municipal, atrav\u00e9s da Secretaria de Sa\u00fade, a vacina\u00e7\u00e3o dos funcion\u00e1rios p\u00fablicos do munic\u00edpio."}, {"id": "2922", "ano": "2021", "numero": "202", "tipo__sigla": "IND", "tipo__descricao": "Indica\u00e7\u00e3o", "autoria": "Rafael Aquino", "texto_original": "http://sapl.bicas.mg.leg.br/media/sapl/public/materialegislativa/2021/2922/202.pdf", "ementa": "Solicito da Secretaria Municipal de sa\u00fade, que fa\u00e7a a vacina\u00e7\u00e3o de todas as pessoas hipertensas, independente do grau, bem como de todas as gestantes e pu\u00e9rperas, independente de comorbidades."}, {"id": "2924", "ano": "2021", "numero": "203", "tipo__sigla": "IND", "tipo__descricao": "Indica\u00e7\u00e3o", "autoria": "Joel Mil\u00e3o do Cemit\u00e9rio", "texto_original": "http://sapl.bicas.mg.leg.br/media/sapl/public/materialegislativa/2021/2924/203.pdf", "ementa": "Que seja fornecido EPI e ferramentas manuais para os servidores da secretaria de obras."}, {"id": "2925", "ano": "2021", "numero": "205", "tipo__sigla": "IND", "tipo__descricao": "Indica\u00e7\u00e3o", "autoria": "Fernando Bigode", "texto_original": "http://sapl.bicas.mg.leg.br/media/sapl/public/materialegislativa/2021/2925/205.pdf", "ementa": "Que seja aberto um retorno para uso do SAMU no encontro da Rua C\u00f4nego Pio com Rua dos Oper\u00e1rios."}, {"id": "2926", "ano": "2021", "numero": "206", "tipo__sigla": "IND", "tipo__descricao": "Indica\u00e7\u00e3o", "autoria": "Paulinho Plantas", "texto_original": "http://sapl.bicas.mg.leg.br/media/", "ementa": "Solicito do Executivo Municipal, atrav\u00e9s da secretaria competente, a limpeza geral da Rua Jos\u00e9 Darcy Tavares, no trecho pr\u00f3ximo ao antigo portal da \u00e1gua Santa."}, {"id": "2927", "ano": "2021", "numero": "207", "tipo__sigla": "IND", "tipo__descricao": "Indica\u00e7\u00e3o", "autoria": "Joel Mil\u00e3o do Cemit\u00e9rio", "texto_original": "http://sapl.bicas.mg.leg.br/media/sapl/public/materialegislativa/2021/2927/207.pdf", "ementa": "Que sejam tomadas provid\u00eancias quanto aos usu\u00e1rios de drogas instalados no parque dos ferrovi\u00e1rios."}, {"id": "2928", "ano": "2021", "numero": "208", "tipo__sigla": "IND", "tipo__descricao": "Indica\u00e7\u00e3o", "autoria": "Joel Mil\u00e3o do Cemit\u00e9rio", "texto_original": "http://sapl.bicas.mg.leg.br/media/sapl/public/materialegislativa/2021/2928/208.pdf", "ementa": "Que seja instalado dispositivo de redu\u00e7\u00e3o de velocidade na Avenida Prefeito Oliveira Souza, no trecho que faz a liga\u00e7\u00e3o com a Rua Melo Viana em frente ao Col\u00e9gio Estadual."}, {"id": "2929", "ano": "2021", "numero": "209", "tipo__sigla": "IND", "tipo__descricao": "Indica\u00e7\u00e3o", "autoria": "Joel Mil\u00e3o do Cemit\u00e9rio", "texto_original": "http://sapl.bicas.mg.leg.br/media/sapl/public/materialegislativa/2021/2929/210.pdf", "ementa": "Que seja instalado dispositivo de redu\u00e7\u00e3o de velocidade na Avenida Prefeito Oliveira Souza, no trecho que faz a liga\u00e7\u00e3o com a Rua Melo Viana em frente ao Col\u00e9gio Estadual."}, {"id": "2930", "ano": "2021", "numero": "210", "tipo__sigla": "IND", "tipo__descricao": "Indica\u00e7\u00e3o", "autoria": "Paulinho Plantas", "texto_original": "http://sapl.bicas.mg.leg.br/media/sapl/public/materialegislativa/2021/2930/210.pdf", "ementa": "Que a Secretaria Competente d\u00ea aten\u00e7\u00e3o ao trecho da rodovia MG 126 KM 57, onde foi feita a limpeza mas os galhos de \u00e1rvores foram deixados no local."}, {"id": "2931", "ano": "2021", "numero": "211", "tipo__sigla": "IND", "tipo__descricao": "Indica\u00e7\u00e3o", "autoria": "Melissa Terra", "texto_original": "http://sapl.bicas.mg.leg.br/media/sapl/public/materialegislativa/2021/2931/211.pdf", "ementa": "Que a Secretaria Competente d\u00ea aten\u00e7\u00e3o ao trecho da rodovia MG 126 KM 57, onde foi feita a limpeza mas os galhos de \u00e1rvores foram deixados no local."}, {"id": "2932", "ano": "2021", "numero": "212", "tipo__sigla": "IND", "tipo__descricao": "Indica\u00e7\u00e3o", "autoria": "Rafael Aquino", "texto_original": "http://sapl.bicas.mg.leg.br/media/sapl/public/materialegislativa/2021/2932/212.pdf", "ementa": "Solicito da Secretaria Municipal de Sa\u00fade, que fa\u00e7a ades\u00e3o ao aplicativo Sa\u00fade Digital, com a funcionalidade de cadastro e agendamento de vacina\u00e7\u00e3o contra a Covid-19."}, {"id": "2933", "ano": "2021", "numero": "213", "tipo__sigla": "IND", "tipo__descricao": "Indica\u00e7\u00e3o", "autoria": "Paulinho Plantas", "texto_original": "http://sapl.bicas.mg.leg.br/media/sapl/public/materialegislativa/2021/2933/213.pdf", "ementa": "Solicito da administra\u00e7\u00e3o municipal, atrav\u00e9s da Secretaria Municipal de sa\u00fade, que, em conjunto com os estabelecimentos de maior circula\u00e7\u00e3o como bancos, lot\u00e9rica e supermercados, fa\u00e7a a desinfec\u00e7\u00e3o dos mesmos nos finais de semana."}, {"id": "2934", "ano": "2021", "numero": "214", "tipo__sigla": "IND", "tipo__descricao": "Indica\u00e7\u00e3o", "autoria": "Rafael Aquino", "texto_original": "http://sapl.bicas.mg.leg.br/media/sapl/public/materialegislativa/2021/2934/214.pdf", "ementa": "Solicito da Administra\u00e7\u00e3o Municipal, atrav\u00e9s das secretarias competentes, que destine um \u00fanico local, regras mais claras, e reajuste da taxa cobrada para comerciantes ambulantes que vem de fora da cidade."}, {"id": "2935", "ano": "2021", "numero": "215", "tipo__sigla": "IND", "tipo__descricao": "Indica\u00e7\u00e3o", "autoria": "Rafael Aquino", "texto_original": "http://sapl.bicas.mg.leg.br/media/sapl/public/materialegislativa/2021/2935/215.pdf", "ementa": "Solicito o envio de requerimento \u00e0 Secretaria de Estado da Sa\u00fade, no sentido de reivindicar que sejam enviadas as vacinas da Pfizer/Biontec para a cidade de Juiz de Fora, liberando assim mais vacinas Coronavac e Astrazeneca para Bicas e para os demais munic\u00edpios da regional de Juiz de Fora-MG."}, {"id": "2936", "ano": "2021", "numero": "216", "tipo__sigla": "IND", "tipo__descricao": "Indica\u00e7\u00e3o", "autoria": "Loro", "texto_original": "http://sapl.bicas.mg.leg.br/media/sapl/public/materialegislativa/2021/2936/216.pdf", "ementa": "Que seja encaminhado of\u00edcio \u00e0 Secretaria de Estado de Sa\u00fade, \u00e0 Ger\u00eancia Regional de Sa\u00fade, \u00e0 Presid\u00eancia do CISDESTE e \u00e0 Promotoria de Sa\u00fade de Juiz de Fora, solicitando a inclus\u00e3o do Hospital S\u00e3o Jos\u00e9 de Bicas como refer\u00eancia no sistema do SAMU."}, {"id": "2937", "ano": "2021", "numero": "217", "tipo__sigla": "IND", "tipo__descricao": "Indica\u00e7\u00e3o", "autoria": "Loro", "texto_original": "http://sapl.bicas.mg.leg.br/media/sapl/public/materialegislativa/2021/2937/217.pdf", "ementa": "Que seja encaminhado of\u00edcio ao Minist\u00e9rio da Sa\u00fade e \u00e0s Presid\u00eancias do Senado Federal e da C\u00e2mara dos Deputados, apelando para que seja feita revis\u00e3o da tabela do Sistema \u00fanico de Sa\u00fade \u2013 SUS."}, {"id": "2938", "ano": "2021", "numero": "218", "tipo__sigla": "IND", "tipo__descricao": "Indica\u00e7\u00e3o", "autoria": "Melissa Terra", "texto_original": "http://sapl.bicas.mg.leg.br/media/sapl/public/materialegislativa/2021/2938/218.pdf", "ementa": "Que seja executada uma a\u00e7\u00e3o de limpeza do local onde fica instalada a feirinha municipal na v\u00e9spera de sua instala\u00e7\u00e3o."}, {"id": "2939", "ano": "2021", "numero": "219", "tipo__sigla": "IND", "tipo__descricao": "Indica\u00e7\u00e3o", "autoria": "Loro", "texto_original": "http://sapl.bicas.mg.leg.br/media/sapl/public/materialegislativa/2021/2939/219.pdf", "ementa": "Que seja solicitado \u00e0 Secretaria de Sa\u00fade, na medida do poss\u00edvel, que sejam inseridos dentre os profissionais a serem priorizados na vacina\u00e7\u00e3o contra a COVID-19, os taxistas do Munic\u00edpio."}, {"id": "2948", "ano": "2021", "numero": "220", "tipo__sigla": "IND", "tipo__descricao": "Indica\u00e7\u00e3o", "autoria": "Joel Mil\u00e3o do Cemit\u00e9rio", "texto_original": "http://sapl.bicas.mg.leg.br/media/sapl/public/materialegislativa/2021/2948/220.pdf", "ementa": "Que seja feito novo laudo para pagamento de adicional de insalubridade."}, {"id": "2949", "ano": "2021", "numero": "221", "tipo__sigla": "IND", "tipo__descricao": "Indica\u00e7\u00e3o", "autoria": "Melissa Terra", "texto_original": "http://sapl.bicas.mg.leg.br/media/sapl/public/materialegislativa/2021/2949/221.pdf", "ementa": "Que seja instalada ilumina\u00e7\u00e3o na escada que liga a rua da COPASA at\u00e9 a Rua Prefeito Oliveira Souza."}, {"id": "2950", "ano": "2021", "numero": "222", "tipo__sigla": "IND", "tipo__descricao": "Indica\u00e7\u00e3o", "autoria": "Paulinho Plantas", "texto_original": "http://sapl.bicas.mg.leg.br/media/sapl/public/materialegislativa/2021/2950/222.pdf", "ementa": "Que seja aberto pela Prefeitura chamamento p\u00fablico para aumentar a oferta de vagas nas cl\u00ednicas de reabilita\u00e7\u00e3o."}, {"id": "2951", "ano": "2021", "numero": "223", "tipo__sigla": "IND", "tipo__descricao": "Indica\u00e7\u00e3o", "autoria": "", "texto_original": "http://sapl.bicas.mg.leg.br/media/sapl/public/materialegislativa/2021/2951/223.pdf", "ementa": "Que a prefeitura disponibilize atendimento psicol\u00f3gico para as pessoas que est\u00e3o trabalhando no combate ao Covid-19, tanto no setor p\u00fablico quanto privado."}, {"id": "2952", "ano": "2021", "numero": "224", "tipo__sigla": "IND", "tipo__descricao": "Indica\u00e7\u00e3o", "autoria": "Fernando Joca", "texto_original": "http://sapl.bicas.mg.leg.br/media/sapl/public/materialegislativa/2021/2952/224.pdf", "ementa": "Solicito \u00e0 Presid\u00eancia desta Casa que crie um canal para receber reclama\u00e7\u00f5es e sugest\u00f5es da popula\u00e7\u00e3o sobre o Covid."}, {"id": "2953", "ano": "2021", "numero": "225", "tipo__sigla": "IND", "tipo__descricao": "Indica\u00e7\u00e3o", "autoria": "Joel Mil\u00e3o do Cemit\u00e9rio", "texto_original": "http://sapl.bicas.mg.leg.br/media/sapl/public/materialegislativa/2021/2953/225.pdf", "ementa": "Que seja instalada travessia elevada de pedestres pr\u00f3ximo ao Girip\u00e3o"}, {"id": "2954", "ano": "2021", "numero": "226", "tipo__sigla": "IND", "tipo__descricao": "Indica\u00e7\u00e3o", "autoria": "Fernando Joca", "texto_original": "http://sapl.bicas.mg.leg.br/media/sapl/public/materialegislativa/2021/2954/226.pdf", "ementa": "Solicito ao prefeito que coloque todas as r\u00e1dios de nossa cidade fazendo campanha contra o coronav\u00edrus."}, {"id": "2955", "ano": "2021", "numero": "228", "tipo__sigla": "IND", "tipo__descricao": "Indica\u00e7\u00e3o", "autoria": "Paulinho Plantas", "texto_original": "http://sapl.bicas.mg.leg.br/media/", "ementa": "Que o Exmo. Sr. Prefeito Municipal fa\u00e7a com que as m\u00e1quinas e caminh\u00f5es da prefeitura trabalhem nos fins de semana."}, {"id": "2956", "ano": "2021", "numero": "230", "tipo__sigla": "IND", "tipo__descricao": "Indica\u00e7\u00e3o", "autoria": "Joel Mil\u00e3o do Cemit\u00e9rio", "texto_original": "http://sapl.bicas.mg.leg.br/media/sapl/public/materialegislativa/2021/2956/230.pdf", "ementa": "Que seja tomada provid\u00eancias quanto ao im\u00f3vel abandonado \u00e0 rua Gentil Corr\u00eaa de Almeida, 310."}, {"id": "2957", "ano": "2021", "numero": "232", "tipo__sigla": "IND", "tipo__descricao": "Indica\u00e7\u00e3o", "autoria": "Fernando Joca", "texto_original": "http://sapl.bicas.mg.leg.br/media/sapl/public/materialegislativa/2021/2957/232.pdf", "ementa": "Que o ve\u00edculo que faz o alerta para o cumprimento das determina\u00e7\u00f5es de combate ao coronav\u00edrus seja equipado com microfone para advertir pessoas que estejam sem m\u00e1scara ou com m\u00e1scara fora do padr\u00e3o de uso."}, {"id": "2958", "ano": "2021", "numero": "233", "tipo__sigla": "IND", "tipo__descricao": "Indica\u00e7\u00e3o", "autoria": "Melissa Terra", "texto_original": "http://sapl.bicas.mg.leg.br/media/sapl/public/materialegislativa/2021/2958/233.pdf", "ementa": "Que sejam feitas melhorias no atendimento a suspeitos de Covid-19 na policl\u00ednica."}, {"id": "2971", "ano": "2021", "numero": "234", "tipo__sigla": "IND", "tipo__descricao": "Indica\u00e7\u00e3o", "autoria": "Melissa Terra", "texto_original": "http://sapl.bicas.mg.leg.br/media/sapl/public/materialegislativa/2021/2971/234.pdf", "ementa": "Que seja solicitado ao Prefeito Municipal, determinar ao Departamento de Sa\u00fade a cria\u00e7\u00e3o de um ambulat\u00f3rio m\u00e9dico com equipe multidisciplinar (Neuropediatra, psic\u00f3logo, fisioterapeuta, nutricionista, fonoaudi\u00f3logo, terapeuta e assistente social) para atendimento de crian\u00e7as com necessidades especiais."}, {"id": "2972", "ano": "2021", "numero": "235", "tipo__sigla": "IND", "tipo__descricao": "Indica\u00e7\u00e3o", "autoria": "Melissa Terra", "texto_original": "http://sapl.bicas.mg.leg.br/media/sapl/public/materialegislativa/2021/2972/235.pdf", "ementa": "Solicito que seja providenciada a aquisi\u00e7\u00e3o de um ve\u00edculo adaptado para atender os portadores de necessidades especiais."}, {"id": "2973", "ano": "2021", "numero": "236", "tipo__sigla": "IND", "tipo__descricao": "Indica\u00e7\u00e3o", "autoria": "Fernando Bigode", "texto_original": "http://sapl.bicas.mg.leg.br/media/sapl/public/materialegislativa/2021/2973/236.pdf", "ementa": "Que sejam replantadas algumas \u00e1rvores que morreram e recomposta a grama do canteiro existente na Rua Melo Viana."}, {"id": "2974", "ano": "2021", "numero": "237", "tipo__sigla": "IND", "tipo__descricao": "Indica\u00e7\u00e3o", "autoria": "Paulinho Plantas", "texto_original": "http://sapl.bicas.mg.leg.br/media/sapl/public/materialegislativa/2021/2974/237.pdf", "ementa": "Que o Exmo. Sr. Prefeito Municipal fa\u00e7a chegar \u00e1gua, luz e cal\u00e7amento \u00e0 Rua Clarinda de Oliveira Pereira, at\u00e9 a altura do n\u00famero 104."}, {"id": "2975", "ano": "2021", "numero": "238", "tipo__sigla": "IND", "tipo__descricao": "Indica\u00e7\u00e3o", "autoria": "Melissa Terra", "texto_original": "http://sapl.bicas.mg.leg.br/media/sapl/public/materialegislativa/2021/2975/238.pdf", "ementa": "Solicito que seja providenciada a instala\u00e7\u00e3o de lixeiras ao longo do cal\u00e7ad\u00e3o da rua Melo Viana."}, {"id": "2976", "ano": "2021", "numero": "239", "tipo__sigla": "IND", "tipo__descricao": "Indica\u00e7\u00e3o", "autoria": "Joel Mil\u00e3o do Cemit\u00e9rio", "texto_original": "http://sapl.bicas.mg.leg.br/media/sapl/public/materialegislativa/2021/2976/239.pdf", "ementa": "Que o poder executivo municipal estude a situa\u00e7\u00e3o do loteamento do chapad\u00e3o e se re\u00fana com o loteador para buscar a solu\u00e7\u00e3o dos diversos problemas de infraestrutura do local."}, {"id": "2977", "ano": "2021", "numero": "240", "tipo__sigla": "IND", "tipo__descricao": "Indica\u00e7\u00e3o", "autoria": "Joel Mil\u00e3o do Cemit\u00e9rio", "texto_original": "http://sapl.bicas.mg.leg.br/media/sapl/public/materialegislativa/2021/2977/240.pdf", "ementa": "Que seja instalada ilumina\u00e7\u00e3o p\u00fablica na rua em frente ao PSF da Retta \u2013 estrada do s\u00edtio do Wandinho."}, {"id": "2978", "ano": "2021", "numero": "241", "tipo__sigla": "IND", "tipo__descricao": "Indica\u00e7\u00e3o", "autoria": "Paulinho Plantas", "texto_original": "http://sapl.bicas.mg.leg.br/media/sapl/public/materialegislativa/2021/2978/241.pdf", "ementa": "Que o Exmo. Sr. Prefeito Municipal fa\u00e7a com que seja feito o cal\u00e7amento e a instala\u00e7\u00e3o de postes de luz no trecho manilhado em frente \u00e0 Casa de Carnes Santa Tereza."}, {"id": "2979", "ano": "2021", "numero": "242", "tipo__sigla": "IND", "tipo__descricao": "Indica\u00e7\u00e3o", "autoria": "Melissa Terra", "texto_original": "http://sapl.bicas.mg.leg.br/media/sapl/public/materialegislativa/2021/2979/242.pdf", "ementa": "Solicito que seja feita capina e nivelamento na estrada do Atha\u00edde."}, {"id": "2980", "ano": "2021", "numero": "243", "tipo__sigla": "IND", "tipo__descricao": "Indica\u00e7\u00e3o", "autoria": "Marcelo Jardim", "texto_original": "http://sapl.bicas.mg.leg.br/media/sapl/public/materialegislativa/2021/2980/243.pdf", "ementa": "Que seja priorizada a vacina\u00e7\u00e3o dos membros do CONSEP"}, {"id": "2981", "ano": "2021", "numero": "244", "tipo__sigla": "IND", "tipo__descricao": "Indica\u00e7\u00e3o", "autoria": "Marcelo Jardim", "texto_original": "http://sapl.bicas.mg.leg.br/media/sapl/public/materialegislativa/2021/2981/244.pdf", "ementa": "Que seja dada aten\u00e7\u00e3o ao estoque de fraldas geri\u00e1tricas para distribui\u00e7\u00e3o."}, {"id": "2982", "ano": "2021", "numero": "245", "tipo__sigla": "IND", "tipo__descricao": "Indica\u00e7\u00e3o", "autoria": "Rafael Aquino", "texto_original": "http://sapl.bicas.mg.leg.br/media/sapl/public/materialegislativa/2021/2982/245.pdf", "ementa": "Solicito da Administra\u00e7\u00e3o Municipal e da Secretaria de Sa\u00fade, que elaborem protocolos a serem implementados para os diversos setores de servi\u00e7os e atendimento ao p\u00fablico no munic\u00edpio de Bicas."}, {"id": "2983", "ano": "2021", "numero": "246", "tipo__sigla": "IND", "tipo__descricao": "Indica\u00e7\u00e3o", "autoria": "Rafael Aquino", "texto_original": "http://sapl.bicas.mg.leg.br/media/sapl/public/materialegislativa/2021/2983/246.pdf", "ementa": "Solicito da Administra\u00e7\u00e3o Municipal e da Secretaria de Sa\u00fade, que enviem todos os relat\u00f3rios das den\u00fancias recebidas pelo disk den\u00fancia 32 99880-2269, ao Minist\u00e9rio p\u00fablico."}, {"id": "3000", "ano": "2021", "numero": "247", "tipo__sigla": "IND", "tipo__descricao": "Indica\u00e7\u00e3o", "autoria": "Joel Mil\u00e3o do Cemit\u00e9rio", "texto_original": "http://sapl.bicas.mg.leg.br/media/sapl/public/materialegislativa/2021/3000/247.pdf", "ementa": "Que seja feito o gramasso entre os t\u00famulos do cemit\u00e9rio municipal, a constru\u00e7\u00e3o de um ossu\u00e1rio e uma c\u00e2mara fria."}, {"id": "3001", "ano": "2021", "numero": "248", "tipo__sigla": "IND", "tipo__descricao": "Indica\u00e7\u00e3o", "autoria": "Paulinho Plantas", "texto_original": "http://sapl.bicas.mg.leg.br/media/sapl/public/materialegislativa/2021/3001/248.pdf", "ementa": "Que o Exmo. Sr. Prefeito Municipal ordene as seguintes melhorias para atender aos feirantes em nosso munic\u00edpio:\r\n1) a pintura dos pilares da academia popular da Rua C\u00f4nego Pio\r\n2) A constru\u00e7\u00e3o do contrapiso do lado esquerdo da academia.\r\n3) a instala\u00e7\u00e3o de ao menos duas pias para os feirantes poderem lavar as m\u00e3os.\r\n4) a coloca\u00e7\u00e3o de 4 ou 5 tambores de lixo."}, {"id": "3002", "ano": "2021", "numero": "249", "tipo__sigla": "IND", "tipo__descricao": "Indica\u00e7\u00e3o", "autoria": "Paulinho Plantas", "texto_original": "http://sapl.bicas.mg.leg.br/media/", "ementa": "Que o Exmo. Sr. Prefeito Municipal que na medida do poss\u00edvel siga a constru\u00e7\u00e3o dopasseio na rua da Copasa at\u00e9 a entrada do escrit\u00f3rio."}, {"id": "3003", "ano": "2021", "numero": "250", "tipo__sigla": "IND", "tipo__descricao": "Indica\u00e7\u00e3o", "autoria": "Joel Mil\u00e3o do Cemit\u00e9rio", "texto_original": "http://sapl.bicas.mg.leg.br/media/sapl/public/materialegislativa/2021/3003/250.pdf", "ementa": "Que seja realizada a limpeza e a devida canaliza\u00e7\u00e3o da mina no bairro Gilson Lamha, pr\u00f3xima \u00e0 quadra."}, {"id": "3004", "ano": "2021", "numero": "251", "tipo__sigla": "IND", "tipo__descricao": "Indica\u00e7\u00e3o", "autoria": "Joel Mil\u00e3o do Cemit\u00e9rio", "texto_original": "http://sapl.bicas.mg.leg.br/media/sapl/public/materialegislativa/2021/3004/251.pdf", "ementa": "Que o barranco ao fim da Rua Jo\u00e3o Paulo II no bairro Gilson Lamha seja devidamente contido."}, {"id": "3005", "ano": "2021", "numero": "252", "tipo__sigla": "IND", "tipo__descricao": "Indica\u00e7\u00e3o", "autoria": "Joel Mil\u00e3o do Cemit\u00e9rio", "texto_original": "http://sapl.bicas.mg.leg.br/media/sapl/public/materialegislativa/2021/3005/252.pdf", "ementa": "Que seja corrigido o manilhamento ao fim da rua Garcia Passos, pr\u00f3ximo aos fundos do dep\u00f3sito de constru\u00e7\u00e3o do Manoel Pedreiro."}, {"id": "3006", "ano": "2021", "numero": "253", "tipo__sigla": "IND", "tipo__descricao": "Indica\u00e7\u00e3o", "autoria": "Joel Mil\u00e3o do Cemit\u00e9rio", "texto_original": "http://sapl.bicas.mg.leg.br/media/sapl/public/materialegislativa/2021/3006/253.pdf", "ementa": "Que seja asfaltado o morro que d\u00e1 acesso ao Edgar Moreira, bem como os demais morros \u00edngremes de nossa cidade."}, {"id": "3007", "ano": "2021", "numero": "254", "tipo__sigla": "IND", "tipo__descricao": "Indica\u00e7\u00e3o", "autoria": "Joel Mil\u00e3o do Cemit\u00e9rio", "texto_original": "http://sapl.bicas.mg.leg.br/media/sapl/public/materialegislativa/2021/3007/254.pdf", "ementa": "Que seja reparada a cobertura do ponto de taxi da pra\u00e7a Raul Soares."}, {"id": "3008", "ano": "2021", "numero": "255", "tipo__sigla": "IND", "tipo__descricao": "Indica\u00e7\u00e3o", "autoria": "Joel Mil\u00e3o do Cemit\u00e9rio", "texto_original": "http://sapl.bicas.mg.leg.br/media/sapl/public/materialegislativa/2021/3008/255.pdf", "ementa": "Que seja reparado o ve\u00edculo placa PYE-5985 que est\u00e1 com problemas de rolamento e caixa."}, {"id": "3009", "ano": "2021", "numero": "256", "tipo__sigla": "IND", "tipo__descricao": "Indica\u00e7\u00e3o", "autoria": "Joel Mil\u00e3o do Cemit\u00e9rio", "texto_original": "http://sapl.bicas.mg.leg.br/media/sapl/public/materialegislativa/2021/3009/256.pdf", "ementa": "Que seja disponibilizado local espec\u00edfico para que as fam\u00edlias que assim o desejarem sepultem seus entes queridos que vieram \u00e0 \u00f3bito por conta da Covid-19."}, {"id": "3010", "ano": "2021", "numero": "257", "tipo__sigla": "IND", "tipo__descricao": "Indica\u00e7\u00e3o", "autoria": "Melissa Terra", "texto_original": "http://sapl.bicas.mg.leg.br/media/sapl/public/materialegislativa/2021/3010/257.pdf", "ementa": "Que o ve\u00edculo disponibilizado para atendimento de Sa\u00fade na zona rural seja utilizado apenas para este fim."}, {"id": "3011", "ano": "2021", "numero": "258", "tipo__sigla": "IND", "tipo__descricao": "Indica\u00e7\u00e3o", "autoria": "Marcelo Jardim", "texto_original": "http://sapl.bicas.mg.leg.br/media/sapl/public/materialegislativa/2021/3011/258.pdf", "ementa": "Que seja constru\u00edda cobertura no ponto de taxi da rodovi\u00e1ria."}, {"id": "3012", "ano": "2021", "numero": "259", "tipo__sigla": "IND", "tipo__descricao": "Indica\u00e7\u00e3o", "autoria": "Joel Mil\u00e3o do Cemit\u00e9rio", "texto_original": "http://sapl.bicas.mg.leg.br/media/sapl/public/materialegislativa/2021/3012/259.pdf", "ementa": "Que seja desentupido o bueiro \u00e0 rua Clarimundo de Oliveira pr\u00f3ximo ao n\u00famero 5."}, {"id": "3013", "ano": "2021", "numero": "260", "tipo__sigla": "IND", "tipo__descricao": "Indica\u00e7\u00e3o", "autoria": "Fernando Bigode", "texto_original": "http://sapl.bicas.mg.leg.br/media/sapl/public/materialegislativa/2021/3013/260.pdf", "ementa": "Que se recomponha a porteira retirada do lado mata-burro na subida para os Machados, na divisa entre as posses do \u201cMurilo Gouveia\u201d e \u201cSerginho da Perdig\u00e3o\u201d e a limpeza do mata-burro."}, {"id": "3014", "ano": "2021", "numero": "261", "tipo__sigla": "IND", "tipo__descricao": "Indica\u00e7\u00e3o", "autoria": "Rafael Aquino", "texto_original": "http://sapl.bicas.mg.leg.br/media/sapl/public/materialegislativa/2021/3014/261.pdf", "ementa": "Solicito do Departamento de Cultura, e o de Turismo de Bicas, que fa\u00e7am a divulga\u00e7\u00e3o e o aux\u00edlio para que nossos produtores audio visuais possam participar do Edital da Secretaria de estado de Cultura e Turismo, para levar o nome de nossa cidade e difundir a beleza e os encantos de Bicas, nossas potencialidades tur\u00edsticas e belas hist\u00f3rias."}, {"id": "3015", "ano": "2021", "numero": "262", "tipo__sigla": "IND", "tipo__descricao": "Indica\u00e7\u00e3o", "autoria": "Rafael Aquino", "texto_original": "http://sapl.bicas.mg.leg.br/media/sapl/public/materialegislativa/2021/3015/262.pdf", "ementa": "Solicito da Secretaria Municipal de sa\u00fade, que ap\u00f3s a vacina\u00e7\u00e3o das pessoas com comorbidades, inicie a vacina\u00e7\u00e3o do Grupo de 18 a 59 anos por escalas de idade, paralelamente aos profissionais da educa\u00e7\u00e3o."}, {"id": "3016", "ano": "2021", "numero": "263", "tipo__sigla": "IND", "tipo__descricao": "Indica\u00e7\u00e3o", "autoria": "Paulinho Plantas", "texto_original": "http://sapl.bicas.mg.leg.br/media/sapl/public/materialegislativa/2021/3016/263.pdf", "ementa": "Que o Exmo. Sr. Prefeito Municipal que possibilite a vacina\u00e7\u00e3o dos frentistas como grupo priorit\u00e1rio."}, {"id": "3031", "ano": "2021", "numero": "264", "tipo__sigla": "IND", "tipo__descricao": "Indica\u00e7\u00e3o", "autoria": "Melissa Terra", "texto_original": "http://sapl.bicas.mg.leg.br/media/", "ementa": "Que seja feita a vacina\u00e7\u00e3o dos professores de cursos livres e dos residentes em nosso munic\u00edpio que n\u00e3o lecionam em nossa cidade."}, {"id": "3032", "ano": "2021", "numero": "265", "tipo__sigla": "IND", "tipo__descricao": "Indica\u00e7\u00e3o", "autoria": "Fernando Joca", "texto_original": "http://sapl.bicas.mg.leg.br/media/sapl/public/materialegislativa/2021/3032/265.pdf", "ementa": "Solicito que seja refeito o passeio na Rua Otaviano Rezende, no trecho ao longo do c\u00f3rrego S\u00e3o Jos\u00e9 at\u00e9 o encontro com a rua Nec\u00e9sio Silva."}, {"id": "3033", "ano": "2021", "numero": "266", "tipo__sigla": "IND", "tipo__descricao": "Indica\u00e7\u00e3o", "autoria": "Fernando Joca", "texto_original": "http://sapl.bicas.mg.leg.br/media/sapl/public/materialegislativa/2021/3033/266.pdf", "ementa": "Solicito ao Prefeito Municipal que disponibilize um ajudante para os trabalhos da M\u00e1quina Patrol(motoniveladora) que conserta as estradas rurais e que os servi\u00e7os sejam melhorados na hora de sua execu\u00e7\u00e3o."}, {"id": "3034", "ano": "2021", "numero": "267", "tipo__sigla": "IND", "tipo__descricao": "Indica\u00e7\u00e3o", "autoria": "Fernando Joca", "texto_original": "http://sapl.bicas.mg.leg.br/media/sapl/public/materialegislativa/2021/3034/267.pdf", "ementa": "Solicito a Secretaria de Sa\u00fade que complete o gr\u00e1fico do \u201cvacin\u00f4metro\u201d com as doses em estoque bem como as doses extras das sobras e o total geral."}, {"id": "3035", "ano": "2021", "numero": "268", "tipo__sigla": "IND", "tipo__descricao": "Indica\u00e7\u00e3o", "autoria": "Fernando Joca", "texto_original": "http://sapl.bicas.mg.leg.br/media/sapl/public/materialegislativa/2021/3035/268.pdf", "ementa": "Solicito \u00e0 Presid\u00eancia da C\u00e2mara que providencie a impress\u00e3o da lei org\u00e2nica e do regimento interno para disponibilizar aos cidad\u00e3os."}, {"id": "3036", "ano": "2021", "numero": "269", "tipo__sigla": "IND", "tipo__descricao": "Indica\u00e7\u00e3o", "autoria": "Fernando Joca", "texto_original": "http://sapl.bicas.mg.leg.br/media/sapl/public/materialegislativa/2021/3036/269.pdf", "ementa": "Solicito \u00e0 Presid\u00eancia da C\u00e2mara que nomeie comiss\u00e3o para revis\u00e3o do Regimento Interno."}, {"id": "3037", "ano": "2021", "numero": "270", "tipo__sigla": "IND", "tipo__descricao": "Indica\u00e7\u00e3o", "autoria": "Melissa Terra", "texto_original": "http://sapl.bicas.mg.leg.br/media/sapl/public/materialegislativa/2021/3037/270.pdf", "ementa": "Que seja concedida Revis\u00e3o Geral Anual aos servidores da Prefeitura, e que seja fixada data-base id\u00eantica ao do sal\u00e1rio-m\u00ednimo."}, {"id": "3038", "ano": "2021", "numero": "271", "tipo__sigla": "IND", "tipo__descricao": "Indica\u00e7\u00e3o", "autoria": "Marcelo Jardim", "texto_original": "http://sapl.bicas.mg.leg.br/media/sapl/public/materialegislativa/2021/3038/271.pdf", "ementa": "Que sejam inclu\u00eddos no grupo priorit\u00e1rio de vacina\u00e7\u00e3o contra Covid19 os carteiros."}, {"id": "3039", "ano": "2021", "numero": "272", "tipo__sigla": "IND", "tipo__descricao": "Indica\u00e7\u00e3o", "autoria": "Paulinho Plantas", "texto_original": "http://sapl.bicas.mg.leg.br/media/sapl/public/materialegislativa/2021/3039/272.pdf", "ementa": "Que o Exmo. Sr. Prefeito Municipal providencie a troca de l\u00e2mpadas na pra\u00e7a do Campo do Leopoldina, pr\u00f3ximo ao trailer do X-Saraca, no escad\u00e3o Pr\u00f3ximo ao asilo e na Avenida Governador Valadares pr\u00f3ximo ao parque de exposi\u00e7\u00f5es."}, {"id": "3040", "ano": "2021", "numero": "273", "tipo__sigla": "IND", "tipo__descricao": "Indica\u00e7\u00e3o", "autoria": "Paulinho Plantas", "texto_original": "http://sapl.bicas.mg.leg.br/media/sapl/public/materialegislativa/2021/3040/273.pdf", "ementa": "Que o Exmo. Sr. Prefeito Municipal, dentro das disponibilidades financeiras e or\u00e7ament\u00e1rias, realize edital para cadastrar empresas de nossa cidade para receber os valores destinados \u00e0s subven\u00e7\u00f5es econ\u00f4micas existentes nas leis de incentivo."}, {"id": "3041", "ano": "2021", "numero": "274", "tipo__sigla": "IND", "tipo__descricao": "Indica\u00e7\u00e3o", "autoria": "Joel Mil\u00e3o do Cemit\u00e9rio", "texto_original": "http://sapl.bicas.mg.leg.br/media/sapl/public/materialegislativa/2021/3041/274.pdf", "ementa": "Que seja retirada a placa de Exclusivo Sa\u00fade ao lado da Prefeitura Municipal."}, {"id": "3042", "ano": "2021", "numero": "275", "tipo__sigla": "IND", "tipo__descricao": "Indica\u00e7\u00e3o", "autoria": "Rafael Aquino", "texto_original": "http://sapl.bicas.mg.leg.br/media/sapl/public/materialegislativa/2021/3042/275.pdf", "ementa": "Solicito da Secretaria Municipal de sa\u00fade, que a partir da pr\u00f3xima remessa recebida de vacinas, cumpra determina\u00e7\u00e3o do Governo do estado em imunizar as lactantes, e mantenha um percentual das doses para vacina\u00e7\u00e3o das pessoas com comorbidades."}, {"id": "3049", "ano": "2021", "numero": "276", "tipo__sigla": "IND", "tipo__descricao": "Indica\u00e7\u00e3o", "autoria": "Melissa Terra", "texto_original": "http://sapl.bicas.mg.leg.br/media/sapl/public/materialegislativa/2021/3049/276.pdf", "ementa": "Que seja feita limpeza do C\u00f3rrego em S\u00e3o Manoel."}, {"id": "3050", "ano": "2021", "numero": "277", "tipo__sigla": "IND", "tipo__descricao": "Indica\u00e7\u00e3o", "autoria": "Fernando Joca", "texto_original": "http://sapl.bicas.mg.leg.br/media/sapl/public/materialegislativa/2021/3050/277.pdf", "ementa": "Solicito \u00e0 Secretaria de Obras que ap\u00f3s a capina das ruas e lotes, fa\u00e7a o recolhimento dos res\u00edduos das capinas, pois eles ficam amontoados e est\u00e3o colocando fogo neles."}, {"id": "3051", "ano": "2021", "numero": "278", "tipo__sigla": "IND", "tipo__descricao": "Indica\u00e7\u00e3o", "autoria": "Joel Mil\u00e3o do Cemit\u00e9rio", "texto_original": "http://sapl.bicas.mg.leg.br/media/", "ementa": "Que seja feita a coleta de lixo no fim da Rua Athaide Suriano Pereira."}, {"id": "3052", "ano": "2021", "numero": "279", "tipo__sigla": "IND", "tipo__descricao": "Indica\u00e7\u00e3o", "autoria": "Joel Mil\u00e3o do Cemit\u00e9rio", "texto_original": "http://sapl.bicas.mg.leg.br/media/sapl/public/materialegislativa/2021/3052/279.pdf", "ementa": "Que a Prefeitura Municipal determine um local espec\u00edfico para que os pipeiros possam utilizar em suas atividades."}, {"id": "3053", "ano": "2021", "numero": "280", "tipo__sigla": "IND", "tipo__descricao": "Indica\u00e7\u00e3o", "autoria": "Melissa Terra", "texto_original": "http://sapl.bicas.mg.leg.br/media/sapl/public/materialegislativa/2021/3053/280.pdf", "ementa": "Que seja feita revitaliza\u00e7\u00e3o na pra\u00e7a do Campo do Leopoldina."}, {"id": "3054", "ano": "2021", "numero": "281", "tipo__sigla": "IND", "tipo__descricao": "Indica\u00e7\u00e3o", "autoria": "Fernando Bigode", "texto_original": "http://sapl.bicas.mg.leg.br/media/sapl/public/materialegislativa/2021/3054/281.pdf", "ementa": "Que sejam trocadas as portas PSF Santa Tereza que foram danificadas pela \u00e1gua das chuvas e sol intenso."}, {"id": "3055", "ano": "2021", "numero": "282", "tipo__sigla": "IND", "tipo__descricao": "Indica\u00e7\u00e3o", "autoria": "Fernando Bigode", "texto_original": "http://sapl.bicas.mg.leg.br/media/sapl/public/materialegislativa/2021/3055/282.pdf", "ementa": "Que volte a ser fornecida refei\u00e7\u00e3o para os operadores das m\u00e1quinas em estradas rurais."}, {"id": "3056", "ano": "2021", "numero": "283", "tipo__sigla": "IND", "tipo__descricao": "Indica\u00e7\u00e3o", "autoria": "Rafael Aquino", "texto_original": "http://sapl.bicas.mg.leg.br/media/sapl/public/materialegislativa/2021/3056/283.pdf", "ementa": "Solicito do departamento de Agricultura da Prefeitura Municipal de Bicas, para envio de proposta de projeto ao Programa de \u201cPROMO\u00c7\u00c3O E FORTALECIMENTO DA ESTRUTURA PRODUTIVA DA AGRICULTURA FAMILIAR, PEQUENOS E M\u00c9DIOS PRODUTORES RURAIS\u201d."}, {"id": "3057", "ano": "2021", "numero": "284", "tipo__sigla": "IND", "tipo__descricao": "Indica\u00e7\u00e3o", "autoria": "Rafael Aquino", "texto_original": "http://sapl.bicas.mg.leg.br/media/", "ementa": "Solicito da Administra\u00e7\u00e3o Municipal, atrav\u00e9s da Secretaria Municipal de sa\u00fade, que inicie estudos de viabilidade t\u00e9cnica e or\u00e7ament\u00e1ria para implanta\u00e7\u00e3o de um centro de Tratamento P\u00f3s-Covid19, tendo em vista os in\u00fameros estudos e relatos de sequelas advindas ap\u00f3s a infec\u00e7\u00e3o ou reinfec\u00e7\u00e3o de Covid19."}, {"id": "3066", "ano": "2021", "numero": "285", "tipo__sigla": "IND", "tipo__descricao": "Indica\u00e7\u00e3o", "autoria": "Melissa Terra", "texto_original": "http://sapl.bicas.mg.leg.br/media/sapl/public/materialegislativa/2021/3066/285.pdf", "ementa": "Que seja instalado guarda-corpo na cal\u00e7ada em frente \u00e0 entrada da prefeitura."}, {"id": "3067", "ano": "2021", "numero": "286", "tipo__sigla": "IND", "tipo__descricao": "Indica\u00e7\u00e3o", "autoria": "Melissa Terra", "texto_original": "http://sapl.bicas.mg.leg.br/media/sapl/public/materialegislativa/2021/3067/286.pdf", "ementa": "Que seja dada continuidade ao programa \u201clixo que n\u00e3o \u00e9 lixo\u201d e o ensino sobre coleta seletiva nas escolas."}, {"id": "3068", "ano": "2021", "numero": "287", "tipo__sigla": "IND", "tipo__descricao": "Indica\u00e7\u00e3o", "autoria": "Fernando Joca", "texto_original": "http://sapl.bicas.mg.leg.br/media/sapl/public/materialegislativa/2021/3068/287.pdf", "ementa": "Solicito \u00e0 Secretaria de Sa\u00fade que baixe o crit\u00e9rio de obesidade para IMC 35 e das lactantes para at\u00e9 os 24 meses."}, {"id": "3069", "ano": "2021", "numero": "288", "tipo__sigla": "IND", "tipo__descricao": "Indica\u00e7\u00e3o", "autoria": "Fernando Joca", "texto_original": "http://sapl.bicas.mg.leg.br/media/sapl/public/materialegislativa/2021/3069/288.pdf", "ementa": "Solicito \u00e0 presid\u00eancia que atualize o sistema de vigil\u00e2ncia para que as imagens fiquem gravas por ao menos 60 dias."}, {"id": "3070", "ano": "2021", "numero": "289", "tipo__sigla": "IND", "tipo__descricao": "Indica\u00e7\u00e3o", "autoria": "Joel Mil\u00e3o do Cemit\u00e9rio", "texto_original": "http://sapl.bicas.mg.leg.br/media/sapl/public/materialegislativa/2021/3070/289.pdf", "ementa": "Que a Prefeitura Municipal providencie a troca de tr\u00eas postes provis\u00f3rios na rua Garcia passo de n\u00fameros 142/1, 142/2, 142/3."}, {"id": "3071", "ano": "2021", "numero": "290", "tipo__sigla": "IND", "tipo__descricao": "Indica\u00e7\u00e3o", "autoria": "Joel Mil\u00e3o do Cemit\u00e9rio", "texto_original": "http://sapl.bicas.mg.leg.br/media/sapl/public/materialegislativa/2021/3071/290.pdf", "ementa": "Que a Prefeitura Municipal fa\u00e7a a adequa\u00e7\u00e3o dos quebra-molas \u00e0 rua Clarinda de Oliveira Pereira."}, {"id": "3072", "ano": "2021", "numero": "291", "tipo__sigla": "IND", "tipo__descricao": "Indica\u00e7\u00e3o", "autoria": "Paulinho Plantas", "texto_original": "http://sapl.bicas.mg.leg.br/media/sapl/public/materialegislativa/2021/3072/291.pdf", "ementa": "Que o Exmo. Sr. Prefeito Municipal, encaminhe \u00e0 secretaria competente o pedido de reparo na ponte \u00e0 Rua Jos\u00e9 Varanda pr\u00f3ximo ao asilo."}, {"id": "3073", "ano": "2021", "numero": "292", "tipo__sigla": "IND", "tipo__descricao": "Indica\u00e7\u00e3o", "autoria": "Fernando Bigode", "texto_original": "http://sapl.bicas.mg.leg.br/media/sapl/public/materialegislativa/2021/3073/292.pdf", "ementa": "Quesejam instalados pontos de energia el\u00e9trica nas ruas do cemit\u00e9rio municipal."}, {"id": "3074", "ano": "2021", "numero": "293", "tipo__sigla": "IND", "tipo__descricao": "Indica\u00e7\u00e3o", "autoria": "Fernando Bigode", "texto_original": "http://sapl.bicas.mg.leg.br/media/sapl/public/materialegislativa/2021/3074/293.pdf", "ementa": "Quea Secretaria de Sa\u00fade fa\u00e7a a vacina\u00e7\u00e3o contra Covid19 por idade tamb\u00e9m aos s\u00e1bados."}, {"id": "3075", "ano": "2021", "numero": "294", "tipo__sigla": "IND", "tipo__descricao": "Indica\u00e7\u00e3o", "autoria": "Rafael Aquino", "texto_original": "http://sapl.bicas.mg.leg.br/media/sapl/public/materialegislativa/2021/3075/294.pdf", "ementa": "Solicito da Administra\u00e7\u00e3o Municipal, atrav\u00e9s da Defesa Civil e/ou departamento de meio ambiente, que fa\u00e7am levantamento das \u00e0reas com risco de grandes queimadas no munic\u00edpio."}, {"id": "3076", "ano": "2021", "numero": "295", "tipo__sigla": "IND", "tipo__descricao": "Indica\u00e7\u00e3o", "autoria": "Rafael Aquino", "texto_original": "http://sapl.bicas.mg.leg.br/media/sapl/public/materialegislativa/2021/3076/295.pdf", "ementa": "Solicito da Secretaria de Sa\u00fade que libere os pedidos de procedimentos cir\u00fargicos hospitalares que n\u00e3o demandem intuba\u00e7\u00e3o, respeitando a ordem das situa\u00e7\u00f5es mais graves e com pedidos com mais tempo solicitados na Secretaria."}, {"id": "3077", "ano": "2021", "numero": "296", "tipo__sigla": "IND", "tipo__descricao": "Indica\u00e7\u00e3o", "autoria": "Melissa Terra", "texto_original": "http://sapl.bicas.mg.leg.br/media/sapl/public/materialegislativa/2021/3077/296.pdf", "ementa": "Que seja disponibilizado m\u00e9dico para o atendimento da popula\u00e7\u00e3o rural, S\u00e3o Manoel e Santa Helena."}, {"id": "3078", "ano": "2021", "numero": "297", "tipo__sigla": "IND", "tipo__descricao": "Indica\u00e7\u00e3o", "autoria": "Joel Mil\u00e3o do Cemit\u00e9rio", "texto_original": "http://sapl.bicas.mg.leg.br/media/sapl/public/materialegislativa/2021/3078/297.pdf", "ementa": "Que seja feito estudo t\u00e9cnico para melhorias no tr\u00e2nsito em nossa cidade."}, {"id": "3079", "ano": "2021", "numero": "298", "tipo__sigla": "IND", "tipo__descricao": "Indica\u00e7\u00e3o", "autoria": "Joel Mil\u00e3o do Cemit\u00e9rio", "texto_original": "http://sapl.bicas.mg.leg.br/media/sapl/public/materialegislativa/2021/3079/298.pdf", "ementa": "Que seja feita reuni\u00e3o da Poder executivo com os respons\u00e1veis pelo loteamento Coimbra para resolver quest\u00f5es sobre as \u00e1guas pluviais que descem do loteamento e o cal\u00e7amento at\u00e9 a entrada do empreendimento."}, {"id": "3090", "ano": "2021", "numero": "299", "tipo__sigla": "IND", "tipo__descricao": "Indica\u00e7\u00e3o", "autoria": "Paulinho Plantas", "texto_original": "http://sapl.bicas.mg.leg.br/media/sapl/public/materialegislativa/2021/3090/299.pdf", "ementa": "Que o Exmo. Sr. Prefeito Municipal, na medida do poss\u00edvel, fa\u00e7a construir academia popular e parquinho no Bairro Edgar Moreira."}, {"id": "3091", "ano": "2021", "numero": "300", "tipo__sigla": "IND", "tipo__descricao": "Indica\u00e7\u00e3o", "autoria": "Fernando Bigode", "texto_original": "http://sapl.bicas.mg.leg.br/media/sapl/public/materialegislativa/2021/3091/300.pdf", "ementa": "Que seja feito reparo na bueira transversal (bueira tipo mata burro) na Rua Santa F\u00e9."}, {"id": "3092", "ano": "2021", "numero": "301", "tipo__sigla": "IND", "tipo__descricao": "Indica\u00e7\u00e3o", "autoria": "Fernando Bigode", "texto_original": "http://sapl.bicas.mg.leg.br/media/sapl/public/materialegislativa/2021/3092/301.pdf", "ementa": "Que seja feito reparo no manilhamento em frente \u00e0 entrada do camarim do parque de exposi\u00e7\u00f5es."}, {"id": "3093", "ano": "2021", "numero": "302", "tipo__sigla": "IND", "tipo__descricao": "Indica\u00e7\u00e3o", "autoria": "Fernando Bigode", "texto_original": "http://sapl.bicas.mg.leg.br/media/sapl/public/materialegislativa/2021/3093/302.pdf", "ementa": "Que sejam instaladas duas placas de carga e descarga(in\u00edcio e fim) na Avenida Augusto Rossi, pr\u00f3ximo ao pr\u00e9dio da Rural Toscana."}, {"id": "3094", "ano": "2021", "numero": "303", "tipo__sigla": "IND", "tipo__descricao": "Indica\u00e7\u00e3o", "autoria": "Fernando Bigode", "texto_original": "http://sapl.bicas.mg.leg.br/media/sapl/public/materialegislativa/2021/3094/303.pdf", "ementa": "Que seja feita demarca\u00e7\u00e3o para estacionamento de moto em frente de a\u00e7ougues e farm\u00e1cias de nossa cidade."}, {"id": "3095", "ano": "2021", "numero": "304", "tipo__sigla": "IND", "tipo__descricao": "Indica\u00e7\u00e3o", "autoria": "Fernando Joca", "texto_original": "http://sapl.bicas.mg.leg.br/media/sapl/public/materialegislativa/2021/3095/304.pdf", "ementa": "Solicito \u00e0 prefeitura que tome previd\u00eancias urgentes para que as estradas rurais do munic\u00edpio invadidas e alteradas por loteamentos irregulares sejam retornadas para seu devido lugar, a saber:\r\n\r\n\u2022\tEstrada Rural que liga a MG126 (Bicas x Santa Helena) ao munic\u00edpio de Guarar\u00e1 que foi clandestinamente movida para dar origem a um lago, ficando a estrada \u00e0s beiras de \u00e1rea de preserva\u00e7\u00e3o permanente sobre um riacho, alterando n\u00e3o s\u00f3 o curso da estrada mas tamb\u00e9m depositando terras \u00e0s margens do riacho;\r\n\r\n\u2022\tEstrada Rural que liga Bicas \u00e0 Comunidade dos Machados onde uma obra irregular est\u00e1 desrespeitando a Lei Complementar n\u00ba5(uso e parcelamento do solo) que prev\u00ea em seu art.11 o respeito a \u00e1rea de 15m da faixa divis\u00f3ria da estrada. Tamb\u00e9m viola lei de minha autoria sancionada em 2010 que prev\u00ea o afastamento de qualquer obra de pelo menos 8metros da borda das estradas vicinais."}, {"id": "3096", "ano": "2021", "numero": "305", "tipo__sigla": "IND", "tipo__descricao": "Indica\u00e7\u00e3o", "autoria": "Paulinho Plantas", "texto_original": "http://sapl.bicas.mg.leg.br/media/sapl/public/materialegislativa/2021/3096/305.pdf", "ementa": "Que o Exmo. Sr. Prefeito Municipal, proceda a contrata\u00e7\u00e3o de m\u00e9dico veterin\u00e1rio para atendimento a animais de estima\u00e7\u00e3o de pessoas carentes"}, {"id": "3097", "ano": "2021", "numero": "306", "tipo__sigla": "IND", "tipo__descricao": "Indica\u00e7\u00e3o", "autoria": "Melissa Terra", "texto_original": "http://sapl.bicas.mg.leg.br/media/sapl/public/materialegislativa/2021/3097/306.pdf", "ementa": "Que seja institu\u00edda pol\u00edtica p\u00fablica para pessoas em situa\u00e7\u00e3o de rua, incluindo assist\u00eancia para retorno a sua cidade de origem e alimenta\u00e7\u00e3o e abrigo tempor\u00e1rios."}, {"id": "3098", "ano": "2021", "numero": "307", "tipo__sigla": "IND", "tipo__descricao": "Indica\u00e7\u00e3o", "autoria": "Fernando Joca", "texto_original": "http://sapl.bicas.mg.leg.br/media/sapl/public/materialegislativa/2021/3098/307.pdf", "ementa": "Que a Secretaria Municipal de Assist\u00eancia Social distribua cobertores, mantas e colchonetes para moradores de rua e que providencie local para abrigo o quanto antes."}, {"id": "3099", "ano": "2021", "numero": "308", "tipo__sigla": "IND", "tipo__descricao": "Indica\u00e7\u00e3o", "autoria": "Paulinho Plantas", "texto_original": "http://sapl.bicas.mg.leg.br/media/sapl/public/materialegislativa/2021/3099/308.pdf", "ementa": "Que o Exmo. Sr. Prefeito Municipal, acione o DNITT na busca de instala\u00e7\u00e3o de dispositivo de seguran\u00e7a e redu\u00e7\u00e3o de velocidade nos trevos da Marmoraria Rezende e da Boate Buana."}, {"id": "3100", "ano": "2021", "numero": "309", "tipo__sigla": "IND", "tipo__descricao": "Indica\u00e7\u00e3o", "autoria": "Joel Mil\u00e3o do Cemit\u00e9rio", "texto_original": "http://sapl.bicas.mg.leg.br/media/sapl/public/materialegislativa/2021/3100/309.pdf", "ementa": "Que seja reparada a ilumina\u00e7\u00e3o da esta\u00e7\u00e3o rodovi\u00e1ria"}, {"id": "3101", "ano": "2021", "numero": "310", "tipo__sigla": "IND", "tipo__descricao": "Indica\u00e7\u00e3o", "autoria": "Joel Mil\u00e3o do Cemit\u00e9rio", "texto_original": "http://sapl.bicas.mg.leg.br/media/sapl/public/materialegislativa/2021/3101/310.pdf", "ementa": "Que seja feito levantamento de fam\u00edlias de baixa renda que necessitem de regularizar seus im\u00f3veis (regulariza\u00e7\u00e3o fundi\u00e1ria)."}, {"id": "3102", "ano": "2021", "numero": "311", "tipo__sigla": "IND", "tipo__descricao": "Indica\u00e7\u00e3o", "autoria": "Rafael Aquino", "texto_original": "http://sapl.bicas.mg.leg.br/media/sapl/public/materialegislativa/2021/3102/311.pdf", "ementa": "Solicito da Administra\u00e7\u00e3o Municipal, atrav\u00e9s do departamento de Agricultura, a cria\u00e7\u00e3o de p\u00e1gina na internet e nas redes sociais, da Feira dos produtores, e do Artesanato."}, {"id": "3103", "ano": "2021", "numero": "312", "tipo__sigla": "IND", "tipo__descricao": "Indica\u00e7\u00e3o", "autoria": "Rafael Aquino", "texto_original": "http://sapl.bicas.mg.leg.br/media/sapl/public/materialegislativa/2021/3103/312.pdf", "ementa": "Solicito da Administra\u00e7\u00e3o Municipal, atrav\u00e9s das secretarias de Educa\u00e7\u00e3o e de Sa\u00fade, que antecipem a vacina\u00e7\u00e3o dos profissionais da educa\u00e7\u00e3o, e disponibilizem m\u00e1scaras PFF2 para todos os profissionais, e m\u00e1scaras para os alunos da rede p\u00fablica, antes de definir o retorno \u00e0s aulas presenciais."}, {"id": "3104", "ano": "2021", "numero": "313", "tipo__sigla": "IND", "tipo__descricao": "Indica\u00e7\u00e3o", "autoria": "Rafael Aquino", "texto_original": "http://sapl.bicas.mg.leg.br/media/sapl/public/materialegislativa/2021/3104/313.pdf", "ementa": "Solicito da Secretaria de Assist\u00eancia Social, que, ap\u00f3s discuss\u00e3o com o Conselho de Assist\u00eancia social, envie para esta casa, projeto de lei para modifica\u00e7\u00e3o dos valores, condi\u00e7\u00f5es extraordin\u00e1rias para majora\u00e7\u00e3o e at\u00e9 mesmo acumula\u00e7\u00e3o, dos benef\u00edcios eventuais, e organiza\u00e7\u00e3o em processo por benefici\u00e1rio, contendo todas as fases at\u00e9 a execu\u00e7\u00e3o ou contempla\u00e7\u00e3o, e a digitaliza\u00e7\u00e3o dos mesmos."}, {"id": "3105", "ano": "2021", "numero": "314", "tipo__sigla": "IND", "tipo__descricao": "Indica\u00e7\u00e3o", "autoria": "Rafael Aquino", "texto_original": "http://sapl.bicas.mg.leg.br/media/sapl/public/materialegislativa/2021/3105/314.pdf", "ementa": "Solicito da Administra\u00e7\u00e3o Municipal, que promova audi\u00eancia p\u00fablica com a C\u00e2mara de Bicas e a sociedade, para discuss\u00e3o e planejamento de execu\u00e7\u00e3o dos recursos que ser\u00e3o recebidos pelo Governo do estado, referente ao acordo com a empresa Vale, de repara\u00e7\u00e3o de danos causados pelo rompimento da barragem da mineradora em Brumadinho."}, {"id": "3106", "ano": "2021", "numero": "315", "tipo__sigla": "IND", "tipo__descricao": "Indica\u00e7\u00e3o", "autoria": "Rafael Aquino", "texto_original": "http://sapl.bicas.mg.leg.br/media/sapl/public/materialegislativa/2021/3106/315.pdf", "ementa": "Solicito da mesa diretora desta casa, a cria\u00e7\u00e3o da Comiss\u00e3o de Desenvolvimento Urbano, para acompanhamento dos loteamentos e condom\u00ednios em andamento, novos empreendimentos, e discuss\u00e3o do plano diretor."}, {"id": "3107", "ano": "2021", "numero": "316", "tipo__sigla": "IND", "tipo__descricao": "Indica\u00e7\u00e3o", "autoria": "Melissa Terra", "texto_original": "http://sapl.bicas.mg.leg.br/media/sapl/public/materialegislativa/2021/3107/316.pdf", "ementa": "Que sejam atendidas com urg\u00eancia as indica\u00e7\u00f5es n\u00ba 60/2021 do vereador Paulinho Plantas e 265/2021 do vereador Fernando do Joca."}, {"id": "3108", "ano": "2021", "numero": "317", "tipo__sigla": "IND", "tipo__descricao": "Indica\u00e7\u00e3o", "autoria": "Melissa Terra", "texto_original": "http://sapl.bicas.mg.leg.br/media/sapl/public/materialegislativa/2021/3108/317.pdf", "ementa": "Que seja realizado um mutir\u00e3o para cirurgias de catarata."}, {"id": "3109", "ano": "2021", "numero": "318", "tipo__sigla": "IND", "tipo__descricao": "Indica\u00e7\u00e3o", "autoria": "Melissa Terra", "texto_original": "http://sapl.bicas.mg.leg.br/media/sapl/public/materialegislativa/2021/3109/318.pdf", "ementa": "Que seja feito reparo no bueiro \u00e0 esquina da Avenida Bras\u00edlia com Rua Primo Rossi."}, {"id": "3110", "ano": "2021", "numero": "319", "tipo__sigla": "IND", "tipo__descricao": "Indica\u00e7\u00e3o", "autoria": "Loro", "texto_original": "http://sapl.bicas.mg.leg.br/media/", "ementa": "Que seja solicitado \u00e0 Secretaria de Administra\u00e7\u00e3o que realize levantamento de f\u00e9rias pr\u00eamio vencidas e n\u00e3o pagas aos servidores municipais para cria\u00e7\u00e3o de programa para regulariza\u00e7\u00e3o deste importante direito."}, {"id": "3119", "ano": "2021", "numero": "320", "tipo__sigla": "IND", "tipo__descricao": "Indica\u00e7\u00e3o", "autoria": "Joel Mil\u00e3o do Cemit\u00e9rio", "texto_original": "http://sapl.bicas.mg.leg.br/media/sapl/public/materialegislativa/2021/3119/320.pdf", "ementa": "Que todos os projetos de lei e seus anexos sejam acompanhados de seu arquivo eletr\u00f4nico conforme Resolu\u00e7\u00e3o 299/2016."}, {"id": "3120", "ano": "2021", "numero": "321", "tipo__sigla": "IND", "tipo__descricao": "Indica\u00e7\u00e3o", "autoria": "Joel Mil\u00e3o do Cemit\u00e9rio", "texto_original": "http://sapl.bicas.mg.leg.br/media/sapl/public/materialegislativa/2021/3120/321.pdf", "ementa": "Que seja realizado estudo e sinalizado da melhor maneira o entroncamento da Avenida Governador Valadares, Rua Lucas Proen\u00e7a, Santa Cec\u00edla e Levindo Coelho."}, {"id": "3121", "ano": "2021", "numero": "322", "tipo__sigla": "IND", "tipo__descricao": "Indica\u00e7\u00e3o", "autoria": "Fernando Bigode", "texto_original": "http://sapl.bicas.mg.leg.br/media/sapl/public/materialegislativa/2021/3121/322.pdf", "ementa": "Que sejam repintadas as vagas de estacionamento para deficientes e as indica\u00e7\u00f5es de rampas de acesso nas ruas do munic\u00edpio."}, {"id": "3122", "ano": "2021", "numero": "323", "tipo__sigla": "IND", "tipo__descricao": "Indica\u00e7\u00e3o", "autoria": "Fernando Bigode", "texto_original": "http://sapl.bicas.mg.leg.br/media/sapl/public/materialegislativa/2021/3122/323.pdf", "ementa": "Que seja constru\u00edda capela mortu\u00e1ria para o cemit\u00e9rio de Santa Helena."}, {"id": "3123", "ano": "2021", "numero": "324", "tipo__sigla": "IND", "tipo__descricao": "Indica\u00e7\u00e3o", "autoria": "Melissa Terra", "texto_original": "http://sapl.bicas.mg.leg.br/media/sapl/public/materialegislativa/2021/3123/324.pdf", "ementa": "Que o agendamento para atendimento pedi\u00e1trico possa ser feito no PSF Sul, onde acontecem os atendimentos."}, {"id": "3124", "ano": "2021", "numero": "325", "tipo__sigla": "IND", "tipo__descricao": "Indica\u00e7\u00e3o", "autoria": "Paulinho Plantas", "texto_original": "http://sapl.bicas.mg.leg.br/media/sapl/public/materialegislativa/2021/3124/325.pdf", "ementa": "Que o Exmo. Sr. Prefeito Municipal, programe a aquisi\u00e7\u00e3o de ve\u00edculo adaptado para transporte de c\u00e3es e gatos, a ser usado nos programas municipais de controle de zoonoses."}, {"id": "3125", "ano": "2021", "numero": "326", "tipo__sigla": "IND", "tipo__descricao": "Indica\u00e7\u00e3o", "autoria": "Rafael Aquino", "texto_original": "http://sapl.bicas.mg.leg.br/media/sapl/public/materialegislativa/2021/3125/326.pdf", "ementa": "Solicito da Secretaria de Obras, que providencie carrinhos adequados para os varredores de rua."}, {"id": "3126", "ano": "2021", "numero": "327", "tipo__sigla": "IND", "tipo__descricao": "Indica\u00e7\u00e3o", "autoria": "Fernando Joca", "texto_original": "http://sapl.bicas.mg.leg.br/media/sapl/public/materialegislativa/2021/3126/327.pdf", "ementa": "Solicito \u00e0 Secretaria Municipal de Sa\u00fade que determine local para vacina\u00e7\u00e3o de segunda dose da Covid-19 em local diverso das vacinas de primeira dose."}, {"id": "3127", "ano": "2021", "numero": "328", "tipo__sigla": "IND", "tipo__descricao": "Indica\u00e7\u00e3o", "autoria": "Fernando Joca", "texto_original": "http://sapl.bicas.mg.leg.br/media/sapl/public/materialegislativa/2021/3127/328.pdf", "ementa": "Que seja feito por engenheiro da prefeitura vistoria na ponte do Val Para\u00edso que foi afetada pela \u00e1gua represada pelo loteamento clandestino Jardins Para\u00edso, com encaminhamento de relat\u00f3rio da vista aos vereadores."}, {"id": "3128", "ano": "2021", "numero": "329", "tipo__sigla": "IND", "tipo__descricao": "Indica\u00e7\u00e3o", "autoria": "Fernando Bigode", "texto_original": "http://sapl.bicas.mg.leg.br/media/sapl/public/materialegislativa/2021/3128/329.pdf", "ementa": "Que seja feita revitaliza\u00e7\u00e3o da \u00e1rea em frente \u00e0 Rua Jair Farmac\u00eautico de Souza (em frente ao a\u00e7ougue do Gustavo), com a instala\u00e7\u00e3o de bancos e mesas, al\u00e9m de trabalho paisag\u00edstico."}, {"id": "3129", "ano": "2021", "numero": "330", "tipo__sigla": "IND", "tipo__descricao": "Indica\u00e7\u00e3o", "autoria": "Melissa Terra", "texto_original": "http://sapl.bicas.mg.leg.br/media/sapl/public/materialegislativa/2021/3129/330.pdf", "ementa": "Que seja viabilizado o atendimento m\u00e9dico \u00e0s pessoas do Bairro Gilson Lamha dentro do pr\u00f3prio bairro."}, {"id": "3130", "ano": "2021", "numero": "331", "tipo__sigla": "IND", "tipo__descricao": "Indica\u00e7\u00e3o", "autoria": "Marcelo Jardim", "texto_original": "http://sapl.bicas.mg.leg.br/media/sapl/public/materialegislativa/2021/3130/331.pdf", "ementa": "Que a prefeitura fa\u00e7a ou determine fazer a inclus\u00e3o do destino Juiz de Fora na Placa no cruzamento da BR267 com a MG126."}, {"id": "3131", "ano": "2021", "numero": "332", "tipo__sigla": "IND", "tipo__descricao": "Indica\u00e7\u00e3o", "autoria": "Marcelo Jardim", "texto_original": "http://sapl.bicas.mg.leg.br/media/sapl/public/materialegislativa/2021/3131/332.pdf", "ementa": "Que seja cal\u00e7ado o trecho final da Rua Maria da Concei\u00e7\u00e3o Costa Ferreira."}, {"id": "3132", "ano": "2021", "numero": "333", "tipo__sigla": "IND", "tipo__descricao": "Indica\u00e7\u00e3o", "autoria": "Rafael Aquino", "texto_original": "http://sapl.bicas.mg.leg.br/media/sapl/public/materialegislativa/2021/3132/333.pdf", "ementa": "Solicito da Secretaria de Assist\u00eancia Social, que, ap\u00f3s discuss\u00e3o com o Conselho de Assist\u00eancia Social, envie para esta casa, projeto para inclus\u00e3o na Lei dos benef\u00edcios eventuais, de aux\u00edlio financeiro para aquisi\u00e7\u00e3o de g\u00e1s de cozinha."}, {"id": "3133", "ano": "2021", "numero": "334", "tipo__sigla": "IND", "tipo__descricao": "Indica\u00e7\u00e3o", "autoria": "Rafael Aquino", "texto_original": "http://sapl.bicas.mg.leg.br/media/sapl/public/materialegislativa/2021/3133/334.pdf", "ementa": "Solicito da Secretaria de Obras, que providencie instala\u00e7\u00e3o de redutor de velocidade na rua Prefeito Edson de Souza, nas proximidades da casa de n\u00famero 9."}, {"id": "3134", "ano": "2021", "numero": "335", "tipo__sigla": "IND", "tipo__descricao": "Indica\u00e7\u00e3o", "autoria": "Rafael Aquino", "texto_original": "http://sapl.bicas.mg.leg.br/media/sapl/public/materialegislativa/2021/3134/335.pdf", "ementa": "Solicito da Administra\u00e7\u00e3o Municipal, que re\u00fana esfor\u00e7os com a finalidade de se priorizar a aloca\u00e7\u00e3o de recursos financeiros, na contrata\u00e7\u00e3o de entidade ou empresa, que auxilie na formata\u00e7\u00e3o de Plano Diretor para o nosso munic\u00edpio."}, {"id": "3154", "ano": "2021", "numero": "337", "tipo__sigla": "IND", "tipo__descricao": "Indica\u00e7\u00e3o", "autoria": "Melissa Terra", "texto_original": "http://sapl.bicas.mg.leg.br/media/sapl/public/materialegislativa/2021/3154/337.pdf", "ementa": "Que seja feita poda em \u00e1rvore na rua da caixa."}, {"id": "3155", "ano": "2021", "numero": "338", "tipo__sigla": "IND", "tipo__descricao": "Indica\u00e7\u00e3o", "autoria": "Fernando Joca", "texto_original": "http://sapl.bicas.mg.leg.br/media/sapl/public/materialegislativa/2021/3155/338.pdf", "ementa": "Que seja feita limpeza nas escolas Athaide Suriano e Val Para\u00edso"}, {"id": "3156", "ano": "2021", "numero": "339", "tipo__sigla": "IND", "tipo__descricao": "Indica\u00e7\u00e3o", "autoria": "Fernando Joca", "texto_original": "http://sapl.bicas.mg.leg.br/media/sapl/public/materialegislativa/2021/3156/339.pdf", "ementa": "Que o Prefeito Municipal H\u00e9lber tome provid\u00eancias e todas as medidas necess\u00e1rias para que os propriet\u00e1rios do loteamento Jardins Paraiso paralisem imediatamente todos os servi\u00e7os conforme a determina\u00e7\u00e3o dos Fiscais do Meio Ambiente, providenciando placas indicativas da proibi\u00e7\u00e3o nos acessos ao empreendimento."}, {"id": "3157", "ano": "2021", "numero": "340", "tipo__sigla": "IND", "tipo__descricao": "Indica\u00e7\u00e3o", "autoria": "Fernando Joca", "texto_original": "http://sapl.bicas.mg.leg.br/media/sapl/public/materialegislativa/2021/3157/340.pdf", "ementa": "Que as respostas dos requerimentos, indica\u00e7\u00f5es e representa\u00e7\u00f5es assinados em conjunto sejam encaminhadas a todos os vereadores que as assinaram"}, {"id": "3158", "ano": "2021", "numero": "341", "tipo__sigla": "IND", "tipo__descricao": "Indica\u00e7\u00e3o", "autoria": "Melissa Terra", "texto_original": "http://sapl.bicas.mg.leg.br/media/sapl/public/materialegislativa/2021/3158/341.pdf", "ementa": "Que sejam prestados atendimentos para a popula\u00e7\u00e3o de nosso munic\u00edpio"}, {"id": "3159", "ano": "2021", "numero": "342", "tipo__sigla": "IND", "tipo__descricao": "Indica\u00e7\u00e3o", "autoria": "Paulinho Plantas", "texto_original": "http://sapl.bicas.mg.leg.br/media/sapl/public/materialegislativa/2021/3159/342.pdf", "ementa": "Que o Exmo. Sr. Prefeito Municipal, viabilize a instala\u00e7\u00e3o de dispositivo redutor de velocidade \u00e0s Ruas Athaide Suriano Pereira, Bairro Alto das Brisas e na Av. Presidente Get\u00falio Vargas, ambos em local apropriado apontado por profissional t\u00e9cnico."}, {"id": "3161", "ano": "2021", "numero": "343", "tipo__sigla": "IND", "tipo__descricao": "Indica\u00e7\u00e3o", "autoria": "Joel Mil\u00e3o do Cemit\u00e9rio", "texto_original": "http://sapl.bicas.mg.leg.br/media/sapl/public/materialegislativa/2021/3161/343.pdf", "ementa": "Que seja feita a desobstru\u00e7\u00e3o urgente do trecho do c\u00f3rrego S\u00e3o Jos\u00e9 que foi bloqueado por dep\u00f3sito de terras a sete dias, independente da responsabiliza\u00e7\u00e3o dos causadores do problema."}, {"id": "3163", "ano": "2021", "numero": "344", "tipo__sigla": "IND", "tipo__descricao": "Indica\u00e7\u00e3o", "autoria": "Fernando Bigode", "texto_original": "http://sapl.bicas.mg.leg.br/media/", "ementa": "Que seja verificado solu\u00e7\u00e3o para os pombos que invadiram o terminal rodovi\u00e1rio."}, {"id": "3164", "ano": "2021", "numero": "345", "tipo__sigla": "IND", "tipo__descricao": "Indica\u00e7\u00e3o", "autoria": "Fernando Bigode", "texto_original": "http://sapl.bicas.mg.leg.br/media/sapl/public/materialegislativa/2021/3164/345.pdf", "ementa": "Que seja reparado o ponto de \u00f4nibus no caminho para o Povoado de Santa Helena."}, {"id": "3165", "ano": "2021", "numero": "346", "tipo__sigla": "IND", "tipo__descricao": "Indica\u00e7\u00e3o", "autoria": "Joel Mil\u00e3o do Cemit\u00e9rio", "texto_original": "http://sapl.bicas.mg.leg.br/media/sapl/public/materialegislativa/2021/3165/346.pdf", "ementa": "Que seja reparado o ponto de \u00f4nibus no caminho para o Povoado de Santa Helena."}, {"id": "3187", "ano": "2021", "numero": "347", "tipo__sigla": "IND", "tipo__descricao": "Indica\u00e7\u00e3o", "autoria": "Melissa Terra", "texto_original": "http://sapl.bicas.mg.leg.br/media/sapl/public/materialegislativa/2021/3187/347.pdf", "ementa": "Que seja realizada troca de l\u00e2mpadas na rua Aquiles de Paula."}, {"id": "3188", "ano": "2021", "numero": "348", "tipo__sigla": "IND", "tipo__descricao": "Indica\u00e7\u00e3o", "autoria": "Melissa Terra", "texto_original": "http://sapl.bicas.mg.leg.br/media/sapl/public/materialegislativa/2021/3188/348.pdf", "ementa": "Que seja colocada placa de proibido jogar lixo na ponte da Rua Primo Rossi."}, {"id": "3189", "ano": "2021", "numero": "349", "tipo__sigla": "IND", "tipo__descricao": "Indica\u00e7\u00e3o", "autoria": "Melissa Terra", "texto_original": "http://sapl.bicas.mg.leg.br/media/sapl/public/materialegislativa/2021/3189/349.pdf", "ementa": "Que seja destinado parte dos recursos oriundos do acordo da Vale com a constru\u00e7\u00e3o de creche e obras de saneamento e infraestrutura no Bairro Gilson Lamha."}, {"id": "3190", "ano": "2021", "numero": "350", "tipo__sigla": "IND", "tipo__descricao": "Indica\u00e7\u00e3o", "autoria": "Joel Mil\u00e3o do Cemit\u00e9rio", "texto_original": "http://sapl.bicas.mg.leg.br/media/sapl/public/materialegislativa/2021/3190/350.pdf", "ementa": "Que seja destinado parte dos recursos oriundos do acordo da Vale com a constru\u00e7\u00e3o de creche e obras de saneamento e infraestrutura no Bairro Gilson Lamha."}, {"id": "3191", "ano": "2021", "numero": "351", "tipo__sigla": "IND", "tipo__descricao": "Indica\u00e7\u00e3o", "autoria": "Fernando Joca", "texto_original": "http://sapl.bicas.mg.leg.br/media/sapl/public/materialegislativa/2021/3191/351.pdf", "ementa": "Que a prefeitura providencie jogar \u00e1gua nas palmeiras e mudas plantadas no Bairro Gilson Lamha e nas pra\u00e7as da cidade."}, {"id": "3192", "ano": "2021", "numero": "353", "tipo__sigla": "IND", "tipo__descricao": "Indica\u00e7\u00e3o", "autoria": "Paulinho Plantas", "texto_original": "http://sapl.bicas.mg.leg.br/media/sapl/public/materialegislativa/2021/3192/353.pdf", "ementa": "Que o Exmo. Sr. Prefeito Municipal, distribua novos lotes aos contemplados no \u00faltimo sorteio de lotes que est\u00e3o impossibilitados de construir por ter manilhas passando em seus terrenos."}, {"id": "3193", "ano": "2021", "numero": "354", "tipo__sigla": "IND", "tipo__descricao": "Indica\u00e7\u00e3o", "autoria": "Paulinho Plantas", "texto_original": "http://sapl.bicas.mg.leg.br/media/sapl/public/materialegislativa/2021/3193/354.pdf", "ementa": "Que o Exmo. Sr. Prefeito Municipal, pe\u00e7a \u00e0 diretoria de Cultura que promova o concurso \u201cLuzes de Natal\u201d, que premiar\u00e1 as casas mais enfeitadas para o Natal, incentivando o com\u00e9rcio e o turismo em nossa cidade. Pe\u00e7o que este concurso seja julgado pela FUNALFA \u2013 JF, para garantir neutralidade na avalia\u00e7\u00e3o."}, {"id": "3194", "ano": "2021", "numero": "355", "tipo__sigla": "IND", "tipo__descricao": "Indica\u00e7\u00e3o", "autoria": "Paulinho Plantas", "texto_original": "http://sapl.bicas.mg.leg.br/media/sapl/public/materialegislativa/2021/3194/355.pdf", "ementa": "Que o Exmo. Sr. Prefeito Municipal, ordene \u00e0 secretaria de Obras que limpe o trecho do bairro Edgar Moreira, onde encontra- se a rot\u00e1ria que vai para o Munic\u00edpio de Mar de Espanha,"}, {"id": "3195", "ano": "2021", "numero": "356", "tipo__sigla": "IND", "tipo__descricao": "Indica\u00e7\u00e3o", "autoria": "Paulinho Plantas", "texto_original": "http://sapl.bicas.mg.leg.br/media/sapl/public/materialegislativa/2021/3195/356.pdf", "ementa": "Que o Exmo. Sr. Prefeito Municipal, atrav\u00e9s da Secretaria competente, providencie a instala\u00e7\u00e3o de placas de estacionamento proibido, exceto carga e descarga nas ruas Ronaldo Della Garzza, n\u00ba 13 e Av. Do Contorno n\u00ba 97 no bairro Edgar Moreira"}, {"id": "3196", "ano": "2021", "numero": "357", "tipo__sigla": "IND", "tipo__descricao": "Indica\u00e7\u00e3o", "autoria": "Paulinho Plantas", "texto_original": "http://sapl.bicas.mg.leg.br/media/sapl/public/materialegislativa/2021/3196/357.pdf", "ementa": "Que o Exmo. Sr. Prefeito Municipal, atrav\u00e9s da Secretaria competente, verifique se \u00e9 poss\u00edvel instalar uma base do corpo de bombeiros em nossa cidade, e sendo poss\u00edvel viabilize sua instala\u00e7\u00e3o."}, {"id": "3197", "ano": "2021", "numero": "358", "tipo__sigla": "IND", "tipo__descricao": "Indica\u00e7\u00e3o", "autoria": "Rafael Aquino", "texto_original": "http://sapl.bicas.mg.leg.br/media/sapl/public/materialegislativa/2021/3197/359.pdf", "ementa": "Solicito da Administra\u00e7\u00e3o Municipal, atrav\u00e9s das Secretarias competentes, que providenciem a ilumina\u00e7\u00e3o de Pr\u00e9dios P\u00fablicos e /ou monumentos de Bicas, em respeito a Campanha Setembro Amarelo, de preven\u00e7\u00e3o ao suic\u00eddio."}, {"id": "3198", "ano": "2021", "numero": "359", "tipo__sigla": "IND", "tipo__descricao": "Indica\u00e7\u00e3o", "autoria": "Loro", "texto_original": "http://sapl.bicas.mg.leg.br/media/sapl/public/materialegislativa/2021/3198/360.pdf", "ementa": "Que seja solicitado \u00e0 Secretaria de Administra\u00e7\u00e3o,a publica\u00e7\u00e3o dos contratos administrativos oriundos dos processos licitat\u00f3rios realizados at\u00e9 aqui no Portal da Transpar\u00eancia do Munic\u00edpio, em especial do processo de dispensa n\u00ba 02/2021."}, {"id": "3199", "ano": "2021", "numero": "360", "tipo__sigla": "IND", "tipo__descricao": "Indica\u00e7\u00e3o", "autoria": "Fernando Bigode", "texto_original": "http://sapl.bicas.mg.leg.br/media/sapl/public/materialegislativa/2021/3199/360.pdf", "ementa": "Que seja instalada porteira na entrada da estrada para os Machados."}, {"id": "3200", "ano": "2021", "numero": "361", "tipo__sigla": "IND", "tipo__descricao": "Indica\u00e7\u00e3o", "autoria": "Paulinho Plantas", "texto_original": "http://sapl.bicas.mg.leg.br/media/sapl/public/materialegislativa/2021/3200/361.pdf", "ementa": "Que o Exmo. Sr. Prefeito Municipal, no fim do ano d\u00ea cesta de natal a todos servidores (inclusive prestadores de servi\u00e7o pessoa f\u00edsica)."}, {"id": "3201", "ano": "2021", "numero": "362", "tipo__sigla": "IND", "tipo__descricao": "Indica\u00e7\u00e3o", "autoria": "Paulinho Plantas", "texto_original": "http://sapl.bicas.mg.leg.br/media/sapl/public/materialegislativa/2021/3201/362.pdf", "ementa": "Que o Exmo. Sr. Prefeito Municipal, atrav\u00e9s da secretaria competente, oriente todos os departamentos da prefeitura quanto ao correto uso dos s\u00edmbolos nacionais, em especial nossa bandeira, e determine que nos dias c\u00edvicos seja feito o hasteamento solene das bandeiras de Bicas, de Minas Gerais e do Brasil."}, {"id": "3202", "ano": "2021", "numero": "363", "tipo__sigla": "IND", "tipo__descricao": "Indica\u00e7\u00e3o", "autoria": "Paulinho Plantas", "texto_original": "http://sapl.bicas.mg.leg.br/media/sapl/public/materialegislativa/2021/3202/363.pdf", "ementa": "Que o Exmo. Sr. Prefeito Municipal, atrav\u00e9s da secretaria competente, viabilize o transporte escolar para crian\u00e7as da creche e seus respons\u00e1veis e para crian\u00e7as em bairros distantes das escolas do ensino regular."}, {"id": "3203", "ano": "2021", "numero": "364", "tipo__sigla": "IND", "tipo__descricao": "Indica\u00e7\u00e3o", "autoria": "Joel Mil\u00e3o do Cemit\u00e9rio", "texto_original": "http://sapl.bicas.mg.leg.br/media/sapl/public/materialegislativa/2021/3203/364.pdf", "ementa": "Que a prefeitura instale quebra molas na rua C, do bairro Edgar Moreira."}, {"id": "3204", "ano": "2021", "numero": "365", "tipo__sigla": "IND", "tipo__descricao": "Indica\u00e7\u00e3o", "autoria": "Melissa Terra", "texto_original": "http://sapl.bicas.mg.leg.br/media/sapl/public/materialegislativa/2021/3204/365.pdf", "ementa": "Que seja dado maior apoio \u00e0 Coorpora\u00e7\u00e3o Musical S\u00e3o Jos\u00e9 de Bicas"}, {"id": "3205", "ano": "2021", "numero": "366", "tipo__sigla": "IND", "tipo__descricao": "Indica\u00e7\u00e3o", "autoria": "Melissa Terra", "texto_original": "http://sapl.bicas.mg.leg.br/media/sapl/public/materialegislativa/2021/3205/366.pdf", "ementa": "Que seja feito o cal\u00e7amento do trecho final da rua santa F\u00e9."}, {"id": "3206", "ano": "2021", "numero": "367", "tipo__sigla": "IND", "tipo__descricao": "Indica\u00e7\u00e3o", "autoria": "Melissa Terra", "texto_original": "http://sapl.bicas.mg.leg.br/media/sapl/public/materialegislativa/2021/3206/367.pdf", "ementa": "Que seja feito feito estudo para elabora\u00e7\u00e3o de crit\u00e9rios para enquadramento no programa PRORREFORMA com vistas a dar abrang\u00eancia a pessoas de situa\u00e7\u00e3o de vulnerabilidade que n\u00e3o se enquadram no programa."}, {"id": "3207", "ano": "2021", "numero": "369", "tipo__sigla": "IND", "tipo__descricao": "Indica\u00e7\u00e3o", "autoria": "Rafael Aquino", "texto_original": "http://sapl.bicas.mg.leg.br/media/sapl/public/materialegislativa/2021/3207/369.pdf", "ementa": "Solicito da Administra\u00e7\u00e3o Municipal, atrav\u00e9s da Secretaria de Educa\u00e7\u00e3o, que fa\u00e7a um grande investimento na troca dos computadores, nos laborat\u00f3rios de inform\u00e1tica nas escolas, com m\u00e1quinas capazes de suportar programas pesados que auxiliem no processo de educa\u00e7\u00e3o, bem como a possibilidade de aquisi\u00e7\u00e3o de demais equipamentos, como tablets e todos os outros que contribuam para o aperfei\u00e7oamento da aprendizagem."}, {"id": "3287", "ano": "2021", "numero": "370", "tipo__sigla": "IND", "tipo__descricao": "Indica\u00e7\u00e3o", "autoria": "Paulinho Plantas", "texto_original": "http://sapl.bicas.mg.leg.br/media/sapl/public/materialegislativa/2021/3287/370.pdf", "ementa": "Que o Exmo. Sr. Prefeito Municipal, atrav\u00e9s da secretaria competente, viabilize o troca de l\u00e2mpadas nos postes da Rua Gentil Correia de Almeida no Campo de Leopoldina"}, {"id": "3288", "ano": "2021", "numero": "371", "tipo__sigla": "IND", "tipo__descricao": "Indica\u00e7\u00e3o", "autoria": "Paulinho Plantas", "texto_original": "http://sapl.bicas.mg.leg.br/media/sapl/public/materialegislativa/2021/3288/371.pdf", "ementa": "Que o Exmo. Sr. Prefeito Municipal, atrav\u00e9s da secretaria competente, viabilize a constru\u00e7\u00e3o de um banheiro na rede ferrovi\u00e1ria"}, {"id": "3232", "ano": "2021", "numero": "372", "tipo__sigla": "IND", "tipo__descricao": "Indica\u00e7\u00e3o", "autoria": "Joel Mil\u00e3o do Cemit\u00e9rio", "texto_original": "http://sapl.bicas.mg.leg.br/media/", "ementa": "Que seja constru\u00eddo um letreiro na entrada da cidade similar ao anexado na foto da cidade de Mar de Espanha"}, {"id": "3242", "ano": "2021", "numero": "373", "tipo__sigla": "IND", "tipo__descricao": "Indica\u00e7\u00e3o", "autoria": "Paulinho Plantas", "texto_original": "http://sapl.bicas.mg.leg.br/media/sapl/public/materialegislativa/2021/3242/373.pdf", "ementa": "Que o Exmo. Sr. Prefeito Municipal, atrav\u00e9s da secretaria competente, autorize a constru\u00e7\u00e3o de uma passarela, escada, e tamb\u00e9m a poda de uma arvore na lado esquerdo da descida da Rua Alameda Santa no Bairro Gilson Lamha."}, {"id": "3243", "ano": "2021", "numero": "374", "tipo__sigla": "IND", "tipo__descricao": "Indica\u00e7\u00e3o", "autoria": "Paulinho Plantas", "texto_original": "http://sapl.bicas.mg.leg.br/media/sapl/public/materialegislativa/2021/3243/374.pdf", "ementa": "Que o Exmo. Sr. Prefeito Municipal, atrav\u00e9s da secretaria competente, viabilize o limpeza do bueiro na esquina da Rua E, e que fa\u00e7a uma canaleta especificamente nas Ruas A e E do bairro Cutieira como mostrado nas fotos."}, {"id": "3244", "ano": "2021", "numero": "375", "tipo__sigla": "IND", "tipo__descricao": "Indica\u00e7\u00e3o", "autoria": "Marcelo Jardim", "texto_original": "http://sapl.bicas.mg.leg.br/media/sapl/public/materialegislativa/2021/3244/375.pdf", "ementa": "Que a prefeitura procure a EMATER para integrar o munic\u00edpio de Bicas ao PAA de Minas Gerais."}, {"id": "3245", "ano": "2021", "numero": "376", "tipo__sigla": "IND", "tipo__descricao": "Indica\u00e7\u00e3o", "autoria": "Fernando Joca", "texto_original": "http://sapl.bicas.mg.leg.br/media/sapl/public/materialegislativa/2021/3245/376.pdf", "ementa": "Solicito a Prefeitura Municipal atraves da Diretoria de Agricultura que viabilize a disponibiliza\u00e7\u00e3o de transporte gratuito de calc\u00e1rio para os produtores rurais."}, {"id": "3246", "ano": "2021", "numero": "377", "tipo__sigla": "IND", "tipo__descricao": "Indica\u00e7\u00e3o", "autoria": "Melissa Terra", "texto_original": "http://sapl.bicas.mg.leg.br/media/sapl/public/materialegislativa/2021/3246/377.pdf", "ementa": "Que seja feita a revitaliza\u00e7\u00e3o da Pra\u00e7a S\u00e3o Jos\u00e9"}, {"id": "3247", "ano": "2021", "numero": "378", "tipo__sigla": "IND", "tipo__descricao": "Indica\u00e7\u00e3o", "autoria": "Melissa Terra", "texto_original": "http://sapl.bicas.mg.leg.br/media/sapl/public/materialegislativa/2021/3247/378.pdf", "ementa": "Que seja constru\u00edda rotat\u00f3ria ou alternativa adequada para regularizar o entroncamento da rua \u00c1lvaro Dias com as ruas: rua ver. Atayde Suriano Pereira, rua Francisco G. De Souza, rua Anselmo Colaci e outras 4 ruas."}, {"id": "3248", "ano": "2021", "numero": "379", "tipo__sigla": "IND", "tipo__descricao": "Indica\u00e7\u00e3o", "autoria": "Joel Mil\u00e3o do Cemit\u00e9rio", "texto_original": "http://sapl.bicas.mg.leg.br/media/sapl/public/materialegislativa/2021/3248/379.pdf", "ementa": "Que seja instalado corrim\u00e3o na escada da descida para a rua Oleg\u00e1rio Maciel no bairro Edgar Moreira."}, {"id": "3267", "ano": "2021", "numero": "380", "tipo__sigla": "IND", "tipo__descricao": "Indica\u00e7\u00e3o", "autoria": "Paulinho Plantas", "texto_original": "http://sapl.bicas.mg.leg.br/media/sapl/public/materialegislativa/2021/3267/370.pdf", "ementa": "Que o Exmo. Sr. Prefeito Municipal, atrav\u00e9s da secretaria competente, viabilize a constru\u00e7\u00e3o de uma balan\u00e7a para a pesagem do animais, produ\u00e7\u00e3o de alimentos e insumos rurais"}, {"id": "3268", "ano": "2021", "numero": "381", "tipo__sigla": "IND", "tipo__descricao": "Indica\u00e7\u00e3o", "autoria": "Paulinho Plantas", "texto_original": "http://sapl.bicas.mg.leg.br/media/sapl/public/materialegislativa/2021/3268/381.pdf", "ementa": "Que o Exmo. Sr. Prefeito Municipal, atrav\u00e9s da secretaria competente, providencie a chegada de novos policiais militares para o nosso Munic\u00edpio."}, {"id": "3269", "ano": "2021", "numero": "382", "tipo__sigla": "IND", "tipo__descricao": "Indica\u00e7\u00e3o", "autoria": "Paulinho Plantas", "texto_original": "http://sapl.bicas.mg.leg.br/media/sapl/public/materialegislativa/2021/3269/382.pdf", "ementa": "Que o Exmo. Sr. Prefeito Municipal, atrav\u00e9s da secretaria competente, acione a COPASA para solucionar o problema que est\u00e1 fazendo a \u00e1gua chegar com cor escura nas casas."}, {"id": "3270", "ano": "2021", "numero": "383", "tipo__sigla": "IND", "tipo__descricao": "Indica\u00e7\u00e3o", "autoria": "Melissa Terra", "texto_original": "http://sapl.bicas.mg.leg.br/media/sapl/public/materialegislativa/2021/3270/383.pdf", "ementa": "Que sejam adquiridas mangueiras e bomba costal para combate a inc\u00eandios."}, {"id": "3271", "ano": "2021", "numero": "384", "tipo__sigla": "IND", "tipo__descricao": "Indica\u00e7\u00e3o", "autoria": "Melissa Terra", "texto_original": "http://sapl.bicas.mg.leg.br/media/sapl/public/materialegislativa/2021/3271/384.pdf", "ementa": "Que sejam tomadas provid\u00eancias em rela\u00e7\u00e3o ao terreno baldio localizado \u00e0 Rua Floriano Peixoto, 105."}, {"id": "3272", "ano": "2021", "numero": "385", "tipo__sigla": "IND", "tipo__descricao": "Indica\u00e7\u00e3o", "autoria": "Paulinho Plantas", "texto_original": "http://sapl.bicas.mg.leg.br/media/sapl/public/materialegislativa/2021/3272/385.pdf", "ementa": "Que o Exmo. Sr. Prefeito Municipal, providencie a constru\u00e7\u00e3o de quadra  e parquinho para atender aos moradores da rua \u00c1lvaro Dias."}, {"id": "3273", "ano": "2021", "numero": "386", "tipo__sigla": "IND", "tipo__descricao": "Indica\u00e7\u00e3o", "autoria": "Paulinho Plantas", "texto_original": "http://sapl.bicas.mg.leg.br/media/sapl/public/materialegislativa/2021/3273/386.pdf", "ementa": "Que o Exmo. Sr. Prefeito Municipal, providencie a constru\u00e7\u00e3o de quadra coberta e academia ao ar livre ao lado da pra\u00e7a da Cutieira."}, {"id": "3274", "ano": "2021", "numero": "387", "tipo__sigla": "IND", "tipo__descricao": "Indica\u00e7\u00e3o", "autoria": "Joel Mil\u00e3o do Cemit\u00e9rio", "texto_original": "http://sapl.bicas.mg.leg.br/media/sapl/public/materialegislativa/2021/3274/387.pdf", "ementa": "Que seja instalada ilumina\u00e7\u00e3o na Avenida Maria Silva Ramos na altura do n\u00famero 162 Quadra J Alto das Brisas."}, {"id": "3275", "ano": "2021", "numero": "388", "tipo__sigla": "IND", "tipo__descricao": "Indica\u00e7\u00e3o", "autoria": "Fernando Joca", "texto_original": "http://sapl.bicas.mg.leg.br/media/sapl/public/materialegislativa/2021/3275/388.pdf", "ementa": "Solicito a Secretaria Municipal de Obras que providencie a capina das ruas do Bairro Alto das Brisas"}, {"id": "3276", "ano": "2021", "numero": "389", "tipo__sigla": "IND", "tipo__descricao": "Indica\u00e7\u00e3o", "autoria": "Melissa Terra", "texto_original": "http://sapl.bicas.mg.leg.br/media/sapl/public/materialegislativa/2021/3276/389.pdf", "ementa": "Que seja feita limpeza e remo\u00e7\u00e3o de entulho na rua Alameda Santa em frente ao n\u00famero 391."}, {"id": "3277", "ano": "2021", "numero": "390", "tipo__sigla": "IND", "tipo__descricao": "Indica\u00e7\u00e3o", "autoria": "Rafael Aquino", "texto_original": "http://sapl.bicas.mg.leg.br/media/sapl/public/materialegislativa/2021/3277/390.pdf", "ementa": "Solicito da Administra\u00e7\u00e3o Municipal, atrav\u00e9s da Diretoria de Agropecu\u00e1ria, que verifique a possibilidade, juntamente com a EMATER, de auxiliar e orientar os pequenos produtores do munic\u00edpio, na cria\u00e7\u00e3o de organiza\u00e7\u00f5es de agricultores familiares (cooperativas ou associa\u00e7\u00f5es) ."}, {"id": "3278", "ano": "2021", "numero": "391", "tipo__sigla": "IND", "tipo__descricao": "Indica\u00e7\u00e3o", "autoria": "Rafael Aquino", "texto_original": "http://sapl.bicas.mg.leg.br/media/sapl/public/materialegislativa/2021/3278/391.pdf", "ementa": "Solicito da Administra\u00e7\u00e3o Municipal, atrav\u00e9s da Diretoria de Meio Ambiente que elabore projeto para cria\u00e7\u00e3o do Parque Ecol\u00f3gico Municipal na \u00c1gua Santa ou no Horto Florestal."}, {"id": "3279", "ano": "2021", "numero": "392", "tipo__sigla": "IND", "tipo__descricao": "Indica\u00e7\u00e3o", "autoria": "Joel Mil\u00e3o do Cemit\u00e9rio", "texto_original": "http://sapl.bicas.mg.leg.br/media/sapl/public/materialegislativa/2021/3279/392.pdf", "ementa": "Que a secretaria competente providencie e possa arrumar os bloquetes de concreto da Rua Aquiles de Paula"}, {"id": "3280", "ano": "2021", "numero": "393", "tipo__sigla": "IND", "tipo__descricao": "Indica\u00e7\u00e3o", "autoria": "Joel Mil\u00e3o do Cemit\u00e9rio", "texto_original": "http://sapl.bicas.mg.leg.br/media/sapl/public/materialegislativa/2021/3280/393.pdf", "ementa": "Que a secretaria competente possa fazer um quebra mola na rua Francisco Peres, tamb\u00e9m conhecido como beco da copasa"}, {"id": "3281", "ano": "2021", "numero": "394", "tipo__sigla": "IND", "tipo__descricao": "Indica\u00e7\u00e3o", "autoria": "Melissa Terra", "texto_original": "http://sapl.bicas.mg.leg.br/media/sapl/public/materialegislativa/2021/3281/394.pdf", "ementa": "Que seja feita limpeza e troca de l\u00e2mpadas no topo do morro do Cruzeiro"}, {"id": "3282", "ano": "2021", "numero": "395", "tipo__sigla": "IND", "tipo__descricao": "Indica\u00e7\u00e3o", "autoria": "Melissa Terra", "texto_original": "http://sapl.bicas.mg.leg.br/media/sapl/public/materialegislativa/2021/3282/395.pdf", "ementa": "Que seja apresentada lei ou decretada altera\u00e7\u00e3o no or\u00e7amento para custear o aux\u00edlio natalidade."}, {"id": "3283", "ano": "2021", "numero": "396", "tipo__sigla": "IND", "tipo__descricao": "Indica\u00e7\u00e3o", "autoria": "Joel Mil\u00e3o do Cemit\u00e9rio", "texto_original": "http://sapl.bicas.mg.leg.br/media/sapl/public/materialegislativa/2021/3283/396.pdf", "ementa": "Que sejam instaladas c\u00e2meras de seguran\u00e7a para vigil\u00e2ncia patrimonial de todo o almoxarifado municipal."}, {"id": "3284", "ano": "2021", "numero": "397", "tipo__sigla": "IND", "tipo__descricao": "Indica\u00e7\u00e3o", "autoria": "Fernando Bigode", "texto_original": "http://sapl.bicas.mg.leg.br/media/sapl/public/materialegislativa/2021/3284/397.pdf", "ementa": "Que seja feita pintura do muro do batalh\u00e3o e reparo na sua cal\u00e7ada."}, {"id": "3285", "ano": "2021", "numero": "398", "tipo__sigla": "IND", "tipo__descricao": "Indica\u00e7\u00e3o", "autoria": "Fernando Bigode", "texto_original": "http://sapl.bicas.mg.leg.br/media/sapl/public/materialegislativa/2021/3285/398.pdf", "ementa": "Que seja feita demarca\u00e7\u00e3o e pintura das ruas de nossa cidade."}, {"id": "3286", "ano": "2021", "numero": "399", "tipo__sigla": "IND", "tipo__descricao": "Indica\u00e7\u00e3o", "autoria": "Loro", "texto_original": "http://sapl.bicas.mg.leg.br/media/sapl/public/materialegislativa/2021/3286/399.pdf", "ementa": "Que seja solicitado \u00e0 Secretaria de Administra\u00e7\u00e3o com a m\u00e1xima urg\u00eancia, a concess\u00e3o dos pagamentos dos adicionais de insalubridade dos Agentes Comunit\u00e1rios de Endemias e dos Agentes Comunit\u00e1rios de Sa\u00fade, bem como a revis\u00e3o do laudo apresentado sobre o cargo de carpinteiro em rela\u00e7\u00e3o estes dois quesitos contidos no Laudo T\u00e9cnico de Insalubridade e Periculosidade realizado em janeiro de 2018.Al\u00e9m disso, solicito que seja negociado e pago a estes servidores todos os direitos que v\u00eam lhe sendo negados desde outubro de 2016."}, {"id": "3289", "ano": "2021", "numero": "400", "tipo__sigla": "IND", "tipo__descricao": "Indica\u00e7\u00e3o", "autoria": "Paulinho Plantas", "texto_original": "http://sapl.bicas.mg.leg.br/media/sapl/public/materialegislativa/2021/3289/400.pdf", "ementa": "Que o Exmo. Sr. Prefeito Municipal, ordene \u00e0 secretaria competente que realize limpeza e desobstru\u00e7\u00e3o de trecho da estrada da \u00c1gua Santa pr\u00f3ximo \u00e0 cl\u00ednica Renascer."}, {"id": "3290", "ano": "2021", "numero": "401", "tipo__sigla": "IND", "tipo__descricao": "Indica\u00e7\u00e3o", "autoria": "Joel Mil\u00e3o do Cemit\u00e9rio", "texto_original": "http://sapl.bicas.mg.leg.br/media/sapl/public/materialegislativa/2021/3290/401.pdf", "ementa": "Que a secretaria competente possa providenciar a compra de um \u00f4nibus para sa\u00fade."}, {"id": "3291", "ano": "2021", "numero": "402", "tipo__sigla": "IND", "tipo__descricao": "Indica\u00e7\u00e3o", "autoria": "Joel Mil\u00e3o do Cemit\u00e9rio", "texto_original": "http://sapl.bicas.mg.leg.br/media/sapl/public/materialegislativa/2021/3291/402.pdf", "ementa": "Que a secretaria competente possa providenciar mais fraldas e a melhoria da qualidade das mesmas."}, {"id": "3292", "ano": "2021", "numero": "403", "tipo__sigla": "IND", "tipo__descricao": "Indica\u00e7\u00e3o", "autoria": "Joel Mil\u00e3o do Cemit\u00e9rio", "texto_original": "http://sapl.bicas.mg.leg.br/media/sapl/public/materialegislativa/2021/3292/403.pdf", "ementa": "Que a secretaria competente possa fazer a limpeza e resolver o problema de um bueiro na Rua Garcia passos, numero 781."}, {"id": "3293", "ano": "2021", "numero": "404", "tipo__sigla": "IND", "tipo__descricao": "Indica\u00e7\u00e3o", "autoria": "Fernando Bigode", "texto_original": "http://sapl.bicas.mg.leg.br/media/sapl/public/materialegislativa/2021/3293/404.pdf", "ementa": "Que seja feito um corrim\u00e3o na cal\u00e7ada da escola estadual, rua prefeito oliveira Souza e que seja colocada mais algumas lixeiras ao longo da mesma cal\u00e7ada"}, {"id": "3294", "ano": "2021", "numero": "405", "tipo__sigla": "IND", "tipo__descricao": "Indica\u00e7\u00e3o", "autoria": "Loro", "texto_original": "http://sapl.bicas.mg.leg.br/media/sapl/public/materialegislativa/2021/3294/405.pdf", "ementa": "Que seja instalada travessia para pedestres no entroncamento das ruas Garcia Passos e Santa Tereza. E que seja feita pintura indicando travessia de pedestres ao longo do posto Jukear."}, {"id": "3296", "ano": "2021", "numero": "406", "tipo__sigla": "IND", "tipo__descricao": "Indica\u00e7\u00e3o", "autoria": "Melissa Terra", "texto_original": "http://sapl.bicas.mg.leg.br/media/sapl/public/materialegislativa/2021/3296/406.pdf", "ementa": "Que seja disponibilizado vigia para a pra\u00e7a S\u00e3o Jos\u00e9, e que o poder executivo solicite da Pol\u00edcia Militar que d\u00ea aten\u00e7\u00e3o redobrada \u00e0 Pra\u00e7a."}, {"id": "3297", "ano": "2021", "numero": "407", "tipo__sigla": "IND", "tipo__descricao": "Indica\u00e7\u00e3o", "autoria": "Paulinho Plantas", "texto_original": "http://sapl.bicas.mg.leg.br/media/sapl/public/materialegislativa/2021/3297/407.pdf", "ementa": "Que o Exmo. Sr. Prefeito Municipal, fa\u00e7a oferecer na rede de sa\u00fade de nossa cidade o atendimento de m\u00e9dico neuropediatra."}, {"id": "3298", "ano": "2021", "numero": "408", "tipo__sigla": "IND", "tipo__descricao": "Indica\u00e7\u00e3o", "autoria": "Paulinho Plantas", "texto_original": "http://sapl.bicas.mg.leg.br/media/sapl/public/materialegislativa/2021/3298/408.pdf", "ementa": "Que o Exmo. Sr. Prefeito Municipal, providencie a constru\u00e7\u00e3o de parquinho e academia ao ar livre na Rua Garcia Passos"}, {"id": "3299", "ano": "2021", "numero": "409", "tipo__sigla": "IND", "tipo__descricao": "Indica\u00e7\u00e3o", "autoria": "Marcelo Jardim", "texto_original": "http://sapl.bicas.mg.leg.br/media/sapl/public/materialegislativa/2021/3299/409.pdf", "ementa": "Que a prefeitura distribua protetor solar e capas de chuva para os servidores que trabalham a c\u00e9u aberto."}, {"id": "3300", "ano": "2021", "numero": "410", "tipo__sigla": "IND", "tipo__descricao": "Indica\u00e7\u00e3o", "autoria": "Melissa Terra", "texto_original": "http://sapl.bicas.mg.leg.br/media/sapl/public/materialegislativa/2021/3300/410.pdf", "ementa": "Que seja estuda uma maneira de substituir o uso de lixeira coletiva no bairro Gilson Lamha."}, {"id": "3301", "ano": "2021", "numero": "411", "tipo__sigla": "IND", "tipo__descricao": "Indica\u00e7\u00e3o", "autoria": "Melissa Terra", "texto_original": "http://sapl.bicas.mg.leg.br/media/sapl/public/materialegislativa/2021/3301/411.pdf", "ementa": "Que sejam trocadas as l\u00e2mpadas dos postes da Rua Arthur Bernardes, tamb\u00e9m conhecida como rua do bonde."}, {"id": "3302", "ano": "2021", "numero": "412", "tipo__sigla": "IND", "tipo__descricao": "Indica\u00e7\u00e3o", "autoria": "Marcelo Jardim", "texto_original": "http://sapl.bicas.mg.leg.br/media/sapl/public/materialegislativa/2021/3302/412.pdf", "ementa": "Que a prefeitura possa refazer a faixa de pedestre na Rua Capit\u00e3o Pedro Assis Amaral, em frente a Zema."}, {"id": "3303", "ano": "2021", "numero": "413", "tipo__sigla": "IND", "tipo__descricao": "Indica\u00e7\u00e3o", "autoria": "Rafael Aquino", "texto_original": "http://sapl.bicas.mg.leg.br/media/sapl/public/materialegislativa/2021/3303/413.pdf", "ementa": "Solicito da administra\u00e7\u00e3o Municipal, atrav\u00e9s da Secretaria de Obras, que d\u00ea continuidade \u00e0s adapta\u00e7\u00f5es de acessibilidade no mun\u00edcipio, nas cal\u00e7adas e pr\u00e9dios p\u00fablicos."}, {"id": "3304", "ano": "2021", "numero": "414", "tipo__sigla": "IND", "tipo__descricao": "Indica\u00e7\u00e3o", "autoria": "Rafael Aquino", "texto_original": "http://sapl.bicas.mg.leg.br/media/sapl/public/materialegislativa/2021/3304/414.pdf", "ementa": "Solicito da administra\u00e7\u00e3o Municipal, atrav\u00e9s da Secretaria de Assist\u00eancia Social, que seja oferecido Curso de utiliza\u00e7\u00e3o de Smartphone e redes sociais para os idosos."}, {"id": "3324", "ano": "2021", "numero": "415", "tipo__sigla": "IND", "tipo__descricao": "Indica\u00e7\u00e3o", "autoria": "Melissa Terra", "texto_original": "http://sapl.bicas.mg.leg.br/media/sapl/public/materialegislativa/2021/3324/415.pdf", "ementa": "Que seja instalada ilumina\u00e7\u00e3o p\u00fablica na rua lateral  do condom\u00ednio Parque Vereada, localizado no n\u00ba 535 da Av. Governador Valadares."}, {"id": "3325", "ano": "2021", "numero": "416", "tipo__sigla": "IND", "tipo__descricao": "Indica\u00e7\u00e3o", "autoria": "Melissa Terra", "texto_original": "http://sapl.bicas.mg.leg.br/media/sapl/public/materialegislativa/2021/3325/416.pdf", "ementa": "Que seja concedido 14\u00ba a todos os servidores municipais."}, {"id": "3326", "ano": "2021", "numero": "417", "tipo__sigla": "IND", "tipo__descricao": "Indica\u00e7\u00e3o", "autoria": "Joel Mil\u00e3o do Cemit\u00e9rio", "texto_original": "http://sapl.bicas.mg.leg.br/media/sapl/public/materialegislativa/2021/3326/417.pdf", "ementa": "Que a prefeitura promova a troca de todos os postes de madeira/provis\u00f3rios do munic\u00edpio, em especial na rua da Olaria."}, {"id": "3327", "ano": "2021", "numero": "418", "tipo__sigla": "IND", "tipo__descricao": "Indica\u00e7\u00e3o", "autoria": "Joel Mil\u00e3o do Cemit\u00e9rio", "texto_original": "http://sapl.bicas.mg.leg.br/media/sapl/public/materialegislativa/2021/3327/418.pdf", "ementa": "Que sejam feitas as seguintes melhorias/reparos na base do SAMU:\r\n\tSubstitui\u00e7\u00e3o de telhas e reparos no telhado para acabar com goteiras;\r\n\tInstala\u00e7\u00e3o de cerca el\u00e9trica no muro dos fundos e lateral da base, para evitar entrada de pessoal n\u00e3o autorizado;\r\n\tConstru\u00e7\u00e3o de port\u00e3o na frente da base."}, {"id": "3328", "ano": "2021", "numero": "419", "tipo__sigla": "IND", "tipo__descricao": "Indica\u00e7\u00e3o", "autoria": "Joel Mil\u00e3o do Cemit\u00e9rio", "texto_original": "http://sapl.bicas.mg.leg.br/media/sapl/public/materialegislativa/2021/3328/419.pdf", "ementa": "Que sejam instaladas c\u00e2meras de vigil\u00e2ncia no estilo \u201colho vivo\u201d nas principais ruas da cidade."}, {"id": "3329", "ano": "2021", "numero": "420", "tipo__sigla": "IND", "tipo__descricao": "Indica\u00e7\u00e3o", "autoria": "Rafael Aquino", "texto_original": "http://sapl.bicas.mg.leg.br/media/sapl/public/materialegislativa/2021/3329/420.pdf", "ementa": "Solicito da Secretaria Municipal de Assist\u00eancia Social, fa\u00e7a o cadastro e emiss\u00e3o da Carteira Municipal de Identifica\u00e7\u00e3o da Pessoa com Transtorno do Espectro Autista (CMIPTEA)."}, {"id": "3330", "ano": "2021", "numero": "421", "tipo__sigla": "IND", "tipo__descricao": "Indica\u00e7\u00e3o", "autoria": "Rafael Aquino", "texto_original": "http://sapl.bicas.mg.leg.br/media/sapl/public/materialegislativa/2021/3330/421.pdf", "ementa": "Solicito da administra\u00e7\u00e3o Municipal, que disponibilize transporte para os interessados em se inscreverem nos cursos t\u00e9cnico do SENAI/JF, com bolsas de estudos para aqueles cadastrados no Bolsa fam\u00edlia."}, {"id": "3336", "ano": "2021", "numero": "422", "tipo__sigla": "IND", "tipo__descricao": "Indica\u00e7\u00e3o", "autoria": "Joel Mil\u00e3o do Cemit\u00e9rio", "texto_original": "http://sapl.bicas.mg.leg.br/media/sapl/public/materialegislativa/2021/3336/422.pdf", "ementa": "Que seja feito o nivelamento da Rua Cel. Francisco Sales, para que a \u00e1gua pluvial n\u00e3o se acumule, bem como amplia\u00e7\u00e3o dos bueiros."}, {"id": "3337", "ano": "2021", "numero": "424", "tipo__sigla": "IND", "tipo__descricao": "Indica\u00e7\u00e3o", "autoria": "Joel Mil\u00e3o do Cemit\u00e9rio", "texto_original": "http://sapl.bicas.mg.leg.br/media/sapl/public/materialegislativa/2021/3337/424.pdf", "ementa": "Que seja proibido as buzinas de motos depois das 00:00 horas."}, {"id": "3338", "ano": "2021", "numero": "425", "tipo__sigla": "IND", "tipo__descricao": "Indica\u00e7\u00e3o", "autoria": "Joel Mil\u00e3o do Cemit\u00e9rio", "texto_original": "http://sapl.bicas.mg.leg.br/media/sapl/public/materialegislativa/2021/3338/425.pdf", "ementa": "Que seja feito um estudo para melhoria do transito na rua Avenida Bianco, centro de Bicas."}, {"id": "3339", "ano": "2021", "numero": "426", "tipo__sigla": "IND", "tipo__descricao": "Indica\u00e7\u00e3o", "autoria": "Joel Mil\u00e3o do Cemit\u00e9rio", "texto_original": "http://sapl.bicas.mg.leg.br/media/sapl/public/materialegislativa/2021/3339/426.pdf", "ementa": "Que a secretaria competente possa cal\u00e7ar e tamb\u00e9m fazer o escoamento da \u00e1gua para descer direto no manilhamento de \u00e1guas pluviais nas vielas do cemit\u00e9rio, na parte onde foram constru\u00eddos os platores"}, {"id": "3340", "ano": "2021", "numero": "427", "tipo__sigla": "IND", "tipo__descricao": "Indica\u00e7\u00e3o", "autoria": "Loro", "texto_original": "http://sapl.bicas.mg.leg.br/media/sapl/public/materialegislativa/2021/3340/427.pdf", "ementa": "Que seja regularizado no site da prefeitura, no portal de transpar\u00eancia os seguintes decretos e portarias abaixo enumerados.\r\nDecretos =:\r\nNumero 76 a 86, 88 a 93, 96/97, 99 a 102, 105 a 112, 115 a 119, 121 a 123, 125 a 127, 129 a 137, 139/140, 157, 212 a 244 e 246 a 255.\r\n\r\nPortarias:\r\nNumero 68, 82, 90, 185 a 191, 139, 196 a 199, 201/202, 218 e 219."}, {"id": "3343", "ano": "2021", "numero": "428", "tipo__sigla": "IND", "tipo__descricao": "Indica\u00e7\u00e3o", "autoria": "Fernando Bigode", "texto_original": "http://sapl.bicas.mg.leg.br/media/sapl/public/materialegislativa/2021/3343/428.pdf", "ementa": "Que sejam colocadas novas l\u00e2mpadas na pra\u00e7a do batalh\u00e3o da Policia Militar, na Avenida Governador Valadares."}, {"id": "3344", "ano": "2021", "numero": "429", "tipo__sigla": "IND", "tipo__descricao": "Indica\u00e7\u00e3o", "autoria": "Melissa Terra", "texto_original": "http://sapl.bicas.mg.leg.br/media/", "ementa": "Que seja  feita a poda das arvores na entrada do bairro Gilson Lamha."}, {"id": "3345", "ano": "2021", "numero": "430", "tipo__sigla": "IND", "tipo__descricao": "Indica\u00e7\u00e3o", "autoria": "Melissa Terra", "texto_original": "http://sapl.bicas.mg.leg.br/media/sapl/public/materialegislativa/2021/3345/430.pdf", "ementa": "Que seja instalado um quebra-molas  no inicio da Rua do Bonde ."}, {"id": "3346", "ano": "2021", "numero": "431", "tipo__sigla": "IND", "tipo__descricao": "Indica\u00e7\u00e3o", "autoria": "Marcelo Jardim", "texto_original": "http://sapl.bicas.mg.leg.br/media/sapl/public/materialegislativa/2021/3346/431.pdf", "ementa": "Solicito a limpeza e que seja dada a devida manuten\u00e7\u00e3o para a quadra do col\u00e9gio Coronel Souza"}, {"id": "3352", "ano": "2021", "numero": "432", "tipo__sigla": "IND", "tipo__descricao": "Indica\u00e7\u00e3o", "autoria": "Joel Mil\u00e3o do Cemit\u00e9rio", "texto_original": "http://sapl.bicas.mg.leg.br/media/sapl/public/materialegislativa/2021/3352/432.pdf", "ementa": "Que a secretaria competente possa arrumar e aumentar as duas passarelas na Rua Anselmo Colaci."}, {"id": "3353", "ano": "2021", "numero": "433", "tipo__sigla": "IND", "tipo__descricao": "Indica\u00e7\u00e3o", "autoria": "Joel Mil\u00e3o do Cemit\u00e9rio", "texto_original": "http://sapl.bicas.mg.leg.br/media/sapl/public/materialegislativa/2021/3353/433.pdf", "ementa": "Que a secretaria competente fa\u00e7a a poda e retirada de arvores ca\u00eddas na Rua Tiradentes como mostra o anexo abaixo/"}, {"id": "3354", "ano": "2021", "numero": "434", "tipo__sigla": "IND", "tipo__descricao": "Indica\u00e7\u00e3o", "autoria": "Joel Mil\u00e3o do Cemit\u00e9rio", "texto_original": "http://sapl.bicas.mg.leg.br/media/sapl/public/materialegislativa/2021/3354/434.pdf", "ementa": "Que a secretaria competente possa arrumar a Rua Aura Aliada Pereira Lamha."}, {"id": "3355", "ano": "2021", "numero": "435", "tipo__sigla": "IND", "tipo__descricao": "Indica\u00e7\u00e3o", "autoria": "Melissa Terra", "texto_original": "http://sapl.bicas.mg.leg.br/media/sapl/public/materialegislativa/2021/3355/435.pdf", "ementa": "Que seja fornecido o deslocamento para as crian\u00e7as atendidas pelo AEE, para atendimentos na \u00e1rea sa\u00fade."}, {"id": "3356", "ano": "2021", "numero": "436", "tipo__sigla": "IND", "tipo__descricao": "Indica\u00e7\u00e3o", "autoria": "Melissa Terra", "texto_original": "http://sapl.bicas.mg.leg.br/media/sapl/public/materialegislativa/2021/3356/436.pdf", "ementa": "Que a Secretaria de Assist\u00eancia Social busque formas de realizar uma busca ativa por resid\u00eancias que necessitem de reformas urgentes, mediante parcerias e trabalhos com entidades p\u00fablicas e privadas."}, {"id": "3357", "ano": "2021", "numero": "437", "tipo__sigla": "IND", "tipo__descricao": "Indica\u00e7\u00e3o", "autoria": "Paulinho Plantas", "texto_original": "http://sapl.bicas.mg.leg.br/media/sapl/public/materialegislativa/2021/3357/437.pdf", "ementa": "Que o Exmo. Sr. Prefeito Municipal, providencie a contrata\u00e7\u00e3o de uma ginecologista para fazer os encaminhamentos."}, {"id": "3358", "ano": "2021", "numero": "438", "tipo__sigla": "IND", "tipo__descricao": "Indica\u00e7\u00e3o", "autoria": "Melissa Terra", "texto_original": "http://sapl.bicas.mg.leg.br/media/sapl/public/materialegislativa/2021/3358/438.pdf", "ementa": "Que seja realizada a aquisi\u00e7\u00e3o de terreno para instala\u00e7\u00e3o de espa\u00e7o para lazer (parque, academia popular, pra\u00e7a) para atender \u00e0 popula\u00e7\u00e3o do bairro Vi\u00fava Sales."}, {"id": "3372", "ano": "2021", "numero": "439", "tipo__sigla": "IND", "tipo__descricao": "Indica\u00e7\u00e3o", "autoria": "Fernando Bigode", "texto_original": "http://sapl.bicas.mg.leg.br/media/sapl/public/materialegislativa/2021/3372/439.pdf", "ementa": "Que seja feita capina nos fundos dos terrenos do Tiro de Guerra"}, {"id": "3373", "ano": "2021", "numero": "440", "tipo__sigla": "IND", "tipo__descricao": "Indica\u00e7\u00e3o", "autoria": "Fernando Joca", "texto_original": "http://sapl.bicas.mg.leg.br/media/sapl/public/materialegislativa/2021/3373/440.pdf", "ementa": "Solicito ao Prefeito Municipal, tendo em vista a compra de v\u00e1rios ve\u00edculos novos que providencia a aliena\u00e7\u00e3o"}, {"id": "3374", "ano": "2021", "numero": "441", "tipo__sigla": "IND", "tipo__descricao": "Indica\u00e7\u00e3o", "autoria": "Joel Mil\u00e3o do Cemit\u00e9rio", "texto_original": "http://sapl.bicas.mg.leg.br/media/sapl/public/materialegislativa/2021/3374/441.pdf", "ementa": "Que a secretaria competente possa arrumar o cal\u00e7amento e ilumina\u00e7\u00e3o na Rua Milton Marques de Souza."}, {"id": "3375", "ano": "2021", "numero": "442", "tipo__sigla": "IND", "tipo__descricao": "Indica\u00e7\u00e3o", "autoria": "Joel Mil\u00e3o do Cemit\u00e9rio", "texto_original": "http://sapl.bicas.mg.leg.br/media/sapl/public/materialegislativa/2021/3375/442.pdf", "ementa": "Que a secretaria competente possa arrumar o esgoto na Rua Melo Viana"}, {"id": "3376", "ano": "2021", "numero": "443", "tipo__sigla": "IND", "tipo__descricao": "Indica\u00e7\u00e3o", "autoria": "Paulinho Plantas", "texto_original": "http://sapl.bicas.mg.leg.br/media/sapl/public/materialegislativa/2021/3376/443.pdf", "ementa": "Solicito que a secretaria competente fa\u00e7a uma limpeza no bairro Santa Terezinha tamb\u00e9m conhecido como morro do cruzeiro, especialmente na Rua Cesar de Oliveira Mendes."}, {"id": "3377", "ano": "2021", "numero": "444", "tipo__sigla": "IND", "tipo__descricao": "Indica\u00e7\u00e3o", "autoria": "Fernando Joca", "texto_original": "http://sapl.bicas.mg.leg.br/media/sapl/public/materialegislativa/2021/3377/445.pdf", "ementa": "Solicito a rela\u00e7\u00e3o de todas as obras e interven\u00e7\u00f5es feitas pela Secretaria de obras do inicio de janeiro ate o presente momento, detalhando qual a obra e o custo dela seja ela pequena, media ou grande."}, {"id": "3378", "ano": "2021", "numero": "445", "tipo__sigla": "IND", "tipo__descricao": "Indica\u00e7\u00e3o", "autoria": "Melissa Terra", "texto_original": "http://sapl.bicas.mg.leg.br/media/sapl/public/materialegislativa/2021/3378/445.pdf", "ementa": "Que seja realizada a troca de l\u00e2mpadas no parquinho da rede em frente ao SAMU."}, {"id": "3379", "ano": "2021", "numero": "446", "tipo__sigla": "IND", "tipo__descricao": "Indica\u00e7\u00e3o", "autoria": "Melissa Terra", "texto_original": "http://sapl.bicas.mg.leg.br/media/sapl/public/materialegislativa/2021/3379/446.pdf", "ementa": "Que seja retirada definitivamente a lixeira da entrada do bairro Gilson Lamha, e que a secretaria competente estude uma melhor forma para condicionar esse lixo ate seu recolhimento final."}, {"id": "3380", "ano": "2021", "numero": "447", "tipo__sigla": "IND", "tipo__descricao": "Indica\u00e7\u00e3o", "autoria": "Fernando Bigode", "texto_original": "http://sapl.bicas.mg.leg.br/media/sapl/public/materialegislativa/2021/3380/447.pdf", "ementa": "Que a secretaria competente, arrume os v\u00e3os abertos no galp\u00e3o do Parque de exposi\u00e7\u00f5es e tamb\u00e9m fa\u00e7a uma limpeza geral nos banheiros onde esta acontecendo o curso do SENAI."}, {"id": "3381", "ano": "2021", "numero": "448", "tipo__sigla": "IND", "tipo__descricao": "Indica\u00e7\u00e3o", "autoria": "Fernando Bigode", "texto_original": "http://sapl.bicas.mg.leg.br/media/", "ementa": "Que a secretaria de sa\u00fade, providencie um kit de primeiros socorros e se necess\u00e1rio o treinamento para utiliza\u00e7\u00e3o aos alunos dos cursos do SENAI no parque de exposi\u00e7\u00f5es."}, {"id": "3382", "ano": "2021", "numero": "449", "tipo__sigla": "IND", "tipo__descricao": "Indica\u00e7\u00e3o", "autoria": "Rafael Aquino", "texto_original": "http://sapl.bicas.mg.leg.br/media/sapl/public/materialegislativa/2021/3382/449.pdf", "ementa": "Solicito da SECRETARIA MUNICIPAL DE SA\u00daDE, a utiliza\u00e7\u00e3o da vacina da PFIZER COMO OP\u00c7\u00c3O DE SEGUNDA DOSE, mesmo para aqueles que tomaram a primeira dose de astrazeneca, bem como solicito a antecipa\u00e7\u00e3o do prazo para segunda dose da vacina PFIZER."}, {"id": "3383", "ano": "2021", "numero": "450", "tipo__sigla": "IND", "tipo__descricao": "Indica\u00e7\u00e3o", "autoria": "Rafael Aquino", "texto_original": "http://sapl.bicas.mg.leg.br/media/sapl/public/materialegislativa/2021/3383/450.pdf", "ementa": "Solicito da ADMINISTRA\u00c7\u00c3O MUNICIPAL, juntamente com a Secretaria de Obras e diretoria de Defesa Animal, e Secretaria de Educa\u00e7\u00e3o, que utilizem as Kombis para adaptar uma para um mini castra-m\u00f3vel, e outra para uma minibiblioteca."}, {"id": "3384", "ano": "2021", "numero": "451", "tipo__sigla": "IND", "tipo__descricao": "Indica\u00e7\u00e3o", "autoria": "Rafael Aquino", "texto_original": "http://sapl.bicas.mg.leg.br/media/sapl/public/materialegislativa/2021/3384/451.pdf", "ementa": "Solicito da SECRETARIA MUNICIPAL DE SA\u00daDE, que disponibilize mais uma data para mutir\u00e3o de exames de pr\u00f3stata."}, {"id": "3385", "ano": "2021", "numero": "452", "tipo__sigla": "IND", "tipo__descricao": "Indica\u00e7\u00e3o", "autoria": "Melissa Terra", "texto_original": "http://sapl.bicas.mg.leg.br/media/sapl/public/materialegislativa/2021/3385/452.pdf", "ementa": "Que seja viabilizada o Curso T\u00e9cnico de Agente Comunit\u00e1rio de Sa\u00fade para capacita\u00e7\u00e3o dos servidores que atuam nesta \u00e1rea."}, {"id": "3386", "ano": "2021", "numero": "453", "tipo__sigla": "IND", "tipo__descricao": "Indica\u00e7\u00e3o", "autoria": "Melissa Terra", "texto_original": "http://sapl.bicas.mg.leg.br/media/sapl/public/materialegislativa/2021/3386/453.pdf", "ementa": "Que seja efetuada uma busca ativa por mun\u00edcipes que j\u00e1 deveriam ter tomado as segundas doses e doses de refor\u00e7o da vacina contra COVID19, mas ainda n\u00e3o tomaram."}, {"id": "3387", "ano": "2021", "numero": "454", "tipo__sigla": "IND", "tipo__descricao": "Indica\u00e7\u00e3o", "autoria": "Melissa Terra", "texto_original": "http://sapl.bicas.mg.leg.br/media/sapl/public/materialegislativa/2021/3387/454.pdf", "ementa": "Que as depend\u00eancias \u201cEscola do Povoado de Santa Helena\u201d sejam utilizadas como centro comunit\u00e1rio."}, {"id": "3388", "ano": "2021", "numero": "455", "tipo__sigla": "IND", "tipo__descricao": "Indica\u00e7\u00e3o", "autoria": "Joel Mil\u00e3o do Cemit\u00e9rio", "texto_original": "http://sapl.bicas.mg.leg.br/media/sapl/public/materialegislativa/2021/3388/455.pdf", "ementa": "Que a prefeitura e sua secretaria competente possa fazer avaliar e resolver o problema do transito na Rua \u00c1lvaro Dias, no bairro Tira Couro."}, {"id": "3389", "ano": "2021", "numero": "456", "tipo__sigla": "IND", "tipo__descricao": "Indica\u00e7\u00e3o", "autoria": "Paulinho Plantas", "texto_original": "http://sapl.bicas.mg.leg.br/media/sapl/public/materialegislativa/2021/3389/456.pdf", "ementa": "Solicito da Administra\u00e7\u00e3o Municipal, atrav\u00e9s da secretaria Municipal de Assist\u00eancia Social, que verifique se o Munic\u00edpio de Bicas se enquadra nos requisitos do EDITAL DE CHAMAMENTO P\u00daBLICO DO SNDCA N\u00ba 01/2021."}, {"id": "3390", "ano": "2021", "numero": "457", "tipo__sigla": "IND", "tipo__descricao": "Indica\u00e7\u00e3o", "autoria": "Paulinho Plantas", "texto_original": "http://sapl.bicas.mg.leg.br/media/sapl/public/materialegislativa/2021/3390/457.pdf", "ementa": "Que a Secretaria competente e a defesa civil fa\u00e7am uma avalia\u00e7\u00e3o com vistas a indicar uma solu\u00e7\u00e3o para as rachaduras na Rua Joaquim Fernandes Alhadas, e que tamb\u00e9m a notifiquem a Cemig sobre o poste que se encontra danificado na mesma rua."}, {"id": "3391", "ano": "2021", "numero": "458", "tipo__sigla": "IND", "tipo__descricao": "Indica\u00e7\u00e3o", "autoria": "Fernando Bigode", "texto_original": "http://sapl.bicas.mg.leg.br/media/sapl/public/materialegislativa/2021/3391/458.pdf", "ementa": "Que a secretaria competente juntamente com a igreja Cat\u00f3lica, viabilize a coloca\u00e7\u00e3o de uma imagem de um CRISTO REDENTOR no ponto mais alto do Bairro Santa Teresinha (Morro do Cruzeiro), de onde seria proporcionada ao visitante uma vista parcial da nossa cidade."}, {"id": "3392", "ano": "2021", "numero": "459", "tipo__sigla": "IND", "tipo__descricao": "Indica\u00e7\u00e3o", "autoria": "Paulinho Plantas", "texto_original": "http://sapl.bicas.mg.leg.br/media/sapl/public/materialegislativa/2021/3392/459.pdf", "ementa": "Que a Secretaria competente providencie a poda de \u00e1rvore flamboyant na Rua Garcia Passos que est\u00e1 prestes a tocar a rede el\u00e9trica."}, {"id": "3393", "ano": "2021", "numero": "460", "tipo__sigla": "IND", "tipo__descricao": "Indica\u00e7\u00e3o", "autoria": "Paulinho Plantas", "texto_original": "http://sapl.bicas.mg.leg.br/media/sapl/public/materialegislativa/2021/3393/460.pdf", "ementa": "Que a Secretaria de Obras providencie visita de engenheiro para inspe\u00e7\u00e3o na Casa \u00e0 rua Garcia Passos, n\u00ba835, para verificar infiltra\u00e7\u00f5es causadas por vazamento nas manilhas da rua."}, {"id": "3394", "ano": "2021", "numero": "461", "tipo__sigla": "IND", "tipo__descricao": "Indica\u00e7\u00e3o", "autoria": "Paulinho Plantas", "texto_original": "http://sapl.bicas.mg.leg.br/media/sapl/public/materialegislativa/2021/3394/461.pdf", "ementa": "Que a Secretaria de Obras providencie reparos em um dos bancos da pra\u00e7a do Campo do Leopoldina que est\u00e1 quebrado."}, {"id": "3425", "ano": "2021", "numero": "464", "tipo__sigla": "IND", "tipo__descricao": "Indica\u00e7\u00e3o", "autoria": "Fernando Bigode", "texto_original": "http://sapl.bicas.mg.leg.br/media/sapl/public/materialegislativa/2021/3425/464.pdf", "ementa": "Que a secretaria competente fa\u00e7a o corte de \u00e1rvores de eucalipto ao fim da Avenida Governador Valadares, no barranco em frente ao churrasquinho do Marquinho"}, {"id": "3426", "ano": "2021", "numero": "465", "tipo__sigla": "IND", "tipo__descricao": "Indica\u00e7\u00e3o", "autoria": "Rafael Aquino", "texto_original": "http://sapl.bicas.mg.leg.br/media/sapl/public/materialegislativa/2021/3426/465.pdf", "ementa": "Solicito DA SECRETARIA DE SA\u00daDE, que informe o quantitativo da popula\u00e7\u00e3o que tomou a vacina h1n1 e a amplia\u00e7\u00e3o da divulga\u00e7\u00e3o e vacina\u00e7\u00e3o."}, {"id": "3427", "ano": "2021", "numero": "466", "tipo__sigla": "IND", "tipo__descricao": "Indica\u00e7\u00e3o", "autoria": "Rafael Aquino", "texto_original": "http://sapl.bicas.mg.leg.br/media/sapl/public/materialegislativa/2021/3427/466.pdf", "ementa": "Solicito da ADMINISTRA\u00c7\u00c3O MUNICIPAL, QUE SEJA PROVIDENCIADO UMA MELHOR ILUMINA\u00c7\u00c3O DO PARQUE DOS FERROVI\u00c1RIOS E MANUTEN\u00c7\u00c3O."}, {"id": "3428", "ano": "2021", "numero": "467", "tipo__sigla": "IND", "tipo__descricao": "Indica\u00e7\u00e3o", "autoria": "Rafael Aquino", "texto_original": "http://sapl.bicas.mg.leg.br/media/sapl/public/materialegislativa/2021/3428/467.pdf", "ementa": "Solicito DA ADMINISTRA\u00c7\u00c3O MUNIICIPAL, que providencie que as grava\u00e7oes nas C\u00e2meras de seguran\u00e7a nos pr\u00e9dios e locais publicos sejam armazenados em nuvens na internet, e que seja disponibilizado senha de acesso para a C\u00e2mara Municipal."}, {"id": "3429", "ano": "2021", "numero": "468", "tipo__sigla": "IND", "tipo__descricao": "Indica\u00e7\u00e3o", "autoria": "Paulinho Plantas", "texto_original": "http://sapl.bicas.mg.leg.br/media/sapl/public/materialegislativa/2021/3429/468.pdf", "ementa": "Que a secretaria competente verifique e resolva as infiltra\u00e7\u00f5es e outras necessidades da loja de artesanato na rodovi\u00e1ria."}, {"id": "3430", "ano": "2021", "numero": "469", "tipo__sigla": "IND", "tipo__descricao": "Indica\u00e7\u00e3o", "autoria": "Paulinho Plantas", "texto_original": "http://sapl.bicas.mg.leg.br/media/sapl/public/materialegislativa/2021/3430/469.pdf", "ementa": "Que a secretaria competente limpe os mata-burros, fa\u00e7a uma limpeza e coloque um apoio nos dois lados na ponte que vai de acesso a Copasa, e que tamb\u00e9m siga com o saibramento na Zona Rural de S\u00e3o Manoel."}, {"id": "3431", "ano": "2021", "numero": "470", "tipo__sigla": "IND", "tipo__descricao": "Indica\u00e7\u00e3o", "autoria": "Fernando Bigode", "texto_original": "http://sapl.bicas.mg.leg.br/media/sapl/public/materialegislativa/2021/3431/470.pdf", "ementa": "Solicito que o Poder Executivo estude e resolva a situa\u00e7\u00e3o de desordem na Pra\u00e7a S\u00e3o Jose nos finais de semana, que seja colocoado mais seguran\u00e7a ou mais policiais na rua."}, {"id": "3432", "ano": "2021", "numero": "471", "tipo__sigla": "IND", "tipo__descricao": "Indica\u00e7\u00e3o", "autoria": "Fernando Joca", "texto_original": "http://sapl.bicas.mg.leg.br/media/sapl/public/materialegislativa/2021/3432/471.pdf", "ementa": "Solicito que providencie com a devida urg\u00eancia o AVCB (alvar\u00e1 corpo de bombeiros) do parque de exposi\u00e7\u00f5es."}, {"id": "3433", "ano": "2021", "numero": "472", "tipo__sigla": "IND", "tipo__descricao": "Indica\u00e7\u00e3o", "autoria": "Fernando Joca", "texto_original": "http://sapl.bicas.mg.leg.br/media/sapl/public/materialegislativa/2021/3433/472.pdf", "ementa": "Solicito a Diretora do Meio Ambiente que providencie a equipe de limpeza do c\u00f3rrego que fa\u00e7a uma varredura na parte do mesmo para soltar as areais que est\u00e3o ficando retidas ap\u00f3s a limpeza drenagem."}, {"id": "3434", "ano": "2021", "numero": "473", "tipo__sigla": "IND", "tipo__descricao": "Indica\u00e7\u00e3o", "autoria": "Fernando Bigode", "texto_original": "http://sapl.bicas.mg.leg.br/media/sapl/public/materialegislativa/2021/3434/473_2.pdf", "ementa": "Que seja feito reparo nos dois bancos do trecho entre a Avenida Governador Valadares e Rua Luiz Ferrari, bem como a recoloca\u00e7\u00e3o de grama em trecho que cedeu, com aplica\u00e7\u00e3o de terra para ela acamar melhor."}, {"id": "3436", "ano": "2021", "numero": "474", "tipo__sigla": "IND", "tipo__descricao": "Indica\u00e7\u00e3o", "autoria": "Melissa Terra", "texto_original": "http://sapl.bicas.mg.leg.br/media/sapl/public/materialegislativa/2021/3436/474.pdf", "ementa": "Que seja constru\u00edda uma guarita de \u00f4nibus na matinha no inicio do bairro Gilson Lamha."}, {"id": "3437", "ano": "2021", "numero": "475", "tipo__sigla": "IND", "tipo__descricao": "Indica\u00e7\u00e3o", "autoria": "Loro", "texto_original": "http://sapl.bicas.mg.leg.br/media/sapl/public/materialegislativa/2021/3437/475.pdf", "ementa": "Que sejam instalados sinais luminosos nas salas de aula para servirem como alerta de intervalos, trocas de aula, in\u00edcio e fim das aulas."}, {"id": "2652", "ano": "2021", "numero": "1", "tipo__sigla": "MOC", "tipo__descricao": "Mo\u00e7\u00e3o", "autoria": "Rafael Aquino", "texto_original": "http://sapl.bicas.mg.leg.br/media/", "ementa": "PLANO \u201cRECOME\u00c7A MINAS\u201d CRIADO PELA ASSEMBLEIA LEGISLATIVA DE MINAS GERAIS, QUE SER\u00c1 DISCUTIDA PELOS DEPUTADOS ESTADUAIS."}, {"id": "2653", "ano": "2021", "numero": "2", "tipo__sigla": "MOC", "tipo__descricao": "Mo\u00e7\u00e3o", "autoria": "Rafael Aquino", "texto_original": "http://sapl.bicas.mg.leg.br/media/sapl/public/materialegislativa/2021/2653/moc2_-_rafael-_mocao_de_pesar.docx", "ementa": "Mo\u00e7\u00e3o de Pesar a ser encaminhada aos familiares  do Sr, EDSON PARREIRA LANINI pela ocasi\u00e3o do seu falecimento ocorrido no dia de ontem na cidade de Juiz de Fora."}, {"id": "2654", "ano": "2021", "numero": "3", "tipo__sigla": "MOC", "tipo__descricao": "Mo\u00e7\u00e3o", "autoria": "Melissa Terra", "texto_original": "http://sapl.bicas.mg.leg.br/media/sapl/public/materialegislativa/2021/2654/moc3_-_melissa_-_pesar.docx", "ementa": "Mo\u00e7\u00e3o de Pesar a ser encaminhada aos familiares do Sr, WALTER GON\u00c7ALVES FERREIRA ocasi\u00e3o do seu falecimento."}, {"id": "2655", "ano": "2021", "numero": "4", "tipo__sigla": "MOC", "tipo__descricao": "Mo\u00e7\u00e3o", "autoria": "Melissa Terra", "texto_original": "http://sapl.bicas.mg.leg.br/media/", "ementa": "Mo\u00e7\u00e3o de Pesar a ser encaminhada aos familiares do Sr. PEDRO DA ROCHA MACHADO pela ocasi\u00e3o do seu falecimento."}, {"id": "2670", "ano": "2021", "numero": "5", "tipo__sigla": "MOC", "tipo__descricao": "Mo\u00e7\u00e3o", "autoria": "Dr. Beto", "texto_original": "http://sapl.bicas.mg.leg.br/media/sapl/public/materialegislativa/2021/2670/05.pdf", "ementa": "Venho solicitar dos pares desta casa de leis, a aprova\u00e7\u00e3o de MO\u00c7\u00c3O DE APLAUSOS aos Servidores da Secretaria Municipal de Obras, pelo trabalho realizado em nosso munic\u00edpio."}, {"id": "2671", "ano": "2021", "numero": "6", "tipo__sigla": "MOC", "tipo__descricao": "Mo\u00e7\u00e3o", "autoria": "Melissa Terra", "texto_original": "http://sapl.bicas.mg.leg.br/media/sapl/public/materialegislativa/2021/2671/06.pdf", "ementa": "Apresento a V. Ex\u00aa, nos termos do art. 182 do Regimento Interno, a presente Mo\u00e7\u00e3o de Pesar a ser encaminhada aos familiares da Sra. MARIA AM\u00c9LIA BIANCO DE SOUZA MICHELLI pela ocasi\u00e3o do seu falecimento."}, {"id": "2723", "ano": "2021", "numero": "7", "tipo__sigla": "MOC", "tipo__descricao": "Mo\u00e7\u00e3o", "autoria": "Fernando Joca", "texto_original": "http://sapl.bicas.mg.leg.br/media/sapl/public/materialegislativa/2021/2723/07.pdf", "ementa": "Apresento a Vossa Excel\u00eancia, nos termos do art. 182 do Regimento Interno, a presente Mo\u00e7\u00e3o de Pesar a ser encaminhada aos familiares do Sr. Jos\u00e9 Carlos Passos pela ocasi\u00e3o do seu falecimento."}, {"id": "2724", "ano": "2021", "numero": "8", "tipo__sigla": "MOC", "tipo__descricao": "Mo\u00e7\u00e3o", "autoria": "Marcelo Jardim", "texto_original": "http://sapl.bicas.mg.leg.br/media/", "ementa": "Venho solicitar dos pares desta casa de leis, a aprova\u00e7\u00e3o de Mo\u00e7\u00e3o de Aplausos ao empres\u00e1rio Marcelo Baptista de Oliveira pelo seu apoio ao agroneg\u00f3cio em nossa regi\u00e3o."}, {"id": "2797", "ano": "2021", "numero": "9", "tipo__sigla": "MOC", "tipo__descricao": "Mo\u00e7\u00e3o", "autoria": "Paulinho Plantas", "texto_original": "http://sapl.bicas.mg.leg.br/media/sapl/public/materialegislativa/2021/2797/09_2021.pdf", "ementa": "Venho solicitar dos pares desta casa de leis, a aprova\u00e7\u00e3o de MO\u00c7\u00c3O DE APLAUSOSaos profissionais da Sa\u00fadede nosso munic\u00edpio pelo seu trabalho no combate ao coronav\u00edrus."}, {"id": "2798", "ano": "2021", "numero": "10", "tipo__sigla": "MOC", "tipo__descricao": "Mo\u00e7\u00e3o", "autoria": "Marcelo Jardim", "texto_original": "http://sapl.bicas.mg.leg.br/media/sapl/public/materialegislativa/2021/2798/10_2021.pdf", "ementa": "Venho solicitar dos pares desta casa de leis, a aprova\u00e7\u00e3o de MO\u00c7\u00c3O DE APLAUSOS ao Hospital S\u00e3o Jos\u00e9 de Bicas pelos 80 anos de sua funda\u00e7\u00e3o."}, {"id": "2799", "ano": "2021", "numero": "11", "tipo__sigla": "MOC", "tipo__descricao": "Mo\u00e7\u00e3o", "autoria": "Paulinho Plantas", "texto_original": "http://sapl.bicas.mg.leg.br/media/sapl/public/materialegislativa/2021/2799/11_2021.pdf", "ementa": "Venho solicitar dos pares desta casa de leis, a aprova\u00e7\u00e3o de MO\u00c7\u00c3O DE APLAUSOS ao CONSEP pela sua atua\u00e7\u00e3o de apoio ao munic\u00edpio e no combate ao coronav\u00edrus."}, {"id": "2800", "ano": "2021", "numero": "12", "tipo__sigla": "MOC", "tipo__descricao": "Mo\u00e7\u00e3o", "autoria": "Marcelo Jardim", "texto_original": "http://sapl.bicas.mg.leg.br/media/sapl/public/materialegislativa/2021/2800/12.pdf", "ementa": "Venho solicitar dos pares desta casa de leis, a aprova\u00e7\u00e3o de MO\u00c7\u00c3O DE AGRADECIMENTO \u00e0 Secretaria de Obras por instalar redutores de velocidade na Avenida Governador Valadares."}, {"id": "2816", "ano": "2021", "numero": "13", "tipo__sigla": "MOC", "tipo__descricao": "Mo\u00e7\u00e3o", "autoria": "Rafael Aquino", "texto_original": "http://sapl.bicas.mg.leg.br/media/sapl/public/materialegislativa/2021/2816/13.pdf", "ementa": "Venho solicitar dos pares desta casa de leis, a aprova\u00e7\u00e3o de MO\u00c7\u00c3O DE APOIO ao PL 3605/2020 que tramita na C\u00e2mara do Deputados."}, {"id": "2825", "ano": "2021", "numero": "14", "tipo__sigla": "MOC", "tipo__descricao": "Mo\u00e7\u00e3o", "autoria": "Rafael Aquino", "texto_original": "http://sapl.bicas.mg.leg.br/media/sapl/public/materialegislativa/2021/2825/14.pdf", "ementa": "Venho solicitar dos pares desta casa de leis, a aprova\u00e7\u00e3o de MO\u00c7\u00c3O DE REP\u00daDIO a ser enviada a empresa CEMIG, pelos constantes problemas apresentados em nossa cidade e falta de investimentos satisfat\u00f3rios."}, {"id": "2826", "ano": "2021", "numero": "15", "tipo__sigla": "MOC", "tipo__descricao": "Mo\u00e7\u00e3o", "autoria": "Rafael Aquino", "texto_original": "http://sapl.bicas.mg.leg.br/media/sapl/public/materialegislativa/2021/2826/15.pdf", "ementa": "Solicito de meus pares, que seja aprovado MO\u00c7\u00c3O DE PESAR aos familiares da Sra LUCIANA DOS REIS MENDES AMORIM, dado seu falecimento ocorrido no dia de ontem na cidade Bras\u00edlia-DF."}, {"id": "2874", "ano": "2021", "numero": "16", "tipo__sigla": "MOC", "tipo__descricao": "Mo\u00e7\u00e3o", "autoria": "Rafael Aquino", "texto_original": "http://sapl.bicas.mg.leg.br/media/sapl/public/materialegislativa/2021/2874/16.pdf", "ementa": "Solicito de meus pares, que seja aprovado MO\u00c7\u00c3O DE PESAR, pelo falecimento do Sr, JOS\u00c9 CARLOS TEIXEIRA, ocorrido no dia 15/04/2021 na cidade de Juiz de Fora."}, {"id": "2903", "ano": "2021", "numero": "17", "tipo__sigla": "MOC", "tipo__descricao": "Mo\u00e7\u00e3o", "autoria": "Melissa Terra", "texto_original": "http://sapl.bicas.mg.leg.br/media/sapl/public/materialegislativa/2021/2903/17.pdf", "ementa": "Apresento a V.Exa., nos termos do art. 182 do Regimento Interno, a presente Mo\u00e7\u00e3o de Pesar a ser encaminhada aos familiares da Sra., ENEIDA DE JESUS PADULA ALVES pela ocasi\u00e3o do seu falecimento."}, {"id": "2923", "ano": "2021", "numero": "18", "tipo__sigla": "MOC", "tipo__descricao": "Mo\u00e7\u00e3o", "autoria": "Rafael Aquino", "texto_original": "http://sapl.bicas.mg.leg.br/media/sapl/public/materialegislativa/2021/2923/18.pdf", "ementa": "Apresento a V.Exa., nos termos do art. 182 do Regimento Interno, a presente Mo\u00e7\u00e3o de Pesar a ser encaminhada aos familiares da Sr. SEBASTI\u00c3O AGRIPINO TEIXEIRA (O TI\u00c3O OU TI\u00c3OZINHO, mas tamb\u00e9m Vasco Teixeira \u2013 pseud\u00f4nimo com o qual assinava a coluna do nosso jornal \u201cO Munic\u00edpio\u201d"}, {"id": "2940", "ano": "2021", "numero": "19", "tipo__sigla": "MOC", "tipo__descricao": "Mo\u00e7\u00e3o", "autoria": "Marcelo Jardim", "texto_original": "http://sapl.bicas.mg.leg.br/media/sapl/public/materialegislativa/2021/2940/19.pdf", "ementa": "Venho solicitar dos pares desta casa de leis, a aprova\u00e7\u00e3o de MO\u00c7\u00c3O DE PESAR a ser encaminhada aos familiares de Douglas Faria pela ocasi\u00e3o de seu falecimento."}, {"id": "2941", "ano": "2021", "numero": "20", "tipo__sigla": "MOC", "tipo__descricao": "Mo\u00e7\u00e3o", "autoria": "Marcelo Jardim", "texto_original": "http://sapl.bicas.mg.leg.br/media/sapl/public/materialegislativa/2021/2941/20.pdf", "ementa": "Venho solicitar dos pares desta casa de leis, a aprova\u00e7\u00e3o de MO\u00c7\u00c3O DE PESAR a ser encaminhada aos familiares de Claudinei Nogueira pela ocasi\u00e3o de seu falecimento."}, {"id": "2964", "ano": "2021", "numero": "21", "tipo__sigla": "MOC", "tipo__descricao": "Mo\u00e7\u00e3o", "autoria": "Fernando Joca", "texto_original": "http://sapl.bicas.mg.leg.br/media/sapl/public/materialegislativa/2021/2964/21.pdf", "ementa": "Apresento a Vossa Excel\u00eancia, nos termos do art. 182 do Regimento Interno, a presente Mo\u00e7\u00e3o de Pesara ser encaminhada aos familiares das v\u00edtimas da COVID-19 em nosso munic\u00edpio."}, {"id": "2965", "ano": "2021", "numero": "22", "tipo__sigla": "MOC", "tipo__descricao": "Mo\u00e7\u00e3o", "autoria": "Marcelo Jardim", "texto_original": "http://sapl.bicas.mg.leg.br/media/sapl/public/materialegislativa/2021/2965/22.pdf", "ementa": "Venho solicitar dos pares desta casa de leis, a aprova\u00e7\u00e3o de MO\u00c7\u00c3O DE PESAR a ser encaminhada aos familiares de Widmark Monteiro C\u00e2ndido pela ocasi\u00e3o de seu falecimento."}, {"id": "2966", "ano": "2021", "numero": "23", "tipo__sigla": "MOC", "tipo__descricao": "Mo\u00e7\u00e3o", "autoria": "Rafael Aquino", "texto_original": "http://sapl.bicas.mg.leg.br/media/sapl/public/materialegislativa/2021/2966/23.pdf", "ementa": "Solicito de meus pares, que seja aprovado MO\u00c7\u00c3O DE APLAUSOS aos jovens FELLIPE RUAN SILVA PEREIRA, por suas aprova\u00e7\u00f5es em 1.\u00ba LUGAR EM DIREITO PELA UFJF, e ALESSANDRO TEIXEIRA JUNIOR 1.\u00ba LUGAR EM EDUCA\u00c7\u00c3O F\u00cdSICA PELA UFJF."}, {"id": "2967", "ano": "2021", "numero": "24", "tipo__sigla": "MOC", "tipo__descricao": "Mo\u00e7\u00e3o", "autoria": "Rafael Aquino", "texto_original": "http://sapl.bicas.mg.leg.br/media/sapl/public/materialegislativa/2021/2967/24.pdf", "ementa": "Solicito de meus pares, que seja aprovado MO\u00c7\u00c3O DE PESAR, pelo falecimento do Sr, JOS\u00c9 APARECIDO DE SOUZA, ocorrido no dia 21 de maio, na cidade de Juiz de Fora."}, {"id": "3019", "ano": "2021", "numero": "25", "tipo__sigla": "MOC", "tipo__descricao": "Mo\u00e7\u00e3o", "autoria": "Marcelo Jardim", "texto_original": "http://sapl.bicas.mg.leg.br/media/sapl/public/materialegislativa/2021/3019/25.pdf", "ementa": "Venho solicitar dos pares desta casa de leis, a aprova\u00e7\u00e3o de MO\u00c7\u00c3O DE PESAR a ser encaminhada aos familiares de Luis Carlos dos Santos pela ocasi\u00e3o de seu falecimento."}, {"id": "3020", "ano": "2021", "numero": "26", "tipo__sigla": "MOC", "tipo__descricao": "Mo\u00e7\u00e3o", "autoria": "Marcelo Jardim", "texto_original": "http://sapl.bicas.mg.leg.br/media/sapl/public/materialegislativa/2021/3020/26.pdf", "ementa": "Venho solicitar dos pares desta casa de leis, a aprova\u00e7\u00e3o de MO\u00c7\u00c3O DE PESARaser encaminhada aos familiares deCarlos Alberto Martins Fagundespela ocasi\u00e3o de seu falecimento."}, {"id": "3021", "ano": "2021", "numero": "27", "tipo__sigla": "MOC", "tipo__descricao": "Mo\u00e7\u00e3o", "autoria": "Melissa Terra", "texto_original": "http://sapl.bicas.mg.leg.br/media/sapl/public/materialegislativa/2021/3021/27.pdf", "ementa": "Apresento a V.Exa., nos termos do art. 182 do Regimento Interno, a presente Mo\u00e7\u00e3o de ApoioaoPL 2564/2020,que cria o piso nacional da categoria e estabelece a jornada de 30 horas semanais para profissionais da enfermagem"}, {"id": "3046", "ano": "2021", "numero": "28", "tipo__sigla": "MOC", "tipo__descricao": "Mo\u00e7\u00e3o", "autoria": "Fernando Joca", "texto_original": "http://sapl.bicas.mg.leg.br/media/sapl/public/materialegislativa/2021/3046/28.pdf", "ementa": "Apresento a Vossa Excel\u00eancia, nos termos do art. 182 do Regimento Interno, a presente mo\u00e7\u00e3o para repudiar a manifesta\u00e7\u00e3o desrespeitosa de servidor ocupante de cargo de livre nomea\u00e7\u00e3o e exonera\u00e7\u00e3o, violando os incisos V, VI e X do Art. 123 do Estatuto do Servidor."}, {"id": "3047", "ano": "2021", "numero": "29", "tipo__sigla": "MOC", "tipo__descricao": "Mo\u00e7\u00e3o", "autoria": "Rafael Aquino", "texto_original": "http://sapl.bicas.mg.leg.br/media/sapl/public/materialegislativa/2021/3047/29.pdf", "ementa": "Venho solicitar, a aprova\u00e7\u00e3o de MO\u00c7\u00c3O DE APOIO ao Projeto de Lei n\u00b0385/2021, visa facilitar a Prova de Vida dos benefici\u00e1rios do INSS."}, {"id": "3140", "ano": "2021", "numero": "30", "tipo__sigla": "MOC", "tipo__descricao": "Mo\u00e7\u00e3o", "autoria": "Melissa Terra", "texto_original": "http://sapl.bicas.mg.leg.br/media/sapl/public/materialegislativa/2021/3140/30.pdf", "ementa": "Apresento a V.Exa., nos termos do art. 182 do Regimento Interno, a presente Mo\u00e7\u00e3o de Aplausosa ser encaminhada \u00e0 deputada Ros\u00e2ngela Gomes pela aprova\u00e7\u00e3o da Lei que \u201cEstabelece normas para prevenir, reprimir e combater a viol\u00eancia pol\u00edtica contra a mulher\u201d, Lei n\u00ba 14.192 de 4 de Agosto de 2021."}, {"id": "3141", "ano": "2021", "numero": "31", "tipo__sigla": "MOC", "tipo__descricao": "Mo\u00e7\u00e3o", "autoria": "Marcelo Jardim", "texto_original": "http://sapl.bicas.mg.leg.br/media/sapl/public/materialegislativa/2021/3141/31.pdf", "ementa": "Venho solicitar dos pares desta casa de leis, a aprova\u00e7\u00e3o de MO\u00c7\u00c3O DE APLAUSOS ao nosso P\u00e1roco Padre Dione C\u00e9sar de Oliveira Goulart pelos seus 23 anos de ordena\u00e7\u00e3o e pelo trabalho social que vem desenvolvendo junto \u00e0s crian\u00e7as de nosso munic\u00edpio."}, {"id": "3153", "ano": "2021", "numero": "32", "tipo__sigla": "MOC", "tipo__descricao": "Mo\u00e7\u00e3o", "autoria": "Loro", "texto_original": "http://sapl.bicas.mg.leg.br/media/sapl/public/materialegislativa/2021/3153/32.pdf", "ementa": "Solicito dos meus pares a aprova\u00e7\u00e3o de Mo\u00e7\u00e3o de Rep\u00fadio \u00e0 PEC n\u00ba 32/2020 que \u201cAltera disposi\u00e7\u00f5es sobre servidores, empregados p\u00fablicos e organiza\u00e7\u00e3o administrativa\u201d."}, {"id": "3218", "ano": "2021", "numero": "33", "tipo__sigla": "MOC", "tipo__descricao": "Mo\u00e7\u00e3o", "autoria": "Fernando Joca", "texto_original": "http://sapl.bicas.mg.leg.br/media/sapl/public/materialegislativa/2021/3218/33.pdf", "ementa": "Apresento a Vossa Excel\u00eancia, nos termos do art. 182 do Regimento Interno, a presente mo\u00e7\u00e3o de aplausos ao Exmo. Sr. Prefeito Helber Marques Corr\u00eaa e ao Sr. Maur\u00edlio Ferreira Muniz pela nomea\u00e7\u00e3o a Secret\u00e1rio de Educa\u00e7\u00e3o."}, {"id": "3219", "ano": "2021", "numero": "34", "tipo__sigla": "MOC", "tipo__descricao": "Mo\u00e7\u00e3o", "autoria": "Paulinho Plantas", "texto_original": "http://sapl.bicas.mg.leg.br/media/sapl/public/materialegislativa/2021/3219/34.pdf", "ementa": "Venho solicitar dos pares desta casa de leis, a aprova\u00e7\u00e3o de MO\u00c7\u00c3O DE APLAUSOSao Sr Augusto Jos\u00e9 Ferreira, pelos seus 104 anos."}, {"id": "3220", "ano": "2021", "numero": "35", "tipo__sigla": "MOC", "tipo__descricao": "Mo\u00e7\u00e3o", "autoria": "", "texto_original": "http://sapl.bicas.mg.leg.br/media/sapl/public/materialegislativa/2021/3220/35.pdf", "ementa": "Solicito dos meus pares a aprova\u00e7\u00e3o de Mo\u00e7\u00e3o de Aplausos ao Sargento Marcos Arruda pela sua formatura em 1\u00ba lugar no Curso de Readapta\u00e7\u00e3o para Bombeiros Militares da For\u00e7a Nacional de Seguran\u00e7a P\u00fablica."}, {"id": "3221", "ano": "2021", "numero": "36", "tipo__sigla": "MOC", "tipo__descricao": "Mo\u00e7\u00e3o", "autoria": "Joel Mil\u00e3o do Cemit\u00e9rio", "texto_original": "http://sapl.bicas.mg.leg.br/media/sapl/public/materialegislativa/2021/3221/36.pdf", "ementa": "Venho solicitar dos pares desta casa de leis, a aprova\u00e7\u00e3o de MO\u00c7\u00c3O DE PESAR a ser encaminhada aos familiares de Dirceu Gomes pela ocasi\u00e3o de seu falecimento."}, {"id": "3253", "ano": "2021", "numero": "37", "tipo__sigla": "MOC", "tipo__descricao": "Mo\u00e7\u00e3o", "autoria": "Marcelo Jardim", "texto_original": "http://sapl.bicas.mg.leg.br/media/sapl/public/materialegislativa/2021/3253/37.pdf", "ementa": "Solicito a c\u00f3pia de todo Pareceres Sociais atendidos este ano at\u00e9 30 de junho de 2021 com as copias de notas fiscais de materiais e m\u00e3o de obra, empenhos e comprovantes de recebimento dos benefici\u00e1rios."}, {"id": "3254", "ano": "2021", "numero": "38", "tipo__sigla": "MOC", "tipo__descricao": "Mo\u00e7\u00e3o", "autoria": "Rafael Aquino", "texto_original": "http://sapl.bicas.mg.leg.br/media/sapl/public/materialegislativa/2021/3254/38.pdf", "ementa": "Venho solicitar dos pares desta casa de leis, a aprova\u00e7\u00e3o de MO\u00c7\u00c3O DE APOIO ao PL 3.018/2021 que tramita no Senado Federal."}, {"id": "3255", "ano": "2021", "numero": "39", "tipo__sigla": "MOC", "tipo__descricao": "Mo\u00e7\u00e3o", "autoria": "Fernando Joca", "texto_original": "http://sapl.bicas.mg.leg.br/media/sapl/public/materialegislativa/2021/3255/39.pdf", "ementa": "Solicito dos meus pares a aprova\u00e7\u00e3o de Mo\u00e7\u00e3o de Aplausos ao Sr. Amarildo Jos\u00e9 Mayrink pela sua brilhante exposi\u00e7\u00e3o no evento \u201cUm bate papo sobre a hist\u00f3ria de Bicas sob o olhar de um biquense not\u00e1vel\u201d"}, {"id": "3318", "ano": "2021", "numero": "40", "tipo__sigla": "MOC", "tipo__descricao": "Mo\u00e7\u00e3o", "autoria": "Melissa Terra", "texto_original": "http://sapl.bicas.mg.leg.br/media/sapl/public/materialegislativa/2021/3318/40.pdf", "ementa": "Apresento a V.Exa., nos termos do art. 182 do Regimento Interno, a presente Mo\u00e7\u00e3o de Pesara ser encaminhada aos familiares do Sr., Waldonir da Silva Candidopela ocasi\u00e3o do seu falecimento."}, {"id": "3319", "ano": "2021", "numero": "41", "tipo__sigla": "MOC", "tipo__descricao": "Mo\u00e7\u00e3o", "autoria": "Paulinho Plantas", "texto_original": "http://sapl.bicas.mg.leg.br/media/sapl/public/materialegislativa/2021/3319/41.pdf", "ementa": "Venho solicitar dos pares desta casa de leis, a aprova\u00e7\u00e3o de MO\u00c7\u00c3O DE APLAUSOS aos m\u00e9dicos de nossa cidade."}, {"id": "3320", "ano": "2021", "numero": "42", "tipo__sigla": "MOC", "tipo__descricao": "Mo\u00e7\u00e3o", "autoria": "Loro", "texto_original": "http://sapl.bicas.mg.leg.br/media/sapl/public/materialegislativa/2021/3320/42.pdf", "ementa": "Venho solicitar dos pares desta casa de leis, a aprova\u00e7\u00e3o de manifestada MO\u00c7\u00c3O DE PREOCUPA\u00c7\u00c3O E DE APOIO desta Casa \u00e0 manuten\u00e7\u00e3o dos Correios como empresa p\u00fablica, com ampla presen\u00e7a no territ\u00f3rio nacional."}, {"id": "3332", "ano": "2021", "numero": "43", "tipo__sigla": "MOC", "tipo__descricao": "Mo\u00e7\u00e3o", "autoria": "Melissa Terra", "texto_original": "http://sapl.bicas.mg.leg.br/media/sapl/public/materialegislativa/2021/3332/43.pdf", "ementa": "Apresento a V.Exa., nos termos do art. 182 do Regimento Interno, a presente Mo\u00e7\u00e3o de Aplausos a ser encaminhada ao Sr. Jos\u00e9 de Souza Ara\u00fajo, o Tute, pelos seus 90 anos."}, {"id": "3363", "ano": "2021", "numero": "44", "tipo__sigla": "MOC", "tipo__descricao": "Mo\u00e7\u00e3o", "autoria": "Fernando Joca", "texto_original": "http://sapl.bicas.mg.leg.br/media/sapl/public/materialegislativa/2021/3363/44.pdf", "ementa": "Solicito dos meus pares a aprova\u00e7\u00e3o de Mo\u00e7\u00e3o de Aplausos ao Sr. Jo\u00e3o Luiz de Souza, por ter assumido a coordena\u00e7\u00e3o regional da Zona da Mata da OSCET (Organiza\u00e7\u00e3o Social de Conselheiros e Ex - Conselheiros Tutelares)."}, {"id": "3364", "ano": "2021", "numero": "45", "tipo__sigla": "MOC", "tipo__descricao": "Mo\u00e7\u00e3o", "autoria": "Fernando Joca", "texto_original": "http://sapl.bicas.mg.leg.br/media/sapl/public/materialegislativa/2021/3364/45.pdf", "ementa": "Solicito dos meus pares a aprova\u00e7\u00e3o de Mo\u00e7\u00e3o de Aplausos para as Conselheiras Elaine Rosa, Giovana Carla Silva Souza, M\u00e1rcia Dias Alhadas, Maria Helena Martins Henriques, Nilva Fernandes Paz, pela passagem do dia Nacional do Conselheiro Tutelar."}, {"id": "3365", "ano": "2021", "numero": "46", "tipo__sigla": "MOC", "tipo__descricao": "Mo\u00e7\u00e3o", "autoria": "Rafael Aquino", "texto_original": "http://sapl.bicas.mg.leg.br/media/sapl/public/materialegislativa/2021/3365/46.pdf", "ementa": "Solicito de meus pares, que seja aprovado MO\u00c7\u00c3O DE APLAUSOS AO DR. GERALDO PIRES RODRIGUES JUNIOR."}, {"id": "2586", "ano": "2021", "numero": "1", "tipo__sigla": "PORT", "tipo__descricao": "Portaria", "autoria": "", "texto_original": "http://sapl.bicas.mg.leg.br/media/sapl/public/materialegislativa/2021/2586/portaria_cleuza.pdf", "ementa": "Nomeia profissional que menciona para cargo de provimento em comiss\u00e3o 'Diretora Financeira\" da C\u00e2mara Municipal de Bicas e d\u00e1 outras provid~encias."}, {"id": "2587", "ano": "2021", "numero": "2", "tipo__sigla": "PORT", "tipo__descricao": "Portaria", "autoria": "", "texto_original": "http://sapl.bicas.mg.leg.br/media/sapl/public/materialegislativa/2021/2587/portaria_nathanne.pdf", "ementa": "Nomeia Profissional que menciona para cargo de provimento em comiss\u00e3o \"Diretora Administrativa\" da C\u00e2mara Municipal de Bicas e d\u00e1 outras provid\u00eancias."}, {"id": "2588", "ano": "2021", "numero": "3", "tipo__sigla": "PORT", "tipo__descricao": "Portaria", "autoria": "", "texto_original": "http://sapl.bicas.mg.leg.br/media/sapl/public/materialegislativa/2021/2588/portaria_03.pdf", "ementa": "Nomeia profissional que menciona para cargo de provimento em comiss\u00e3o \"Assessora de Assuntos Institucionais e Comunica\u00e7\u00e3o Social\" da C\u00e2mara Municipal de Bicas e d\u00e1 outras provid\u00eancias."}, {"id": "2589", "ano": "2021", "numero": "4", "tipo__sigla": "PORT", "tipo__descricao": "Portaria", "autoria": "", "texto_original": "http://sapl.bicas.mg.leg.br/media/sapl/public/materialegislativa/2021/2589/portaria_04.pdf", "ementa": "Regulamenta hor\u00e1rio de funcionamento das Secretarias da C\u00e2mara Municipal de Bicas no recesso de janeiro de 2020 e d\u00e1 outras provid\u00eancias."}, {"id": "2590", "ano": "2021", "numero": "5", "tipo__sigla": "PORT", "tipo__descricao": "Portaria", "autoria": "", "texto_original": "http://sapl.bicas.mg.leg.br/media/sapl/public/materialegislativa/2021/2590/portaria_05.pdf", "ementa": "Designa os agentes pol\u00edticos para efetuar movimenta\u00e7\u00e3o banc\u00e1ria e d\u00e1 outras provid\u00eancias."}, {"id": "2591", "ano": "2021", "numero": "6", "tipo__sigla": "PORT", "tipo__descricao": "Portaria", "autoria": "", "texto_original": "http://sapl.bicas.mg.leg.br/media/sapl/public/materialegislativa/2021/2591/portaria_06.pdf", "ementa": "Nomeia profissional que menciona para cargo de provimento em comiss\u00e3o \"Assessor Jur\u00eddico da C\u00e2mara Municipal de Bicas e d\u00e1 outras provid\u00eancias."}, {"id": "2592", "ano": "2021", "numero": "7", "tipo__sigla": "PORT", "tipo__descricao": "Portaria", "autoria": "", "texto_original": "http://sapl.bicas.mg.leg.br/media/sapl/public/materialegislativa/2021/2592/portaria_07.pdf", "ementa": "Nomeia Comiss\u00e3o Permanente de Licita\u00e7\u00e3o e d\u00e1 outras provid\u00eancias."}, {"id": "2593", "ano": "2021", "numero": "8", "tipo__sigla": "PORT", "tipo__descricao": "Portaria", "autoria": "", "texto_original": "http://sapl.bicas.mg.leg.br/media/sapl/public/materialegislativa/2021/2593/portaria_08.pdf", "ementa": "Nomeia pregoeiro e Equipe de Apoio para conduzir e julgar processos de licita\u00e7\u00e3o na modalidade Preg\u00e3o da C\u00e2mara Municipal de Bicas e d\u00e1 outras provid\u00eancias."}, {"id": "2594", "ano": "2021", "numero": "9", "tipo__sigla": "PORT", "tipo__descricao": "Portaria", "autoria": "", "texto_original": "http://sapl.bicas.mg.leg.br/media/sapl/public/materialegislativa/2021/2594/portaria_09.pdf", "ementa": "Nomeia membros das Comiss\u00f5es Permanentes da C\u00e2mara Municipal de Bicas."}, {"id": "2595", "ano": "2021", "numero": "10", "tipo__sigla": "PORT", "tipo__descricao": "Portaria", "autoria": "", "texto_original": "http://sapl.bicas.mg.leg.br/media/sapl/public/materialegislativa/2021/2595/portaria_102021.pdf", "ementa": "Altera a Portaria 09/2021, de 06/01/2021 para nomear os membros das Comiss\u00f5es Permanentes da C\u00e2mara Municipal de Bicas."}, {"id": "2596", "ano": "2021", "numero": "11", "tipo__sigla": "PORT", "tipo__descricao": "Portaria", "autoria": "", "texto_original": "http://sapl.bicas.mg.leg.br/media/sapl/public/materialegislativa/2021/2596/portaria_11.pdf", "ementa": "Altera a Portaria n\u00ba 10/2021, de 11/01/2021 para nomear os membros das Comiss\u00f5es Permanentes da C\u00e2mara Municipal de Bicas."}, {"id": "2597", "ano": "2021", "numero": "12", "tipo__sigla": "PORT", "tipo__descricao": "Portaria", "autoria": "", "texto_original": "http://sapl.bicas.mg.leg.br/media/sapl/public/materialegislativa/2021/2597/portaria_122021.pdf", "ementa": "Nomeia profissional que menciona para cargo de provimento em comiss\u00e3o \"Consultor Legislativo\" da C\u00e2mara Municipal de Bicas e d\u00e1 outras provid\u00eancias."}, {"id": "2643", "ano": "2021", "numero": "13", "tipo__sigla": "PORT", "tipo__descricao": "Portaria", "autoria": "", "texto_original": "http://sapl.bicas.mg.leg.br/media/sapl/public/materialegislativa/2021/2643/portaria_13.pdf", "ementa": "Revoga a Portaria n\u00ba 23/2020, de 22 de abril de 2020 para determinar a retomada do uso da tribuna livre durante as reuni\u00f5es ordin\u00e1rias da C\u00e2mara Municipal de Bicas e d\u00e1 outras provid\u00eancias."}, {"id": "2684", "ano": "2021", "numero": "14", "tipo__sigla": "PORT", "tipo__descricao": "Portaria", "autoria": "", "texto_original": "http://sapl.bicas.mg.leg.br/media/sapl/public/materialegislativa/2021/2684/portaria_14.pdf", "ementa": "A Mesa Diretora da C\u00e2mara Municipal de Bicas, por sua Presidente, no uso das atribui\u00e7\u00f5es que lhe s\u00e3o conferidas pela Lei Org\u00e2nica do Munic\u00edpio de Bicas e pelo Regimento Interno da C\u00e2mara, \r\n         CONSIDERANDO o calend\u00e1rio da C\u00e2mara Municipal de Bicas para o ano de 2021, bem como as recomenda\u00e7\u00f5es para o enfretamento do Covid-19;"}, {"id": "2685", "ano": "2021", "numero": "15", "tipo__sigla": "PORT", "tipo__descricao": "Portaria", "autoria": "", "texto_original": "http://sapl.bicas.mg.leg.br/media/sapl/public/materialegislativa/2021/2685/portaria_15.pdf", "ementa": "Revoga a portaria n\u00ba 20/2020 que disp\u00f5es sobre as medidas repressivas de emerg\u00eancia do novo Coronav\u00edrus no \u00e2mbito da C\u00e2mara Municipal de Bicas."}, {"id": "2686", "ano": "2021", "numero": "16", "tipo__sigla": "PORT", "tipo__descricao": "Portaria", "autoria": "", "texto_original": "http://sapl.bicas.mg.leg.br/media/sapl/public/materialegislativa/2021/2686/portaria_16.pdf", "ementa": "Altera a Portaria n\u00ba 11/2021, de 18/01/2021 para nomear os membros das Comiss\u00f5es Permanentes da C\u00e2mara Municipal de Bicas."}, {"id": "2722", "ano": "2021", "numero": "17", "tipo__sigla": "PORT", "tipo__descricao": "Portaria", "autoria": "", "texto_original": "http://sapl.bicas.mg.leg.br/media/sapl/public/materialegislativa/2021/2722/portaria_17.pdf", "ementa": "Disp\u00f5es acerca da presen\u00e7a de mun\u00edcipes nas reuni\u00f5es p\u00fablicas devido a pandemia causada pelo coronav\u00edrus."}, {"id": "2749", "ano": "2021", "numero": "18", "tipo__sigla": "PORT", "tipo__descricao": "Portaria", "autoria": "", "texto_original": "http://sapl.bicas.mg.leg.br/media/sapl/public/materialegislativa/2021/2749/portaria_18.pdf", "ementa": "Revoga a portaria n\u00ba 17/2021 que disp\u00f5e acerca da presen\u00e7a de mun\u00edcipes nas reuni\u00f5es p\u00fablicas devido a pandemia causada pelo coronav\u00edrus e d\u00e1 outras provid\u00eancias.\u201d"}, {"id": "2750", "ano": "2021", "numero": "19", "tipo__sigla": "PORT", "tipo__descricao": "Portaria", "autoria": "", "texto_original": "http://sapl.bicas.mg.leg.br/media/sapl/public/materialegislativa/2021/2750/portaria_19.pdf", "ementa": "Disp\u00f5e sobre as medidas repressivas de emerg\u00eancia do novo Coronavirus no \u00e2mbito da C\u00e2mara Municipal de Bicas e d\u00e1 outras provid\u00eancias.\u201d"}, {"id": "2751", "ano": "2021", "numero": "20", "tipo__sigla": "PORT", "tipo__descricao": "Portaria", "autoria": "", "texto_original": "http://sapl.bicas.mg.leg.br/media/sapl/public/materialegislativa/2021/2751/portaria_20.pdf", "ementa": "\u201cDisp\u00f5e sobre a altera\u00e7\u00e3o do hor\u00e1rio de realiza\u00e7\u00e3o da 7\u00aa Reuni\u00e3o P\u00fablica Ordin\u00e1ria da C\u00e2mara Municipal de Bicas.\u201d"}, {"id": "2752", "ano": "2021", "numero": "21", "tipo__sigla": "PORT", "tipo__descricao": "Portaria", "autoria": "", "texto_original": "http://sapl.bicas.mg.leg.br/media/sapl/public/materialegislativa/2021/2752/portaria_21.pdf", "ementa": "\u201cAltera o par\u00e1grafo segundo do art. 1\u00ba da Portaria 19/2021 e d\u00e1 outras provid\u00eancias.\u201d"}, {"id": "2753", "ano": "2021", "numero": "22", "tipo__sigla": "PORT", "tipo__descricao": "Portaria", "autoria": "", "texto_original": "http://sapl.bicas.mg.leg.br/media/sapl/public/materialegislativa/2021/2753/portaria_22.pdf", "ementa": "\u201cAltera o artigo 1\u00ba da portaria n\u00ba 20/2021 que disp\u00f5e sobre a Reuni\u00e3o P\u00fablica Ordin\u00e1ria da C\u00e2mara Municipal de Bicas.\u201d"}, {"id": "2787", "ano": "2021", "numero": "23", "tipo__sigla": "PORT", "tipo__descricao": "Portaria", "autoria": "", "texto_original": "http://sapl.bicas.mg.leg.br/media/sapl/public/materialegislativa/2021/2787/portaria_23.pdf", "ementa": "\u201cAltera o art. 1\u00ba e \u00a7 2\u00ba da Portaria n\u00ba 21/2021 e d\u00e1 outras provid\u00eancias.\u201d"}, {"id": "2801", "ano": "2021", "numero": "24", "tipo__sigla": "PORT", "tipo__descricao": "Portaria", "autoria": "", "texto_original": "http://sapl.bicas.mg.leg.br/media/sapl/public/materialegislativa/2021/2801/por.pdf", "ementa": "\u201cNomeia profissional que menciona para exercer a fun\u00e7\u00e3o gratificada de identificador ad hoc\u201d."}, {"id": "2804", "ano": "2021", "numero": "25", "tipo__sigla": "PORT", "tipo__descricao": "Portaria", "autoria": "", "texto_original": "http://sapl.bicas.mg.leg.br/media/sapl/public/materialegislativa/2021/2804/portaria_25.pdf", "ementa": "Disp\u00f5es sobre a realiza\u00e7\u00e3o da Reuni\u00e3o P\u00fablica Ordin\u00e1ria da C\u00e2mara Municipal de Bicas."}, {"id": "2828", "ano": "2021", "numero": "26", "tipo__sigla": "PORT", "tipo__descricao": "Portaria", "autoria": "", "texto_original": "http://sapl.bicas.mg.leg.br/media/sapl/public/materialegislativa/2021/2828/portaria_26.pdf", "ementa": "\u201cDisp\u00f5e sobre o regime de trabalho interno da C\u00e2mara Municipal de Bicas no per\u00edodo da \u2018Onda Roxa\u2019.\u201d"}, {"id": "2836", "ano": "2021", "numero": "27", "tipo__sigla": "PORT", "tipo__descricao": "Portaria", "autoria": "", "texto_original": "http://sapl.bicas.mg.leg.br/media/sapl/public/materialegislativa/2021/2836/27.pdf", "ementa": "\u201cDisp\u00f5e sobre a realiza\u00e7\u00e3o da Reuni\u00e3o P\u00fablica Ordin\u00e1ria da C\u00e2mara Municipal de Bicas.\u201d"}, {"id": "2904", "ano": "2021", "numero": "28", "tipo__sigla": "PORT", "tipo__descricao": "Portaria", "autoria": "", "texto_original": "http://sapl.bicas.mg.leg.br/media/sapl/public/materialegislativa/2021/2904/28.pdf", "ementa": "\u201cDisp\u00f5e sobre o regime de trabalho da C\u00e2mara Municipal de Bicas no per\u00edodo da \u2018Onda Vermelha\u2019.\u201d"}, {"id": "2906", "ano": "2021", "numero": "29", "tipo__sigla": "PORT", "tipo__descricao": "Portaria", "autoria": "", "texto_original": "http://sapl.bicas.mg.leg.br/media/sapl/public/materialegislativa/2021/2906/portaria_29_2.pdf", "ementa": "Nomeia os membros da Comiss\u00e3o Tempor\u00e1ria Especial da C\u00e2mara Municipal de Bicas."}, {"id": "2905", "ano": "2021", "numero": "30", "tipo__sigla": "PORT", "tipo__descricao": "Portaria", "autoria": "", "texto_original": "http://sapl.bicas.mg.leg.br/media/sapl/public/materialegislativa/2021/2905/portaria_30.pdf", "ementa": "Nomeia profissional que menciona para ser respons\u00e1vel para o acesso das filmagens das c\u00e2meras de seguran\u00e7a da C\u00e2mara Municipal de Bicas e d\u00e1 outras provid\u00eancias."}, {"id": "2968", "ano": "2021", "numero": "31", "tipo__sigla": "PORT", "tipo__descricao": "Portaria", "autoria": "", "texto_original": "http://sapl.bicas.mg.leg.br/media/sapl/public/materialegislativa/2021/2968/portaria_031.pdf", "ementa": "A Mesa Diretora da C\u00e2mara Municipal de Bicas, por sua Presidente, no uso das atribui\u00e7\u00f5es que lhe s\u00e3o conferidas pela Lei Org\u00e2nica do Munic\u00edpio de Bicas e pelo Regimento Interno da C\u00e2mara,"}, {"id": "2969", "ano": "2021", "numero": "32", "tipo__sigla": "PORT", "tipo__descricao": "Portaria", "autoria": "", "texto_original": "http://sapl.bicas.mg.leg.br/media/sapl/public/materialegislativa/2021/2969/portaria_032.pdf", "ementa": "\u201cDisp\u00f5e sobre a realiza\u00e7\u00e3o da 18\u00aa Reuni\u00e3o P\u00fablica Ordin\u00e1ria da C\u00e2mara Municipal de Bicas.\u201d"}, {"id": "2993", "ano": "2021", "numero": "33", "tipo__sigla": "PORT", "tipo__descricao": "Portaria", "autoria": "", "texto_original": "http://sapl.bicas.mg.leg.br/media/sapl/public/materialegislativa/2021/2993/portaria_33.pdf", "ementa": "\u201cAltera em parte o art. 2\u00ba da portaria n\u00ba 027/2021 e d\u00e1 outras provid\u00eancias.\u201d"}, {"id": "2994", "ano": "2021", "numero": "34", "tipo__sigla": "PORT", "tipo__descricao": "Portaria", "autoria": "", "texto_original": "http://sapl.bicas.mg.leg.br/media/sapl/public/materialegislativa/2021/2994/portaria_34.pdf", "ementa": "\u201cRevoga o inciso IV do \u00a7 1\u00ba do art. 1\u00ba da portaria n\u00ba 19/2021 que disp\u00f5e sobre as medidas repressivas de emerg\u00eancia do novo coronav\u00edrus no \u00e2mbito da C\u00e2mara Municipal de Bicas e d\u00e1 outras provid\u00eancias."}, {"id": "2996", "ano": "2021", "numero": "35", "tipo__sigla": "PORT", "tipo__descricao": "Portaria", "autoria": "", "texto_original": "http://sapl.bicas.mg.leg.br/media/sapl/public/materialegislativa/2021/2996/portaria_35.pdf", "ementa": "\u201cDisp\u00f5e sobre a realiza\u00e7\u00e3o da 20\u00aa Reuni\u00e3o P\u00fablica Ordin\u00e1ria da C\u00e2mara Municipal de Bicas.\u201d"}, {"id": "3028", "ano": "2021", "numero": "36", "tipo__sigla": "PORT", "tipo__descricao": "Portaria", "autoria": "", "texto_original": "http://sapl.bicas.mg.leg.br/media/sapl/public/materialegislativa/2021/3028/portaria_36.pdf", "ementa": "\u201cDisp\u00f5e sobre a realiza\u00e7\u00e3o da 21\u00aa Reuni\u00e3o P\u00fablica Ordin\u00e1ria da C\u00e2mara Municipal de Bicas.\u201d"}, {"id": "3029", "ano": "2021", "numero": "37", "tipo__sigla": "PORT", "tipo__descricao": "Portaria", "autoria": "", "texto_original": "http://sapl.bicas.mg.leg.br/media/sapl/public/materialegislativa/2021/3029/portaria_37.pdf", "ementa": "Nomeia membros para comporem a Comiss\u00e3o Especial para Revis\u00e3o da Lei Org\u00e2nica do Munic\u00edpio de Bicas criada pela Resolu\u00e7\u00e3o n\u00ba 01/2021 e d\u00e1 outras provid\u00eancias."}, {"id": "3030", "ano": "2021", "numero": "38", "tipo__sigla": "PORT", "tipo__descricao": "Portaria", "autoria": "", "texto_original": "http://sapl.bicas.mg.leg.br/media/sapl/public/materialegislativa/2021/3030/38.pdf", "ementa": "Nomeia membros para comporem a Comiss\u00e3o Especial para Revis\u00e3o do Regimento Interno da C\u00e2mara Municipal de Bicas criada pela Resolu\u00e7\u00e3o n\u00ba 02/2021 e d\u00e1 outras provid\u00eancias."}, {"id": "3085", "ano": "2021", "numero": "39", "tipo__sigla": "PORT", "tipo__descricao": "Portaria", "autoria": "", "texto_original": "http://sapl.bicas.mg.leg.br/media/sapl/public/materialegislativa/2021/3085/portaria_39.pdf", "ementa": "\u201cDisp\u00f5e sobre a nomea\u00e7\u00e3o de membros para compor a Comiss\u00e3o respons\u00e1vel pelo Edital  referente ao Processo Seletivo Simplificado n\u00ba 001/2021 e d\u00e1 outras provid\u00eancias\u201d"}, {"id": "3087", "ano": "2021", "numero": "40", "tipo__sigla": "PORT", "tipo__descricao": "Portaria", "autoria": "", "texto_original": "http://sapl.bicas.mg.leg.br/media/sapl/public/materialegislativa/2021/3087/portaria_40.pdf", "ementa": "\u201cRevoga art. 2\u00ba da portaria n\u00ba 18/2021 que disp\u00f5e acerca da presen\u00e7a de mun\u00edcipes nas reuni\u00f5es p\u00fablicas devido a pandemia causada pelo coronav\u00edrus e d\u00e1 outras provid\u00eancias."}, {"id": "3178", "ano": "2021", "numero": "41", "tipo__sigla": "PORT", "tipo__descricao": "Portaria", "autoria": "Melissa Terra", "texto_original": "http://sapl.bicas.mg.leg.br/media/sapl/public/materialegislativa/2021/3178/portaria_41.pdf", "ementa": "A Mesa Diretora da C\u00e2mara Municipal de Bicas, por sua Presidente, no uso das atribui\u00e7\u00f5es que lhe s\u00e3o conferidas pela Lei Org\u00e2nica do Munic\u00edpio de Bicas e pelo Regimento Interno da C\u00e2mara,"}, {"id": "3179", "ano": "2021", "numero": "42", "tipo__sigla": "PORT", "tipo__descricao": "Portaria", "autoria": "Melissa Terra", "texto_original": "http://sapl.bicas.mg.leg.br/media/sapl/public/materialegislativa/2021/3179/portaria_42.pdf", "ementa": "\u201cDisp\u00f5e sobre a altera\u00e7\u00e3o dos membros suplentes da Comiss\u00e3o Permanente de Licita\u00e7\u00e3o da C\u00e2mara Municipal de Bicas.\u201d"}, {"id": "3225", "ano": "2021", "numero": "43", "tipo__sigla": "PORT", "tipo__descricao": "Portaria", "autoria": "", "texto_original": "http://sapl.bicas.mg.leg.br/media/sapl/public/materialegislativa/2021/3225/portaria_43.pdf", "ementa": "Institui Comiss\u00e3o Especial para sele\u00e7\u00e3o do profissional a ser condecorado com o t\u00edtulo de Professor Em\u00e9rito de Bicas."}, {"id": "3226", "ano": "2021", "numero": "44", "tipo__sigla": "PORT", "tipo__descricao": "Portaria", "autoria": "", "texto_original": "http://sapl.bicas.mg.leg.br/media/sapl/public/materialegislativa/2021/3226/portaria_44.pdf", "ementa": "\u201cDisp\u00f5e sobre a excepcional altera\u00e7\u00e3o da data da trig\u00e9sima reuni\u00e3o ordin\u00e1ria da C\u00e2mara Municipal de Bicas.\u201d"}, {"id": "3227", "ano": "2021", "numero": "45", "tipo__sigla": "PORT", "tipo__descricao": "Portaria", "autoria": "", "texto_original": "http://sapl.bicas.mg.leg.br/media/sapl/public/materialegislativa/2021/3227/portaria_45.pdf", "ementa": "\u201cNomeia Comiss\u00e3o Permanente de Desenvolvimento Urbano e d\u00e1 outras provid\u00eancias.\u201d"}, {"id": "3256", "ano": "2021", "numero": "46", "tipo__sigla": "PORT", "tipo__descricao": "Portaria", "autoria": "", "texto_original": "http://sapl.bicas.mg.leg.br/media/sapl/public/materialegislativa/2021/3256/portaria_46.pdf", "ementa": "Nomeia Comiss\u00e3o Especial para an\u00e1lise do veto proposto pelo Executivo Municipal ao Projeto de Lei Ordin\u00e1ria n\u00ba 30/2021 que garante \u00e0 popula\u00e7\u00e3o acesso a informa\u00e7\u00f5es sobre beneficiados por programas sociais da Prefeitura Municipal, atrav\u00e9s da internet no site da Prefeitura ou outros meios de acesso livre \u00e0 popula\u00e7\u00e3o."}, {"id": "3257", "ano": "2021", "numero": "47", "tipo__sigla": "PORT", "tipo__descricao": "Portaria", "autoria": "", "texto_original": "http://sapl.bicas.mg.leg.br/media/sapl/public/materialegislativa/2021/3257/portaria_47.pdf", "ementa": "\u201cNomeia Comiss\u00e3o Especial para an\u00e1lise do veto proposto pelo Executivo Municipal ao Projeto de Lei Ordin\u00e1ria n\u00ba 44/2021 que estabelece a concess\u00e3o gratuita de absorventes e tamp\u00f5es higi\u00eanicos aos que os requererem.\u201d"}, {"id": "3258", "ano": "2021", "numero": "48", "tipo__sigla": "PORT", "tipo__descricao": "Portaria", "autoria": "", "texto_original": "http://sapl.bicas.mg.leg.br/media/sapl/public/materialegislativa/2021/3258/portaria_48.pdf", "ementa": "\u201cDisp\u00f5e sobre a altera\u00e7\u00e3o dos membros da Comiss\u00e3o de Finan\u00e7as, Legisla\u00e7\u00e3o e Justi\u00e7a.\u201d"}, {"id": "3261", "ano": "2021", "numero": "49", "tipo__sigla": "PORT", "tipo__descricao": "Portaria", "autoria": "", "texto_original": "http://sapl.bicas.mg.leg.br/media/sapl/public/materialegislativa/2021/3261/portaria_49_2.pdf", "ementa": "\u201cNomeia Comiss\u00e3o Especial para an\u00e1lise do veto proposto pelo Executivo Municipal ao Projeto de Lei Ordin\u00e1ria n\u00ba 42/2021 que institui a Exposi\u00e7\u00e3o Especializada do Cavalo Mangalarga Marchador.\u201d"}, {"id": "3262", "ano": "2021", "numero": "50", "tipo__sigla": "PORT", "tipo__descricao": "Portaria", "autoria": "", "texto_original": "http://sapl.bicas.mg.leg.br/media/sapl/public/materialegislativa/2021/3262/portaria_50.pdf", "ementa": "\u201cNomeia Comiss\u00e3o Especial para an\u00e1lise do veto proposto pelo Executivo Municipal ao Projeto de Lei Ordin\u00e1ria n\u00ba 47/2021 que disp\u00f5e sobre a instala\u00e7\u00e3o de redes de prote\u00e7\u00e3o em janelas e sacadas de edif\u00edcios residenciais novos no Munic\u00edpio.\u201d"}, {"id": "3263", "ano": "2021", "numero": "51", "tipo__sigla": "PORT", "tipo__descricao": "Portaria", "autoria": "", "texto_original": "http://sapl.bicas.mg.leg.br/media/sapl/public/materialegislativa/2021/3263/portaria_51_2.pdf", "ementa": "\u201cNomeia Comiss\u00e3o Especial para an\u00e1lise do veto proposto pelo Executivo Municipal ao Projeto de Lei Ordin\u00e1ria n\u00ba 48/2021 que veda a nomea\u00e7\u00e3o pela Administra\u00e7\u00e3o P\u00fablica Direta e Indireta de Bicas de pessoas condenadas pela Lei Federal n\u00ba 11.340 de 07 de agosto de 2006.\u201d"}, {"id": "3266", "ano": "2021", "numero": "52", "tipo__sigla": "PORT", "tipo__descricao": "Portaria", "autoria": "", "texto_original": "http://sapl.bicas.mg.leg.br/media/sapl/public/materialegislativa/2021/3266/portaria_52.pdf", "ementa": "Institui Comiss\u00e3o Especial para sele\u00e7\u00e3o do profissional da Educa\u00e7\u00e3o a ser homenageado como Pedagogo Destaque."}, {"id": "3295", "ano": "2021", "numero": "53", "tipo__sigla": "PORT", "tipo__descricao": "Portaria", "autoria": "", "texto_original": "http://sapl.bicas.mg.leg.br/media/sapl/public/materialegislativa/2021/3295/portaria_53.pdf", "ementa": "\u201cDisp\u00f5e sobre a altera\u00e7\u00e3o do ponto facultativo do dia 28 de outubro de 2021- comemora\u00e7\u00e3o do Dia do Servidor P\u00fablico, para o dia 29 de outubro de 2021.\u201d"}, {"id": "3403", "ano": "2021", "numero": "54", "tipo__sigla": "PORT", "tipo__descricao": "Portaria", "autoria": "", "texto_original": "http://sapl.bicas.mg.leg.br/media/sapl/public/materialegislativa/2021/3403/portaria_54.pdf", "ementa": "Disp\u00f5e sobre a altera\u00e7\u00e3o de expediente da C\u00e2mara Municipal de Bicas no dia 16 de dezembro de 2021, e d\u00e1 outras provid\u00eancias."}, {"id": "3404", "ano": "2021", "numero": "55", "tipo__sigla": "PORT", "tipo__descricao": "Portaria", "autoria": "", "texto_original": "http://sapl.bicas.mg.leg.br/media/sapl/public/materialegislativa/2021/3404/portaria_55.pdf", "ementa": "\u201cNomeia Comiss\u00e3o Especial para an\u00e1lise do veto proposto pelo Executivo Municipal ao Projeto de Lei Ordin\u00e1ria n\u00ba 52/2021.\u201d"}, {"id": "3405", "ano": "2021", "numero": "56", "tipo__sigla": "PORT", "tipo__descricao": "Portaria", "autoria": "", "texto_original": "http://sapl.bicas.mg.leg.br/media/sapl/public/materialegislativa/2021/3405/portaria_56.pdf", "ementa": "REGULAMENTA O FUNCIONAMENTO DAS SECRETARIAS DA C\u00c2MARA MUNICIPAL DE BICAS DURANTE O M\u00caS DE DEZEMBRO DE 2021 E D\u00c1 OUTRAS PROVID\u00caNCIAS."}, {"id": "3406", "ano": "2021", "numero": "57", "tipo__sigla": "PORT", "tipo__descricao": "Portaria", "autoria": "", "texto_original": "http://sapl.bicas.mg.leg.br/media/sapl/public/materialegislativa/2021/3406/portaria_57.pdf", "ementa": "\u201cNomeia Comiss\u00e3o Especial para an\u00e1lise do veto proposto pelo Executivo Municipal ao Projeto de Lei Ordin\u00e1ria n\u00ba 51/2021.\u201d"}, {"id": "3407", "ano": "2021", "numero": "58", "tipo__sigla": "PORT", "tipo__descricao": "Portaria", "autoria": "", "texto_original": "http://sapl.bicas.mg.leg.br/media/sapl/public/materialegislativa/2021/3407/portaria_58.pdf", "ementa": "Disp\u00f5e sobre a altera\u00e7\u00e3o de expediente da C\u00e2mara Municipal de Bicas no dia 28 de dezembro de 2021, e d\u00e1 outras provid\u00eancias."}, {"id": "3410", "ano": "2021", "numero": "59", "tipo__sigla": "PORT", "tipo__descricao": "Portaria", "autoria": "", "texto_original": "http://sapl.bicas.mg.leg.br/media/sapl/public/materialegislativa/2021/3410/portaria_59.pdf", "ementa": "A Mesa Diretora da C\u00e2mara Municipal de Bicas, por sua Presidente, no uso das atribui\u00e7\u00f5es que lhe s\u00e3o conferidas pela Lei Org\u00e2nica do Munic\u00edpio de Bicas e pelo Regimento Interno da C\u00e2mara, \r\n         CONSIDERANDO a n\u00e3o possibilidade da realiza\u00e7\u00e3o da 16\u00aa Reuni\u00e3o Extraordin\u00e1ria ocorrer na parte da manh\u00e3 do dia 28 de dezembro de 2021;"}, {"id": "3411", "ano": "2021", "numero": "60", "tipo__sigla": "PORT", "tipo__descricao": "Portaria", "autoria": "", "texto_original": "http://sapl.bicas.mg.leg.br/media/sapl/public/materialegislativa/2021/3411/portaria_60.pdf", "ementa": "Exonera a servidora que menciona, ocupante de cargo em comiss\u00e3o de Diretora Financeira e d\u00e1 outras provid\u00eancias."}, {"id": "3412", "ano": "2021", "numero": "61", "tipo__sigla": "PORT", "tipo__descricao": "Portaria", "autoria": "", "texto_original": "http://sapl.bicas.mg.leg.br/media/sapl/public/materialegislativa/2021/3412/portaria_61.pdf", "ementa": "Exonera a servidora que menciona, ocupante de cargo em comiss\u00e3o de Diretora Administrativa e d\u00e1 outras provid\u00eancias."}, {"id": "3413", "ano": "2021", "numero": "62", "tipo__sigla": "PORT", "tipo__descricao": "Portaria", "autoria": "", "texto_original": "http://sapl.bicas.mg.leg.br/media/sapl/public/materialegislativa/2021/3413/portaria_62.pdf", "ementa": "Exonera a servidora que menciona, ocupante de cargo em comiss\u00e3o de Consultor Legislativo e d\u00e1 outras provid\u00eancias."}, {"id": "3414", "ano": "2021", "numero": "63", "tipo__sigla": "PORT", "tipo__descricao": "Portaria", "autoria": "", "texto_original": "http://sapl.bicas.mg.leg.br/media/sapl/public/materialegislativa/2021/3414/portaria_63.pdf", "ementa": "Exonera a servidora que menciona, ocupante de cargo em comiss\u00e3o de Consultor Legislativo e d\u00e1 outras provid\u00eancias."}, {"id": "3415", "ano": "2021", "numero": "64", "tipo__sigla": "PORT", "tipo__descricao": "Portaria", "autoria": "", "texto_original": "http://sapl.bicas.mg.leg.br/media/sapl/public/materialegislativa/2021/3415/portaria_64.pdf", "ementa": "Exonera a servidora que menciona, ocupante de cargo em comiss\u00e3o Assessor de Assuntos Institucionais e Comunica\u00e7\u00e3o Social e d\u00e1 outras provid\u00eancias."}, {"id": "3416", "ano": "2021", "numero": "65", "tipo__sigla": "PORT", "tipo__descricao": "Portaria", "autoria": "", "texto_original": "http://sapl.bicas.mg.leg.br/media/sapl/public/materialegislativa/2021/3416/portaria_65.pdf", "ementa": "\u201cAltera portaria n\u00ba 56/2021 e d\u00e1 outras provid\u00eancias."}, {"id": "3265", "ano": "2021", "numero": "3", "tipo__sigla": "PDL", "tipo__descricao": "Projeto de Decreto Legislativo", "autoria": "", "texto_original": "http://sapl.bicas.mg.leg.br/media/sapl/public/materialegislativa/2021/3265/pdl_03.2021_-_decreto_placa_vereador_jose_cugola.docx", "ementa": "\u201cDisp\u00f5e sobre altera\u00e7\u00e3o da sess\u00e3o solene para entrega da placa Vereador Jos\u00e9 C\u00fagola devido \u00e0 pandemia causada pela Covid-19 e d\u00e1 outras provid\u00eancias.\u201d"}, {"id": "3235", "ano": "2021", "numero": "4", "tipo__sigla": "PDL", "tipo__descricao": "Projeto de Decreto Legislativo", "autoria": "Fernando Bigode", "texto_original": "http://sapl.bicas.mg.leg.br/media/sapl/public/materialegislativa/2021/3235/pdl_04.2021.doc", "ementa": "Concede T\u00edtulo de Cidad\u00e3o Benem\u00e9rito ao Dr. Paulo Cezar Rossi"}, {"id": "3236", "ano": "2021", "numero": "5", "tipo__sigla": "PDL", "tipo__descricao": "Projeto de Decreto Legislativo", "autoria": "Fernando Joca", "texto_original": "http://sapl.bicas.mg.leg.br/media/sapl/public/materialegislativa/2021/3236/pdl_05.2021.doc", "ementa": "Concede T\u00edtulo de Cidad\u00e3o Benem\u00e9rito ao Sr. Ot\u00e1vio Florentino Detoni."}, {"id": "3237", "ano": "2021", "numero": "6", "tipo__sigla": "PDL", "tipo__descricao": "Projeto de Decreto Legislativo", "autoria": "Melissa Terra", "texto_original": "http://sapl.bicas.mg.leg.br/media/sapl/public/materialegislativa/2021/3237/pdl_06.2021.doc", "ementa": "Concede T\u00edtulo de Cidad\u00e3 Benem\u00e9rita \u00e0 Sra. Rosa Maria Bastos Fonseca Mello ."}, {"id": "3238", "ano": "2021", "numero": "7", "tipo__sigla": "PDL", "tipo__descricao": "Projeto de Decreto Legislativo", "autoria": "Rafael Aquino", "texto_original": "http://sapl.bicas.mg.leg.br/media/sapl/public/materialegislativa/2021/3238/pdl_07.2021.doc", "ementa": "Concede T\u00edtulo de Cidad\u00e3o Honor\u00e1rio ao Sr. Renato Rocha"}, {"id": "3239", "ano": "2021", "numero": "8", "tipo__sigla": "PDL", "tipo__descricao": "Projeto de Decreto Legislativo", "autoria": "Marcelo Jardim", "texto_original": "http://sapl.bicas.mg.leg.br/media/sapl/public/materialegislativa/2021/3239/pdl_08.2021.doc", "ementa": "Concede T\u00edtulo de Cidad\u00e3o Benem\u00e9rito ao Sr. Ant\u00f4nio de P\u00e1dua Guarnieri"}, {"id": "3240", "ano": "2021", "numero": "9", "tipo__sigla": "PDL", "tipo__descricao": "Projeto de Decreto Legislativo", "autoria": "Paulinho Plantas", "texto_original": "http://sapl.bicas.mg.leg.br/media/sapl/public/materialegislativa/2021/3240/pdl_09.2021.doc", "ementa": "Concede T\u00edtulo de Cidad\u00e3o Benem\u00e9rito ao Sr. Andr\u00e9 Luiz Dias Rossi"}, {"id": "3241", "ano": "2021", "numero": "10", "tipo__sigla": "PDL", "tipo__descricao": "Projeto de Decreto Legislativo", "autoria": "Dr. Beto", "texto_original": "http://sapl.bicas.mg.leg.br/media/sapl/public/materialegislativa/2021/3241/pdl_10.2021.doc", "ementa": "Concede T\u00edtulo de Cidad\u00e3o Honor\u00e1rio ao Dr. Enaldo Garcia de Rezende"}, {"id": "3260", "ano": "2021", "numero": "11", "tipo__sigla": "PDL", "tipo__descricao": "Projeto de Decreto Legislativo", "autoria": "Joel Mil\u00e3o do Cemit\u00e9rio", "texto_original": "http://sapl.bicas.mg.leg.br/media/sapl/public/materialegislativa/2021/3260/pdl_11.2021.doc", "ementa": "Concede T\u00edtulo de Men\u00e7\u00e3o Honrosa ao Sr. Wilson Carlos do Valle Corr\u00eaa"}, {"id": "2645", "ano": "2021", "numero": "1", "tipo__sigla": "PLC", "tipo__descricao": "Projeto de Lei Complementar", "autoria": "Helber Marques Corr\u00eaa", "texto_original": "http://sapl.bicas.mg.leg.br/media/sapl/public/materialegislativa/2021/2645/plc_01.2021_organograma.doc", "ementa": "Disp\u00f5e sobre a reestrutura\u00e7\u00e3o administrativa e organizacional do Poder Executivo do Munic\u00edpio de Bicas, fixa diretrizes e atribui\u00e7\u00f5es dos cargos e d\u00e1 outras provid\u00eancias\u201d."}, {"id": "3027", "ano": "2021", "numero": "2", "tipo__sigla": "PLC", "tipo__descricao": "Projeto de Lei Complementar", "autoria": "Fernando Joca", "texto_original": "http://sapl.bicas.mg.leg.br/media/sapl/public/materialegislativa/2021/3027/plc_02.2021_-_recomeca_bicas.docx", "ementa": "\"Institui o Plano de Regulariza\u00e7\u00e3o e Incentivo para a retomada da atividade econ\u00f4mica no Munic\u00edpio de Bicas - Recome\u00e7a Bicas - e d\u00e1 outras provid\u00eancias.\""}, {"id": "3059", "ano": "2021", "numero": "3", "tipo__sigla": "PLC", "tipo__descricao": "Projeto de Lei Complementar", "autoria": "Helber Marques Corr\u00eaa", "texto_original": "http://sapl.bicas.mg.leg.br/media/sapl/public/materialegislativa/2021/3059/plo_36.2021_recriacao_da_secretaria_municipal_de_meio_ambiente_2.doc", "ementa": "\"Altera a Lei Complementar 40/2021 que Disp\u00f5e sobre a organiza\u00e7\u00e3o e estrutura do Poder Executivo do Munic\u00edpio de Bicas, cria\u00e7\u00e3o da Secretaria Municipal de Meio Ambiente, extin\u00e7\u00e3o, incorpora\u00e7\u00e3o, altera\u00e7\u00e3o de cargos, cria\u00e7\u00e3o de departamentos, diretorias, altera\u00e7\u00e3o de nomenclatura de cargos e secretarias e d\u00e1 outras provid\u00eancias.\""}, {"id": "3148", "ano": "2021", "numero": "4", "tipo__sigla": "PLC", "tipo__descricao": "Projeto de Lei Complementar", "autoria": "", "texto_original": "http://sapl.bicas.mg.leg.br/media/sapl/public/materialegislativa/2021/3148/plc_04.2021_-_loro_-_esgotamento.docx", "ementa": "\u201cInsere o Art. 24-A no C\u00f3digo de Obras Municipal para dispor sobre obrigatoriedade de instala\u00e7\u00e3o de fossa s\u00e9ptica biodigestora.\u201d"}, {"id": "3149", "ano": "2021", "numero": "5", "tipo__sigla": "PLC", "tipo__descricao": "Projeto de Lei Complementar", "autoria": "Helber Marques Corr\u00eaa", "texto_original": "http://sapl.bicas.mg.leg.br/media/", "ementa": "\"Altera a Lei Complementar 40/2021 que Disp\u00f5e sobre a organiza\u00e7\u00e3o e estrutura do Poder Executivo do Munic\u00edpio de Bicas, cria\u00e7\u00e3o da Secretaria Municipal de Meio Ambiente,extin\u00e7\u00e3o, incorpora\u00e7\u00e3o, altera\u00e7\u00e3o de cargos,cria\u00e7\u00e3o de departamentos, diretorias, altera\u00e7\u00e3o de nomenclatura de cargos e secretaria e d\u00e1 outras provid\u00eancias.\""}, {"id": "3568", "ano": "2021", "numero": "6", "tipo__sigla": "PLC", "tipo__descricao": "Projeto de Lei Complementar", "autoria": "Helber Marques Corr\u00eaa", "texto_original": "http://sapl.bicas.mg.leg.br/media/sapl/public/materialegislativa/2021/3568/plc_06.2021_-_funcionamento_e_a_instalacao_de_postes.docx", "ementa": "\u201cALTERA A LEI MUNICIPAL N. 1.278/2006 QUE DISP\u00d5E SOBRE NORMAS GERAIS PARA A INSTALA\u00c7\u00c3O NO MUNIC\u00cdPIO DE BICAS DE ESTA\u00c7\u00d5ES DE TELECOMUNICA\u00c7\u00d5ES DE TRANSMISS\u00c3O E DE ANTENAS TRANSMISSORAS DE RADIO, TELEVIS\u00c3O, TELEFONIA, TELECOMUNIC\u00c3O EM GERAL E ANTENAS TRANSMISSORAS DE RADIA\u00c7\u00c3O ELETROMAGNETICA N\u00c3O-IONIZANTE E OUTROS EQUIPAMENTOS AFINS E DA OUTRAS PROVID\u00caNCIAS\u201d."}, {"id": "2629", "ano": "2021", "numero": "1", "tipo__sigla": "PLO", "tipo__descricao": "Projeto de Lei Ordin\u00e1ria", "autoria": "", "texto_original": "http://sapl.bicas.mg.leg.br/media/sapl/public/materialegislativa/2021/2629/plo_01.2021_servico_de_inspecao_municipal_-_ciesp_-_camara.doc", "ementa": "\u201cDisp\u00f5e sobre o Servi\u00e7o de Inspe\u00e7\u00e3o Municipal de produtos de origem animal \u2013 SIM/POA no munic\u00edpio de Bicas, define os procedimentos de inspe\u00e7\u00e3o sanit\u00e1ria em estabelecimentos que produzam produtos de origem animal e d\u00e1 outras provid\u00eancias.\u201d"}, {"id": "2630", "ano": "2021", "numero": "2", "tipo__sigla": "PLO", "tipo__descricao": "Projeto de Lei Ordin\u00e1ria", "autoria": "Rafael Aquino", "texto_original": "http://sapl.bicas.mg.leg.br/media/sapl/public/materialegislativa/2021/2630/plo_02.2021_rafael_-_sistema_coleta_agua.docx", "ementa": "\u201cCria o sistema de reuso de \u00e1gua da chuva no munic\u00edpio de BICAS-MG, para utiliza\u00e7\u00e3o n\u00e3o pot\u00e1vel em condom\u00ednios, clubes, conjuntos habitacionais, im\u00f3veis residenciais, industriais e comerciais e demais \u00f3rg\u00e3os e entidades p\u00fablicas.\u201d."}, {"id": "2644", "ano": "2021", "numero": "3", "tipo__sigla": "PLO", "tipo__descricao": "Projeto de Lei Ordin\u00e1ria", "autoria": "Helber Marques Corr\u00eaa", "texto_original": "http://sapl.bicas.mg.leg.br/media/sapl/public/materialegislativa/2021/2644/plo_03.2021_lei_de_subvencoes.doc", "ementa": "\u201cDisp\u00f5e sobre a concess\u00e3o de subven\u00e7\u00f5es sociais \u00e0 Entidade que menciona e d\u00e1 outras provid\u00eancias\u201d."}, {"id": "2665", "ano": "2021", "numero": "4", "tipo__sigla": "PLO", "tipo__descricao": "Projeto de Lei Ordin\u00e1ria", "autoria": "Helber Marques Corr\u00eaa", "texto_original": "http://sapl.bicas.mg.leg.br/media/sapl/public/materialegislativa/2021/2665/plo_04.2021_lei_de_subvencoes.doc", "ementa": "\u201cDisp\u00f5e sobre a concess\u00e3o de subven\u00e7\u00f5es sociais \u00e0 Entidade que menciona e d\u00e1 outras provid\u00eancias\u201d."}, {"id": "2666", "ano": "2021", "numero": "5", "tipo__sigla": "PLO", "tipo__descricao": "Projeto de Lei Ordin\u00e1ria", "autoria": "Helber Marques Corr\u00eaa", "texto_original": "http://sapl.bicas.mg.leg.br/media/sapl/public/materialegislativa/2021/2666/plo_05.2021_defesa_civil.odt", "ementa": "Cria a Coordenadoria Municipal de Prote\u00e7\u00e3o e Defesa Civil (COMPDEC) do munic\u00edpio de Bicas- MG e d\u00e1 outras provid\u00eancias."}, {"id": "2748", "ano": "2021", "numero": "6", "tipo__sigla": "PLO", "tipo__descricao": "Projeto de Lei Ordin\u00e1ria", "autoria": "", "texto_original": "http://sapl.bicas.mg.leg.br/media/sapl/public/materialegislativa/2021/2748/plo_06.2021_projeto_de_lei_revisao_vencimento_camara.docx", "ementa": "\u201cDisp\u00f5e sobre a revis\u00e3o geral anual do reajuste dos sal\u00e1rios dos Servidores da C\u00e2mara Municipal de Bicas/MG e d\u00e1 outras provid\u00eancias.\u201d"}, {"id": "2757", "ano": "2021", "numero": "7", "tipo__sigla": "PLO", "tipo__descricao": "Projeto de Lei Ordin\u00e1ria", "autoria": "", "texto_original": "http://sapl.bicas.mg.leg.br/media/sapl/public/materialegislativa/2021/2757/plo_07.2021_dia_da_consciencia_negra.docx", "ementa": "Inclui no calend\u00e1rio oficial o Dia da Consci\u00eancia Negra."}, {"id": "2758", "ano": "2021", "numero": "8", "tipo__sigla": "PLO", "tipo__descricao": "Projeto de Lei Ordin\u00e1ria", "autoria": "Melissa Terra", "texto_original": "http://sapl.bicas.mg.leg.br/media/sapl/public/materialegislativa/2021/2758/plo_08.2021_melissa_-_compra_vacinas.docx", "ementa": "\u201cAltera a Lei 1.972 para possibilitar ao Munic\u00edpio de Bicas a realizar compra de vacinas e d\u00e1 outras provid\u00eancias\u201d."}, {"id": "2759", "ano": "2021", "numero": "9", "tipo__sigla": "PLO", "tipo__descricao": "Projeto de Lei Ordin\u00e1ria", "autoria": "Helber Marques Corr\u00eaa", "texto_original": "http://sapl.bicas.mg.leg.br/media/sapl/public/materialegislativa/2021/2759/plo_09.2021_vacinas.doc", "ementa": "Ratifica protocolo de inten\u00e7\u00f5es firmado entre Munic\u00edpios brasileiros, com a finalidade de adquirir vacinas para combate \u00e0 pandemia do coronav\u00edrus; medicamentos, insumos e equipamentos na \u00e1rea da sa\u00fade."}, {"id": "2760", "ano": "2021", "numero": "10", "tipo__sigla": "PLO", "tipo__descricao": "Projeto de Lei Ordin\u00e1ria", "autoria": "Marcelo Jardim", "texto_original": "http://sapl.bicas.mg.leg.br/media/sapl/public/materialegislativa/2021/2760/plo_10.2021_marcelo_-_fundo.docx", "ementa": "\"Cria o Fundo Municipal de Amparo \u00e0s pessoas de baixa renda atingidas pela pandemia do Covid-19 ( Novo Coronav\u00edrus ).\""}, {"id": "2761", "ano": "2021", "numero": "11", "tipo__sigla": "PLO", "tipo__descricao": "Projeto de Lei Ordin\u00e1ria", "autoria": "Marcelo Jardim", "texto_original": "http://sapl.bicas.mg.leg.br/media/sapl/public/materialegislativa/2021/2761/plo_11.2021_marcelo_-_hortas.docx", "ementa": "\"Autoriza a cria\u00e7\u00e3o do programa de aproveitamento de terrenos baldios do munic\u00edpio para cultivo de hortali\u00e7as.\""}, {"id": "2762", "ano": "2021", "numero": "12", "tipo__sigla": "PLO", "tipo__descricao": "Projeto de Lei Ordin\u00e1ria", "autoria": "Helber Marques Corr\u00eaa", "texto_original": "http://sapl.bicas.mg.leg.br/media/sapl/public/materialegislativa/2021/2762/plo_12.2021_abertura_de_credito_adicional.doc", "ementa": "\"Disp\u00f5e sobre a abertura de cr\u00e9ditos adicionais suplementares com a fonte de recursos do super\u00e1vit financeiro apurado no Balan\u00e7o Patrimonial do exerc\u00edcio anterior.\""}, {"id": "2763", "ano": "2021", "numero": "13", "tipo__sigla": "PLO", "tipo__descricao": "Projeto de Lei Ordin\u00e1ria", "autoria": "Rafael Aquino", "texto_original": "http://sapl.bicas.mg.leg.br/media/sapl/public/materialegislativa/2021/2763/plo_13.2021__responsabilizacao_de_organizadores_proprietarios_e_participantes_de_festas_clandestinas.doc", "ementa": "\"Disp\u00f5e sobre normas espec\u00edficas para a responsabiliza\u00e7\u00e3o de locadores, locat\u00e1rios e frequentadores que participem de eventos clandestinos durante a pandemia do Covid-19 no Munic\u00edpio de Bicas e d\u00e1 outras provid\u00eancias.\""}, {"id": "2802", "ano": "2021", "numero": "14", "tipo__sigla": "PLO", "tipo__descricao": "Projeto de Lei Ordin\u00e1ria", "autoria": "Marcelo Jardim", "texto_original": "http://sapl.bicas.mg.leg.br/media/sapl/public/materialegislativa/2021/2802/plo_14.2021_marcelo_-_adote_uma_escola.pdf", "ementa": "\"Institui o Programa Municipal Adote uma Escola.\""}, {"id": "2803", "ano": "2021", "numero": "15", "tipo__sigla": "PLO", "tipo__descricao": "Projeto de Lei Ordin\u00e1ria", "autoria": "Marcelo Jardim", "texto_original": "http://sapl.bicas.mg.leg.br/media/sapl/public/materialegislativa/2021/2803/plo_15.2021_marcelo_-_maria_da_penha_nas_escolas.pdf", "ementa": "\"Disp\u00f5e sobre a obrigatoriedade do ensino de no\u00e7\u00f5es b\u00e1sicas sobre a Lei Maria da Penha nas escolas municipais do Munic\u00edpio.\""}, {"id": "2819", "ano": "2021", "numero": "16", "tipo__sigla": "PLO", "tipo__descricao": "Projeto de Lei Ordin\u00e1ria", "autoria": "Marcelo Jardim", "texto_original": "http://sapl.bicas.mg.leg.br/media/sapl/public/materialegislativa/2021/2819/plo_16.2021_marcelo_-_atendimento_mulheres.pdf", "ementa": "\u201cDISP\u00d5E SOBRE A CRIA\u00c7\u00c3O DO SERVI\u00c7O DE ATENDIMENTO ESPECIAL \u00c0 MULHER EM SITUA\u00c7\u00c3O DE VIOL\u00caNCIA, EM TODA A REDE DE PRESTA\u00c7\u00c3O DE SERVI\u00c7O DE SA\u00daDE, P\u00daBLICOS E PRIVADOS, DO MUNIC\u00cdPIO E D\u00c1 OUTRAS PROVID\u00caNCIAS\u201d"}, {"id": "2858", "ano": "2021", "numero": "17", "tipo__sigla": "PLO", "tipo__descricao": "Projeto de Lei Ordin\u00e1ria", "autoria": "Joel Mil\u00e3o do Cemit\u00e9rio", "texto_original": "http://sapl.bicas.mg.leg.br/media/sapl/public/materialegislativa/2021/2858/plo_17.2021_joel_-_doacao_de_lotes.docx", "ementa": "\u201cDisp\u00f5e sobre a obrigatoriedade de constru\u00e7\u00e3o de infraestrutura na doa\u00e7\u00e3o de lotes dos programas habitacionais municipais\u201d."}, {"id": "2859", "ano": "2021", "numero": "18", "tipo__sigla": "PLO", "tipo__descricao": "Projeto de Lei Ordin\u00e1ria", "autoria": "Melissa Terra", "texto_original": "http://sapl.bicas.mg.leg.br/media/sapl/public/materialegislativa/2021/2859/plo_18.2021_melissa_-_fila_zero.docx", "ementa": "\u201cInstitui o Programa Fila Zero para atendimento das pessoas diagnosticadas com C\u00e2ncer\u201d"}, {"id": "2863", "ano": "2021", "numero": "19", "tipo__sigla": "PLO", "tipo__descricao": "Projeto de Lei Ordin\u00e1ria", "autoria": "Melissa Terra", "texto_original": "http://sapl.bicas.mg.leg.br/media/sapl/public/materialegislativa/2021/2863/plo_19.2021_mesa-_revisao_ticket_alimentacao.docx", "ementa": "\u201cDisp\u00f5e sobre a revis\u00e3o do vale alimenta\u00e7\u00e3o  dos Servidores da C\u00e2mara Municipal de Bicas/MG e d\u00e1 outras provid\u00eancias.\u201d"}, {"id": "2866", "ano": "2021", "numero": "20", "tipo__sigla": "PLO", "tipo__descricao": "Projeto de Lei Ordin\u00e1ria", "autoria": "Marcelo Jardim", "texto_original": "http://sapl.bicas.mg.leg.br/media/sapl/public/materialegislativa/2021/2866/plo_20.2021_marcelo_-_fogos.docx", "ementa": "Pro\u00edbe a fabrica\u00e7\u00e3o, a comercializa\u00e7\u00e3o, o manuseio, a utiliza\u00e7\u00e3o, a queima e a soltura de fogos de estampidos e de artif\u00edcios, assim como de quaisquer artefatos pirot\u00e9cnicos de efeito sonoro ruidoso no \u00e2mbito Municipal, e d\u00e1 outras provid\u00eancias\u201d"}, {"id": "2868", "ano": "2021", "numero": "21", "tipo__sigla": "PLO", "tipo__descricao": "Projeto de Lei Ordin\u00e1ria", "autoria": "Helber Marques Corr\u00eaa", "texto_original": "http://sapl.bicas.mg.leg.br/media/sapl/public/materialegislativa/2021/2868/plo_21.2021_projeto_de_lei_-_subvencao_sitio_shalom_e_asilo.docx", "ementa": "\u201cDisp\u00f5e sobre a concess\u00e3o de subven\u00e7\u00f5es sociais \u00e0s Entidades que menciona e d\u00e1 outras provid\u00eancias\u201d."}, {"id": "2907", "ano": "2021", "numero": "22", "tipo__sigla": "PLO", "tipo__descricao": "Projeto de Lei Ordin\u00e1ria", "autoria": "Dr. Beto", "texto_original": "http://sapl.bicas.mg.leg.br/media/sapl/public/materialegislativa/2021/2907/plo_22.2021_beto_-_xadez.docx", "ementa": "\u201cDisp\u00f5e sobre o ensino de Xadrez nas escolas.\u201d"}, {"id": "2908", "ano": "2021", "numero": "23", "tipo__sigla": "PLO", "tipo__descricao": "Projeto de Lei Ordin\u00e1ria", "autoria": "Joel Mil\u00e3o do Cemit\u00e9rio", "texto_original": "http://sapl.bicas.mg.leg.br/media/sapl/public/materialegislativa/2021/2908/plo_23.2021_joel_-_igreja_essencial.docx", "ementa": "\u201cEstabelece as Igrejas, os templos religiosos de qualquer culto e as Comunidades Mission\u00e1rias como atividade essencial no Munic\u00edpio\u201d."}, {"id": "2909", "ano": "2021", "numero": "24", "tipo__sigla": "PLO", "tipo__descricao": "Projeto de Lei Ordin\u00e1ria", "autoria": "Helber Marques Corr\u00eaa", "texto_original": "http://sapl.bicas.mg.leg.br/media/sapl/public/materialegislativa/2021/2909/plo_24.2021_ldo_2022.doc", "ementa": "Disp\u00f5e sobre as diretrizes para a elabora\u00e7\u00e3o e a execu\u00e7\u00e3o da Lei Or\u00e7ament\u00e1ria do exerc\u00edcio financeiro de 2022 e d\u00e1 outras provid\u00eancias."}, {"id": "2910", "ano": "2021", "numero": "25", "tipo__sigla": "PLO", "tipo__descricao": "Projeto de Lei Ordin\u00e1ria", "autoria": "Helber Marques Corr\u00eaa", "texto_original": "http://sapl.bicas.mg.leg.br/media/sapl/public/materialegislativa/2021/2910/plo_25.2021_lei_superavit_2_-_novo.doc", "ementa": "\u201cDisp\u00f5e sobre a abertura de Cr\u00e9ditos Adicionais Suplementares com a fonte de recursos do Super\u00e1vit Financeiro apurado no Balan\u00e7o Patrimonial do Exerc\u00edcio Anterior\u201d."}, {"id": "2911", "ano": "2021", "numero": "26", "tipo__sigla": "PLO", "tipo__descricao": "Projeto de Lei Ordin\u00e1ria", "autoria": "Helber Marques Corr\u00eaa", "texto_original": "http://sapl.bicas.mg.leg.br/media/sapl/public/materialegislativa/2021/2911/plo_26.2021_fundeb.doc", "ementa": "Disp\u00f5e sobre o Conselho Municipal de Acompanhamento e Controle Social do Fundo de Manuten\u00e7\u00e3o e Desenvolvimento da Educa\u00e7\u00e3o B\u00e1sica e de Valoriza\u00e7\u00e3o dos Profissionais da Educa\u00e7\u00e3o - Fundeb do Munic\u00edpio de Bicas/MG."}, {"id": "2912", "ano": "2021", "numero": "27", "tipo__sigla": "PLO", "tipo__descricao": "Projeto de Lei Ordin\u00e1ria", "autoria": "Marcelo Jardim", "texto_original": "http://sapl.bicas.mg.leg.br/media/sapl/public/materialegislativa/2021/2912/plo_27.2021_marcelo_-_paa.docx", "ementa": "\"Cria o Programa Aquisi\u00e7\u00e3o Direta de Alimentos do Pequeno Produtor Rural - PADAPPR com o objetivo de atender \u00e0s necessidades b\u00e1sicas de alimentos de pessoas em situa\u00e7\u00e3o de vulnerabilidade social durante o per\u00edodo de pandemia\u201d."}, {"id": "2945", "ano": "2021", "numero": "28", "tipo__sigla": "PLO", "tipo__descricao": "Projeto de Lei Ordin\u00e1ria", "autoria": "Helber Marques Corr\u00eaa", "texto_original": "http://sapl.bicas.mg.leg.br/media/sapl/public/materialegislativa/2021/2945/plo_28.2021_lei_de_subvencoes_-_aumento_-_hospital.doc", "ementa": "\"Altera parcialmente a Lei Municipal 1985/2021, que disp\u00f5e sobre a concess\u00e3o de subven\u00e7\u00f5es sociais \u00e0 entidade que menciona e d\u00e1 outras provid\u00eancias.\""}, {"id": "2946", "ano": "2021", "numero": "29", "tipo__sigla": "PLO", "tipo__descricao": "Projeto de Lei Ordin\u00e1ria", "autoria": "Marcelo Jardim", "texto_original": "http://sapl.bicas.mg.leg.br/media/sapl/public/materialegislativa/2021/2946/plo_29.2021_marcelo_-_transparencia_vacina.docx", "ementa": "\u201cINSTITUI SISTEMA DE TRANSPAR\u00caNCIA E RASTREAMENTO DAS DOSES DE VACINAS DE COMBATE AO CORONAV\u00cdRUS RECEBIDAS PELO MUNIC\u00cdPIO, E IDENTIFICA\u00c7\u00c3O DA POPULA\u00c7\u00c3O VACINADA COMO FORMA DE CONTROLE DAS DOSES UTILIZADAS\u201d."}, {"id": "2947", "ano": "2021", "numero": "30", "tipo__sigla": "PLO", "tipo__descricao": "Projeto de Lei Ordin\u00e1ria", "autoria": "Marcelo Jardim", "texto_original": "http://sapl.bicas.mg.leg.br/media/sapl/public/materialegislativa/2021/2947/plo_30.2021_marcelo_-_transparencia_benefi.docx", "ementa": "\"Garante \u00e0 popula\u00e7\u00e3o acesso a informa\u00e7\u00f5es sobre beneficiados por programas sociais da Prefeitura Municipal, atrav\u00e9s da Internet no site da Prefeitura ou outros meios de acesso livre \u00e0 popula\u00e7\u00e3o\u201d."}, {"id": "2970", "ano": "2021", "numero": "31", "tipo__sigla": "PLO", "tipo__descricao": "Projeto de Lei Ordin\u00e1ria", "autoria": "Marcelo Jardim", "texto_original": "http://sapl.bicas.mg.leg.br/media/sapl/public/materialegislativa/2021/2970/plo_31.2021_marcelo_-vala.docx", "ementa": "\"TORNA OBRIGAT\u00d3RIO O FECHAMENTO DE  VALAS E BURACOS ABERTOS POR EMPRESA P\u00daBLICA OU PRIVADA, NAS VIAS P\u00daBLICAS DO MUNIC\u00cdPIO\u201d."}, {"id": "2990", "ano": "2021", "numero": "32", "tipo__sigla": "PLO", "tipo__descricao": "Projeto de Lei Ordin\u00e1ria", "autoria": "Marcelo Jardim", "texto_original": "http://sapl.bicas.mg.leg.br/media/sapl/public/materialegislativa/2021/2990/plo_32.2021_marcelo_-_banco_de_empregos.docx", "ementa": "AUTORIZA A CRIA\u00c7\u00c3O DE Central De Empregos Espec\u00edfica Para Pessoas Com Defici\u00eancia - CEPCD\u201d."}, {"id": "2995", "ano": "2021", "numero": "33", "tipo__sigla": "PLO", "tipo__descricao": "Projeto de Lei Ordin\u00e1ria", "autoria": "Marcelo Jardim", "texto_original": "http://sapl.bicas.mg.leg.br/media/sapl/public/materialegislativa/2021/2995/plo_33.2021_marcelo_-_redacao_idoso.docx", "ementa": "INSTITUI CONCURSO ANUAL DE REDA\u00c7\u00c3O ENTRE OS ALUNOS DA REDE P\u00daBLICA DE ENSINO DO MUNIC\u00cdPIO SOBRE A VALORIZA\u00c7\u00c3O DO IDOSO E DA OUTRAS PROVID\u00caNCIAS\u201d."}, {"id": "2999", "ano": "2021", "numero": "34", "tipo__sigla": "PLO", "tipo__descricao": "Projeto de Lei Ordin\u00e1ria", "autoria": "Rafael Aquino", "texto_original": "http://sapl.bicas.mg.leg.br/media/sapl/public/materialegislativa/2021/2999/plo_34.2021_-_rafael.docx", "ementa": "\u201cDisp\u00f5e sobre o servi\u00e7o volunt\u00e1rio na Prefeitura do Munic\u00edpio de BICAS, e d\u00e1 outras provid\u00eancias\u201d."}, {"id": "3058", "ano": "2021", "numero": "35", "tipo__sigla": "PLO", "tipo__descricao": "Projeto de Lei Ordin\u00e1ria", "autoria": "Helber Marques Corr\u00eaa", "texto_original": "http://sapl.bicas.mg.leg.br/media/sapl/public/materialegislativa/2021/3058/plo_35.2021_compdec_do_municipio_de_bicas.doc", "ementa": "\"Cria a Coordenadoria Municipal de Prote\u00e7\u00e3o e Defesa Civil (COMPDEC) do Munic\u00edpio de Bicas e d\u00e1 outras provid\u00eancias.\""}, {"id": "3060", "ano": "2021", "numero": "36", "tipo__sigla": "PLO", "tipo__descricao": "Projeto de Lei Ordin\u00e1ria", "autoria": "Helber Marques Corr\u00eaa", "texto_original": "http://sapl.bicas.mg.leg.br/media/", "ementa": "Autoriza a abertura de Cr\u00e9dito Adicional Especial no valor de R$267.000,00 e d\u00e1 outras provid\u00eancias.\""}, {"id": "3061", "ano": "2021", "numero": "37", "tipo__sigla": "PLO", "tipo__descricao": "Projeto de Lei Ordin\u00e1ria", "autoria": "Fernando Joca", "texto_original": "http://sapl.bicas.mg.leg.br/media/sapl/public/materialegislativa/2021/3061/plo_37.2021_-_fernando_-__auxilio_empresa.docx", "ementa": "\"Institui a iniciativa Auxilia Empresa Biquense\"."}, {"id": "3062", "ano": "2021", "numero": "38", "tipo__sigla": "PLO", "tipo__descricao": "Projeto de Lei Ordin\u00e1ria", "autoria": "Marcelo Jardim", "texto_original": "http://sapl.bicas.mg.leg.br/media/sapl/public/materialegislativa/2021/3062/plo_38.2021.docx", "ementa": "Institui diretrizes para a inclus\u00e3o da capacita\u00e7\u00e3o em no\u00e7\u00f5es de primeiros socorros para os funcion\u00e1rios das academias de gin\u00e1stica e similares localizados no \u00e2mbito municipal e d\u00e1 outras provid\u00eancias.\""}, {"id": "3063", "ano": "2021", "numero": "39", "tipo__sigla": "PLO", "tipo__descricao": "Projeto de Lei Ordin\u00e1ria", "autoria": "Marcelo Jardim", "texto_original": "http://sapl.bicas.mg.leg.br/media/sapl/public/materialegislativa/2021/3063/plo_39.2021.docx", "ementa": "\"Disp\u00f5e sobre a obrigatoriedade de habilita\u00e7\u00e3o e registro em federa\u00e7\u00e3o desportiva regular dos profissionais de capoeira e artes marciais.\""}, {"id": "3064", "ano": "2021", "numero": "40", "tipo__sigla": "PLO", "tipo__descricao": "Projeto de Lei Ordin\u00e1ria", "autoria": "Fernando Joca", "texto_original": "http://sapl.bicas.mg.leg.br/media/sapl/public/materialegislativa/2021/3064/plo_40.2021_-_fernando_-_auxilio_familias.docx", "ementa": "\"Disp\u00f5e sobre a redu\u00e7\u00e3o tempor\u00e1ria do subs\u00eddios dos vereadores, prefeito e vice-prefeito e agentes pol\u00edticos para custeio de a\u00e7\u00f5es de combate \u00e0 crise sanit\u00e1ria e econ\u00f4mica causada pela Covid 19.\""}, {"id": "3065", "ano": "2021", "numero": "41", "tipo__sigla": "PLO", "tipo__descricao": "Projeto de Lei Ordin\u00e1ria", "autoria": "Helber Marques Corr\u00eaa", "texto_original": "http://sapl.bicas.mg.leg.br/media/", "ementa": "\"Autoriza a abertura de Cr\u00e9dito Adicional Especial no valor de R$125.996,00 e d\u00e1 outras provid\u00eancias\"."}, {"id": "3088", "ano": "2021", "numero": "42", "tipo__sigla": "PLO", "tipo__descricao": "Projeto de Lei Ordin\u00e1ria", "autoria": "Paulinho Plantas", "texto_original": "http://sapl.bicas.mg.leg.br/media/sapl/public/materialegislativa/2021/3088/plo_42.2021_-_paulinho_-_exposicao_mangalarga.docx", "ementa": "\"Institui a Exposi\u00e7\u00e3o Especializada do Cavalo Manga larga Marchador.\""}, {"id": "3115", "ano": "2021", "numero": "43", "tipo__sigla": "PLO", "tipo__descricao": "Projeto de Lei Ordin\u00e1ria", "autoria": "Melissa Terra", "texto_original": "http://sapl.bicas.mg.leg.br/media/sapl/public/materialegislativa/2021/3115/plo_43.2021_-_melissa_-_preservacao_de_arvores_-_copia.docx", "ementa": "\u201cEstabelece crit\u00e9rios para preserva\u00e7\u00e3o de \u00e1rvores em \u00e1reas p\u00fablicas do munic\u00edpio de Bicas\u201d"}, {"id": "3116", "ano": "2021", "numero": "44", "tipo__sigla": "PLO", "tipo__descricao": "Projeto de Lei Ordin\u00e1ria", "autoria": "Loro", "texto_original": "http://sapl.bicas.mg.leg.br/media/sapl/public/materialegislativa/2021/3116/plo_44.2021_-_loro.docx", "ementa": "\u201cEstabelece a concess\u00e3o gratuita de absorventes e tamp\u00f5es higi\u00eanicos aos que os requererem\u201d"}, {"id": "3117", "ano": "2021", "numero": "45", "tipo__sigla": "PLO", "tipo__descricao": "Projeto de Lei Ordin\u00e1ria", "autoria": "Helber Marques Corr\u00eaa", "texto_original": "http://sapl.bicas.mg.leg.br/media/sapl/public/materialegislativa/2021/3117/plo_45.2021_-_projeto_de_alteracao_cultura.docx", "ementa": "\"Altera\u00e7\u00e3o da Lei de Cria\u00e7\u00e3o do Conselho Municipal de Esporte e d\u00e1 outras provid\u00eancias.\""}, {"id": "3118", "ano": "2021", "numero": "46", "tipo__sigla": "PLO", "tipo__descricao": "Projeto de Lei Ordin\u00e1ria", "autoria": "Fernando Joca", "texto_original": "http://sapl.bicas.mg.leg.br/media/sapl/public/materialegislativa/2021/3118/plo_46.2021_-_fernando_-_auxilio_familias.docx", "ementa": "\u201cDISP\u00d5E SOBRE AUX\u00cdLIO FINANCEIRO PARA COMBATE DA CRISE ECON\u00d4MICA CAUSADA PELA COVID19\u201d."}, {"id": "3146", "ano": "2021", "numero": "47", "tipo__sigla": "PLO", "tipo__descricao": "Projeto de Lei Ordin\u00e1ria", "autoria": "Marcelo Jardim", "texto_original": "http://sapl.bicas.mg.leg.br/media/sapl/public/materialegislativa/2021/3146/plo_47.2021_-_marcelo_-_rede_de_seguranca.docx", "ementa": "\u201cDisp\u00f5e sobre a instala\u00e7\u00e3o de redes de prote\u00e7\u00e3o em janelas e sacadas de edif\u00edcios residenciais novos no Munic\u00edpio\u201d"}, {"id": "3147", "ano": "2021", "numero": "48", "tipo__sigla": "PLO", "tipo__descricao": "Projeto de Lei Ordin\u00e1ria", "autoria": "Melissa Terra", "texto_original": "http://sapl.bicas.mg.leg.br/media/sapl/public/materialegislativa/2021/3147/plo_48.2021_-_melissa_-_nomeacao.docx", "ementa": "\u201cVEDA A NOMEA\u00c7\u00c3O PELA ADMINISTRA\u00c7\u00c3O P\u00daBLICA DIRETA E INDIRETA DE BICAS DE PESSOAS CONDENADAS PELA LEI FEDERAL N\u00ba. 11.340, DE 07 DE AGOSTO DE 2006.\u201d"}, {"id": "3160", "ano": "2021", "numero": "49", "tipo__sigla": "PLO", "tipo__descricao": "Projeto de Lei Ordin\u00e1ria", "autoria": "Rafael Aquino", "texto_original": "http://sapl.bicas.mg.leg.br/media/sapl/public/materialegislativa/2021/3160/plo_49.2021_-_rafael_-_prevencao_suicidio.docx", "ementa": "\u201cInstitui o \u201cDia Municipal de Conscientiza\u00e7\u00e3o e Preven\u00e7\u00e3o ao Suic\u00eddio\u201d e d\u00e1 outras provid\u00eancias.\u201d"}, {"id": "3162", "ano": "2021", "numero": "50", "tipo__sigla": "PLO", "tipo__descricao": "Projeto de Lei Ordin\u00e1ria", "autoria": "Melissa Terra", "texto_original": "http://sapl.bicas.mg.leg.br/media/sapl/public/materialegislativa/2021/3162/plo_50.2021_-_melissa_-_conselhos.docx", "ementa": "\u201cDisp\u00f5e sobre a divulga\u00e7\u00e3o dos dados dos Conselhos Municipais na p\u00e1gina oficial na internet da Prefeitura e C\u00e2mara Municipal"}, {"id": "3166", "ano": "2021", "numero": "51", "tipo__sigla": "PLO", "tipo__descricao": "Projeto de Lei Ordin\u00e1ria", "autoria": "Helber Marques Corr\u00eaa", "texto_original": "http://sapl.bicas.mg.leg.br/media/", "ementa": "\"Disp\u00f5e sobre o Plano Plurianual para o per\u00edodo de 2022/2025\"."}, {"id": "3167", "ano": "2021", "numero": "52", "tipo__sigla": "PLO", "tipo__descricao": "Projeto de Lei Ordin\u00e1ria", "autoria": "Helber Marques Corr\u00eaa", "texto_original": "http://sapl.bicas.mg.leg.br/media/", "ementa": "\"Estima a receita e fixa a despesa do Munic\u00edpio de Bicas\"."}, {"id": "3177", "ano": "2021", "numero": "53", "tipo__sigla": "PLO", "tipo__descricao": "Projeto de Lei Ordin\u00e1ria", "autoria": "Helber Marques Corr\u00eaa", "texto_original": "http://sapl.bicas.mg.leg.br/media/", "ementa": "\"Altera proporcionalmente a Lei Municipal 1985/2021, que disp\u00f5e sobe a concess\u00e3o de subven\u00e7\u00f5es sociais \u00e0 entidade que menciona e d\u00e1 outras provid\u00eancias.\""}, {"id": "3180", "ano": "2021", "numero": "54", "tipo__sigla": "PLO", "tipo__descricao": "Projeto de Lei Ordin\u00e1ria", "autoria": "Helber Marques Corr\u00eaa", "texto_original": "http://sapl.bicas.mg.leg.br/media/sapl/public/materialegislativa/2021/3180/plo_54.2021_lei_distrito_de_santa_helena.doc", "ementa": "\u201cDisp\u00f5e sobre a cria\u00e7\u00e3o do distrito denominado de Santa Helena de Bicas. D\u00e1 reda\u00e7\u00e3o \u00e0 descri\u00e7\u00e3o das novas confronta\u00e7\u00f5es do distrito-sede de Bicas, e d\u00e1 outras provid\u00eancias.\u201d"}, {"id": "3181", "ano": "2021", "numero": "55", "tipo__sigla": "PLO", "tipo__descricao": "Projeto de Lei Ordin\u00e1ria", "autoria": "Helber Marques Corr\u00eaa", "texto_original": "http://sapl.bicas.mg.leg.br/media/sapl/public/materialegislativa/2021/3181/plo_55.2021_lei_de_alienacao_de_imovel_municipio.doc", "ementa": "Autoriza a aliena\u00e7\u00e3o de \u00e1rea de propriedade do Munic\u00edpio na forma que especifica\u201d ."}, {"id": "3185", "ano": "2021", "numero": "56", "tipo__sigla": "PLO", "tipo__descricao": "Projeto de Lei Ordin\u00e1ria", "autoria": "Marcelo Jardim", "texto_original": "http://sapl.bicas.mg.leg.br/media/sapl/public/materialegislativa/2021/3185/plo_56.2021_marcelo_-_incentivo_energia_solar.docx", "ementa": "\"Disp\u00f5e sobre incentivos \u00e0 gera\u00e7\u00e3o de energias alternativas no \u00e2mbito municipal.\u201d."}, {"id": "3186", "ano": "2021", "numero": "57", "tipo__sigla": "PLO", "tipo__descricao": "Projeto de Lei Ordin\u00e1ria", "autoria": "Joel Mil\u00e3o do Cemit\u00e9rio", "texto_original": "http://sapl.bicas.mg.leg.br/media/sapl/public/materialegislativa/2021/3186/plo_57.2021_joel_-_bilbia_nas_escoals.docx", "ementa": "\u201cInclui o \u201cEstudo da B\u00edblia Sagrada\u201d como conte\u00fado obrigat\u00f3rio no curr\u00edculo do ensino fundamental no munic\u00edpio de Bicas\u201d."}, {"id": "3184", "ano": "2021", "numero": "58", "tipo__sigla": "PLO", "tipo__descricao": "Projeto de Lei Ordin\u00e1ria", "autoria": "Helber Marques Corr\u00eaa", "texto_original": "http://sapl.bicas.mg.leg.br/media/sapl/public/materialegislativa/2021/3184/plo_58.2021novo_elemento_superavit_fonte_200_1.docx", "ementa": "Insere no Or\u00e7amento vigente as naturezas de despesas que menciona, com suas respectivas fontes de recursos."}, {"id": "3223", "ano": "2021", "numero": "59", "tipo__sigla": "PLO", "tipo__descricao": "Projeto de Lei Ordin\u00e1ria", "autoria": "Marcelo Jardim", "texto_original": "http://sapl.bicas.mg.leg.br/media/sapl/public/materialegislativa/2021/3223/plo_59.2021_marcelo_-_jovem_aprendiz.docx", "ementa": "\"DISP\u00d5E SOBRE O PROGRAMA PRIMEIRO EMPREGO, NO \u00c2MBITO DO MUNIC\u00cdPIO DE BICAS\u201d."}, {"id": "3224", "ano": "2021", "numero": "60", "tipo__sigla": "PLO", "tipo__descricao": "Projeto de Lei Ordin\u00e1ria", "autoria": "Rafael Aquino", "texto_original": "http://sapl.bicas.mg.leg.br/media/sapl/public/materialegislativa/2021/3224/plo_60.2021_rafael_-_horta_escolar.docx", "ementa": "\u201cDisp\u00f5e sobre a cria\u00e7\u00e3o do programa \u201cHorta Escolar\u201d nas institui\u00e7\u00f5es p\u00fablicas de ensino do munic\u00edpio de Bicas.\u201d"}, {"id": "3228", "ano": "2021", "numero": "61", "tipo__sigla": "PLO", "tipo__descricao": "Projeto de Lei Ordin\u00e1ria", "autoria": "", "texto_original": "http://sapl.bicas.mg.leg.br/media/sapl/public/materialegislativa/2021/3228/plo_61.2021_lei_alienacao_de_imovel_municipio_21.09.doc", "ementa": "Autoriza a aliena\u00e7\u00e3o de \u00e1rea de propriedade do Munic\u00edpio na forma que especifica."}, {"id": "3229", "ano": "2021", "numero": "62", "tipo__sigla": "PLO", "tipo__descricao": "Projeto de Lei Ordin\u00e1ria", "autoria": "Melissa Terra", "texto_original": "http://sapl.bicas.mg.leg.br/media/sapl/public/materialegislativa/2021/3229/plo_62.2021_-_melissa_-_mae_solo.docx", "ementa": "\u201cAltera a lei N\u00ba 1878 de 20 de maio de 2019 para incluir a M\u00e3e Solo como prioridade nos programas habitacionais do Munic\u00edpio.\u201d"}, {"id": "3230", "ano": "2021", "numero": "63", "tipo__sigla": "PLO", "tipo__descricao": "Projeto de Lei Ordin\u00e1ria", "autoria": "Helber Marques Corr\u00eaa", "texto_original": "http://sapl.bicas.mg.leg.br/media/sapl/public/materialegislativa/2021/3230/plo_63.2021_aquisicao_de_vans_escolares.doc", "ementa": "Insere no Or\u00e7amento vigente a natureza de despesa \r\nque menciona, com sua respectiva fonte de recurso."}, {"id": "3233", "ano": "2021", "numero": "64", "tipo__sigla": "PLO", "tipo__descricao": "Projeto de Lei Ordin\u00e1ria", "autoria": "Paulinho Plantas", "texto_original": "http://sapl.bicas.mg.leg.br/media/sapl/public/materialegislativa/2021/3233/plo_64.2021_-_consep.doc", "ementa": "\"Concede T\u00edtulo De Utilidade P\u00fablica Municipal Ao \u201cConselho Comunit\u00e1rio de Seguran\u00e7a P\u00fablica de Bicas - CONSEP\u201d."}, {"id": "3231", "ano": "2021", "numero": "65", "tipo__sigla": "PLO", "tipo__descricao": "Projeto de Lei Ordin\u00e1ria", "autoria": "Helber Marques Corr\u00eaa", "texto_original": "http://sapl.bicas.mg.leg.br/media/", "ementa": "\"Altera o inciso I do artigo 5\u00ba da lei 1.972/2020 e aumenta o limite de 20% (vinte por cento) para 30% (trinta por cento) para abertura de cr\u00e9ditos adicionais suplementares da despesa total fixada no or\u00e7amento do munic\u00edpio para o ano de 2021. \u201d"}, {"id": "3234", "ano": "2021", "numero": "66", "tipo__sigla": "PLO", "tipo__descricao": "Projeto de Lei Ordin\u00e1ria", "autoria": "Marcelo Jardim", "texto_original": "http://sapl.bicas.mg.leg.br/media/sapl/public/materialegislativa/2021/3234/plo_66.2021_-_marcelo_-_violencia_contra_mulheres.docx", "ementa": "\"Autoriza todas as Unidades de Sa\u00fade do Munic\u00edpio a realizarem o exame corpo de delito em mulheres, crian\u00e7as e adolescentes v\u00edtimas de viol\u00eancia e d\u00e1 outras provid\u00eancias\u201d."}, {"id": "3259", "ano": "2021", "numero": "67", "tipo__sigla": "PLO", "tipo__descricao": "Projeto de Lei Ordin\u00e1ria", "autoria": "Helber Marques Corr\u00eaa", "texto_original": "http://sapl.bicas.mg.leg.br/media/sapl/public/materialegislativa/2021/3259/plo_67.2021_radio_base.doc", "ementa": "\u201cDisp\u00f5e sobre o funcionamento e a instala\u00e7\u00e3o de postes, torres, antenas, cont\u00eaineres e demais equipamentos que comp\u00f5em as Esta\u00e7\u00f5es R\u00e1dio- Base no \u00e2mbito do Munic\u00edpio e d\u00e1 outras provid\u00eancias\u201d."}, {"id": "3264", "ano": "2021", "numero": "68", "tipo__sigla": "PLO", "tipo__descricao": "Projeto de Lei Ordin\u00e1ria", "autoria": "Marcelo Jardim", "texto_original": "http://sapl.bicas.mg.leg.br/media/sapl/public/materialegislativa/2021/3264/plo_68.2021_marcelo_-_workshop_vocacional.docx", "ementa": "\"INSTITUI PROGRAMA \u201cWORKSHOP VOCACIONAL NA ESCOLA\u201d."}, {"id": "3321", "ano": "2021", "numero": "69", "tipo__sigla": "PLO", "tipo__descricao": "Projeto de Lei Ordin\u00e1ria", "autoria": "Fernando Joca", "texto_original": "http://sapl.bicas.mg.leg.br/media/sapl/public/materialegislativa/2021/3321/plo_69.2021_-_fernando_-_condominio.docx", "ementa": "\u201cEstabelece regras para garantir o cumprimento de obriga\u00e7\u00f5es de condom\u00ednios\u201d."}, {"id": "3322", "ano": "2021", "numero": "70", "tipo__sigla": "PLO", "tipo__descricao": "Projeto de Lei Ordin\u00e1ria", "autoria": "Poder Executivo - PE", "texto_original": "http://sapl.bicas.mg.leg.br/media/sapl/public/materialegislativa/2021/3322/plo_70.2021_projeto_de_lei_radio_base._novo.doc", "ementa": "\u201cDISP\u00d5E SOBRE O FUNCIONAMENTO E A INSTALA\u00c7\u00c3O DE POSTES, TORRES, ANTENAS, CONT\u00caINERES E DEMAIS EQUIPAMENTOS QUE COMP\u00d5EM AS ESTA\u00c7\u00d5ES RADIO-BASE NO \u00c2MBITO DO MUNIC\u00cdPIO E DA OUTRAS PROVID\u00caNCIAS\u201d"}, {"id": "3323", "ano": "2021", "numero": "71", "tipo__sigla": "PLO", "tipo__descricao": "Projeto de Lei Ordin\u00e1ria", "autoria": "Helber Marques Corr\u00eaa", "texto_original": "http://sapl.bicas.mg.leg.br/media/sapl/public/materialegislativa/2021/3323/plo_71.2021_lei_que_cria_o_nucleo_-_educacao.doc", "ementa": "\u201cCria o N\u00facleo de Atendimento Educacional Especializado - NAEE e d\u00e1 outras provid\u00eancias\u201d."}, {"id": "3334", "ano": "2021", "numero": "72", "tipo__sigla": "PLO", "tipo__descricao": "Projeto de Lei Ordin\u00e1ria", "autoria": "Helber Marques Corr\u00eaa", "texto_original": "http://sapl.bicas.mg.leg.br/media/sapl/public/materialegislativa/2021/3334/lei_subvencoes_sopa.doc", "ementa": "\"Autoriza a Concess\u00e3o de Subven\u00e7\u00e3o Social \u00e0 Associa\u00e7\u00e3o Protetora de Animais de Bicas \u2013 SOPA\u201d."}, {"id": "3335", "ano": "2021", "numero": "73", "tipo__sigla": "PLO", "tipo__descricao": "Projeto de Lei Ordin\u00e1ria", "autoria": "Helber Marques Corr\u00eaa", "texto_original": "http://sapl.bicas.mg.leg.br/media/sapl/public/materialegislativa/2021/3335/lei_abono_14_15_16_educacao.doc", "ementa": "\u201cDisp\u00f5e sobre autoriza\u00e7\u00e3o para ado\u00e7\u00e3o de medidas de cumprimento ao disposto no inciso XI do art. 212-A da Constitui\u00e7\u00e3o da Rep\u00fablica de 1988 e da Lei Federal n\u00b0 14.113/2020 e d\u00e1 outras provid\u00eancias\u201d."}, {"id": "3341", "ano": "2021", "numero": "74", "tipo__sigla": "PLO", "tipo__descricao": "Projeto de Lei Ordin\u00e1ria", "autoria": "Helber Marques Corr\u00eaa", "texto_original": "http://sapl.bicas.mg.leg.br/media/sapl/public/materialegislativa/2021/3341/plo_74.2021_abertura_de_credito_especial_compra_de_ambulancia.doc", "ementa": "Autoriza a abertura de Cr\u00e9dito Adicional Especial no valor de R$ 238.000,00 e d\u00e1 outras provid\u00eancias."}, {"id": "3342", "ano": "2021", "numero": "75", "tipo__sigla": "PLO", "tipo__descricao": "Projeto de Lei Ordin\u00e1ria", "autoria": "Marcelo Jardim", "texto_original": "http://sapl.bicas.mg.leg.br/media/sapl/public/materialegislativa/2021/3342/plo_75.2021_idoso_capacita.docx", "ementa": "\u201cAutoriza o Poder Executivo a criar o programa capacitando o idoso e da outras provid\u00eancias\u201d."}, {"id": "3368", "ano": "2021", "numero": "76", "tipo__sigla": "PLO", "tipo__descricao": "Projeto de Lei Ordin\u00e1ria", "autoria": "Fernando Joca", "texto_original": "http://sapl.bicas.mg.leg.br/media/", "ementa": "\u201cObriga as Unidades de Sa\u00fade a afixar em lugar vis\u00edvel e de f\u00e1cil acesso ao p\u00fablico, a escala de todos os funcion\u00e1rios de servi\u00e7o naquele estabelecimento e suas especialidades, al\u00e9m do respons\u00e1vel pelo plant\u00e3o.\u201d"}, {"id": "3369", "ano": "2021", "numero": "77", "tipo__sigla": "PLO", "tipo__descricao": "Projeto de Lei Ordin\u00e1ria", "autoria": "Helber Marques Corr\u00eaa", "texto_original": "http://sapl.bicas.mg.leg.br/media/sapl/public/materialegislativa/2021/3369/plo_77.2021_-_suplementacao_natal.docx", "ementa": "Abre Cr\u00e9dito Suplementar no Valor de R$ 23.533,34 \u00e0s dota\u00e7\u00f5es do Munic\u00edpio de BICAS ."}, {"id": "3370", "ano": "2021", "numero": "78", "tipo__sigla": "PLO", "tipo__descricao": "Projeto de Lei Ordin\u00e1ria", "autoria": "Helber Marques Corr\u00eaa", "texto_original": "http://sapl.bicas.mg.leg.br/media/sapl/public/materialegislativa/2021/3370/plo_78.2021_-_subvencao_hospital.doc", "ementa": "\u201cDisp\u00f5e sobre a concess\u00e3o de subven\u00e7\u00f5es sociais \u00e0 Entidade que menciona e d\u00e1 outras provid\u00eancias\u201d."}, {"id": "3371", "ano": "2021", "numero": "79", "tipo__sigla": "PLO", "tipo__descricao": "Projeto de Lei Ordin\u00e1ria", "autoria": "Helber Marques Corr\u00eaa", "texto_original": "http://sapl.bicas.mg.leg.br/media/sapl/public/materialegislativa/2021/3371/plo_79.2021_-_pagamento_por_serivcos_ambientais.docx", "ementa": "Institui o Programa de Pagamento por Servi\u00e7os Ambientais - PROMPSA, cria o Fundo Municipal de Pagamento por Servi\u00e7os Ambientais - FMPSA e d\u00e1 outras provid\u00eancias.\u201d"}, {"id": "3408", "ano": "2021", "numero": "80", "tipo__sigla": "PLO", "tipo__descricao": "Projeto de Lei Ordin\u00e1ria", "autoria": "", "texto_original": "http://sapl.bicas.mg.leg.br/media/sapl/public/materialegislativa/2021/3408/plo_80.2021_-_alteracao_subvencao_hospital.docx", "ementa": "\u201cALTERA PARCIALMENTE A LEI MUNICIPAL N\u00ba 1985/2021, QUE DISP\u00d5E SOBRE A CONCESS\u00c3O DE SUBVEN\u00c7\u00d5ES SOCIAIS \u00c0 ENTIDADE QUE MENCIONA, E D\u00c1 OUTRAS PROVID\u00caNCIAS\u201d."}, {"id": "3409", "ano": "2021", "numero": "81", "tipo__sigla": "PLO", "tipo__descricao": "Projeto de Lei Ordin\u00e1ria", "autoria": "", "texto_original": "http://sapl.bicas.mg.leg.br/media/sapl/public/materialegislativa/2021/3409/plo_81.2021_-_alteracao_subvencao_asilo.docx", "ementa": "\u201cALTERA PARCIALMENTE A LEI N\u00ba 1996/2021, QUE DISP\u00d5E SOBRE A CONCESS\u00c3O DE SUBVEN\u00c7\u00c3O SOCIAL \u00c0 ENTIDADE QUE MENCIONA, E D\u00c1 OUTRAS PROVID\u00caNCIAS\u201d."}, {"id": "3150", "ano": "2021", "numero": "1", "tipo__sigla": "PRE", "tipo__descricao": "Projeto de Resolu\u00e7\u00e3o", "autoria": "", "texto_original": "http://sapl.bicas.mg.leg.br/media/sapl/public/materialegislativa/2021/3150/projeto_de_resolucao_01.docx", "ementa": "Disp\u00f5es sobre a constitui\u00e7\u00e3o de Comiss\u00e3o Especial para Revis\u00e3o da Lei Org\u00e2nica do Munic\u00edpio de Bicas e d\u00e1 outras provid\u00eancias."}, {"id": "3151", "ano": "2021", "numero": "2", "tipo__sigla": "PRE", "tipo__descricao": "Projeto de Resolu\u00e7\u00e3o", "autoria": "", "texto_original": "http://sapl.bicas.mg.leg.br/media/sapl/public/materialegislativa/2021/3151/projeto_de_resolucao_02.docx", "ementa": "Disp\u00f5es sobre a constitui\u00e7\u00e3o de Comiss\u00e3o Especial para Revis\u00e3o do Regimento Interno da C\u00e2mara Municipal de Bicas e d\u00e1 outras provid\u00eancias."}, {"id": "3152", "ano": "2021", "numero": "3", "tipo__sigla": "PRE", "tipo__descricao": "Projeto de Resolu\u00e7\u00e3o", "autoria": "Paulinho Plantas", "texto_original": "http://sapl.bicas.mg.leg.br/media/sapl/public/materialegislativa/2021/3152/projeto_de_resolucao_03.docx", "ementa": "Regulamenta a carteira de identidade funcional dos membros do Poder Legislativo Municipal."}, {"id": "3182", "ano": "2021", "numero": "4", "tipo__sigla": "PRE", "tipo__descricao": "Projeto de Resolu\u00e7\u00e3o", "autoria": "", "texto_original": "http://sapl.bicas.mg.leg.br/media/sapl/public/materialegislativa/2021/3182/projeto_de_resolucao_04_criacao_de_comissao_permanente.docx", "ementa": "\u201cCria a Comiss\u00e3o Permanente de Desenvolvimento Urbano e altera o art. 60 do Regimento Interno da C\u00e2mara Municipal de Bicas."}, {"id": "3183", "ano": "2021", "numero": "5", "tipo__sigla": "PRE", "tipo__descricao": "Projeto de Resolu\u00e7\u00e3o", "autoria": "", "texto_original": "http://sapl.bicas.mg.leg.br/media/sapl/public/materialegislativa/2021/3183/projeto_de_resolucao_05.docx", "ementa": "\"Disp\u00f5e sobre o acr\u00e9scimo de 5% ( cinco por cento) ao percentual m\u00e1ximo para a contrata\u00e7\u00e3o de opera\u00e7\u00f5es de cr\u00e9dito com desconto autom\u00e1tico em folha de pagamento at\u00e9 31 de dezembro de 2021, nos termos da Lei Federal n\u00ba 14.131, de 30 de mar\u00e7o de 2021\"."}, {"id": "2827", "ano": "2021", "numero": "1", "tipo__sigla": "REP", "tipo__descricao": "Representa\u00e7\u00e3o", "autoria": "Rafael Aquino", "texto_original": "http://sapl.bicas.mg.leg.br/media/sapl/public/materialegislativa/2021/2827/01.pdf", "ementa": "Solicito o envio do presente requerimento \u00e0 AGENCIA NACIONAL DE ENERGIA EL\u00c9TRICA, comunicando as constantes interrup\u00e7\u00f5es e oscila\u00e7\u00f5es de energia em nossa cidade por parte da empresa CEMIG, bem como solicitando a aplica\u00e7\u00e3o de penalidades e desconto em conta de luz."}, {"id": "2943", "ano": "2021", "numero": "2", "tipo__sigla": "REP", "tipo__descricao": "Representa\u00e7\u00e3o", "autoria": "Paulinho Plantas", "texto_original": "http://sapl.bicas.mg.leg.br/media/sapl/public/materialegislativa/2021/2943/02.pdf", "ementa": "Solicito o envio do presente pedido \u00e0 CEMIG, solicitando poda das \u00e1rvores na Rua Santa Tereza."}, {"id": "2944", "ano": "2021", "numero": "3", "tipo__sigla": "REP", "tipo__descricao": "Representa\u00e7\u00e3o", "autoria": "Joel Mil\u00e3o do Cemit\u00e9rio", "texto_original": "http://sapl.bicas.mg.leg.br/media/sapl/public/materialegislativa/2021/2944/03.pdf", "ementa": "Solicito que seja disponibilizado pela Pol\u00edcia Militar de Minas Gerais c\u00f3pias dos Boletins de Ocorr\u00eancia de registro de infra\u00e7\u00f5es referentes ao descumprimento dos protocolos de isolamento social(B.O.s da Covid) registrados em 2020 e este ano em nosso munic\u00edpio."}, {"id": "2997", "ano": "2021", "numero": "4", "tipo__sigla": "REP", "tipo__descricao": "Representa\u00e7\u00e3o", "autoria": "Melissa Terra", "texto_original": "http://sapl.bicas.mg.leg.br/media/sapl/public/materialegislativa/2021/2997/4_melissa_ima.doc", "ementa": "Solicito que o IMA - Instituto Mineiro de Agropecu\u00e1ria, retorne o atendimento presencial no escrit\u00f3rio em nosso munic\u00edpio."}, {"id": "2998", "ano": "2021", "numero": "5", "tipo__sigla": "REP", "tipo__descricao": "Representa\u00e7\u00e3o", "autoria": "", "texto_original": "http://sapl.bicas.mg.leg.br/media/", "ementa": "Solicito da Secretaria Estadual de sa\u00fade, juntamente com a Regional de Sa\u00fade de Juiz de Fora, que procedam o envio das doses referentes aos profissionais da educa\u00e7\u00e3o que residem em Bicas e trabalham em outras cidades."}, {"id": "3082", "ano": "2021", "numero": "6", "tipo__sigla": "REP", "tipo__descricao": "Representa\u00e7\u00e3o", "autoria": "Rafael Aquino", "texto_original": "http://sapl.bicas.mg.leg.br/media/sapl/public/materialegislativa/2021/3082/06.pdf", "ementa": "Solicito o envio do presente requerimento \u00e0 SECRETARIA DE ESTADO DE SA\u00daDE, para reivindicar a extens\u00e3o de vacina\u00e7\u00e3o contra a covid19, para todas as lactantes do Estado de Minas Gerais"}, {"id": "3142", "ano": "2021", "numero": "7", "tipo__sigla": "REP", "tipo__descricao": "Representa\u00e7\u00e3o", "autoria": "Melissa Terra", "texto_original": "http://sapl.bicas.mg.leg.br/media/sapl/public/materialegislativa/2021/3142/07.pdf", "ementa": "Solicito que a Via\u00e7\u00e3o Bassamar viabilize linhas com sa\u00edda de Bicas para atendimento de nossos mun\u00edcipes, de forma a possibilitar que nossa popula\u00e7\u00e3o possa contar com o transporte Juiz de Fora \u2013 Bicas - Juiz de Fora, bem como a instala\u00e7\u00e3o de guich\u00ea no terminal rodovi\u00e1rio de Bicas."}, {"id": "3143", "ano": "2021", "numero": "8", "tipo__sigla": "REP", "tipo__descricao": "Representa\u00e7\u00e3o", "autoria": "Rafael Aquino", "texto_original": "http://sapl.bicas.mg.leg.br/media/sapl/public/materialegislativa/2021/3143/08.pdf", "ementa": "Solicito que seja oficiada a empresa Via\u00e7\u00e3o Bassamar, para que informe a esta casa quais investimentos ser\u00e3o realizados para atendimento dos passageiros de Bicas."}, {"id": "3144", "ano": "2021", "numero": "9", "tipo__sigla": "REP", "tipo__descricao": "Representa\u00e7\u00e3o", "autoria": "Marcelo Jardim", "texto_original": "http://sapl.bicas.mg.leg.br/media/sapl/public/materialegislativa/2021/3144/9.pdf", "ementa": "Que seja expedido of\u00edcio ao Autoposto L\u00edder solicitando a altera\u00e7\u00e3o da posi\u00e7\u00e3o da placa de an\u00fancio dos pre\u00e7os."}, {"id": "3176", "ano": "2021", "numero": "10", "tipo__sigla": "REP", "tipo__descricao": "Representa\u00e7\u00e3o", "autoria": "Joel Mil\u00e3o do Cemit\u00e9rio, Dr. Beto, Fernando Bigode, Fernando Joca, Loro, Marcelo Jardim, Melissa Terra, Paulinho Plantas, Rafael Aquino", "texto_original": "http://sapl.bicas.mg.leg.br/media/sapl/public/materialegislativa/2021/3176/10.pdf", "ementa": "Solicito \u00e0 Companhia de Saneamento de Minas Gerais \u2013 COPASA \u2013 que instale gerador para atender \u00e0 capta\u00e7\u00e3o e distribui\u00e7\u00e3o de \u00e1gua para Bicas e Guarar\u00e1 na comunidade de S\u00e3o Manoel."}, {"id": "2646", "ano": "2021", "numero": "1", "tipo__sigla": "REQ", "tipo__descricao": "Requerimento", "autoria": "Loro", "texto_original": "http://sapl.bicas.mg.leg.br/media/sapl/public/materialegislativa/2021/2646/01_2021.pdf", "ementa": "Que seja enviado a esta Casa a c\u00f3pia das notas fiscais, empenhos e comprovantes de pagamento derivados dos processos de dispensa n\u00ba 19/2020 e 26/2020."}, {"id": "2647", "ano": "2021", "numero": "2", "tipo__sigla": "REQ", "tipo__descricao": "Requerimento", "autoria": "Joel Mil\u00e3o do Cemit\u00e9rio", "texto_original": "http://sapl.bicas.mg.leg.br/media/", "ementa": "Que seja enviado a esta Casa a c\u00f3pia do atual contrato de gest\u00e3o da policl\u00ednica."}, {"id": "2648", "ano": "2021", "numero": "3", "tipo__sigla": "REQ", "tipo__descricao": "Requerimento", "autoria": "Joel Mil\u00e3o do Cemit\u00e9rio", "texto_original": "http://sapl.bicas.mg.leg.br/media/sapl/public/materialegislativa/2021/2648/03_2021.pdf", "ementa": "Que seja ordenada abertura de sindic\u00e2ncia para apurar poss\u00edvel desvio de finalidade, com vistas a favorecimento de servidor p\u00fablico investido em cargo de confian\u00e7a, quanto ao uso de ve\u00edculo da Prefeitura e poss\u00edvel desvio de materiais de constru\u00e7\u00e3o."}, {"id": "2649", "ano": "2021", "numero": "4", "tipo__sigla": "REQ", "tipo__descricao": "Requerimento", "autoria": "Loro", "texto_original": "http://sapl.bicas.mg.leg.br/media/sapl/public/materialegislativa/2021/2649/04_2021.pdf", "ementa": "Que o Executivo Municipal ordene abertura tomada de Contas Especial para averiguar a aquisi\u00e7\u00e3o de materiais de constru\u00e7\u00e3o com verbas da educa\u00e7\u00e3o em 2017 e 2018, com o encaminhamento do resultado do processo \u00e0 esta Casa."}, {"id": "2650", "ano": "2021", "numero": "5", "tipo__sigla": "REQ", "tipo__descricao": "Requerimento", "autoria": "Fernando Joca", "texto_original": "http://sapl.bicas.mg.leg.br/media/sapl/public/materialegislativa/2021/2650/05_2021.pdf", "ementa": "Solicito \u00e0 Exma. Presidente desta Casa Legislativa, que indicou o membro (vereador Marcelo Navarro Jardim) como representante junto ao Conselho do Hospital S\u00e3o Jos\u00e9 de Bicas, informa\u00e7\u00f5es sobre aquela entidade, a seguir:\r\n\r\n1)\tRela\u00e7\u00e3o de todas as d\u00edvidas do Hospital S\u00e3o Jos\u00e9 discriminado por fornecedor, valor d\u00edvidas trabalhistas, e fiscais (por ente federado);\r\n2)\tRela\u00e7\u00e3o do quadro de funcion\u00e1rios atual com suas fun\u00e7\u00f5es e sal\u00e1rios;\r\n3)\tRela\u00e7\u00e3o nominal de toda a diretoria;\r\n4)\tRela\u00e7\u00e3o de todas as interven\u00e7\u00f5es cir\u00fargicas feitas durante o ano de 2020, m\u00eas a m\u00eas, com os devidos valores cobrados de cada paciente naquela unidade, destacando as cirurgias feitas pelo sistema SUS;\r\n5)\tC\u00f3pia de todas as atas das reuni\u00f5es do conselho deliberativo desde a nomea\u00e7\u00e3o desta diretoria atual;\r\n6)\tC\u00f3pia da folha de pagamento de janeiro de 2019, janeiro de 2020 e janeiro 2021;\r\n7)\tRela\u00e7\u00e3o com valores de todas as doa\u00e7\u00f5es feitas por terceiros no ano de 2020;"}, {"id": "2651", "ano": "2021", "numero": "6", "tipo__sigla": "REQ", "tipo__descricao": "Requerimento", "autoria": "Fernando Joca", "texto_original": "http://sapl.bicas.mg.leg.br/media/sapl/public/materialegislativa/2021/2651/06_2021.pdf", "ementa": "Exmo Sr Prefeito c\u00f3pia de todo o processo de contrata\u00e7\u00e3o da empresa m\u00e9dica na modalidade dispensa (dispensa 2/2021) feita no dia 04/1/2021 para atendimento na Policl\u00ednica."}, {"id": "2656", "ano": "2021", "numero": "7", "tipo__sigla": "REQ", "tipo__descricao": "Requerimento", "autoria": "Fernando Joca", "texto_original": "http://sapl.bicas.mg.leg.br/media/sapl/public/materialegislativa/2021/2656/07_2021.pdf", "ementa": "Exmo Sr Prefeito rela\u00e7\u00e3o de todos os processos de licita\u00e7\u00e3o que tenham acontecido no m\u00eas de janeiro de 2021."}, {"id": "2657", "ano": "2021", "numero": "8", "tipo__sigla": "REQ", "tipo__descricao": "Requerimento", "autoria": "Fernando Joca", "texto_original": "http://sapl.bicas.mg.leg.br/media/sapl/public/materialegislativa/2021/2657/08_2021.pdf", "ementa": "Solicito ao ExmoSr Prefeito que tome todas as medidas para que siga estritamente o plano de vacina\u00e7\u00e3o do COVID19 e que informe mensalmente atrav\u00e9s de rela\u00e7\u00e3o nominativa as pessoas beneficiadas com a vacina, e que estas informa\u00e7\u00f5es sejam disponibilizadas no portal da transpar\u00eancia mensalmente."}, {"id": "2658", "ano": "2021", "numero": "9", "tipo__sigla": "REQ", "tipo__descricao": "Requerimento", "autoria": "Fernando Joca", "texto_original": "http://sapl.bicas.mg.leg.br/media/sapl/public/materialegislativa/2021/2658/09_2021.pdf", "ementa": "Solicito ao ExmoSr Prefeito as rela\u00e7\u00f5es de todos os alugu\u00e9is pagos pela Prefeitura Municipal de Bicas com os valores e os conv\u00eanios que autorizam o pagamento destes valores quando for o caso."}, {"id": "2659", "ano": "2021", "numero": "10", "tipo__sigla": "REQ", "tipo__descricao": "Requerimento", "autoria": "Fernando Joca", "texto_original": "http://sapl.bicas.mg.leg.br/media/sapl/public/materialegislativa/2021/2659/10_2021.pdf", "ementa": "Solicito ao Exmo Sr. Prefeito Municipal C\u00f3pia do conv\u00eanio (e altera\u00e7\u00f5es) que mant\u00e9m a prefeitura com o HSJB, e toda a presta\u00e7\u00e3o de contas referentes ao ano de 2020."}, {"id": "2660", "ano": "2021", "numero": "11", "tipo__sigla": "REQ", "tipo__descricao": "Requerimento", "autoria": "Fernando Joca", "texto_original": "http://sapl.bicas.mg.leg.br/media/sapl/public/materialegislativa/2021/2660/11_2021.pdf", "ementa": "Solicito ao Exmo. Sr Prefeito Municipal c\u00f3pia de todo o processo de contrata\u00e7\u00e3o com os devidos aditivos referente \u00e0 empresa m\u00e9dica que prestava servi\u00e7os na policl\u00ednica nos anos 2017 a 2020."}, {"id": "2661", "ano": "2021", "numero": "12", "tipo__sigla": "REQ", "tipo__descricao": "Requerimento", "autoria": "Fernando Joca", "texto_original": "http://sapl.bicas.mg.leg.br/media/sapl/public/materialegislativa/2021/2661/12_2021.pdf", "ementa": "Solicito \u00e0 Exma. Presidente desta Casa Legislativa que solicite uma vistoria do corpo de bombeiros no pr\u00e9dio que abrange a C\u00e2mara Municipal de Bicas."}, {"id": "2662", "ano": "2021", "numero": "13", "tipo__sigla": "REQ", "tipo__descricao": "Requerimento", "autoria": "Loro", "texto_original": "http://sapl.bicas.mg.leg.br/media/sapl/public/materialegislativa/2021/2662/13_2021.pdf", "ementa": "Solicita explica\u00e7\u00f5es quanto aos crit\u00e9rios utilizados para distribui\u00e7\u00f5es do primeiro lote de vacinas contra Covid-19 em nosso munic\u00edpio, a real quantidade de doses e o n\u00famero de pessoas imunizadas, considerando o justificado abaixo."}, {"id": "2663", "ano": "2021", "numero": "14", "tipo__sigla": "REQ", "tipo__descricao": "Requerimento", "autoria": "Joel Mil\u00e3o do Cemit\u00e9rio", "texto_original": "http://sapl.bicas.mg.leg.br/media/sapl/public/materialegislativa/2021/2663/requerimento_14.pdf", "ementa": "Que seja verificada urgentemente a demanda do Conselho da Comunidade da Comarca de Bicas, relativo a recursos do PNAISP."}, {"id": "2664", "ano": "2021", "numero": "15", "tipo__sigla": "REQ", "tipo__descricao": "Requerimento", "autoria": "Fernando Joca", "texto_original": "http://sapl.bicas.mg.leg.br/media/sapl/public/materialegislativa/2021/2664/15.pdf", "ementa": "Que seja verificada urgentemente a demanda do Conselho da Comunidade da Comarca de Bicas, relativo a recursos do PNAISP."}, {"id": "2667", "ano": "2021", "numero": "16", "tipo__sigla": "REQ", "tipo__descricao": "Requerimento", "autoria": "Joel Mil\u00e3o do Cemit\u00e9rio", "texto_original": "http://sapl.bicas.mg.leg.br/media/sapl/public/materialegislativa/2021/2667/16.pdf", "ementa": "Que a Comiss\u00e3o de Sa\u00fade, Educa\u00e7\u00e3o e Assist\u00eancia Social apure poss\u00edvel irregularidade na destina\u00e7\u00e3o de reativos no laborat\u00f3rio municipal conforme segue."}, {"id": "2668", "ano": "2021", "numero": "18", "tipo__sigla": "REQ", "tipo__descricao": "Requerimento", "autoria": "Melissa Terra", "texto_original": "http://sapl.bicas.mg.leg.br/media/sapl/public/materialegislativa/2021/2668/18_01.pdf", "ementa": "Que seja feito e encaminhado  a esta Casa levantamento sobre a popula\u00e7\u00e3o municipal de PCDs."}, {"id": "2669", "ano": "2021", "numero": "20", "tipo__sigla": "REQ", "tipo__descricao": "Requerimento", "autoria": "Loro", "texto_original": "http://sapl.bicas.mg.leg.br/media/sapl/public/materialegislativa/2021/2669/20.pdf", "ementa": "Que seja informado quais medidas vem sendo tomadas para o cumprimento da lei n\u00ba 13.935, de 11 de dezembro de 2019 que cria os servi\u00e7os de psicologia e de servi\u00e7o social para atender \u00e0s necessidades e prioridades definidas pelas pol\u00edticas de educa\u00e7\u00e3o."}, {"id": "2687", "ano": "2021", "numero": "21", "tipo__sigla": "REQ", "tipo__descricao": "Requerimento", "autoria": "Joel Mil\u00e3o do Cemit\u00e9rio", "texto_original": "http://sapl.bicas.mg.leg.br/media/sapl/public/materialegislativa/2021/2687/21.pdf", "ementa": "Que seja enviado a esta Casa c\u00f3pia do projeto elaborado/aprovado pela prefeitura e planilha demonstrando os gastos com as obras das Ruas Melo Viana e Prefeito Oliveira Souza."}, {"id": "2744", "ano": "2021", "numero": "22", "tipo__sigla": "REQ", "tipo__descricao": "Requerimento", "autoria": "Marcelo Jardim", "texto_original": "http://sapl.bicas.mg.leg.br/media/sapl/public/materialegislativa/2021/2744/22.pdf", "ementa": "Que a Mesa Diretora notifique o Executivo do descumprimento do prazo de reposta das indica\u00e7\u00f5es 3/2021 e 4/2021."}, {"id": "2745", "ano": "2021", "numero": "23", "tipo__sigla": "REQ", "tipo__descricao": "Requerimento", "autoria": "Fernando Joca", "texto_original": "http://sapl.bicas.mg.leg.br/media/sapl/public/materialegislativa/2021/2745/23.pdf", "ementa": "Que seja enviada toda a documenta\u00e7\u00e3o referente ao laborat\u00f3rio Eurico Passos para fornecimento de exames da Covid 19 (Licita\u00e7\u00e3o e contrato) juntamente com a rela\u00e7\u00e3o das pessoas examinadas nos meses de  janeiro e fevereiro com seus devidos valores."}, {"id": "2746", "ano": "2021", "numero": "24", "tipo__sigla": "REQ", "tipo__descricao": "Requerimento", "autoria": "Fernando Joca", "texto_original": "http://sapl.bicas.mg.leg.br/media/sapl/public/materialegislativa/2021/2746/24.pdf", "ementa": "Solicito a Presid\u00eancia desta Casa Legislativa que me informe atrav\u00e9s de Watsap das reuni\u00f5es das Comiss\u00f5es de Finan\u00e7as, Legisla\u00e7\u00e3o e Justi\u00e7a e Sa\u00fade, Educa\u00e7\u00e3o e Assist\u00eancia Social com at\u00e9 tr\u00eas horas de ateced\u00eancia."}, {"id": "2747", "ano": "2021", "numero": "25", "tipo__sigla": "REQ", "tipo__descricao": "Requerimento", "autoria": "Fernando Joca", "texto_original": "http://sapl.bicas.mg.leg.br/media/sapl/public/materialegislativa/2021/2747/25.pdf", "ementa": "Solicito a Presid\u00eancia desta Casa Legislativa que solicita atrav\u00e9s do representante da C\u00e2mara no Conselho do Hospital os documentos abaixo:\r\n\r\n\u2022\tC\u00f3pia das certid\u00f5es com FGTS, INSS e IRF e outros tributos federais se houver;\r\n\u2022\tC\u00f3pias das guias assinadas pelos pacientes de todos os procedimentos feitos pelo fisioterapeuta Ivo Andrade Santos Neto durante o ano de 2020;\r\n\u2022\tRela\u00e7\u00e3o das cirurgias feitas em outubro a dezembro de 2020;\r\n\u2022\tC\u00f3pias dos documentos que comprove o recebimento pelo hospital referente aos procedimentos cir\u00fargicos particulares feitos no ano de 2020;\r\n\u2022\tSolicito nome do enfermeiro que responde tecnicamente (RT) do hospital;\r\n\u2022\tSolicito nome do diretor cl\u00ednico e sal\u00e1rio que responde atualmente pelo hospital;\r\n\u2022\tSolicito c\u00f3pia das folhas de ponto eletr\u00f4nico de todos funcion\u00e1rios de janeiro de 2021."}, {"id": "2779", "ano": "2021", "numero": "26", "tipo__sigla": "REQ", "tipo__descricao": "Requerimento", "autoria": "Fernando Joca", "texto_original": "http://sapl.bicas.mg.leg.br/media/sapl/public/materialegislativa/2021/2779/26.pdf", "ementa": "Solicito a Presid\u00eancia desta Casa Legislativa que solicita atrav\u00e9s do representante da C\u00e2mara no Conselho do Hospital o que segue:\r\n\r\n\u2022\tC\u00f3pia da rela\u00e7\u00e3o de Conselheiros atuais do HSJB;\r\n\u2022\tJustificativa do porque os Enfermeiros Tiago e Londirley recebem gratifica\u00e7\u00f5es de R$ 1.500,00 e R$ 1.000,00 respectivamente."}, {"id": "2780", "ano": "2021", "numero": "27", "tipo__sigla": "REQ", "tipo__descricao": "Requerimento", "autoria": "Loro", "texto_original": "http://sapl.bicas.mg.leg.br/media/sapl/public/materialegislativa/2021/2780/27.pdf", "ementa": "Que seja informado pelo departamento pessoal todos os contratos advindos de processos seletivos realizados este ano discriminando quais s\u00e3o pela folha e quais s\u00e3o prestadores de servi\u00e7o."}, {"id": "2781", "ano": "2021", "numero": "28", "tipo__sigla": "REQ", "tipo__descricao": "Requerimento", "autoria": "Fernando Joca", "texto_original": "http://sapl.bicas.mg.leg.br/media/sapl/public/materialegislativa/2021/2781/28.pdf", "ementa": "Solicito ao Prefeito Municipal toda documenta\u00e7\u00e3o pertinente \u00e0 autoriza\u00e7\u00e3o judicial que porventura ampare o executivo a fazer repasses para institui\u00e7\u00f5es que n\u00e3o tenham certid\u00f5es do FGTS \u2013 INSS e demais tributos federais conforme determina a legisla\u00e7\u00e3o atual."}, {"id": "2782", "ano": "2021", "numero": "29", "tipo__sigla": "REQ", "tipo__descricao": "Requerimento", "autoria": "Joel Mil\u00e3o do Cemit\u00e9rio", "texto_original": "http://sapl.bicas.mg.leg.br/media/sapl/public/materialegislativa/2021/2782/29.pdf", "ementa": "Que seja enviado a esta Casa informa\u00e7\u00e3o de todos os valores gastos com compra de asfalto nos \u00faltimos 5 anos, separados por processo licitat\u00f3rio."}, {"id": "2783", "ano": "2021", "numero": "30", "tipo__sigla": "REQ", "tipo__descricao": "Requerimento", "autoria": "Fernando Joca", "texto_original": "http://sapl.bicas.mg.leg.br/media/sapl/public/materialegislativa/2021/2783/30.pdf", "ementa": "Solicito ao Prefeito Municipal que seja enviado a esta Casa o conv\u00eanio com o HSJB realizado este ano. Caso ainda n\u00e3o exista, que envie assim que firmado."}, {"id": "2784", "ano": "2021", "numero": "31", "tipo__sigla": "REQ", "tipo__descricao": "Requerimento", "autoria": "Joel Mil\u00e3o do Cemit\u00e9rio", "texto_original": "http://sapl.bicas.mg.leg.br/media/sapl/public/materialegislativa/2021/2784/31.pdf", "ementa": "Que seja enviado a esta Casa as notifica\u00e7\u00f5es e os B.O.s referentes ao descumprimento de normas de combate a pandemia nos anos de 2020 e 2021."}, {"id": "2785", "ano": "2021", "numero": "32", "tipo__sigla": "REQ", "tipo__descricao": "Requerimento", "autoria": "Rafael Aquino", "texto_original": "http://sapl.bicas.mg.leg.br/media/sapl/public/materialegislativa/2021/2785/32.pdf", "ementa": "Solicito da Administra\u00e7\u00e3o Municipal, atrav\u00e9s da Secretaria de Assist\u00eancia Social, que informe se o Munic\u00edpio est\u00e1 apto a receber o piso Mineiro de Assist\u00eancia Social."}, {"id": "2796", "ano": "2021", "numero": "33", "tipo__sigla": "REQ", "tipo__descricao": "Requerimento", "autoria": "Melissa Terra", "texto_original": "http://sapl.bicas.mg.leg.br/media/sapl/public/materialegislativa/2021/2796/33.pdf", "ementa": "Que seja encaminhado a esta Casa levantamento sobre a demanda reprimida do Prorreforma."}, {"id": "2813", "ano": "2021", "numero": "34", "tipo__sigla": "REQ", "tipo__descricao": "Requerimento", "autoria": "Joel Mil\u00e3o do Cemit\u00e9rio", "texto_original": "http://sapl.bicas.mg.leg.br/media/sapl/public/materialegislativa/2021/2813/34.pdf", "ementa": "Que seja informado o total de gastos com a obra \u00e0 entrada da Sede da prefeitura de Bicas, bem como explica\u00e7\u00f5es sobre as altera\u00e7\u00f5es da obra."}, {"id": "2814", "ano": "2021", "numero": "35", "tipo__sigla": "REQ", "tipo__descricao": "Requerimento", "autoria": "Rafael Aquino", "texto_original": "http://sapl.bicas.mg.leg.br/media/sapl/public/materialegislativa/2021/2814/35.pdf", "ementa": "Solicito da Secretaria de Sa\u00fade, que informe o \u00faltimo LIRAa, e a situa\u00e7\u00e3o nos bairros."}, {"id": "2815", "ano": "2021", "numero": "36", "tipo__sigla": "REQ", "tipo__descricao": "Requerimento", "autoria": "Loro", "texto_original": "http://sapl.bicas.mg.leg.br/media/sapl/public/materialegislativa/2021/2815/36.pdf", "ementa": "Que seja informado todos os contratos advindos de processos seletivos realizados este ano que sejam prestadores de servi\u00e7o. Pe\u00e7o tamb\u00e9m que seja informado como foram contratados pessoal para barreiras sanit\u00e1rias, fiscaliza\u00e7\u00e3o de posturas e outras a\u00e7\u00f5es referentes \u00e0 Onda Roxa."}, {"id": "2824", "ano": "2021", "numero": "37", "tipo__sigla": "REQ", "tipo__descricao": "Requerimento", "autoria": "Melissa Terra", "texto_original": "http://sapl.bicas.mg.leg.br/media/sapl/public/materialegislativa/2021/2824/37.pdf", "ementa": "Que seja enviado o que segue sobre recursos destinados ao munic\u00edpio atrav\u00e9s daPol\u00edtica Nacional de Aten\u00e7\u00e3o Integral \u00e0 Sa\u00fade das Pessoas Privadas de Liberdade no Sistema Prisional - PNAISP:\r\n\u2022\tC\u00f3pia do Plano de Trabalho\r\n\u2022\tC\u00f3pia do cronograma de desembolso\r\n\u2022\tInforma\u00e7\u00e3o atualizada dos valores repassados e sua destina\u00e7\u00e3o, utilizados e o destino, e valores a serem recebidos nos pr\u00f3ximos 3 meses."}, {"id": "2861", "ano": "2021", "numero": "38", "tipo__sigla": "REQ", "tipo__descricao": "Requerimento", "autoria": "Loro", "texto_original": "http://sapl.bicas.mg.leg.br/media/sapl/public/materialegislativa/2021/2861/38.pdf", "ementa": "Que seja aberta tomada de Contas Especiais para apura\u00e7\u00e3o dos recursos gastos com combate \u00e0 Covid-19 em 2020."}, {"id": "2862", "ano": "2021", "numero": "39", "tipo__sigla": "REQ", "tipo__descricao": "Requerimento", "autoria": "Rafael Aquino", "texto_original": "http://sapl.bicas.mg.leg.br/media/sapl/public/materialegislativa/2021/2862/39.pdf", "ementa": "Solicito o envio do presente requerimento \u00e0 empresa UNI\u00c3O RECICL\u00c1VEIS, que \u00e9 respons\u00e1vel pelo recolhimento do lixo em nossa cidade, acerca de cuidados no recolhimento, e disponibiliza\u00e7\u00e3o de aplicativo prometido a esta casa a alguns anos"}, {"id": "2864", "ano": "2021", "numero": "40", "tipo__sigla": "REQ", "tipo__descricao": "Requerimento", "autoria": "Paulinho Plantas", "texto_original": "http://sapl.bicas.mg.leg.br/media/sapl/public/materialegislativa/2021/2864/40.pdf", "ementa": "Pe\u00e7o \u00e0 mesa diretora que encaminhe as seguintes informa\u00e7\u00f5es:\r\n\r\n1)Quais os valores que a C\u00e2mara disp\u00f5e para gastar? Com o que estes valores s\u00e3o gastos?\r\n2)Quantos servidores a C\u00e2mara tem e quais suas fun\u00e7\u00f5es e sal\u00e1rios?\r\n3)Quais s\u00e3o os vencimentos (total) dos vereadores?"}, {"id": "2865", "ano": "2021", "numero": "41", "tipo__sigla": "REQ", "tipo__descricao": "Requerimento", "autoria": "Melissa Terra", "texto_original": "http://sapl.bicas.mg.leg.br/media/", "ementa": "Que seja informado pela Secretaria Municipal de Assist\u00eancia Social quais ser\u00e3o as a\u00e7\u00f5es que ser\u00e3o tomadas para manuten\u00e7\u00e3o da distribui\u00e7\u00e3o das cestas b\u00e1sicas."}, {"id": "2867", "ano": "2021", "numero": "43", "tipo__sigla": "REQ", "tipo__descricao": "Requerimento", "autoria": "Melissa Terra", "texto_original": "http://sapl.bicas.mg.leg.br/media/sapl/public/materialegislativa/2021/2867/43.pdf", "ementa": "Que seja enviada listagem das pessoas que foram imunizadas contra COVID do Ciesp."}, {"id": "2869", "ano": "2021", "numero": "44", "tipo__sigla": "REQ", "tipo__descricao": "Requerimento", "autoria": "Loro", "texto_original": "http://sapl.bicas.mg.leg.br/media/sapl/public/materialegislativa/2021/2869/44.pdf", "ementa": "Que seja informado como est\u00e1 sendo feita o trabalho de visita\u00e7\u00e3o dos agentes de sa\u00fade e se h\u00e1 algum PSF ou bairro do munic\u00edpio sem agente, mais especificamente em rela\u00e7\u00e3o ao Bairro Santana."}, {"id": "2870", "ano": "2021", "numero": "45", "tipo__sigla": "REQ", "tipo__descricao": "Requerimento", "autoria": "Fernando Joca", "texto_original": "http://sapl.bicas.mg.leg.br/media/sapl/public/materialegislativa/2021/2870/45.pdf", "ementa": "Solicito ao Prefeito Municipal que d\u00ea explica\u00e7\u00f5es sobre os recursos para obras nas Ruas Tiradentes e Santa F\u00e9."}, {"id": "2871", "ano": "2021", "numero": "46", "tipo__sigla": "REQ", "tipo__descricao": "Requerimento", "autoria": "Fernando Joca", "texto_original": "http://sapl.bicas.mg.leg.br/media/sapl/public/materialegislativa/2021/2871/46.pdf", "ementa": "Solicito \u00e0 Presidente desta Casa que pe\u00e7a ao Hospital S\u00e3o Jos\u00e9, atrav\u00e9s de seu representante no Conselho, o que segue:\r\n1) rela\u00e7\u00e3o de todos os conv\u00eanios federal e estaduais ondereceberam verbas e as devidas presta\u00e7\u00f5es de contas destes no ano de 2020 e 2021\r\n2) c\u00f3pia das presta\u00e7\u00f5es de contas das prefeituras de Marip\u00e1 e Guarar\u00e1 no ano 2020\r\n3) Informa\u00e7\u00e3o sobre quantos aparelhos respiradores est\u00e3o instalados e se existe outros a serem instalados."}, {"id": "2872", "ano": "2021", "numero": "47", "tipo__sigla": "REQ", "tipo__descricao": "Requerimento", "autoria": "Rafael Aquino", "texto_original": "http://sapl.bicas.mg.leg.br/media/sapl/public/materialegislativa/2021/2872/47.pdf", "ementa": "Solicito da Secretaria de Sa\u00fade, que informe os crit\u00e9rios que ser\u00e3o adotados para a vacina\u00e7\u00e3o das pessoas com comorbidades, devendo dar ampla divulga\u00e7\u00e3o quanto a ordem de vacina\u00e7\u00e3o e a forma de comprova\u00e7\u00e3o da doen\u00e7a a que faz tratamento."}, {"id": "2873", "ano": "2021", "numero": "48", "tipo__sigla": "REQ", "tipo__descricao": "Requerimento", "autoria": "Rafael Aquino", "texto_original": "http://sapl.bicas.mg.leg.br/media/sapl/public/materialegislativa/2021/2873/48.pdf", "ementa": "Solicito da Secretaria de Sa\u00fade, que informe se fez a solicita\u00e7\u00e3o de recursos para a\u00e7\u00f5es estrat\u00e9gicas de apoio a gesta\u00e7\u00e3o."}, {"id": "2897", "ano": "2021", "numero": "49", "tipo__sigla": "REQ", "tipo__descricao": "Requerimento", "autoria": "Fernando Joca", "texto_original": "http://sapl.bicas.mg.leg.br/media/sapl/public/materialegislativa/2021/2897/49.pdf", "ementa": "Solicito \u00e0 secretaria competente explica\u00e7\u00f5es sobre a cobran\u00e7a aos produtores rurais de R$ 50,00(Cinquenta Reais) pela hora dos tratores e a forma de recolhimento destes valores."}, {"id": "2898", "ano": "2021", "numero": "50", "tipo__sigla": "REQ", "tipo__descricao": "Requerimento", "autoria": "Paulinho Plantas", "texto_original": "http://sapl.bicas.mg.leg.br/media/sapl/public/materialegislativa/2021/2898/50.pdf", "ementa": "Fa\u00e7o est\u00e1 solicita\u00e7\u00e3o devido a v\u00e1rias reclama\u00e7\u00f5es que venho recebendo de alguns mun\u00edcipes sobre a falta de alguns medicamentos na Farm\u00e1cia Popular."}, {"id": "2899", "ano": "2021", "numero": "51", "tipo__sigla": "REQ", "tipo__descricao": "Requerimento", "autoria": "Rafael Aquino", "texto_original": "http://sapl.bicas.mg.leg.br/media/sapl/public/materialegislativa/2021/2899/51.pdf", "ementa": "Solicito da Secretaria Municipal de Fazenda, a cria\u00e7\u00e3o e grupo de trabalho para tratar das obriga\u00e7\u00f5es acess\u00f3rias do ISS no munic\u00edpio de Bicas."}, {"id": "2900", "ano": "2021", "numero": "52", "tipo__sigla": "REQ", "tipo__descricao": "Requerimento", "autoria": "Rafael Aquino", "texto_original": "http://sapl.bicas.mg.leg.br/media/sapl/public/materialegislativa/2021/2900/52.pdf", "ementa": "Solicito da Administra\u00e7\u00e3o Municipal, atrav\u00e9s das Secretarias competentes, que informe se foram enviados as informa\u00e7\u00f5es e dados cont\u00e1beis or\u00e7ament\u00e1rios e fiscais, relativos ao exerc\u00edcio financeiro de 2019.\r\n\t\tSolicito ainda que seja enviada c\u00f3pia para a C\u00e2mara Municipal de Bicas."}, {"id": "2901", "ano": "2021", "numero": "53", "tipo__sigla": "REQ", "tipo__descricao": "Requerimento", "autoria": "Fernando Joca", "texto_original": "http://sapl.bicas.mg.leg.br/media/sapl/public/materialegislativa/2021/2901/53.pdf", "ementa": "Solicito \u00e0 secretaria competente que informe onde foram e por que retiraram parte das telhas da cobertura da raia de malha ali do terreno da rede em frente campo futebol."}, {"id": "2902", "ano": "2021", "numero": "54", "tipo__sigla": "REQ", "tipo__descricao": "Requerimento", "autoria": "Rafael Aquino", "texto_original": "http://sapl.bicas.mg.leg.br/media/sapl/public/materialegislativa/2021/2902/54.pdf", "ementa": "Solicito da Administra\u00e7\u00e3o Municipal que informe a esta Casa a listagem dos nomeados para os cargos de livre nomea\u00e7\u00e3o e exonera\u00e7\u00e3o do novo organograma."}, {"id": "2942", "ano": "2021", "numero": "55", "tipo__sigla": "REQ", "tipo__descricao": "Requerimento", "autoria": "Melissa Terra", "texto_original": "http://sapl.bicas.mg.leg.br/media/sapl/public/materialegislativa/2021/2942/55.pdf", "ementa": "Que seja informado a esta Casa o motivo dos motoristas da Sa\u00fade terem recebido um aviso de que n\u00e3o ser\u00e1 cumprida a lei das di\u00e1rias."}, {"id": "2959", "ano": "2021", "numero": "56", "tipo__sigla": "REQ", "tipo__descricao": "Requerimento", "autoria": "Fernando Joca", "texto_original": "http://sapl.bicas.mg.leg.br/media/sapl/public/materialegislativa/2021/2959/56.pdf", "ementa": "Solicito \u00e0 secretaria competente que informe a esta casa a os nomes de todos \u00f3bitos por covid-19 e complica\u00e7\u00f5es em nosso munic\u00edpio. Pe\u00e7o tamb\u00e9m que toda sexta-feira seja encaminhada atualiza\u00e7\u00e3o desta listagem, caso exista."}, {"id": "2960", "ano": "2021", "numero": "57", "tipo__sigla": "REQ", "tipo__descricao": "Requerimento", "autoria": "Paulinho Plantas", "texto_original": "http://sapl.bicas.mg.leg.br/media/sapl/public/materialegislativa/2021/2960/57.pdf", "ementa": "Que seja informado a esta Casa a listagem dos ve\u00edculos da frota municipal e em quais departamentos cada um deles est\u00e1 lotado."}, {"id": "2961", "ano": "2021", "numero": "58", "tipo__sigla": "REQ", "tipo__descricao": "Requerimento", "autoria": "Rafael Aquino", "texto_original": "http://sapl.bicas.mg.leg.br/media/sapl/public/materialegislativa/2021/2961/58.pdf", "ementa": "Solicito o envio do presente requerimento \u00e0 SECRETARIA DE ESTADO DE SA\u00daDE, para que se manifeste a respeito do baixo numero de doses enviadas a Bicas, e \u00e0s cidades vizinhas."}, {"id": "2962", "ano": "2021", "numero": "59", "tipo__sigla": "REQ", "tipo__descricao": "Requerimento", "autoria": "Rafael Aquino", "texto_original": "http://sapl.bicas.mg.leg.br/media/sapl/public/materialegislativa/2021/2962/59.pdf", "ementa": "Solicito da Secretaria Municipal de Sa\u00fade, que fa\u00e7a acompanhamento dos casos positivos atrav\u00e9s dos agentes de sa\u00fade dos PSFs, que entregue orienta\u00e7\u00f5es no ato do exame, deixando claro que ser\u00e3o observados e podem responder criminalmente caso descumpram as orienta\u00e7\u00f5es, e que haver\u00e1 encaminhamento ao Minist\u00e9rio P\u00fablico dos casos em que as pessoas n\u00e3o guardem a quarentena."}, {"id": "2984", "ano": "2021", "numero": "60", "tipo__sigla": "REQ", "tipo__descricao": "Requerimento", "autoria": "Fernando Joca", "texto_original": "http://sapl.bicas.mg.leg.br/media/sapl/public/materialegislativa/2021/2984/60.pdf", "ementa": "Solicito c\u00f3pia das planilhas de controle de gastos com combust\u00edveis de todos os ve\u00edculos da Prefeitura Municipal, separados por Secretaria, do per\u00edodo compreendido entre Janeiro e Maio de 2021."}, {"id": "2985", "ano": "2021", "numero": "61", "tipo__sigla": "REQ", "tipo__descricao": "Requerimento", "autoria": "Fernando Joca", "texto_original": "http://sapl.bicas.mg.leg.br/media/sapl/public/materialegislativa/2021/2985/61.pdf", "ementa": "Solicito c\u00f3pia das notas fiscais do Processo Licitat\u00f3rio para compra de materiais de constru\u00e7\u00e3o e manilhas que est\u00e3o sendo usados na obra executada na Rua Santa Tereza sentido \u00c1lvaro Dias."}, {"id": "2986", "ano": "2021", "numero": "62", "tipo__sigla": "REQ", "tipo__descricao": "Requerimento", "autoria": "Fernando Joca", "texto_original": "http://sapl.bicas.mg.leg.br/media/sapl/public/materialegislativa/2021/2986/62.pdf", "ementa": "Solicito c\u00f3pia das notas fiscais dos materiais gastos at\u00e9 o momento na obra da guarita que est\u00e1 sendo constru\u00edda na Secretaria de Obras."}, {"id": "2987", "ano": "2021", "numero": "63", "tipo__sigla": "REQ", "tipo__descricao": "Requerimento", "autoria": "Fernando Joca", "texto_original": "http://sapl.bicas.mg.leg.br/media/sapl/public/materialegislativa/2021/2987/63.pdf", "ementa": "Solicito c\u00f3pia das notas fiscais dos gastos com manuten\u00e7\u00e3o dos ve\u00edculos da Prefeitura Municipal, separados por secretarias (Sa\u00fade, Educa\u00e7\u00e3o e Obras), incluindo as pe\u00e7as e m\u00e3o de obra pagos a terceiros."}, {"id": "2988", "ano": "2021", "numero": "64", "tipo__sigla": "REQ", "tipo__descricao": "Requerimento", "autoria": "Rafael Aquino", "texto_original": "http://sapl.bicas.mg.leg.br/media/sapl/public/materialegislativa/2021/2988/64.pdf", "ementa": "Solicito da Administra\u00e7\u00e3o Municipal atrav\u00e9s do Departamento de Cultura, que informe a esta casa se esta providenciando a aplica\u00e7\u00e3o dos recursos da lei Aldir Blanc, Lei 14.017 de 29 de junho de 2020, alterada pela lei 14150, de 12 de maio de 2021."}, {"id": "2989", "ano": "2021", "numero": "65", "tipo__sigla": "REQ", "tipo__descricao": "Requerimento", "autoria": "Rafael Aquino", "texto_original": "http://sapl.bicas.mg.leg.br/media/sapl/public/materialegislativa/2021/2989/65.pdf", "ementa": "Solicito da Secretaria de Sa\u00fade, que informe se ocorreram perdas de doses das vacinas de combate ao covid19, por algum motivo de armazenamento ou aplica\u00e7\u00e3o, na cidade de Bicas."}, {"id": "3022", "ano": "2021", "numero": "66", "tipo__sigla": "REQ", "tipo__descricao": "Requerimento", "autoria": "Marcelo Jardim", "texto_original": "http://sapl.bicas.mg.leg.br/media/sapl/public/materialegislativa/2021/3022/66.pdf", "ementa": "Que seja enviado a esta Casa c\u00f3pia do Conv\u00eanio do nosso munic\u00edpio com a EMATER - MG"}, {"id": "3023", "ano": "2021", "numero": "67", "tipo__sigla": "REQ", "tipo__descricao": "Requerimento", "autoria": "Melissa Terra", "texto_original": "http://sapl.bicas.mg.leg.br/media/sapl/public/materialegislativa/2021/3023/67.pdf", "ementa": "Que seja informado a esta Casa os crit\u00e9rios que ser\u00e3o adotados para a vacina\u00e7\u00e3o dos profissionais da Educa\u00e7\u00e3o em nosso munic\u00edpio e como ser\u00e1 este procedimento."}, {"id": "3024", "ano": "2021", "numero": "68", "tipo__sigla": "REQ", "tipo__descricao": "Requerimento", "autoria": "Rafael Aquino", "texto_original": "http://sapl.bicas.mg.leg.br/media/sapl/public/materialegislativa/2021/3024/68.pdf", "ementa": "Solicito da Administra\u00e7\u00e3o Municipal que informe se enviou rsposta a question\u00e1rio do TRIBUNAL DE CONTAS DE MINAS GERAIS, para subsidiar a\u00e7\u00f5es de fiscaliza\u00e7\u00e3o e planejamento na Educa\u00e7\u00e3o."}, {"id": "3025", "ano": "2021", "numero": "69", "tipo__sigla": "REQ", "tipo__descricao": "Requerimento", "autoria": "Rafael Aquino", "texto_original": "http://sapl.bicas.mg.leg.br/media/sapl/public/materialegislativa/2021/3025/69.pdf", "ementa": "Solicito da Secretaria Municipal de sa\u00fade, que informe as pessoas vacinadas pela prioridade de comorbidade, e com a justificativa e documentos comprobat\u00f3rios de cada vacinado"}, {"id": "3026", "ano": "2021", "numero": "70", "tipo__sigla": "REQ", "tipo__descricao": "Requerimento", "autoria": "Rafael Aquino", "texto_original": "http://sapl.bicas.mg.leg.br/media/sapl/public/materialegislativa/2021/3026/70.pdf", "ementa": "Solicito da Secretaria Municipal de sa\u00fade, que informe se o Munic\u00edpio recebeu lote com menores, ou maiores quantidades de doses em alguns frascos."}, {"id": "3043", "ano": "2021", "numero": "71", "tipo__sigla": "REQ", "tipo__descricao": "Requerimento", "autoria": "Fernando Joca", "texto_original": "http://sapl.bicas.mg.leg.br/media/sapl/public/materialegislativa/2021/3043/71.pdf", "ementa": "Solicito rela\u00e7\u00e3o de todas as licita\u00e7\u00f5es feitas na secretaria de obras do in\u00edcio do ano at\u00e9 hoje(incluindo materiais de constru\u00e7\u00e3o,pe\u00e7as de carros, caminh\u00f5es, tratores e m\u00e1quinas,pneus e m\u00e3o de obras que sejam pagos com dota\u00e7\u00f5es de outras secretarias), com os fornecedores vencedores,"}, {"id": "3044", "ano": "2021", "numero": "72", "tipo__sigla": "REQ", "tipo__descricao": "Requerimento", "autoria": "Melissa Terra", "texto_original": "http://sapl.bicas.mg.leg.br/media/sapl/public/materialegislativa/2021/3044/72.pdf", "ementa": "Que seja informado a esta Casa quais os servi\u00e7os que est\u00e3o abrangidos pelos contratos de rateio do com o CIESP."}, {"id": "3045", "ano": "2021", "numero": "73", "tipo__sigla": "REQ", "tipo__descricao": "Requerimento", "autoria": "Fernando Joca", "texto_original": "http://sapl.bicas.mg.leg.br/media/sapl/public/materialegislativa/2021/3045/73.pdf", "ementa": "Que seja encaminhado a esta Casa o curr\u00edculo dos ocupantes de cargo de livre nomea\u00e7\u00e3o e exonera\u00e7\u00e3o."}, {"id": "3048", "ano": "2021", "numero": "74", "tipo__sigla": "REQ", "tipo__descricao": "Requerimento", "autoria": "Melissa Terra", "texto_original": "http://sapl.bicas.mg.leg.br/media/sapl/public/materialegislativa/2021/3048/74.pdf", "ementa": "Que seja informado quais s\u00e3o os problemas que at\u00e9 hoje impedem que os beneficiados pela doa\u00e7\u00e3o de terrenos autorizada pela Lei 1.583 de 23 de dezembro de 2011 consigam financiamento junto \u00e0 Caixa para iniciarem a constru\u00e7\u00e3o de suas casas."}, {"id": "3080", "ano": "2021", "numero": "75", "tipo__sigla": "REQ", "tipo__descricao": "Requerimento", "autoria": "Fernando Joca", "texto_original": "http://sapl.bicas.mg.leg.br/media/sapl/public/materialegislativa/2021/3080/75.pdf", "ementa": "Que seja providenciado o estudo de impacto ambiental de todo loteamento em andamento na zona rural de nosso munic\u00edpio, independente das aprova\u00e7\u00f5es de extens\u00e3o urbana que se encontram tramitando ou tramitaram nesta Casa Legislativa."}, {"id": "3081", "ano": "2021", "numero": "76", "tipo__sigla": "REQ", "tipo__descricao": "Requerimento", "autoria": "Fernando Bigode", "texto_original": "http://sapl.bicas.mg.leg.br/media/sapl/public/materialegislativa/2021/3081/76.pdf", "ementa": "Que seja enviado a esta Casa rela\u00e7\u00e3o de quantidade de exames em atraso(demanda reprimida) que existe hoje na Secretaria de Sa\u00fade."}, {"id": "3111", "ano": "2021", "numero": "77", "tipo__sigla": "REQ", "tipo__descricao": "Requerimento", "autoria": "Rafael Aquino", "texto_original": "http://sapl.bicas.mg.leg.br/media/sapl/public/materialegislativa/2021/3111/77.pdf", "ementa": "Solicito da Administra\u00e7\u00e3o municipal, que envie proposta para aquisi\u00e7\u00e3o de academia de sa\u00fade para ser instalada no Parque de exposi\u00e7\u00f5es de Bicas."}, {"id": "3112", "ano": "2021", "numero": "78", "tipo__sigla": "REQ", "tipo__descricao": "Requerimento", "autoria": "Rafael Aquino", "texto_original": "http://sapl.bicas.mg.leg.br/media/sapl/public/materialegislativa/2021/3112/78.pdf", "ementa": "Solicito do Departamento de Meio Ambiente, que informe a esta casa, sobre as discuss\u00f5es e defini\u00e7\u00f5es que est\u00e3o sendo tomadas pelo munic\u00edpio acerca do manejo dos res\u00edduos e tratamento de esgoto, a ag\u00eancia que esta sendo direcionada para cuidar da regula\u00e7\u00e3o e fiscaliza\u00e7\u00e3o."}, {"id": "3113", "ano": "2021", "numero": "79", "tipo__sigla": "REQ", "tipo__descricao": "Requerimento", "autoria": "Rafael Aquino", "texto_original": "http://sapl.bicas.mg.leg.br/media/sapl/public/materialegislativa/2021/3113/79.pdf", "ementa": "Solicito da Secretaria Municipal de Sa\u00fade, que informe se o Munic\u00edpio de Bicas aderiu \u00e0 Rede Cegonha, para recebimento de testes r\u00e1pidos de gravidez."}, {"id": "3114", "ano": "2021", "numero": "80", "tipo__sigla": "REQ", "tipo__descricao": "Requerimento", "autoria": "Rafael Aquino", "texto_original": "http://sapl.bicas.mg.leg.br/media/sapl/public/materialegislativa/2021/3114/80.pdf", "ementa": "Solicito da Secretaria Municipal de Sa\u00fade, que informe se enviou proposta para receber recursos referentes ao incremento tempor\u00e1rio ao custeio dos servi\u00e7os de Aten\u00e7\u00e3o Prim\u00e1ria \u00e0 Sa\u00fade."}, {"id": "3135", "ano": "2021", "numero": "81", "tipo__sigla": "REQ", "tipo__descricao": "Requerimento", "autoria": "Melissa Terra", "texto_original": "http://sapl.bicas.mg.leg.br/media/sapl/public/materialegislativa/2021/3135/81.pdf", "ementa": "Que seja informado pela Secretaria Municipal de Sa\u00fade se nosso munic\u00edpio faz parte do Programa Brasil Sorridente e, caso afirmativo, como \u00e9 feito o atendimento dos pacientes."}, {"id": "3136", "ano": "2021", "numero": "82", "tipo__sigla": "REQ", "tipo__descricao": "Requerimento", "autoria": "Joel Mil\u00e3o do Cemit\u00e9rio", "texto_original": "http://sapl.bicas.mg.leg.br/media/sapl/public/materialegislativa/2021/3136/82.pdf", "ementa": "Que o Prefeito Municipal fa\u00e7a contratar auditoria externa especializada para averigua\u00e7\u00e3o das contas e gastos da prefeitura nos anos 2017, 2018, 2019 e 2020."}, {"id": "3137", "ano": "2021", "numero": "83", "tipo__sigla": "REQ", "tipo__descricao": "Requerimento", "autoria": "Marcelo Jardim", "texto_original": "http://sapl.bicas.mg.leg.br/media/sapl/public/materialegislativa/2021/3137/83.pdf", "ementa": "Que seja informado os procedimentos adotados pela prefeitura para o cumprimento da Lei n\u00ba1962 de 03 de setembro de 2020 que \"Disp\u00f5e sobre a utiliza\u00e7\u00e3o de massa asf\u00e1ltica composta por borracha proveniente de pneus inserv\u00edveis e d\u00e1 outras provid\u00eancias\"."}, {"id": "3138", "ano": "2021", "numero": "85", "tipo__sigla": "REQ", "tipo__descricao": "Requerimento", "autoria": "Fernando Joca", "texto_original": "http://sapl.bicas.mg.leg.br/media/sapl/public/materialegislativa/2021/3138/85.pdf", "ementa": "Solicito ao Poder Executivo Municipal que realize vistorias presenciais peri\u00f3dicas, realizadas por profissionais com habilita\u00e7\u00e3o t\u00e9cnica adequada, em todos os loteamentos em andamento em nosso munic\u00edpio, autorizados ou n\u00e3o, para verificar o cumprimento das normas ambientais, dos c\u00f3digos de posturas e obras, iniciando imediatamente, em especial no loteamento clandestino Jardins Para\u00edso. Pe\u00e7o tamb\u00e9m a elabora\u00e7\u00e3o de relat\u00f3rio detalhado da visita a ser encaminhado a esta Casa."}, {"id": "3139", "ano": "2021", "numero": "86", "tipo__sigla": "REQ", "tipo__descricao": "Requerimento", "autoria": "Fernando Joca", "texto_original": "http://sapl.bicas.mg.leg.br/media/sapl/public/materialegislativa/2021/3139/86.pdf", "ementa": "Solicito ao Poder Executivo Municipal, Consep e PM informa\u00e7\u00e3o sobre a\u00e7\u00f5es tomadas com rela\u00e7\u00e3o a duas festas ocorridas neste Fim de Semana, uma patrocinada pela Prefeitura no Pesqueiro Pantanal e outra no Point do Ver\u00e3o."}, {"id": "3168", "ano": "2021", "numero": "87", "tipo__sigla": "REQ", "tipo__descricao": "Requerimento", "autoria": "Fernando Joca", "texto_original": "http://sapl.bicas.mg.leg.br/media/sapl/public/materialegislativa/2021/3168/87.pdf", "ementa": "Pe\u00e7o a Secretaria de Educa\u00e7\u00e3o que envie a este vereador e \u00e0 Comiss\u00e3o de Sa\u00fade, Educa\u00e7\u00e3o e Assist\u00eancia Social a lista dos mantimentos que ser\u00e3o entregues aos alunos a partir deste m\u00eas (pr\u00f3xima entrega)."}, {"id": "3169", "ano": "2021", "numero": "88", "tipo__sigla": "REQ", "tipo__descricao": "Requerimento", "autoria": "Joel Mil\u00e3o do Cemit\u00e9rio", "texto_original": "http://sapl.bicas.mg.leg.br/media/sapl/public/materialegislativa/2021/3169/88.pdf", "ementa": "Que seja encaminhada c\u00f3pia das notas fiscais de materiais de constru\u00e7\u00e3o distribu\u00eddos pelo programa Pr\u00f3-reforma e a listagem de todos os contemplados durante o per\u00edodo de 2017 a 2020."}, {"id": "3170", "ano": "2021", "numero": "89", "tipo__sigla": "REQ", "tipo__descricao": "Requerimento", "autoria": "Melissa Terra", "texto_original": "http://sapl.bicas.mg.leg.br/media/sapl/public/materialegislativa/2021/3170/89.pdf", "ementa": "Que seja informado o cronograma de reparos nas quadras dos bairros e escolas de nosso munic\u00edpio."}, {"id": "3171", "ano": "2021", "numero": "90", "tipo__sigla": "REQ", "tipo__descricao": "Requerimento", "autoria": "Rafael Aquino", "texto_original": "http://sapl.bicas.mg.leg.br/media/sapl/public/materialegislativa/2021/3171/90.pdf", "ementa": "Solicito da Administra\u00e7\u00e3o Municipal, atrav\u00e9s das secretarias respons\u00e1veis, que informe sobre as emendas impositivas indicadas pelos vereadores no ano passado, com a devida comprova\u00e7\u00e3o de transfer\u00eancia ou efetiva\u00e7\u00e3o do objetivo indicado por cada parlamentar."}, {"id": "3172", "ano": "2021", "numero": "91", "tipo__sigla": "REQ", "tipo__descricao": "Requerimento", "autoria": "Rafael Aquino", "texto_original": "http://sapl.bicas.mg.leg.br/media/sapl/public/materialegislativa/2021/3172/91.pdf", "ementa": "Solicito da Administra\u00e7\u00e3o Municipal, atrav\u00e9s da Secretaria Municipal de Sa\u00fade que informe o motivo do n\u00e3o credenciamento Centros Comunit\u00e1rios de Refer\u00eancia para Enfrentamento da Covid-19, e como Centros de Atendimento para Enfrentamento da Covid-19, de que trata a PORTARIA GM/MS N\u00ba 2.010, DE 18 DE AGOSTO DE 2021."}, {"id": "3173", "ano": "2021", "numero": "92", "tipo__sigla": "REQ", "tipo__descricao": "Requerimento", "autoria": "Rafael Aquino", "texto_original": "http://sapl.bicas.mg.leg.br/media/sapl/public/materialegislativa/2021/3173/92.pdf", "ementa": "Solicito da Administra\u00e7\u00e3o Municipal, atrav\u00e9s da Secretaria Municipal de Sa\u00fade informa\u00e7\u00f5es a respeito de desabilita\u00e7\u00e3o de proposta de reforma de ubs, habilitada em 2014 de acordo com PORTARIA GM/MS n.\u00ba 1975, de 16 de agosto de 2021."}, {"id": "3174", "ano": "2021", "numero": "93", "tipo__sigla": "REQ", "tipo__descricao": "Requerimento", "autoria": "Rafael Aquino", "texto_original": "http://sapl.bicas.mg.leg.br/media/sapl/public/materialegislativa/2021/3174/93.pdf", "ementa": "Solicito da Administra\u00e7\u00e3o Municipal, atrav\u00e9s da Secretaria Municipal de Sa\u00fade, que informe se o Municipio enquadra nas portarias abaixo indicadas, e se fez a habilita\u00e7\u00e3o em cada uma das portarias."}, {"id": "3175", "ano": "2021", "numero": "94", "tipo__sigla": "REQ", "tipo__descricao": "Requerimento", "autoria": "Joel Mil\u00e3o do Cemit\u00e9rio, Rafael Aquino", "texto_original": "http://sapl.bicas.mg.leg.br/media/sapl/public/materialegislativa/2021/3175/94.pdf", "ementa": "Que seja informado o \u00edndice de comprometimento da folha de pagamento m\u00eas a m\u00eas de janeiro deste ano at\u00e9 o presente."}, {"id": "3208", "ano": "2021", "numero": "95", "tipo__sigla": "REQ", "tipo__descricao": "Requerimento", "autoria": "Joel Mil\u00e3o do Cemit\u00e9rio", "texto_original": "http://sapl.bicas.mg.leg.br/media/sapl/public/materialegislativa/2021/3208/95.pdf", "ementa": "Que seja informado se a prefeitura possuiu algum registro de entidades que realizem distribui\u00e7\u00e3o de cestas b\u00e1sicas e alimentos \u00e0 popula\u00e7\u00e3o carente e caso existe, informe quais s\u00e3o estas entidades."}, {"id": "3222", "ano": "2021", "numero": "96", "tipo__sigla": "REQ", "tipo__descricao": "Requerimento", "autoria": "Loro", "texto_original": "http://sapl.bicas.mg.leg.br/media/sapl/public/materialegislativa/2021/3222/96.pdf", "ementa": "Que seja oficiado o Minist\u00e9rio P\u00fablico de Contas do Estado de Minas Gerais, solicitando an\u00e1lise da Lei Complementar Municipal n\u00ba 40/2021, de 04 de mar\u00e7o de 2021, que trata da reestrutura\u00e7\u00e3o administrativa e organizacional do Poder Executivo Municipal. Solicito ainda que seja feita uma consulta ao Tribunal de Contas sobre a legalidade da concess\u00e3o da revis\u00e3o geral anual no exerc\u00edcio 2021 e a respeito do Projeto de Lei Complementar n\u00ba 05/2021, que pretende modificar a Lei objeto deste pedido."}, {"id": "3209", "ano": "2021", "numero": "97", "tipo__sigla": "REQ", "tipo__descricao": "Requerimento", "autoria": "Rafael Aquino", "texto_original": "http://sapl.bicas.mg.leg.br/media/sapl/public/materialegislativa/2021/3209/97.pdf", "ementa": "Solicito da Administra\u00e7\u00e3o Municipal, atrav\u00e9s das Secretarias competentes, as seguintes listagens com suas respectivas informa\u00e7\u00f5es pertinentes:\r\n\r\n1-\tde tombamento de bens im\u00f3veis e registro de bens imateriais;\r\n2-\t registro de loteamentos aprovados;\r\n3-\tEmpresas atualmente contempladas pela Lei 1.662/2013 (Programa de incentivo \u00e0 instala\u00e7\u00e3o de novas empresas, moderniza\u00e7\u00e3o e/ou amplia\u00e7\u00e3o de postos de Trabalho em empresas j\u00e1 instaladas \u2013 PROMOVE)"}, {"id": "3210", "ano": "2021", "numero": "98", "tipo__sigla": "REQ", "tipo__descricao": "Requerimento", "autoria": "Loro", "texto_original": "http://sapl.bicas.mg.leg.br/media/sapl/public/materialegislativa/2021/3210/98.pdf", "ementa": "Que a Presid\u00eancia desta Casa Legislativa suspenda a tramita\u00e7\u00e3o do Projeto de Lei Complementar n\u00ba 05/2021, at\u00e9 que seja respondida consulta ao Tribunal de Contas do Estado de Minas Gerais."}, {"id": "3211", "ano": "2021", "numero": "99", "tipo__sigla": "REQ", "tipo__descricao": "Requerimento", "autoria": "Fernando Joca", "texto_original": "http://sapl.bicas.mg.leg.br/media/sapl/public/materialegislativa/2021/3211/99.pdf", "ementa": "Solicito c\u00f3pia de todo processo licitat\u00f3rio e contrato com a empresa vencedora para fazer o asfaltamento das ruas Santa F\u00e9 e Baronesa de Catas Altas."}, {"id": "3212", "ano": "2021", "numero": "100", "tipo__sigla": "REQ", "tipo__descricao": "Requerimento", "autoria": "Fernando Joca", "texto_original": "http://sapl.bicas.mg.leg.br/media/sapl/public/materialegislativa/2021/3212/100.pdf", "ementa": "Solicito as informa\u00e7\u00f5es sobre previs\u00e3o de t\u00e9rmino da obra da pra\u00e7a do bairro Joaquim Florentino de Souza."}, {"id": "3213", "ano": "2021", "numero": "101", "tipo__sigla": "REQ", "tipo__descricao": "Requerimento", "autoria": "Fernando Joca", "texto_original": "http://sapl.bicas.mg.leg.br/media/sapl/public/materialegislativa/2021/3213/101.pdf", "ementa": "Solicito a Chefia do Meio Ambiente que envie a este vereador todas as medidas tomadas e os documentos apresentados ap\u00f3s esta casa ter aprovado as extens\u00f5es do loteamento Jardins Paraiso at\u00e9 a presente data."}, {"id": "3214", "ano": "2021", "numero": "102", "tipo__sigla": "REQ", "tipo__descricao": "Requerimento", "autoria": "Rafael Aquino", "texto_original": "http://sapl.bicas.mg.leg.br/media/sapl/public/materialegislativa/2021/3214/102.pdf", "ementa": "Solicito da Administra\u00e7\u00e3o Municipal, atrav\u00e9s da Secretaria de Educa\u00e7\u00e3o, que envie o quantitativo de crian\u00e7as e jovens matriculados nas escolas municipais, que s\u00e3o portadores da S\u00edndrome de Down e Transtorno do espectro autista (TEA), e ainda, informa\u00e7\u00f5es sobre o centro de atendimento especial."}, {"id": "3215", "ano": "2021", "numero": "103", "tipo__sigla": "REQ", "tipo__descricao": "Requerimento", "autoria": "Melissa Terra", "texto_original": "http://sapl.bicas.mg.leg.br/media/sapl/public/materialegislativa/2021/3215/103.pdf", "ementa": "Que seja encaminhado relat\u00f3rio da execu\u00e7\u00e3o de obras do programa PRORREFORMA e atualiza\u00e7\u00e3o de informa\u00e7\u00f5es sobre demanda reprimida."}, {"id": "3216", "ano": "2021", "numero": "104", "tipo__sigla": "REQ", "tipo__descricao": "Requerimento", "autoria": "Rafael Aquino", "texto_original": "http://sapl.bicas.mg.leg.br/media/sapl/public/materialegislativa/2021/3216/104.pdf", "ementa": "Solicito da Administra\u00e7\u00e3o Municipal, que reavalie o edital que prev\u00ea premia\u00e7\u00e3o da Lei 14.017/2020 (Lei Aldir Blanc) publicado por afixa\u00e7\u00e3o no dia 10/09/2021, para melhor defini\u00e7\u00e3o de crit\u00e9rios."}, {"id": "3249", "ano": "2021", "numero": "105", "tipo__sigla": "REQ", "tipo__descricao": "Requerimento", "autoria": "Joel Mil\u00e3o do Cemit\u00e9rio", "texto_original": "http://sapl.bicas.mg.leg.br/media/sapl/public/materialegislativa/2021/3249/105.pdf", "ementa": "Que seja informado o quantitativo de prestadores de servi\u00e7o pessoa f\u00edsica, discriminados por fun\u00e7\u00e3o, que hoje atuam para a Prefeitura Municipal de Bicas."}, {"id": "3250", "ano": "2021", "numero": "106", "tipo__sigla": "REQ", "tipo__descricao": "Requerimento", "autoria": "Rafael Aquino", "texto_original": "http://sapl.bicas.mg.leg.br/media/sapl/public/materialegislativa/2021/3250/106.pdf", "ementa": "Solicito da Administra\u00e7\u00e3o Municipal, que informe os valores repassados a entidades no ano de 2021, at\u00e9 o presente momento."}, {"id": "3251", "ano": "2021", "numero": "107", "tipo__sigla": "REQ", "tipo__descricao": "Requerimento", "autoria": "Rafael Aquino", "texto_original": "http://sapl.bicas.mg.leg.br/media/sapl/public/materialegislativa/2021/3251/107.pdf", "ementa": "Solicito da Secretaria de Sa\u00fade, que informe se o Comit\u00ea de combate a dengue est\u00e1 se reunindo, nos enviando as atas das reuni\u00f5es, e solicitando a\u00e7\u00f5es de mutir\u00e3o para limpeza de terrenos e casas, recolhendo objetos que est\u00e3o jogados e podem colaborar para criadouro de larvas do Mosquito da Dengue."}, {"id": "3252", "ano": "2021", "numero": "108", "tipo__sigla": "REQ", "tipo__descricao": "Requerimento", "autoria": "Melissa Terra", "texto_original": "http://sapl.bicas.mg.leg.br/media/sapl/public/materialegislativa/2021/3252/108.pdf", "ementa": "Que seja informado quais crit\u00e9rios adotados para ocupa\u00e7\u00e3o das vagas da creche municipal e o n\u00famero de crian\u00e7as que est\u00e3o na lista de espera. Solicito ainda que o Executivo informe que medidas ir\u00e1 adotar para atender \u00e0 esta demanda e o prazo para que a situa\u00e7\u00e3o seja normalizada, tendo em vista o retorno das aulas e a necessidade dos pais."}, {"id": "3305", "ano": "2021", "numero": "109", "tipo__sigla": "REQ", "tipo__descricao": "Requerimento", "autoria": "Fernando Joca", "texto_original": "http://sapl.bicas.mg.leg.br/media/sapl/public/materialegislativa/2021/3305/109.pdf", "ementa": "Solicito a c\u00f3pia de todo Pareceres Sociais atendidos este ano at\u00e9 30 de junho de 2021 com as copias de notas fiscais de materiais e m\u00e3o de obra, empenhos e comprovantes de recebimento dos benefici\u00e1rios."}, {"id": "3306", "ano": "2021", "numero": "110", "tipo__sigla": "REQ", "tipo__descricao": "Requerimento", "autoria": "Fernando Joca", "texto_original": "http://sapl.bicas.mg.leg.br/media/sapl/public/materialegislativa/2021/3306/110.pdf", "ementa": "Solicito todos documentos referente a licita\u00e7\u00e3o para reforma do Col\u00e9gio Gilson Lamha e tamb\u00e9m dos reparos das escolas municipais, incluindo Processo Licitat\u00f3rio, Contrato e Copia das Notas Fiscais dos servi\u00e7os executados j\u00e1 faturados com as devidas notas de empenho"}, {"id": "3307", "ano": "2021", "numero": "111", "tipo__sigla": "REQ", "tipo__descricao": "Requerimento", "autoria": "Melissa Terra", "texto_original": "http://sapl.bicas.mg.leg.br/media/sapl/public/materialegislativa/2021/3307/111.pdf", "ementa": "Que seja informado como ser\u00e1 realizado o transporte intermunicipal de estudantes e quais as modalidades (passe, ve\u00edculo pr\u00f3prio, vans, etc) est\u00e3o sendo/ser\u00e3o oferecidas."}, {"id": "3308", "ano": "2021", "numero": "112", "tipo__sigla": "REQ", "tipo__descricao": "Requerimento", "autoria": "Rafael Aquino", "texto_original": "http://sapl.bicas.mg.leg.br/media/sapl/public/materialegislativa/2021/3308/112.pdf", "ementa": "Solicito da Administra\u00e7\u00e3o Municipal, atrav\u00e9s da Secretaria de Obras e da Defesa Civil, que informem a composi\u00e7\u00e3o da defesa civil no munic\u00edpio, rela\u00e7\u00e3o dos funcion\u00e1rios da Secretaria de Obras designados para apoio, e se existe regime de plant\u00e3o de funcion\u00e1rios para atendimento a emerg\u00eancias.\r\n\t\tRequeiro ainda, o plano de conting\u00eancia e levantamento de \u00e1reas de risco, com devido monitoramento de \u00e1reas perigosas caso existam."}, {"id": "3309", "ano": "2021", "numero": "113", "tipo__sigla": "REQ", "tipo__descricao": "Requerimento", "autoria": "Joel Mil\u00e3o do Cemit\u00e9rio", "texto_original": "http://sapl.bicas.mg.leg.br/media/sapl/public/materialegislativa/2021/3309/113.pdf", "ementa": "Que seja encaminhado a esta Casa as imagens de todas as c\u00e2meras de seguran\u00e7a do almoxarifado das \u00faltimas 4 semanas."}, {"id": "3310", "ano": "2021", "numero": "114", "tipo__sigla": "REQ", "tipo__descricao": "Requerimento", "autoria": "Rafael Aquino", "texto_original": "http://sapl.bicas.mg.leg.br/media/sapl/public/materialegislativa/2021/3310/114.pdf", "ementa": "Solicito da Administra\u00e7\u00e3o Municipal, juntamente com o Comit\u00ea Gestor da Lei Aldir Blanc, esclarecimentos com crit\u00e9rios t\u00e9cnicos, sobre a classifica\u00e7\u00e3o e premia\u00e7\u00e3o dos inscritos no edital, bem como todo o processo."}, {"id": "3311", "ano": "2021", "numero": "115", "tipo__sigla": "REQ", "tipo__descricao": "Requerimento", "autoria": "Fernando Joca", "texto_original": "http://sapl.bicas.mg.leg.br/media/sapl/public/materialegislativa/2021/3311/115.pdf", "ementa": "Solicito que seja enviado a esta Casa a rela\u00e7\u00e3o de demanda de exames pendentes em 31/12/2020 e a mesma rela\u00e7\u00e3o na data de hoje."}, {"id": "3312", "ano": "2021", "numero": "116", "tipo__sigla": "REQ", "tipo__descricao": "Requerimento", "autoria": "Fernando Joca", "texto_original": "http://sapl.bicas.mg.leg.br/media/sapl/public/materialegislativa/2021/3312/116.pdf", "ementa": "Solicito que seja enviado a esta Casa quais s\u00e3o os documentos a serem apresentados pela empresa respons\u00e1vel pelo loteamento Jardins Paraiso, ap\u00f3s a altera\u00e7\u00e3o na lei org\u00e2nica e se algum documento j\u00e1 foi apresentado."}, {"id": "3313", "ano": "2021", "numero": "117", "tipo__sigla": "REQ", "tipo__descricao": "Requerimento", "autoria": "Joel Mil\u00e3o do Cemit\u00e9rio", "texto_original": "http://sapl.bicas.mg.leg.br/media/sapl/public/materialegislativa/2021/3313/117.pdf", "ementa": "Que sejam providenciadas notas fiscais, notas de balc\u00e3o e nomes das pessoas que assinaram para libera\u00e7\u00e3o de todas as pe\u00e7as para ve\u00edculos de janeiro ate o momento."}, {"id": "3314", "ano": "2021", "numero": "118", "tipo__sigla": "REQ", "tipo__descricao": "Requerimento", "autoria": "Fernando Joca", "texto_original": "http://sapl.bicas.mg.leg.br/media/sapl/public/materialegislativa/2021/3314/118.pdf", "ementa": "Solicito que seja enviado a esta Casa c\u00f3pias as notas fiscais e de emprenho de presta\u00e7\u00f5es de servi\u00e7o da empresa \u201cW6 Produ\u00e7\u00f5es\u201d, bem como os processos licitat\u00f3rios destinados \u00e0 divulga\u00e7\u00e3o e propaganda, tais como inser\u00e7\u00f5es em r\u00e1dios, propagandas volantes, etc."}, {"id": "3315", "ano": "2021", "numero": "119", "tipo__sigla": "REQ", "tipo__descricao": "Requerimento", "autoria": "Loro", "texto_original": "http://sapl.bicas.mg.leg.br/media/sapl/public/materialegislativa/2021/3315/119.pdf", "ementa": "Seguindo o que manda o Art. 181, inciso III do Regimento Interno da C\u00e2mara Municipal de Bicas, solicito que a Presid\u00eancia desta Casa e encaminhe o Projeto de Lei do Executivo n\u00ba 61/2021 \u00e0 Comiss\u00e3o Permanente de Desenvolvimento Urbano para uma melhor discuss\u00e3o da mat\u00e9ria na quest\u00e3o do seu m\u00e9rito e, se necess\u00e1rio, encaminhe posteriormente \u00e0 Comiss\u00e3o Permanente de Participa\u00e7\u00e3o Popular."}, {"id": "3316", "ano": "2021", "numero": "120", "tipo__sigla": "REQ", "tipo__descricao": "Requerimento", "autoria": "Melissa Terra", "texto_original": "http://sapl.bicas.mg.leg.br/media/sapl/public/materialegislativa/2021/3316/120.pdf", "ementa": "Que as secretarias de Assist\u00eancia Social e Sa\u00fade informem como se d\u00e1 o processo de interna\u00e7\u00e3o de usu\u00e1rio ou dependente de drogas em nosso munic\u00edpio."}, {"id": "3317", "ano": "2021", "numero": "121", "tipo__sigla": "REQ", "tipo__descricao": "Requerimento", "autoria": "Rafael Aquino", "texto_original": "http://sapl.bicas.mg.leg.br/media/sapl/public/materialegislativa/2021/3317/121.pdf", "ementa": "Solicito da administra\u00e7\u00e3o Municipal, atrav\u00e9s do Departamento de meio ambiente e Prote\u00e7\u00e3o Animal, a listagem com quantitativo de animais castrados, com data da realiza\u00e7\u00e3o, nome e endere\u00e7o do dono do animal."}, {"id": "3331", "ano": "2021", "numero": "122", "tipo__sigla": "REQ", "tipo__descricao": "Requerimento", "autoria": "Rafael Aquino", "texto_original": "http://sapl.bicas.mg.leg.br/media/sapl/public/materialegislativa/2021/3331/122.pdf", "ementa": "Solicito da Administra\u00e7\u00e3o Municipal, que informe a listagem das solicita\u00e7\u00f5es de extens\u00e3o de rede, coloca\u00e7\u00e3o e troca de postes e outros servi\u00e7os custeados pelos recursos da ilumina\u00e7\u00e3o p\u00fablica, contemplando as solicita\u00e7\u00f5es atendidas e os pendentes, indicando as licita\u00e7\u00f5es realizadas, valores existentes na conta e valores utilizados no ano de 2021."}, {"id": "3347", "ano": "2021", "numero": "123", "tipo__sigla": "REQ", "tipo__descricao": "Requerimento", "autoria": "Fernando Joca", "texto_original": "http://sapl.bicas.mg.leg.br/media/sapl/public/materialegislativa/2021/3347/123.pdf", "ementa": "Solicito a diretoria de meio ambiente a apura\u00e7\u00e3o a causa da morte de uma arvore no canteiro central da rua governador Valadares (retta) e que seja feita a  substitui\u00e7\u00e3o por uma da mesma qualidade o mais r\u00e1pido poss\u00edvel."}, {"id": "3348", "ano": "2021", "numero": "124", "tipo__sigla": "REQ", "tipo__descricao": "Requerimento", "autoria": "Fernando Joca", "texto_original": "http://sapl.bicas.mg.leg.br/media/sapl/public/materialegislativa/2021/3348/124.pdf", "ementa": "Solicito ao Sr. Prefeito H\u00e9lber Marques atrav\u00e9s da secretaria de sa\u00fade  que nos informe :\r\n\r\n1-\tQuais os exames marcados nos \u00faltimos 30 dias (separado por tipo)\r\n2-\tQuais os valores gastos com estes exames"}, {"id": "3349", "ano": "2021", "numero": "125", "tipo__sigla": "REQ", "tipo__descricao": "Requerimento", "autoria": "Fernando Joca", "texto_original": "http://sapl.bicas.mg.leg.br/media/sapl/public/materialegislativa/2021/3349/125.pdf", "ementa": "Solicito ao Sr. Prefeito H\u00e9lber Marques atrav\u00e9s da diretora do meio ambiente as informa\u00e7\u00f5es detalhadas abaixo descritas :\r\n\r\n1-\tSe a empresa Jardim Para\u00edso entregou todo o documento necess\u00e1rio para aprova\u00e7\u00e3o do empreendimento \r\n2-\tEm caso negativo, qual documento ficou faltando e qual a medida tomada por esta diretora.\r\n3-\tQual medida foi tomada por esta diretora referente a denuncia que este vereador fez sobre o desrespeito a Lei Federal, Estadual e Municipal que fala das extens\u00f5es das \u00e1reas de reservas das estradas rurais, inclusive com a perfura\u00e7\u00e3o do po\u00e7o artesiano no loteamento Jardim Para\u00edso.\r\n4-\tQual medida foi tomada com rela\u00e7\u00e3o \u00e0 mudan\u00e7a da estrada rural para constru\u00e7\u00e3o de um a\u00e7ude represa pela empresa Vale Correa na estrada que liga Bicas a Guarar\u00e1, desrespeitando as Leis Federal, Estadual e Municipal."}, {"id": "3350", "ano": "2021", "numero": "126", "tipo__sigla": "REQ", "tipo__descricao": "Requerimento", "autoria": "Joel Mil\u00e3o do Cemit\u00e9rio", "texto_original": "http://sapl.bicas.mg.leg.br/media/sapl/public/materialegislativa/2021/3350/126.pdf", "ementa": "Que seja informado todos os dados e notifica\u00e7\u00f5es da defesa civil sobre lugares de risco na nossa cidade."}, {"id": "3351", "ano": "2021", "numero": "127", "tipo__sigla": "REQ", "tipo__descricao": "Requerimento", "autoria": "Fernando Bigode", "texto_original": "http://sapl.bicas.mg.leg.br/media/sapl/public/materialegislativa/2021/3351/127.pdf", "ementa": "Solicito a defesa civil informa\u00e7\u00e3o a respeito da visita feita na resid\u00eancia da Senhora Maria Luzia da Silva Carvalho,  residente da Rua Oleg\u00e1rio Maciel, numero 224, nos seguintes termos:\r\n1. Foi realmente feito a visita na referida resid\u00eancia;\r\n2. Em caso afirmativo qual o parecer feito pela defesa civil;\r\n3. A visita foi acompanhada por algu\u00e9m respons\u00e1vel t\u00e9cnico ou engenheiro;\r\n4. No caso de sim qual foi o respons\u00e1vel t\u00e9cnico ou engenheiro que acompanhou a visita;\r\n5. E por \u00faltimo a situa\u00e7\u00e3o do im\u00f3vel apresenta algum risco ao morador."}, {"id": "3359", "ano": "2021", "numero": "128", "tipo__sigla": "REQ", "tipo__descricao": "Requerimento", "autoria": "Rafael Aquino", "texto_original": "http://sapl.bicas.mg.leg.br/media/sapl/public/materialegislativa/2021/3359/128.pdf", "ementa": "Solicito da Administra\u00e7\u00e3o Municipal, atrav\u00e9s da Secretaria Municipal de Sa\u00fade, que informe se Bicas recebeu recursos para Sa\u00fade Bucal e para informatiza\u00e7\u00e3o, e em caso positivo, se foram executados."}, {"id": "3360", "ano": "2021", "numero": "129", "tipo__sigla": "REQ", "tipo__descricao": "Requerimento", "autoria": "Rafael Aquino", "texto_original": "http://sapl.bicas.mg.leg.br/media/sapl/public/materialegislativa/2021/3360/129.pdf", "ementa": "Solicito da Administra\u00e7\u00e3o Municipal, atrav\u00e9s da Secretaria Municipal de Sa\u00fade, que informe se Bicas receber\u00e1 recursos previstos no cr\u00e9dito extraordin\u00e1rio da MP 1062 de 09/08/2021, e o valor caso positivo."}, {"id": "3361", "ano": "2021", "numero": "130", "tipo__sigla": "REQ", "tipo__descricao": "Requerimento", "autoria": "Melissa Terra", "texto_original": "http://sapl.bicas.mg.leg.br/media/sapl/public/materialegislativa/2021/3361/130.pdf", "ementa": "Que seja informado o andamento da ades\u00e3o do munic\u00edpio de Bicas ao programa \u201cBrasil Sorridente\u201d do Governo Federal."}, {"id": "3362", "ano": "2021", "numero": "131", "tipo__sigla": "REQ", "tipo__descricao": "Requerimento", "autoria": "Joel Mil\u00e3o do Cemit\u00e9rio", "texto_original": "http://sapl.bicas.mg.leg.br/media/sapl/public/materialegislativa/2021/3362/131.pdf", "ementa": "Que sejam fornecidas as imagens do sistema de seguran\u00e7a do almoxarifado do dia 12/11/2021 das 13h \u00e0s 18h;"}, {"id": "3366", "ano": "2021", "numero": "132", "tipo__sigla": "REQ", "tipo__descricao": "Requerimento", "autoria": "Loro", "texto_original": "http://sapl.bicas.mg.leg.br/media/sapl/public/materialegislativa/2021/3366/132.pdf", "ementa": "Que a Mesa Diretora solicite o envio da resposta ao Anteprojeto de Lei n\u00ba9/2021 apresentado em 08 de setembro deste ano."}, {"id": "3367", "ano": "2021", "numero": "133", "tipo__sigla": "REQ", "tipo__descricao": "Requerimento", "autoria": "Fernando Joca", "texto_original": "http://sapl.bicas.mg.leg.br/media/sapl/public/materialegislativa/2021/3367/133.pdf", "ementa": "Solicito a rela\u00e7\u00e3o de todas as obras e interven\u00e7\u00f5es feitas pela Secretaria de obras do inicio de janeiro ate o presente momento, detalhando qual a obra e o custo dela seja ela pequena, media ou grande."}, {"id": "3395", "ano": "2021", "numero": "134", "tipo__sigla": "REQ", "tipo__descricao": "Requerimento", "autoria": "Fernando Joca", "texto_original": "http://sapl.bicas.mg.leg.br/media/sapl/public/materialegislativa/2021/3395/134.pdf", "ementa": "Solicito que seja providenciada uma sala reservada para o atendimento individual no Conselho Tutelar.\r\n\tSolicito ainda o concerto de uma impressora do conselho, j\u00e1 que hoje para imprimir qualquer documento \u00e0s pessoas tem que ir ate a prefeitura, porem nos plant\u00f5es noturnos ou nos finais de semana n\u00e3o tem como que os documentos sejam impressos."}, {"id": "3396", "ano": "2021", "numero": "135", "tipo__sigla": "REQ", "tipo__descricao": "Requerimento", "autoria": "Fernando Joca", "texto_original": "http://sapl.bicas.mg.leg.br/media/sapl/public/materialegislativa/2021/3396/135.pdf", "ementa": "Solicito que seja feita vistoria no loteamento Jardins Para\u00edso para emiss\u00e3o de laudos das Obras e a real situa\u00e7\u00e3o do local."}, {"id": "3397", "ano": "2021", "numero": "136", "tipo__sigla": "REQ", "tipo__descricao": "Requerimento", "autoria": "Fernando Joca", "texto_original": "http://sapl.bicas.mg.leg.br/media/sapl/public/materialegislativa/2021/3397/136.pdf", "ementa": "Solicito \u00e0 Comiss\u00e3o de Desenvolvimento Urbano que vistorie o loteamento Jardins Para\u00edso."}, {"id": "3398", "ano": "2021", "numero": "137", "tipo__sigla": "REQ", "tipo__descricao": "Requerimento", "autoria": "Fernando Joca", "texto_original": "http://sapl.bicas.mg.leg.br/media/sapl/public/materialegislativa/2021/3398/137.pdf", "ementa": "Solicito a c\u00f3pia de todo Pareceres Sociais atendidos este ano at\u00e9 30 de novembro de 2021 com as copias de notas fiscais, empenhos, AFs, pareceres sociais e comprovantes de recebimento de materiais e servi\u00e7os."}, {"id": "3399", "ano": "2021", "numero": "138", "tipo__sigla": "REQ", "tipo__descricao": "Requerimento", "autoria": "Fernando Joca", "texto_original": "http://sapl.bicas.mg.leg.br/media/sapl/public/materialegislativa/2021/3399/138.pdf", "ementa": "Solicito a explica\u00e7\u00e3o do oficio 0318/obras/2021 e 0312/OBRAS/2021, contendo uma resposta satisfat\u00f3ria."}, {"id": "3400", "ano": "2021", "numero": "139", "tipo__sigla": "REQ", "tipo__descricao": "Requerimento", "autoria": "Melissa Terra", "texto_original": "http://sapl.bicas.mg.leg.br/media/sapl/public/materialegislativa/2021/3400/139.pdf", "ementa": "Que seja informado quais os projetos s\u00e3o oferecidos pela Secretaria de Assist\u00eancia Social, onde s\u00e3o realizados, hor\u00e1rios, quais p\u00fablicos atendem e o local de inscri\u00e7\u00e3o."}, {"id": "3743", "ano": "2021", "numero": "140", "tipo__sigla": "REQ", "tipo__descricao": "Requerimento", "autoria": "Fernando Joca", "texto_original": "http://sapl.bicas.mg.leg.br/media/", "ementa": "Solicito que providencie com a devida urg\u00eancia o AVCB (alvar\u00e1 corpo de bombeiros) do parque de exposi\u00e7\u00f5es."}, {"id": "3401", "ano": "2021", "numero": "141", "tipo__sigla": "REQ", "tipo__descricao": "Requerimento", "autoria": "Rafael Aquino", "texto_original": "http://sapl.bicas.mg.leg.br/media/sapl/public/materialegislativa/2021/3401/141.pdf", "ementa": "Solicito DA ADMINISTRA\u00c7\u00c3O MUNICIPAL, atrav\u00e9s das respectivas secretarias, que envie c\u00f3pia das atas de todas as reuni\u00f5es, de todos os conselhos municipais, de janeiro at\u00e9 a presente data, com a rela\u00e7\u00e3o dos integrantes de cada conselho."}, {"id": "3402", "ano": "2021", "numero": "142", "tipo__sigla": "REQ", "tipo__descricao": "Requerimento", "autoria": "Fernando Joca", "texto_original": "http://sapl.bicas.mg.leg.br/media/sapl/public/materialegislativa/2021/3402/142.pdf", "ementa": "Solicito ao Exmo. Prefeito Municipal atrav\u00e9s da Secretaria de Fazenda toda presta\u00e7\u00e3o de contas referentes as emendas impositivas de 2020 para execu\u00e7\u00e3o no ano de 2021"}, {"id": "3744", "ano": "2021", "numero": "144", "tipo__sigla": "REQ", "tipo__descricao": "Requerimento", "autoria": "Fernando Joca", "texto_original": "http://sapl.bicas.mg.leg.br/media/sapl/public/materialegislativa/2021/3744/144.pdf", "ementa": "Solicito a Diretora do Meio Ambiente informe sobre o loteamento Jardim Para\u00edso, pois segundo informa\u00e7\u00f5es desta diretora em conversa com este vereador e posteriormente com o vereador presidente da Comiss\u00e3o de Desenvolvimento Urbano que foi determinado aos respons\u00e1veis do referido loteamento a paralisa\u00e7\u00e3o dos servi\u00e7os ate que a Prefeitura libere o empreendimento."}]}