{"headers": {"id": "ID", "ano": "Ano", "numero": "N\u00famero", "tipo__sigla": "Tipo de Mat\u00e9ria Legislativa/Sigla", "tipo__descricao": "Tipo de Mat\u00e9ria Legislativa/Descri\u00e7\u00e3o", "autoria": "Autorias", "texto_original": "Texto Original", "ementa": "Ementa"}, "results": [{"id": "1978", "ano": "2019", "numero": "1", "tipo__sigla": "ELO", "tipo__descricao": "Emendas \u00e0 Lei Org\u00e2nica", "autoria": "", "texto_original": "http://sapl.bicas.mg.leg.br/media/", "ementa": "Altera o Inciso XX do Artigo n\u00ba 91 da Lei Org\u00e2nica do Munic\u00edpio."}, {"id": "2134", "ano": "2019", "numero": "2", "tipo__sigla": "ELO", "tipo__descricao": "Emendas \u00e0 Lei Org\u00e2nica", "autoria": "", "texto_original": "http://sapl.bicas.mg.leg.br/media/sapl/public/materialegislativa/2019/2134/pelo_02.2019.docx", "ementa": "Altera a reda\u00e7\u00e3o do \u00a7 1\u00b0, do artigo 4\u00b0, da Lei Org\u00e2nica do Munic\u00edpio \u2013 LOM e do inciso X, do art. 1\u00b0, dos Atos das Disposi\u00e7\u00f5es Transit\u00f3rias da LOM, para ampliar o per\u00edmetro urbano do Munic\u00edpio de Bicas."}, {"id": "1834", "ano": "2019", "numero": "1", "tipo__sigla": "IND", "tipo__descricao": "Indica\u00e7\u00e3o", "autoria": "Loro", "texto_original": "http://sapl.bicas.mg.leg.br/media/sapl/public/materialegislativa/2019/1834/01_loro_ce_agua.esgoto1.pdf", "ementa": "Solicito \u00e0 Mesa Diretora a implanta\u00e7\u00e3o de Comiss\u00e3o Especial para estudo, discuss\u00e3o e apresenta\u00e7\u00e3o de relat\u00f3rio tratando da concess\u00e3o do servi\u00e7o de coleta tratamento, distribui\u00e7\u00e3o e manuten\u00e7\u00e3o da rede de \u00e1gua e tamb\u00e9m da rede de esgotos municipais."}, {"id": "1835", "ano": "2019", "numero": "2", "tipo__sigla": "IND", "tipo__descricao": "Indica\u00e7\u00e3o", "autoria": "Joel Mil\u00e3o do Cemit\u00e9rio", "texto_original": "http://sapl.bicas.mg.leg.br/media/sapl/public/materialegislativa/2019/1835/02_joel_auxilio_funeral.pdf", "ementa": "Que seja aumentado o valor do aux\u00edlio funeral"}, {"id": "1836", "ano": "2019", "numero": "3", "tipo__sigla": "IND", "tipo__descricao": "Indica\u00e7\u00e3o", "autoria": "", "texto_original": "http://sapl.bicas.mg.leg.br/media/sapl/public/materialegislativa/2019/1836/03_loro_calcada_bianco.pdf", "ementa": "Solicito ao Prefeito Municipal, que atrav\u00e9s da Secretaria de Obras, providencie o reparo da cal\u00e7ada localizada em frente ao im\u00f3vel de n\u00famero 92 \u00e0 Avenida Bianco."}, {"id": "1837", "ano": "2019", "numero": "4", "tipo__sigla": "IND", "tipo__descricao": "Indica\u00e7\u00e3o", "autoria": "", "texto_original": "http://sapl.bicas.mg.leg.br/media/sapl/public/materialegislativa/2019/1837/04_joel_bueiro_contorno.pdf", "ementa": "Que seja feita a capina da Avenida do Contorno e o desentupimento do bueiro que fica pr\u00f3ximo ao estacionamento do Sr. Gelson."}, {"id": "1838", "ano": "2019", "numero": "5", "tipo__sigla": "IND", "tipo__descricao": "Indica\u00e7\u00e3o", "autoria": "", "texto_original": "http://sapl.bicas.mg.leg.br/media/sapl/public/materialegislativa/2019/1838/05_joel_capina.pdf", "ementa": "Que seja feita capina na Rua I, do bairro Gilson Lamha"}, {"id": "1839", "ano": "2019", "numero": "6", "tipo__sigla": "IND", "tipo__descricao": "Indica\u00e7\u00e3o", "autoria": "Joel Mil\u00e3o do Cemit\u00e9rio", "texto_original": "http://sapl.bicas.mg.leg.br/media/sapl/public/materialegislativa/2019/1839/06_capina_travessa_camilo.pdf", "ementa": "Que seja feita capina na Rua Benedicto Dore."}, {"id": "1840", "ano": "2019", "numero": "7", "tipo__sigla": "IND", "tipo__descricao": "Indica\u00e7\u00e3o", "autoria": "Joel Mil\u00e3o do Cemit\u00e9rio", "texto_original": "http://sapl.bicas.mg.leg.br/media/sapl/public/materialegislativa/2019/1840/07_joel_limpeza_cutieira.pdf", "ementa": "Que seja feita capina, remo\u00e7\u00e3o de entulho e limpeza das ruas da \u201cCutieira\u201d."}, {"id": "1841", "ano": "2019", "numero": "8", "tipo__sigla": "IND", "tipo__descricao": "Indica\u00e7\u00e3o", "autoria": "Diego da Auto Escola", "texto_original": "http://sapl.bicas.mg.leg.br/media/sapl/public/materialegislativa/2019/1841/08_diego_limpeza_olaria.pdf", "ementa": "Que seja feita capina, remo\u00e7\u00e3o de entulho e limpeza do trecho da rua Padre Manoel Pires Pereira esquina com Am\u00e9rico Ribeiro."}, {"id": "1842", "ano": "2019", "numero": "9", "tipo__sigla": "IND", "tipo__descricao": "Indica\u00e7\u00e3o", "autoria": "Diego da Auto Escola", "texto_original": "http://sapl.bicas.mg.leg.br/media/sapl/public/materialegislativa/2019/1842/09_diego_calcamento.pdf", "ementa": "Reitero as indica\u00e7\u00f5es n\u00ba38/2017 e 42/2018 que solicitam ao Prefeito que seja constru\u00edda o restante da cal\u00e7ada \u00e0 rua Nilson Batista Vieira."}, {"id": "1843", "ano": "2019", "numero": "10", "tipo__sigla": "IND", "tipo__descricao": "Indica\u00e7\u00e3o", "autoria": "Tanauza", "texto_original": "http://sapl.bicas.mg.leg.br/media/sapl/public/materialegislativa/2019/1843/10_tanauza_-_travessia_sao_jose.pdf", "ementa": "Que seja constru\u00edda travessia elevada de pedestres na pra\u00e7a S\u00e3o Jos\u00e9 em frente \u00e0 Casa Paroquial e tamb\u00e9m do lado oposto.Que seja constru\u00edda travessia elevada de pedestres na pra\u00e7a S\u00e3o Jos\u00e9 em frente \u00e0 Casa Paroquial e tamb\u00e9m do lado oposto."}, {"id": "1844", "ano": "2019", "numero": "11", "tipo__sigla": "IND", "tipo__descricao": "Indica\u00e7\u00e3o", "autoria": "Isaias ", "texto_original": "http://sapl.bicas.mg.leg.br/media/sapl/public/materialegislativa/2019/1844/11_isaias_pintura.pdf", "ementa": "Que seja feita pintura da faixa de pedestres na Travessa Pedro Assis Amaral, em frente \u00e0 igreja do Sagrado Cora\u00e7\u00e3o"}, {"id": "1845", "ano": "2019", "numero": "12", "tipo__sigla": "IND", "tipo__descricao": "Indica\u00e7\u00e3o", "autoria": "Diego da Auto Escola", "texto_original": "http://sapl.bicas.mg.leg.br/media/sapl/public/materialegislativa/2019/1845/12_diego_protetor_solar.pdf", "ementa": "Que seja distribu\u00eddo protetor solar aos servidores p\u00fablicos municipais que trabalham em atividades que os exponham ao sol, como capina e limpeza urbana."}, {"id": "1846", "ano": "2019", "numero": "13", "tipo__sigla": "IND", "tipo__descricao": "Indica\u00e7\u00e3o", "autoria": "Rafael Aquino", "texto_original": "http://sapl.bicas.mg.leg.br/media/sapl/public/materialegislativa/2019/1846/13_rafael_lixeiras_pracas.pdf", "ementa": "Pela presente indica\u00e7\u00e3o, solicito da Administra\u00e7\u00e3o Municipal, atrav\u00e9s das Secretarias competentes, a instala\u00e7\u00e3o de lixeiras nas pra\u00e7as p\u00fablicas e logradouros da cidade, podendo inclusive ser de separa\u00e7\u00e3o de acordo com o objeto a ser descartado, facilitando e incentivando o trabalho de catadores para reciclagem."}, {"id": "1847", "ano": "2019", "numero": "14", "tipo__sigla": "IND", "tipo__descricao": "Indica\u00e7\u00e3o", "autoria": "Rafael Aquino", "texto_original": "http://sapl.bicas.mg.leg.br/media/sapl/public/materialegislativa/2019/1847/14_rafael_caixas_dagua.pdf", "ementa": "Pela presente indica\u00e7\u00e3o, solicito da Secretaria de Obras, que providencie a retirada de caixas d\u2019\u00e1gua no parque de exposi\u00e7\u00e3o, que est\u00e3o inativas, bem como interven\u00e7\u00e3o para retirada de acumulo de \u00e1gua de chuva em um dos pavilh\u00f5es"}, {"id": "1848", "ano": "2019", "numero": "15", "tipo__sigla": "IND", "tipo__descricao": "Indica\u00e7\u00e3o", "autoria": "Rafael Aquino", "texto_original": "http://sapl.bicas.mg.leg.br/media/sapl/public/materialegislativa/2019/1848/15_rafael_lei_13803.pdf", "ementa": "Pela presente indica\u00e7\u00e3o, solicito que seja oficiado a Secretaria de educa\u00e7\u00e3o para que informe e alerte a todas as escolas Municipais sobre a import\u00e2ncia e o cumprimento da Lei 13.803, de 2019."}, {"id": "1849", "ano": "2019", "numero": "16", "tipo__sigla": "IND", "tipo__descricao": "Indica\u00e7\u00e3o", "autoria": "Rafael Aquino", "texto_original": "http://sapl.bicas.mg.leg.br/media/sapl/public/materialegislativa/2019/1849/16_rafael_portal_de_investimentos.pdf", "ementa": "Pela presente indica\u00e7\u00e3o, solicito da Secretaria de Desenvolvimento Econ\u00f4mico, que estude a viabilidade de elaborar um portal de investimentos, a ser lan\u00e7ado na internet e nas redes sociais."}, {"id": "1850", "ano": "2019", "numero": "17", "tipo__sigla": "IND", "tipo__descricao": "Indica\u00e7\u00e3o", "autoria": "Rafael Aquino", "texto_original": "http://sapl.bicas.mg.leg.br/media/sapl/public/materialegislativa/2019/1850/17_rafael_piso_magisterio.pdf", "ementa": "Pela presente indica\u00e7\u00e3o, solicito da Administra\u00e7\u00e3o Municipal, a atualiza\u00e7\u00e3o do piso salarial do Magist\u00e9rio."}, {"id": "1851", "ano": "2019", "numero": "18", "tipo__sigla": "IND", "tipo__descricao": "Indica\u00e7\u00e3o", "autoria": "Joel Mil\u00e3o do Cemit\u00e9rio", "texto_original": "http://sapl.bicas.mg.leg.br/media/sapl/public/materialegislativa/2019/1851/18_joel_-_operarios.pdf", "ementa": "Que seja distribu\u00eddo aos oper\u00e1rios uniformes, botas, luvas e ferramentas compat\u00edveis com os trabalhos por eles realizados."}, {"id": "1852", "ano": "2019", "numero": "19", "tipo__sigla": "IND", "tipo__descricao": "Indica\u00e7\u00e3o", "autoria": "Joel Mil\u00e3o do Cemit\u00e9rio", "texto_original": "http://sapl.bicas.mg.leg.br/media/sapl/public/materialegislativa/2019/1852/19_joel_-_horario_de_trabalho.pdf", "ementa": "Que a jornada de trabalho dos varredores de rua e oper\u00e1rios da capina seja iniciada uma hora antes do habitual."}, {"id": "1874", "ano": "2019", "numero": "20", "tipo__sigla": "IND", "tipo__descricao": "Indica\u00e7\u00e3o", "autoria": "Diego da Auto Escola", "texto_original": "http://sapl.bicas.mg.leg.br/media/sapl/public/materialegislativa/2019/1874/20_diego_-_rotatoria.pdf", "ementa": "Que seja regularizada a sinaliza\u00e7\u00e3o da rotat\u00f3ria em frente ao Coronel Souza, pois as sinaliza\u00e7\u00f5es horizontal e vertical n\u00e3o coincidem."}, {"id": "1875", "ano": "2019", "numero": "21", "tipo__sigla": "IND", "tipo__descricao": "Indica\u00e7\u00e3o", "autoria": "Diego da Auto Escola", "texto_original": "http://sapl.bicas.mg.leg.br/media/sapl/public/materialegislativa/2019/1875/21_diego_quebra_molas_miquelina.pdf", "ementa": "Que seja colocado quebra-molas na rua Dona Miquelina, pr\u00f3ximo ao n\u00famero 128."}, {"id": "1876", "ano": "2019", "numero": "22", "tipo__sigla": "IND", "tipo__descricao": "Indica\u00e7\u00e3o", "autoria": "Denisy Dur\u00e3o", "texto_original": "http://sapl.bicas.mg.leg.br/media/sapl/public/materialegislativa/2019/1876/22_denisy_jorge_franklin.pdf", "ementa": "Que seja feita a limpeza da rua que d\u00e1 acesso ao espa\u00e7o Jorge Franklin"}, {"id": "1877", "ano": "2019", "numero": "23", "tipo__sigla": "IND", "tipo__descricao": "Indica\u00e7\u00e3o", "autoria": "Tanauza", "texto_original": "http://sapl.bicas.mg.leg.br/media/sapl/public/materialegislativa/2019/1877/23_tanauza_minas.pdf", "ementa": "Que seja feita a manuten\u00e7\u00e3o e restaura\u00e7\u00e3o das minas de \u00e1gua de nosso munic\u00edpio."}, {"id": "1878", "ano": "2019", "numero": "24", "tipo__sigla": "IND", "tipo__descricao": "Indica\u00e7\u00e3o", "autoria": "Rafael Aquino", "texto_original": "http://sapl.bicas.mg.leg.br/media/sapl/public/materialegislativa/2019/1878/24_rafael_parquinho_praca.pdf", "ementa": "Pela presente indica\u00e7\u00e3o, solicito da Secretaria de Obras, que providencie  reparos no parquinho da pra\u00e7a localizado na Rua Garcia Passos."}, {"id": "1879", "ano": "2019", "numero": "25", "tipo__sigla": "IND", "tipo__descricao": "Indica\u00e7\u00e3o", "autoria": "Rafael Aquino", "texto_original": "http://sapl.bicas.mg.leg.br/media/sapl/public/materialegislativa/2019/1879/25_rafael_reparo_quadra.pdf", "ementa": "Pela presente indica\u00e7\u00e3o, solicito da Secretaria de Obras, que providencie o reparo de um dos refletores da quadra do Campo do Leopoldina, bem como da cesta de basquete, e providencie os suportes para rede de v\u00f4lei que ainda n\u00e3o foram disponibilizadas."}, {"id": "1880", "ano": "2019", "numero": "26", "tipo__sigla": "IND", "tipo__descricao": "Indica\u00e7\u00e3o", "autoria": "Tiago Enfermeiro", "texto_original": "http://sapl.bicas.mg.leg.br/media/sapl/public/materialegislativa/2019/1880/26_tiago_redutor_de_velocidadeverbal.pdf", "ementa": "Pela presente indica\u00e7\u00e3o, solicito da Secretaria Competente, que providencie a retirada do redutor de velocidade em frente ao Sicoob. Aproveitando a oportunidade, solicito que seja colocado um redutor de velocidade mais abaixo, pr\u00f3ximo a descida na Rua Artur Bernardes."}, {"id": "1888", "ano": "2019", "numero": "27", "tipo__sigla": "IND", "tipo__descricao": "Indica\u00e7\u00e3o", "autoria": "Diego da Auto Escola", "texto_original": "http://sapl.bicas.mg.leg.br/media/sapl/public/materialegislativa/2019/1888/27_diego_sao_manoel_quebra_molas.docx", "ementa": "Que seja instalado quebra-molas no in\u00edcio da rua principal do povoado de S\u00e3o Manoel."}, {"id": "1889", "ano": "2019", "numero": "28", "tipo__sigla": "IND", "tipo__descricao": "Indica\u00e7\u00e3o", "autoria": "Loro", "texto_original": "http://sapl.bicas.mg.leg.br/media/sapl/public/materialegislativa/2019/1889/28_loro_calcamento_travessa_pedro_dutra.docx", "ementa": "Solicito ao Prefeito Municipal, que atrav\u00e9s da Secretaria de Obras, providencie o reparo do cal\u00e7amento da Travessa Pedro Dutra no Bairro S\u00e3o Pedro."}, {"id": "1890", "ano": "2019", "numero": "29", "tipo__sigla": "IND", "tipo__descricao": "Indica\u00e7\u00e3o", "autoria": "Rafael Aquino", "texto_original": "http://sapl.bicas.mg.leg.br/media/sapl/public/materialegislativa/2019/1890/29_rafael_internet.docx", "ementa": "Pela presente indica\u00e7\u00e3o, solicito da Administra\u00e7\u00e3o Municipal, que verifique a qualidade do sinal de internet nas pra\u00e7as, estude a viabilidade de amplia\u00e7\u00e3o do servi\u00e7o, e de disponibiliza\u00e7\u00e3o para os cidad\u00e3os nos pr\u00e9dios p\u00fablicos onde existe fila de espera."}, {"id": "1891", "ano": "2019", "numero": "30", "tipo__sigla": "IND", "tipo__descricao": "Indica\u00e7\u00e3o", "autoria": "Rafael Aquino", "texto_original": "http://sapl.bicas.mg.leg.br/media/sapl/public/materialegislativa/2019/1891/30_rafael_retirada_de_lixeira.docx", "ementa": "Pela presente indica\u00e7\u00e3o, solicito da Secretaria de Obras, que providencie a retirada da lixeira colocada a Rua Ot\u00e1vio Cassiano da Silva, no Bairro S\u00e3o Pedro."}, {"id": "1892", "ano": "2019", "numero": "31", "tipo__sigla": "IND", "tipo__descricao": "Indica\u00e7\u00e3o", "autoria": "Rafael Aquino", "texto_original": "http://sapl.bicas.mg.leg.br/media/sapl/public/materialegislativa/2019/1892/31_rafael_consulta_publica.docx", "ementa": "Pela presente indica\u00e7\u00e3o, solicito da Administra\u00e7\u00e3o Municipal, bem como da Mesa Diretora desta casa, a viabilidade de disponibiliza\u00e7\u00e3o de sistema de Consulta P\u00fablica Digital."}, {"id": "1893", "ano": "2019", "numero": "32", "tipo__sigla": "IND", "tipo__descricao": "Indica\u00e7\u00e3o", "autoria": "Tanauza", "texto_original": "http://sapl.bicas.mg.leg.br/media/sapl/public/materialegislativa/2019/1893/32_tanauza_patrol_sao_manoel.docx", "ementa": "Que seja feita o nivelamento (patrolagem) da estrada do povoado de S\u00e3o Manoel depois do ponto de capta\u00e7\u00e3o de \u00e1gua no caminho para o s\u00edtio do Paquinha."}, {"id": "1894", "ano": "2019", "numero": "33", "tipo__sigla": "IND", "tipo__descricao": "Indica\u00e7\u00e3o", "autoria": "Diego da Auto Escola", "texto_original": "http://sapl.bicas.mg.leg.br/media/sapl/public/materialegislativa/2019/1894/33_diego_varredura_avenida_do_contorno.docx", "ementa": "Que seja feita a varri\u00e7\u00e3o e capina na Avenida do Contorno."}, {"id": "1895", "ano": "2019", "numero": "34", "tipo__sigla": "IND", "tipo__descricao": "Indica\u00e7\u00e3o", "autoria": "Joel Mil\u00e3o do Cemit\u00e9rio", "texto_original": "http://sapl.bicas.mg.leg.br/media/sapl/public/materialegislativa/2019/1895/34_joel_estacionamento.docx", "ementa": "Que seja demarcada como \u00e1rea de estacionamento proibido o trecho ao lado da banca de jornais na Rua Capit\u00e3o Pedro Assis de Amaral."}, {"id": "1896", "ano": "2019", "numero": "35", "tipo__sigla": "IND", "tipo__descricao": "Indica\u00e7\u00e3o", "autoria": "Loro", "texto_original": "http://sapl.bicas.mg.leg.br/media/sapl/public/materialegislativa/2019/1896/35_loro_impositiva.docx", "ementa": "A destina\u00e7\u00e3o de R$ 7.549,21 (sete mil, quinhentos e quarenta e nove reais, vinte e um centavos), para asfaltamento de trecho de trinta e cinco metros da Travessa Pedro Dutra de Moraes, iniciando na esquina com a Rua Ot\u00e1vio Cassiano da Silva em sentido descendente em dire\u00e7\u00e3o \u00e0 Rua Morvan Dias de Figueiredo e terminando na metragem determinada."}, {"id": "1897", "ano": "2019", "numero": "36", "tipo__sigla": "IND", "tipo__descricao": "Indica\u00e7\u00e3o", "autoria": "Tanauza", "texto_original": "http://sapl.bicas.mg.leg.br/media/sapl/public/materialegislativa/2019/1897/36_tanauza_impositiva.docx", "ementa": "A destina\u00e7\u00e3o de R$ 7.549,21 (sete mil, quinhentos e quarenta e nove reais, vinte e um centavos), para asfaltamento de trecho de trinta e cinco metros da Travessa Pedro Dutra de Moraes, iniciando na esquina com a Rua Ot\u00e1vio Cassiano da Silva em sentido descendente em dire\u00e7\u00e3o \u00e0 Rua Morvan Dias de Figueiredo e terminando na metragem determinada."}, {"id": "1898", "ano": "2019", "numero": "37", "tipo__sigla": "IND", "tipo__descricao": "Indica\u00e7\u00e3o", "autoria": "Joel Mil\u00e3o do Cemit\u00e9rio", "texto_original": "http://sapl.bicas.mg.leg.br/media/sapl/public/materialegislativa/2019/1898/37_joel_impositiva.docx", "ementa": "Conforme termo de acordo firmado entre esta Casa e a Prefeitura Municipal,que seja destinado 50% do valor destinado \u00e0s emendas parlamentares de que trata o Art. 144-A da Lei Org\u00e2nica Municipal, \u00e0: instala\u00e7\u00e3o de poste \u00e0 Rua Roseli Arruda R$ 5.500,00(cinco mil e quinhentos reais); constru\u00e7\u00e3o de lixeiras uma \u00e0 Rua C e outra no entroncamento das ruas B e E no Bairro Gilson Lamha, R$ 3.000,00(tr\u00eas mil reais); Obras de instala\u00e7\u00e3o de travessia elevada de pedestres \u00e0 Rua Santa Tereza e 2(dois) quebra-molas na rua H do bairro Gilson R$1.000,00(Hum mil reais); R$ 2.350,79 (dois mil trezentos e cinquenta reais e setenta e nove centavos) cal\u00e7amento de trecho de dez  metros da Travessa Pedro Dutra de Moraes, iniciando na esquina com a Rua Ot\u00e1vio Cassiano da Silva em sentido descendente em dire\u00e7\u00e3o \u00e0 Rua Morvan Dias de Figueiredo, em complemento \u00e0 indica\u00e7\u00e3o 35/2019 do vereador Loro; e R$ 9.198,42 para o cal\u00e7amento do trecho de 33 metros da rua Sebasti\u00e3o Croce, compreendido entre os postes de n\u00famero 165 a 166, no bairro S\u00e3o Pedro."}, {"id": "1904", "ano": "2019", "numero": "38", "tipo__sigla": "IND", "tipo__descricao": "Indica\u00e7\u00e3o", "autoria": "Diego da Auto Escola", "texto_original": "http://sapl.bicas.mg.leg.br/media/sapl/public/materialegislativa/2019/1904/38_diego_-_poda_melo_viana.pdf", "ementa": "Que seja efetuada poda das \u00e1rvores \u00e0 rua Melo Viana."}, {"id": "1905", "ano": "2019", "numero": "39", "tipo__sigla": "IND", "tipo__descricao": "Indica\u00e7\u00e3o", "autoria": "Joel Mil\u00e3o do Cemit\u00e9rio", "texto_original": "http://sapl.bicas.mg.leg.br/media/sapl/public/materialegislativa/2019/1905/39_joel_kombi_escolar.pdf", "ementa": "Que seja providenciado reparo na Kombi escolar que transporta os estudantes com necessidades especiais."}, {"id": "1906", "ano": "2019", "numero": "40", "tipo__sigla": "IND", "tipo__descricao": "Indica\u00e7\u00e3o", "autoria": "Joel Mil\u00e3o do Cemit\u00e9rio", "texto_original": "http://sapl.bicas.mg.leg.br/media/sapl/public/materialegislativa/2019/1906/40_joel_monitor_kombi.pdf", "ementa": "Que as crian\u00e7as com necessidades especiais sejam acompanhadas por um monitor durante o transporte escolar."}, {"id": "1907", "ano": "2019", "numero": "41", "tipo__sigla": "IND", "tipo__descricao": "Indica\u00e7\u00e3o", "autoria": "Joel Mil\u00e3o do Cemit\u00e9rio", "texto_original": "http://sapl.bicas.mg.leg.br/media/sapl/public/materialegislativa/2019/1907/41_joel_area_de_carga_e_descarga.pdf", "ementa": "Que seja recolocada a placa de \u00e1rea de carga e descarga \u00e0 Rua dos Oper\u00e1rios pr\u00f3ximo ao n\u00famero 131."}, {"id": "1908", "ano": "2019", "numero": "42", "tipo__sigla": "IND", "tipo__descricao": "Indica\u00e7\u00e3o", "autoria": "Denisy Dur\u00e3o", "texto_original": "http://sapl.bicas.mg.leg.br/media/sapl/public/materialegislativa/2019/1908/42_denisy_programa_de_protecao_de_minas.pdf", "ementa": "Que as secretarias de Desenvolvimento Econ\u00f4mico e Meio Ambiente trabalhem em conjunto na formula\u00e7\u00e3o de pol\u00edticas de incentivo \u00e0 prote\u00e7\u00e3o de mananciais."}, {"id": "1909", "ano": "2019", "numero": "43", "tipo__sigla": "IND", "tipo__descricao": "Indica\u00e7\u00e3o", "autoria": "Isaias ", "texto_original": "http://sapl.bicas.mg.leg.br/media/sapl/public/materialegislativa/2019/1909/43_isais_capina_jose_monteiro_de_rezende.pdf", "ementa": "Que seja feita capina na Rua Jos\u00e9 Monteiro de Rezende, no Morro do Cruzeiro."}, {"id": "1910", "ano": "2019", "numero": "44", "tipo__sigla": "IND", "tipo__descricao": "Indica\u00e7\u00e3o", "autoria": "Isaias ", "texto_original": "http://sapl.bicas.mg.leg.br/media/sapl/public/materialegislativa/2019/1910/44_isaias_cemiterio.pdf", "ementa": "Que seja feita capina e limpeza no Cemit\u00e9rio Municipal."}, {"id": "1911", "ano": "2019", "numero": "45", "tipo__sigla": "IND", "tipo__descricao": "Indica\u00e7\u00e3o", "autoria": "Isaias ", "texto_original": "http://sapl.bicas.mg.leg.br/media/sapl/public/materialegislativa/2019/1911/45_isais_varredura_da_rua_homero_jose_mattos_de_souza.pdf", "ementa": "Que seja feita a varri\u00e7\u00e3o da Rua Prefeito Homero Jos\u00e9 Mattos de Souza e limpeza do terreno em frente ao n\u00famero 142."}, {"id": "1912", "ano": "2019", "numero": "46", "tipo__sigla": "IND", "tipo__descricao": "Indica\u00e7\u00e3o", "autoria": "Rafael Aquino", "texto_original": "http://sapl.bicas.mg.leg.br/media/sapl/public/materialegislativa/2019/1912/46_rafael_regularizacao_no_de_casas.pdf", "ementa": "Pela presente indica\u00e7\u00e3o, solicito da Administra\u00e7\u00e3o Municipal, que proceda a regulariza\u00e7\u00e3o do n\u00famero das casas no Povoado de Santa Helena."}, {"id": "1913", "ano": "2019", "numero": "47", "tipo__sigla": "IND", "tipo__descricao": "Indica\u00e7\u00e3o", "autoria": "Rafael Aquino", "texto_original": "http://sapl.bicas.mg.leg.br/media/sapl/public/materialegislativa/2019/1913/47_rafael__curso_de_libras.pdf", "ementa": "Pela presente indica\u00e7\u00e3o, solicito da Secretaria de Assist\u00eancia Social a viabilidade de oferta de curso de Libras para a popula\u00e7\u00e3o, bem como da Secretaria de Educa\u00e7\u00e3o, ofertar o curso para os professores que se interessarem e/ou que possu\u00edrem alunos com defici\u00eancia auditiva."}, {"id": "1918", "ano": "2019", "numero": "48", "tipo__sigla": "IND", "tipo__descricao": "Indica\u00e7\u00e3o", "autoria": "Tanauza", "texto_original": "http://sapl.bicas.mg.leg.br/media/sapl/public/materialegislativa/2019/1918/ind._48_tanauza.pdf", "ementa": "Que seja reparada a cal\u00e7ada ao redor do pr\u00e9dio da C\u00e2mara."}, {"id": "1919", "ano": "2019", "numero": "49", "tipo__sigla": "IND", "tipo__descricao": "Indica\u00e7\u00e3o", "autoria": "Loro", "texto_original": "http://sapl.bicas.mg.leg.br/media/sapl/public/materialegislativa/2019/1919/ind._49_loro.pdf", "ementa": "Que a Comiss\u00e3o Permanente de Participa\u00e7\u00e3o Popular e Fiscaliza\u00e7\u00e3o da Cidade convoque audi\u00eancia p\u00fablica para discuss\u00e3o do servi\u00e7o terceirizado de coleta de lixo urbano."}, {"id": "1920", "ano": "2019", "numero": "50", "tipo__sigla": "IND", "tipo__descricao": "Indica\u00e7\u00e3o", "autoria": "", "texto_original": "http://sapl.bicas.mg.leg.br/media/sapl/public/materialegislativa/2019/1920/ind._50_loro.pdf", "ementa": "Solicito que o Prefeito Municipal, atrav\u00e9s da fiscaliza\u00e7\u00e3o de posturas municipal, ordene dilig\u00eancia no estabelecimento comercial localizado \u00e0 Rua Coronel Souza n\u00ba 160, solicitando para que o mesmo posicione seu lixo dom\u00e9stico em frente ao seu pr\u00f3prio estabelecimento."}, {"id": "1921", "ano": "2019", "numero": "51", "tipo__sigla": "IND", "tipo__descricao": "Indica\u00e7\u00e3o", "autoria": "Denisy Dur\u00e3o", "texto_original": "http://sapl.bicas.mg.leg.br/media/sapl/public/materialegislativa/2019/1921/ind._51_denisy.pdf", "ementa": "Solicito que o Prefeito Municipal, atrav\u00e9s da fiscaliza\u00e7\u00e3o de posturas municipal, ordene dilig\u00eancia no estabelecimento comercial localizado \u00e0 Rua Coronel Souza n\u00ba 160, solicitando para que o mesmo posicione seu lixo dom\u00e9stico em frente ao seu pr\u00f3prio estabelecimento."}, {"id": "1922", "ano": "2019", "numero": "52", "tipo__sigla": "IND", "tipo__descricao": "Indica\u00e7\u00e3o", "autoria": "Tiago Enfermeiro", "texto_original": "http://sapl.bicas.mg.leg.br/media/sapl/public/materialegislativa/2019/1922/ind._52_tiago.pdf", "ementa": "Que seja feita poda das \u00e1rvores \u00e0 Rua Camilo Fernandes Alhadas nos arredores do Hospital S\u00e3o Jos\u00e9 de Bicas."}, {"id": "1923", "ano": "2019", "numero": "53", "tipo__sigla": "IND", "tipo__descricao": "Indica\u00e7\u00e3o", "autoria": "Rafael Aquino", "texto_original": "http://sapl.bicas.mg.leg.br/media/sapl/public/materialegislativa/2019/1923/ind._53_rafael.pdf", "ementa": "Pela presente indica\u00e7\u00e3o, solicito da Secretaria de Obras que providencie a limpeza da Academia popular localizada ao lado do pr\u00e9dio onde est\u00e1 funcionando o CREAS, no parque dos ferrovi\u00e1rios."}, {"id": "1928", "ano": "2019", "numero": "54", "tipo__sigla": "IND", "tipo__descricao": "Indica\u00e7\u00e3o", "autoria": "Loro", "texto_original": "http://sapl.bicas.mg.leg.br/media/sapl/public/materialegislativa/2019/1928/ind._54_loro.pdf", "ementa": "A destina\u00e7\u00e3o de R$ 3.886,49 (tr\u00eas mil oitocentos e oitenta e seis reais e quarenta e nove centavos), para a Associa\u00e7\u00e3o de Moradores do Bairro Gilson Lamha, para custeio dos projetos sociais por ela desenvolvidos."}, {"id": "1929", "ano": "2019", "numero": "55", "tipo__sigla": "IND", "tipo__descricao": "Indica\u00e7\u00e3o", "autoria": "Loro", "texto_original": "http://sapl.bicas.mg.leg.br/media/sapl/public/materialegislativa/2019/1929/ind._55_loro.pdf", "ementa": "A destina\u00e7\u00e3o de R$ 7.500,00 (sete mil e quinhentos reais) ao ProjetoTatu Bola para custeio dos projetos sociais desenvolvidos no Bairro Edgar Moreira."}, {"id": "1930", "ano": "2019", "numero": "56", "tipo__sigla": "IND", "tipo__descricao": "Indica\u00e7\u00e3o", "autoria": "Joel Mil\u00e3o do Cemit\u00e9rio", "texto_original": "http://sapl.bicas.mg.leg.br/media/sapl/public/materialegislativa/2019/1930/ind._56_joel.pdf", "ementa": "Conforme termo de acordo firmado entre esta Casa e a Prefeitura Municipal,que seja destinado 50% do valor destinado \u00e0s emendas parlamentares de que trata o Art. 144-A da Lei Org\u00e2nica Municipal, \u00e0: instala\u00e7\u00e3o de poste \u00e0 Rua Roseli Arruda R$ 5.500,00(cinco mil e quinhentos reais); Obras de instala\u00e7\u00e3o de travessia elevada de pedestres \u00e0 Rua Santa Tereza e 2(dois) quebra-molas na rua H do bairro Gilson R$1.000,00(Hum mil reais); R$ 2.350,79 (dois mil trezentos e cinquenta reais e setenta e nove centavos) cal\u00e7amento de trecho de dez  metros da Travessa Pedro Dutra de Moraes, iniciando na esquina com a Rua Ot\u00e1vio Cassiano da Silva em sentido descendente em dire\u00e7\u00e3o \u00e0 Rua Morvan Dias de Figueiredo, em complemento \u00e0 indica\u00e7\u00e3o 35/2019 do vereador Loro; e R$ 10.084,91 para o cal\u00e7amento do trecho de 35 metros da rua Sebasti\u00e3o Croce, compreendido entre os postes de n\u00famero 165 a 166, no bairro S\u00e3o Pedro."}, {"id": "1931", "ano": "2019", "numero": "57", "tipo__sigla": "IND", "tipo__descricao": "Indica\u00e7\u00e3o", "autoria": "Diego da Auto Escola", "texto_original": "http://sapl.bicas.mg.leg.br/media/sapl/public/materialegislativa/2019/1931/57_diego_quebra_molas.pdf", "ementa": "Apresento a Vossa Senhoria nos termos regimentais a seguinte indica\u00e7\u00e3o:\r\nQue seja colocado quebra molas \u00e0 rua Santo Ant\u00f4nio pr\u00f3ximo \u00e0 Padre Manoel Pires Pereira"}, {"id": "1932", "ano": "2019", "numero": "58", "tipo__sigla": "IND", "tipo__descricao": "Indica\u00e7\u00e3o", "autoria": "Tiago Enfermeiro", "texto_original": "http://sapl.bicas.mg.leg.br/media/sapl/public/materialegislativa/2019/1932/58_tiago_lampadas.pdf", "ementa": "Que seja feita troca de l\u00e2mpadas e demais reparos necess\u00e1rios nas ruas Morvan Dias e Jorge Salom\u00e3o."}, {"id": "1933", "ano": "2019", "numero": "59", "tipo__sigla": "IND", "tipo__descricao": "Indica\u00e7\u00e3o", "autoria": "Rafael Aquino", "texto_original": "http://sapl.bicas.mg.leg.br/media/sapl/public/materialegislativa/2019/1933/ind._59_rafael_denisy_isaias_ailton.pdf", "ementa": "conforme termo de acordo firmado entre esta Casa e a Prefeitura Municipal Que seja destinado 50% do valor destinado \u00e0s emendas parlamentares de que trata o Art. 144-A da Lei Org\u00e2nica Municipal ao cal\u00e7amento e capta\u00e7\u00e3o de \u00e1guas pluviais da Rua Baronesa de Catas Altas no Bairro Todos os Santos, num total de R$ 75.742,80(setenta e cinco mil setecentos e quarenta e dois reais e oitenta centavos)"}, {"id": "1934", "ano": "2019", "numero": "60", "tipo__sigla": "IND", "tipo__descricao": "Indica\u00e7\u00e3o", "autoria": "Diego da Auto Escola", "texto_original": "http://sapl.bicas.mg.leg.br/media/sapl/public/materialegislativa/2019/1934/ind._60_diego.pdf", "ementa": "Conforme termo de acordo firmado entre esta Casa e a Prefeitura Municipal,que seja destinado 50% do valor destinado \u00e0s emendas parlamentares de que trata o Art. 144-A da Lei Org\u00e2nica Municipal referentes \u00e0 parcela obrigatoriamente destinada \u00e0 pasta da Sa\u00fade, aos repasses financeiros feitos ao Hospital S\u00e3o Jos\u00e9 de Bicas, num total de R$ 18.935,71 (dezoito mil novecentos e trinta e cinco reais e setenta e um centavos)."}, {"id": "1935", "ano": "2019", "numero": "61", "tipo__sigla": "IND", "tipo__descricao": "Indica\u00e7\u00e3o", "autoria": "Rafael Aquino", "texto_original": "http://sapl.bicas.mg.leg.br/media/sapl/public/materialegislativa/2019/1935/ind._61_rafael.pdf", "ementa": "Conforme termo de acordo firmado entre esta Casa e a Prefeitura Municipal, que seja destinado 50% do valor destinado \u00e0s emendas parlamentares de que trata o Art. 144-A da Lei Org\u00e2nica Municipal referentes \u00e0 parcela obrigatoriamente destinada \u00e0 pasta da Sa\u00fade, aos repasses financeiros feitos ao Hospital S\u00e3o Jos\u00e9 de Bicas, num total de R$ 18.935,71 (dezoito mil novecentos e trinta e cinco reais e setenta e um centavos)."}, {"id": "1936", "ano": "2019", "numero": "62", "tipo__sigla": "IND", "tipo__descricao": "Indica\u00e7\u00e3o", "autoria": "Denisy Dur\u00e3o", "texto_original": "http://sapl.bicas.mg.leg.br/media/sapl/public/materialegislativa/2019/1936/ind._62_denisy.pdf", "ementa": "Conforme termo de acordo firmado entre esta Casa e a Prefeitura Municipal,que seja destinado 50% do valor destinado \u00e0s emendas parlamentares de que trata o Art. 144-A da Lei Org\u00e2nica Municipal referentes \u00e0 parcela obrigatoriamente destinada \u00e0 pasta da Sa\u00fade, \u00e0s a\u00e7\u00f5es de controle de zoonoses para as atividades de castra\u00e7\u00e3o de c\u00e3es e gatos, num total de R$ 18.935,71 (dezoito mil novecentos e trinta e cinco reais e setenta e um centavos)."}, {"id": "1937", "ano": "2019", "numero": "63", "tipo__sigla": "IND", "tipo__descricao": "Indica\u00e7\u00e3o", "autoria": "Isaias ", "texto_original": "http://sapl.bicas.mg.leg.br/media/sapl/public/materialegislativa/2019/1937/ind._63_isaias.pdf", "ementa": "Conforme termo de acordo firmado entre esta Casa e a Prefeitura Municipal, que seja destinado 50% do valor destinado \u00e0s emendas parlamentares de que trata o Art. 144-A da Lei Org\u00e2nica Municipal referentes \u00e0 parcela obrigatoriamente destinada \u00e0 pasta da Sa\u00fade, aos repasses financeiros feitos ao Hospital S\u00e3o Jos\u00e9 de Bicas, num total de R$ 18.935,71 (dezoito mil novecentos e trinta e cinco reais e setenta e um centavos)."}, {"id": "1938", "ano": "2019", "numero": "64", "tipo__sigla": "IND", "tipo__descricao": "Indica\u00e7\u00e3o", "autoria": "Ailton Mendes", "texto_original": "http://sapl.bicas.mg.leg.br/media/sapl/public/materialegislativa/2019/1938/ind._64_aliton.pdf", "ementa": "Conforme termo de acordo firmado entre esta Casa e a Prefeitura Municipal,que seja destinado 50% do valor destinado \u00e0s emendas parlamentares de que trata o Art. 144-A da Lei Org\u00e2nica Municipal referentes \u00e0 aquisi\u00e7\u00e3o de fitas para glicemia, num total de R$ 18.935,71 (dezoito mil novecentos e trinta e cinco reais e setenta e um centavos)."}, {"id": "1939", "ano": "2019", "numero": "65", "tipo__sigla": "IND", "tipo__descricao": "Indica\u00e7\u00e3o", "autoria": "Loro", "texto_original": "http://sapl.bicas.mg.leg.br/media/sapl/public/materialegislativa/2019/1939/ind._65_loro.pdf", "ementa": "Conforme termo de acordo firmado entre esta Casa e a Prefeitura Municipal, que seja destinado 50% do valor destinado \u00e0s emendas parlamentares de que trata o Art. 144-A da Lei Org\u00e2nica Municipal referentes \u00e0 parcela obrigatoriamente destinada \u00e0 pasta da Sa\u00fade, aos repasses financeiros feitos ao Hospital S\u00e3o Jos\u00e9 de Bicas, num total de R$ 18.935,71 (dezoito mil novecentos e trinta e cinco reais e setenta e um centavos)."}, {"id": "1940", "ano": "2019", "numero": "66", "tipo__sigla": "IND", "tipo__descricao": "Indica\u00e7\u00e3o", "autoria": "Diego da Auto Escola", "texto_original": "http://sapl.bicas.mg.leg.br/media/sapl/public/materialegislativa/2019/1940/ind._66_diego.pdf", "ementa": "Conforme termo de acordo firmado entre esta Casa e a Prefeitura Municipal,que seja destinado 50% do valor destinado \u00e0s emendas parlamentares de que trata o Art. 144-A da Lei Org\u00e2nica Municipal, aos repasses financeiros feitos:\u00e0 Associa\u00e7\u00e3o Morada do Caminho, num total de R$ 15.935,70 (quinze mil novecentos e trinta e cinco reais e setenta centavos) e ao Lar Crist\u00e3o Paulo de Tarso R$3.000,00 (tr\u00eas mil reais)."}, {"id": "1941", "ano": "2019", "numero": "67", "tipo__sigla": "IND", "tipo__descricao": "Indica\u00e7\u00e3o", "autoria": "Tanauza", "texto_original": "http://sapl.bicas.mg.leg.br/media/sapl/public/materialegislativa/2019/1941/ind._67_tanauza.pdf", "ementa": "Que seja destinado \u00e0 amplia\u00e7\u00e3o da rede el\u00e9trica e ilumina\u00e7\u00e3o p\u00fablica, o valor simb\u00f3lico de R$ 1,00 (Um real), para as Ruas Floriano Peixoto, rua S\u00e3o Francisco(Morro do Cruzeiro) e Rua Clarinda Pereira de Oliveira(Souza Mattos), e R$ 18.934,70(dezoito mil novecentos e trinta e quatro reais e setenta centavos) cal\u00e7amento do trecho final da Rua Floriano Peixoto."}, {"id": "1942", "ano": "2019", "numero": "68", "tipo__sigla": "IND", "tipo__descricao": "Indica\u00e7\u00e3o", "autoria": "Tiago Enfermeiro", "texto_original": "http://sapl.bicas.mg.leg.br/media/sapl/public/materialegislativa/2019/1942/content_1.pdf", "ementa": "Que seja feita troca de l\u00e2mpadas e demais reparos necess\u00e1rios nas ruas Morvan Dias e Jorge Salom\u00e3o."}, {"id": "1943", "ano": "2019", "numero": "69", "tipo__sigla": "IND", "tipo__descricao": "Indica\u00e7\u00e3o", "autoria": "Tiago Enfermeiro", "texto_original": "http://sapl.bicas.mg.leg.br/media/sapl/public/materialegislativa/2019/1943/ind._69_tiago.pdf", "ementa": "Conforme termo de acordo firmado entre esta Casa e a Prefeitura Municipal,que seja destinado 100% do valor destinado \u00e0s emendas parlamentares de que trata o Art. 144-A da Lei Org\u00e2nica Municipal incluindo os valores referentes \u00e0 parcela obrigatoriamente destinada \u00e0 pasta da Sa\u00fade, aos repasses financeiros feitos ao Hospital S\u00e3o Jos\u00e9 de Bicas."}, {"id": "1947", "ano": "2019", "numero": "70", "tipo__sigla": "IND", "tipo__descricao": "Indica\u00e7\u00e3o", "autoria": "Joel Mil\u00e3o do Cemit\u00e9rio", "texto_original": "http://sapl.bicas.mg.leg.br/media/sapl/public/materialegislativa/2019/1947/70-_joel_impositiva_hsjb.pdf", "ementa": "Apresento a Vossa Senhoria nos termos regimentais a seguinte indica\u00e7\u00e3o:\r\n\r\n\tConforme termo de acordo firmado entre esta Casa e a Prefeitura Municipal, que seja destinado 50% do valor destinado \u00e0s emendas parlamentares de que trata o Art. 144-A da Lei Org\u00e2nica Municipal referentes \u00e0 parcela obrigatoriamente destinada \u00e0 pasta da Sa\u00fade, aos repasses financeiros feitos ao Hospital S\u00e3o Jos\u00e9 de Bicas, num total de R$ 18.935,71 (dezoito mil novecentos e trinta e cinco reais e setenta e um centavos)."}, {"id": "1948", "ano": "2019", "numero": "71", "tipo__sigla": "IND", "tipo__descricao": "Indica\u00e7\u00e3o", "autoria": "Tanauza", "texto_original": "http://sapl.bicas.mg.leg.br/media/sapl/public/materialegislativa/2019/1948/71-_tanauza_impositiva_hsjb.pdf", "ementa": "Apresento a Vossa Senhoria nos termos regimentais a seguinte indica\u00e7\u00e3o:\r\n\r\n\tConforme termo de acordo firmado entre esta Casa e a Prefeitura Municipal, que seja destinado 50% do valor destinado \u00e0s emendas parlamentares de que trata o Art. 144-A da Lei Org\u00e2nica Municipal referentes \u00e0 parcela obrigatoriamente destinada \u00e0 pasta da Sa\u00fade, aos repasses financeiros feitos ao Hospital S\u00e3o Jos\u00e9 de Bicas, num total de R$ 18.935,71 (dezoito mil novecentos e trinta e cinco reais e setenta e um centavos)."}, {"id": "1949", "ano": "2019", "numero": "72", "tipo__sigla": "IND", "tipo__descricao": "Indica\u00e7\u00e3o", "autoria": "Joel Mil\u00e3o do Cemit\u00e9rio", "texto_original": "http://sapl.bicas.mg.leg.br/media/sapl/public/materialegislativa/2019/1949/72_joel_entulho.pdf", "ementa": "Que seja realizado mutir\u00e3o para remo\u00e7\u00e3o de entulho nas ruas da cidade."}, {"id": "1950", "ano": "2019", "numero": "73", "tipo__sigla": "IND", "tipo__descricao": "Indica\u00e7\u00e3o", "autoria": "Joel Mil\u00e3o do Cemit\u00e9rio", "texto_original": "http://sapl.bicas.mg.leg.br/media/sapl/public/materialegislativa/2019/1950/73_joel_capina_rua_f.pdf", "ementa": "Solicito que feita capina no terreno da prefeitura localizado \u00e0 rua F. Pe\u00e7o tamb\u00e9m que seja feito o cal\u00e7amento desta mesma rua."}, {"id": "1951", "ano": "2019", "numero": "74", "tipo__sigla": "IND", "tipo__descricao": "Indica\u00e7\u00e3o", "autoria": "Joel Mil\u00e3o do Cemit\u00e9rio", "texto_original": "http://sapl.bicas.mg.leg.br/media/sapl/public/materialegislativa/2019/1951/74_joel_rua_joao_paulo_ii.pdf", "ementa": "Solicito que seja colocada tampa na caixa ao fim da Rua Jo\u00e3o Paulo II, antiga Rua I, bem como o nivelamento da rede de esgoto na mesma rua."}, {"id": "1952", "ano": "2019", "numero": "75", "tipo__sigla": "IND", "tipo__descricao": "Indica\u00e7\u00e3o", "autoria": "Loro", "texto_original": "http://sapl.bicas.mg.leg.br/media/sapl/public/materialegislativa/2019/1952/75_loro_esgoto_joao_paulo_ii.pdf", "ementa": "Solicito ao Prefeito Municipal que, atrav\u00e9s da Secretaria de Obras, realize estudo para solucionar a situa\u00e7\u00e3o da rede de esgotos na Rua Jo\u00e3o Paulo II no Bairro Gilson Lamha, onde o caimento da mesma \u00e9 pequeno, o que provoca a necessidade de constantes reparos na mesma devido a entupimento."}, {"id": "1953", "ano": "2019", "numero": "76", "tipo__sigla": "IND", "tipo__descricao": "Indica\u00e7\u00e3o", "autoria": "Loro", "texto_original": "http://sapl.bicas.mg.leg.br/media/sapl/public/materialegislativa/2019/1953/76_loro_pluvial_rua_joao_paulo_ii.pdf", "ementa": "Solicito ao Prefeito Municipal que, atrav\u00e9s da Secretaria de Obras, providencie reparos na rede de \u00e1guas pluviais da Rua Jo\u00e3o Paulo II no Bairro Gilson Lamha, al\u00e9m da suspens\u00e3o do meio fio para proteger a encostas."}, {"id": "1954", "ano": "2019", "numero": "77", "tipo__sigla": "IND", "tipo__descricao": "Indica\u00e7\u00e3o", "autoria": "Loro", "texto_original": "http://sapl.bicas.mg.leg.br/media/sapl/public/materialegislativa/2019/1954/77_loro_av_contorno_esgoto.pdf", "ementa": "Solicito ao Prefeito Municipal que, atrav\u00e9s da Secretaria de Obras, providencie reparos na rede de esgotos localizada \u00e0 Avenida do Contorno Dalton Curzio, esquina com a Travessa Dr. Ary Mar\u00f4co."}, {"id": "1955", "ano": "2019", "numero": "78", "tipo__sigla": "IND", "tipo__descricao": "Indica\u00e7\u00e3o", "autoria": "Loro", "texto_original": "http://sapl.bicas.mg.leg.br/media/sapl/public/materialegislativa/2019/1955/78_loro_trav_ary_maroco.pdf", "ementa": "Solicito ao Prefeito Municipal que, atrav\u00e9s da Secretaria de Obras, providencie reparos na rede de \u00e1gua pluvial localizada \u00e0 Travessa Dr. Ary Mar\u00f4co, pr\u00f3ximo \u00e0 resid\u00eancia de n\u00ba 56."}, {"id": "1956", "ano": "2019", "numero": "79", "tipo__sigla": "IND", "tipo__descricao": "Indica\u00e7\u00e3o", "autoria": "Loro", "texto_original": "http://sapl.bicas.mg.leg.br/media/sapl/public/materialegislativa/2019/1956/79_loro_parque_hv.pdf", "ementa": "Solicito ao Prefeito Municipal que, atrav\u00e9s da Secretaria de Obras, providencie reparos urgentes no alambrado e manuten\u00e7\u00e3o nos brinquedos do Parque Infantil D. Zulmira Serpa do Couto, no Bairro Santana."}, {"id": "1957", "ano": "2019", "numero": "80", "tipo__sigla": "IND", "tipo__descricao": "Indica\u00e7\u00e3o", "autoria": "Joel Mil\u00e3o do Cemit\u00e9rio", "texto_original": "http://sapl.bicas.mg.leg.br/media/sapl/public/materialegislativa/2019/1957/80_joel_quadra_da_olaria.pdf", "ementa": "Que seja feita limpeza na quadra do Olaria e nas ruas ao seu redor."}, {"id": "1958", "ano": "2019", "numero": "81", "tipo__sigla": "IND", "tipo__descricao": "Indica\u00e7\u00e3o", "autoria": "Joel Mil\u00e3o do Cemit\u00e9rio", "texto_original": "http://sapl.bicas.mg.leg.br/media/sapl/public/materialegislativa/2019/1958/81_joel_arquibancada_quadra_da_olaria_-_copia.pdf", "ementa": "Que seja erguida prote\u00e7\u00e3o na arquibancada da quadra do Olaria."}, {"id": "1959", "ano": "2019", "numero": "82", "tipo__sigla": "IND", "tipo__descricao": "Indica\u00e7\u00e3o", "autoria": "Joel Mil\u00e3o do Cemit\u00e9rio", "texto_original": "http://sapl.bicas.mg.leg.br/media/sapl/public/materialegislativa/2019/1959/82_joel_rua_santa_tereza.pdf", "ementa": "Que seja tapado o buraco \u00e0 Rua Santa Tereza em frente ao n\u00ba465."}, {"id": "1960", "ano": "2019", "numero": "83", "tipo__sigla": "IND", "tipo__descricao": "Indica\u00e7\u00e3o", "autoria": "Ailton Mendes", "texto_original": "http://sapl.bicas.mg.leg.br/media/sapl/public/materialegislativa/2019/1960/83_ailton_impositiva.pdf", "ementa": "Considerando a destina\u00e7\u00e3o de recursos para o mesmo objeto de minha indica\u00e7\u00e3o de n\u00famero 64/2019, e conforme termo de acordo firmado entre esta Casa e a Prefeitura Municipal;\r\n\tConsiderando reuni\u00e3o na data de hoje como a Secret\u00e1ria Municipal de Sa\u00fade;\r\n\tConsiderando os princ\u00edpios da efici\u00eancia e efic\u00e1cia:\r\nque seja destinado 50% do valor destinado \u00e0s emendas parlamentares de que trata o Art. 144-A da Lei Org\u00e2nica Municipal referentes \u00e0 exames, num total de R$ 18.935,71 (dezoito mil novecentos e trinta e cinco reais e setenta e um centavos), de acordo com listagem anexa."}, {"id": "1961", "ano": "2019", "numero": "84", "tipo__sigla": "IND", "tipo__descricao": "Indica\u00e7\u00e3o", "autoria": "Joel Mil\u00e3o do Cemit\u00e9rio", "texto_original": "http://sapl.bicas.mg.leg.br/media/sapl/public/materialegislativa/2019/1961/84_joel_veiculos.pdf", "ementa": "Solicito \u00e0 Comiss\u00e3o de Sa\u00fade, Educa\u00e7\u00e3o e Assist\u00eancia Social que se re\u00fana com os motoristas da Sa\u00fade e Educa\u00e7\u00e3o para discutir sobre os ve\u00edculos destas duas pastas."}, {"id": "1962", "ano": "2019", "numero": "85", "tipo__sigla": "IND", "tipo__descricao": "Indica\u00e7\u00e3o", "autoria": "Joel Mil\u00e3o do Cemit\u00e9rio", "texto_original": "http://sapl.bicas.mg.leg.br/media/sapl/public/materialegislativa/2019/1962/85_joel_orelhao.pdf", "ementa": "Solicito que seja removido o suporte para orelh\u00e3o em frente ao Esporte Clube Biquense;"}, {"id": "1963", "ano": "2019", "numero": "86", "tipo__sigla": "IND", "tipo__descricao": "Indica\u00e7\u00e3o", "autoria": "Tiago Enfermeiro", "texto_original": "http://sapl.bicas.mg.leg.br/media/sapl/public/materialegislativa/2019/1963/86_tiago_equipamentos_santa_helena.pdf", "ementa": "Que sejam adquiridos equipamentos para pr\u00e1tica esportiva para a escola de Santa Helena: cone grande furado, escadinha para coordena\u00e7\u00e3o motora, bambol\u00ea, bola de pingue pongue, bola de t\u00eanis, bola de basquete e bola de v\u00f4lei."}, {"id": "1964", "ano": "2019", "numero": "87", "tipo__sigla": "IND", "tipo__descricao": "Indica\u00e7\u00e3o", "autoria": "Tiago Enfermeiro", "texto_original": "http://sapl.bicas.mg.leg.br/media/", "ementa": "Que a rede el\u00e9trica da escola de Santa Helena seja adequada/reparada para que os alunos possam usar todos os computadores."}, {"id": "1965", "ano": "2019", "numero": "88", "tipo__sigla": "IND", "tipo__descricao": "Indica\u00e7\u00e3o", "autoria": "Tiago Enfermeiro", "texto_original": "http://sapl.bicas.mg.leg.br/media/sapl/public/materialegislativa/2019/1965/88_tiago_patio_santa_helena.pdf", "ementa": "Que seja constru\u00eddo p\u00e1tio para as atividades das crian\u00e7as da escola de Santa Helena."}, {"id": "1966", "ano": "2019", "numero": "89", "tipo__sigla": "IND", "tipo__descricao": "Indica\u00e7\u00e3o", "autoria": "Tiago Enfermeiro", "texto_original": "http://sapl.bicas.mg.leg.br/media/sapl/public/materialegislativa/2019/1966/89_tiago_varredoras.pdf", "ementa": "Que seja revista a decis\u00e3o de lotar servidoras para varrer as ruas \u00e0 noite."}, {"id": "1967", "ano": "2019", "numero": "90", "tipo__sigla": "IND", "tipo__descricao": "Indica\u00e7\u00e3o", "autoria": "Diego da Auto Escola", "texto_original": "http://sapl.bicas.mg.leg.br/media/sapl/public/materialegislativa/2019/1967/90_diego_capina.pdf", "ementa": "Solicito capina na Avenida Bianco e Rua Otaviano Rezende."}, {"id": "1968", "ano": "2019", "numero": "91", "tipo__sigla": "IND", "tipo__descricao": "Indica\u00e7\u00e3o", "autoria": "Diego da Auto Escola", "texto_original": "http://sapl.bicas.mg.leg.br/media/sapl/public/materialegislativa/2019/1968/91_diego_quebra_molas.pdf", "ementa": "Solicito instala\u00e7\u00e3o de quebra molas \u00e0 rua Padre Manoel Pires Pereira(Rua do Olaria) pr\u00f3ximo \u00e0 quadra."}, {"id": "1969", "ano": "2019", "numero": "92", "tipo__sigla": "IND", "tipo__descricao": "Indica\u00e7\u00e3o", "autoria": "Rafael Aquino", "texto_original": "http://sapl.bicas.mg.leg.br/media/sapl/public/materialegislativa/2019/1969/92_rafael_cameras_de_seguranca.pdf", "ementa": "Pela presente indica\u00e7\u00e3o, solicito que sejam providenciadas a coloca\u00e7\u00e3o de C\u00e2meras de seguran\u00e7a em todos os pr\u00e9dios p\u00fablicos, bem como no portal de entrada da cidade."}, {"id": "1970", "ano": "2019", "numero": "93", "tipo__sigla": "IND", "tipo__descricao": "Indica\u00e7\u00e3o", "autoria": "Isaias ", "texto_original": "http://sapl.bicas.mg.leg.br/media/sapl/public/materialegislativa/2019/1970/93_isaias_placa_de_sinalizacao.pdf", "ementa": "Pela presente indica\u00e7\u00e3o, solicito que seja providenciada a coloca\u00e7\u00e3o da placa de sinaliza\u00e7\u00e3o de ponto de \u00f4nibus em frente ao \u201cTabuleiro da Baiana\u201dna Rua Coronel Souza, n\u00ba21. Solicito, inclusive, que seja refeita a pintura da faixa cont\u00ednua naquele local."}, {"id": "1971", "ano": "2019", "numero": "94", "tipo__sigla": "IND", "tipo__descricao": "Indica\u00e7\u00e3o", "autoria": "Denisy Dur\u00e3o", "texto_original": "http://sapl.bicas.mg.leg.br/media/", "ementa": "A Vereadora que a esta subscreve, requer que ap\u00f3s a tramita\u00e7\u00e3o regimental, seja encaminhada a mat\u00e9ria em ep\u00edgrafe e a seguir discriminada:\r\nSolicito ao Executivo para que viabilize junto as suas Secret\u00e1ria pertinentes projetos com aulas gratuitas de t\u00e9cnicas de defesa pessoal para mulheres."}, {"id": "1999", "ano": "2019", "numero": "95", "tipo__sigla": "IND", "tipo__descricao": "Indica\u00e7\u00e3o", "autoria": "Rafael Aquino", "texto_original": "http://sapl.bicas.mg.leg.br/media/sapl/public/materialegislativa/2019/1999/95_rafael_melhorias_pista_de_skate.pdf", "ementa": "Pela presente indica\u00e7\u00e3o, solicito da Secretaria de Obras que providencie a coloca\u00e7\u00e3o de lata de lixo e melhorias na pista de skate localizada no parque dos ferrovi\u00e1rios."}, {"id": "2000", "ano": "2019", "numero": "96", "tipo__sigla": "IND", "tipo__descricao": "Indica\u00e7\u00e3o", "autoria": "Rafael Aquino", "texto_original": "http://sapl.bicas.mg.leg.br/media/sapl/public/materialegislativa/2019/2000/96_rafael_melhorias_campo_socyte.pdf", "ementa": "Pela presente indica\u00e7\u00e3o, solicito da Secretaria de Obras que providencie a manuten\u00e7\u00e3o e melhorias do campo socyte localizado no Parque dos Ferrovi\u00e1rios."}, {"id": "2001", "ano": "2019", "numero": "97", "tipo__sigla": "IND", "tipo__descricao": "Indica\u00e7\u00e3o", "autoria": "Denisy Dur\u00e3o", "texto_original": "http://sapl.bicas.mg.leg.br/media/sapl/public/materialegislativa/2019/2001/97_denisy_lluis_marocco.pdf", "ementa": "Requeiro ao Executivo que seja resgatada a denomina\u00e7\u00e3o atribu\u00edda \u201cCel Luiz Marocco\u201d ao im\u00f3vel, hoje pertencente ao patrim\u00f4nio municipal, localizado no povoado de S\u00e3o Manoel onde funcionou a Escola Estadual Cel Luiz Marocco depois municipalizada."}, {"id": "2002", "ano": "2019", "numero": "98", "tipo__sigla": "IND", "tipo__descricao": "Indica\u00e7\u00e3o", "autoria": "Diego da Auto Escola", "texto_original": "http://sapl.bicas.mg.leg.br/media/sapl/public/materialegislativa/2019/2002/98_diego_-_calcada_luiz_ferrari.pdf", "ementa": "Solicito a pavimenta\u00e7\u00e3o da cal\u00e7ada que passa pelo antigo leito ferrovi\u00e1rio \u00e0 rua Luiz Ferrari."}, {"id": "2003", "ano": "2019", "numero": "99", "tipo__sigla": "IND", "tipo__descricao": "Indica\u00e7\u00e3o", "autoria": "Diego da Auto Escola", "texto_original": "http://sapl.bicas.mg.leg.br/media/sapl/public/materialegislativa/2019/2003/99_diego_-_guard_rail_estadual.pdf", "ementa": "Solicito ao Prefeito Municipal, que coloque guardrail na liga\u00e7\u00e3o da rua Prefeito Oliveira Souza com a Dr. Melo Viana, na esquina do col\u00e9gio estadual."}, {"id": "2004", "ano": "2019", "numero": "100", "tipo__sigla": "IND", "tipo__descricao": "Indica\u00e7\u00e3o", "autoria": "Rafael Aquino", "texto_original": "http://sapl.bicas.mg.leg.br/media/sapl/public/materialegislativa/2019/2004/100_rafael_equipamentos_dengue.pdf", "ementa": "Pela presente indica\u00e7\u00e3o, solicito da Secretaria de Obras que providencie a aquisi\u00e7\u00e3o de carretinha ou adapta\u00e7\u00e3o no carro da vigil\u00e2ncia epidemiol\u00f3gica para transporte de produtos qu\u00edmicos e equipamento de fumac\u00ea costal.\r\nSolicito ainda da Administra\u00e7\u00e3o Municipal, que disponibilize exame regular de Colinesterase para os agentes epidemiol\u00f3gicos."}, {"id": "2005", "ano": "2019", "numero": "101", "tipo__sigla": "IND", "tipo__descricao": "Indica\u00e7\u00e3o", "autoria": "Joel Mil\u00e3o do Cemit\u00e9rio", "texto_original": "http://sapl.bicas.mg.leg.br/media/sapl/public/materialegislativa/2019/2005/101_joel_reuniao_correio.pdf", "ementa": "Solicito \u00e0 mesa diretora que  promova reuni\u00e3o entre os vereadores, Dire\u00e7\u00e3o dos Correios e Prefeitura para discutir sobre a entrega de correspond\u00eancias em nossa cidade."}, {"id": "2006", "ano": "2019", "numero": "102", "tipo__sigla": "IND", "tipo__descricao": "Indica\u00e7\u00e3o", "autoria": "Joel Mil\u00e3o do Cemit\u00e9rio", "texto_original": "http://sapl.bicas.mg.leg.br/media/sapl/public/materialegislativa/2019/2006/102_joel_meio_fio.pdf", "ementa": "Que seja reparado o meio fio \u00e0 Rua Santa F\u00e9, pr\u00f3ximo ao n\u00famero 205."}, {"id": "2007", "ano": "2019", "numero": "103", "tipo__sigla": "IND", "tipo__descricao": "Indica\u00e7\u00e3o", "autoria": "Joel Mil\u00e3o do Cemit\u00e9rio", "texto_original": "http://sapl.bicas.mg.leg.br/media/sapl/public/materialegislativa/2019/2007/103_joel_fiscalizacao.pdf", "ementa": "Solicito que a fiscaliza\u00e7\u00e3o de posturas apure e tome as devidas provid\u00eancias quanto ao ac\u00famulo de lixo na rua Prefeito Oliveira Souza, em frente ao n\u00famero 806."}, {"id": "2008", "ano": "2019", "numero": "104", "tipo__sigla": "IND", "tipo__descricao": "Indica\u00e7\u00e3o", "autoria": "Loro", "texto_original": "http://sapl.bicas.mg.leg.br/media/sapl/public/materialegislativa/2019/2008/104_loro_agua_santa.pdf", "ementa": "Solicito ao Prefeito Municipal que, atrav\u00e9s da Secretaria de Meio Ambiente, tome provid\u00eancias imediatas em rela\u00e7\u00e3o ao descarte indiscriminado de lixo na estrada rural que liga Juiz de Fora ao Santu\u00e1rio Ecol\u00f3gico da \u00c1gua Santa."}, {"id": "2009", "ano": "2019", "numero": "105", "tipo__sigla": "IND", "tipo__descricao": "Indica\u00e7\u00e3o", "autoria": "Rafael Aquino", "texto_original": "http://sapl.bicas.mg.leg.br/media/sapl/public/materialegislativa/2019/2009/105_rafael_crescer.pdf", "ementa": "Pela presente indica\u00e7\u00e3o, solicito da Secretaria de Educa\u00e7\u00e3o conjuntamente com a Secretaria de sa\u00fade, que proceda a Ades\u00e3o do Munic\u00edpio ao Programa Crescer Saud\u00e1vel."}, {"id": "2010", "ano": "2019", "numero": "106", "tipo__sigla": "IND", "tipo__descricao": "Indica\u00e7\u00e3o", "autoria": "Rafael Aquino", "texto_original": "http://sapl.bicas.mg.leg.br/media/sapl/public/materialegislativa/2019/2010/106_rafael_lona_barracas.pdf", "ementa": "Pela presente indica\u00e7\u00e3o, solicito da Secretaria de Desenvolvimento e Turismo, a aquisi\u00e7\u00e3o de novas lonas para as barracas existentes da feirinha de s\u00e1bado, bem como aquisi\u00e7\u00e3o de mais barracas.\r\n\r\nSolicito ainda que seja estudada a possibilidade de disponibiliza\u00e7\u00e3o de local e dia para que os feirantes e/ou artes\u00e3os, possam expor seus produtos na parte alta de nossa cidade."}, {"id": "2011", "ano": "2019", "numero": "107", "tipo__sigla": "IND", "tipo__descricao": "Indica\u00e7\u00e3o", "autoria": "Joel Mil\u00e3o do Cemit\u00e9rio", "texto_original": "http://sapl.bicas.mg.leg.br/media/sapl/public/materialegislativa/2019/2011/107_joel_funcionamento_do_cemiterio.pdf", "ementa": "Solicito ao executivo municipal que emita regulamenta\u00e7\u00e3o de hor\u00e1rio de funcionamento e uso do cemit\u00e9rio municipal e capelas mortu\u00e1rias."}, {"id": "2021", "ano": "2019", "numero": "108", "tipo__sigla": "IND", "tipo__descricao": "Indica\u00e7\u00e3o", "autoria": "Joel Mil\u00e3o do Cemit\u00e9rio", "texto_original": "http://sapl.bicas.mg.leg.br/media/sapl/public/materialegislativa/2019/2021/108_joel_tomadas_cemiterio.pdf", "ementa": "Solicito ao executivo municipal que instale mais tomadas el\u00e9tricas no cemit\u00e9rio municipal."}, {"id": "2022", "ano": "2019", "numero": "109", "tipo__sigla": "IND", "tipo__descricao": "Indica\u00e7\u00e3o", "autoria": "Joel Mil\u00e3o do Cemit\u00e9rio", "texto_original": "http://sapl.bicas.mg.leg.br/media/sapl/public/materialegislativa/2019/2022/109_joel_tapa_buraco.pdf", "ementa": "Solicito ao executivo municipal que realize reparos no cal\u00e7amento da rua Dona Miquelina, causados pelas placas tempor\u00e1rias afixadas pela prefeitura durante a \u00faltima Expo-Bicas."}, {"id": "2023", "ano": "2019", "numero": "110", "tipo__sigla": "IND", "tipo__descricao": "Indica\u00e7\u00e3o", "autoria": "Joel Mil\u00e3o do Cemit\u00e9rio", "texto_original": "http://sapl.bicas.mg.leg.br/media/sapl/public/materialegislativa/2019/2023/110_joel_tapa_buraco_ii.pdf", "ementa": "Solicito ao executivo municipal que tape os buracos em frente \u00e0 oficina do Tanauza, em frente ao restaurante do Daniel Amaral e em frente \u00e0 Casa de Carnes do Gustavo."}, {"id": "2024", "ano": "2019", "numero": "111", "tipo__sigla": "IND", "tipo__descricao": "Indica\u00e7\u00e3o", "autoria": "Diego da Auto Escola", "texto_original": "http://sapl.bicas.mg.leg.br/media/", "ementa": "Solicito ao Prefeito Municipal, que fa\u00e7a realizar a renumera\u00e7\u00e3o das Casas da Avenida do Contorno Dalton Curzio."}, {"id": "2025", "ano": "2019", "numero": "112", "tipo__sigla": "IND", "tipo__descricao": "Indica\u00e7\u00e3o", "autoria": "Diego da Auto Escola", "texto_original": "http://sapl.bicas.mg.leg.br/media/sapl/public/materialegislativa/2019/2025/112_diego_capina_av_contorno.pdf", "ementa": "Solicito ao Prefeito Municipal, que fa\u00e7a capina na Avenida do Contorno Dalton Curzio e da Rua 8 de mar\u00e7o."}, {"id": "2026", "ano": "2019", "numero": "113", "tipo__sigla": "IND", "tipo__descricao": "Indica\u00e7\u00e3o", "autoria": "Diego da Auto Escola", "texto_original": "http://sapl.bicas.mg.leg.br/media/sapl/public/materialegislativa/2019/2026/113_diego_mais_varredores.pdf", "ementa": "Solicito ao Prefeito Municipal, que amplie o quadro de varredores de rua."}, {"id": "2027", "ano": "2019", "numero": "114", "tipo__sigla": "IND", "tipo__descricao": "Indica\u00e7\u00e3o", "autoria": "Rafael Aquino", "texto_original": "http://sapl.bicas.mg.leg.br/media/sapl/public/materialegislativa/2019/2027/114_rafael_entulho_anselmo_colace.pdf", "ementa": "Pela presente indica\u00e7\u00e3o, solicito da Secretaria de Obras, que providencie a retirada de entulho localizado na Rua Anselmo Colace"}, {"id": "2036", "ano": "2019", "numero": "115", "tipo__sigla": "IND", "tipo__descricao": "Indica\u00e7\u00e3o", "autoria": "Denisy Dur\u00e3o", "texto_original": "http://sapl.bicas.mg.leg.br/media/sapl/public/materialegislativa/2019/2036/115_denisy_limpeza_corrego.pdf", "ementa": "Pela presente indica\u00e7\u00e3o, solicito da Secretaria de Obras, que providencie a limpeza do c\u00f3rrego no centro da cidade, principalmente no trecho perto do Col\u00e9gio Coronel Souza."}, {"id": "2037", "ano": "2019", "numero": "116", "tipo__sigla": "IND", "tipo__descricao": "Indica\u00e7\u00e3o", "autoria": "Joel Mil\u00e3o do Cemit\u00e9rio", "texto_original": "http://sapl.bicas.mg.leg.br/media/", "ementa": "Solicito ao executivo municipal que cuide do cal\u00e7amento e da limpeza das ruas do Bairro Gilson Lamha, que se encontra em grande estado de abandono. Al\u00e9m disso que regularize a situa\u00e7\u00e3o das servid\u00f5es."}, {"id": "2038", "ano": "2019", "numero": "117", "tipo__sigla": "IND", "tipo__descricao": "Indica\u00e7\u00e3o", "autoria": "Joel Mil\u00e3o do Cemit\u00e9rio", "texto_original": "http://sapl.bicas.mg.leg.br/media/sapl/public/materialegislativa/2019/2038/117_joel_francisco_sales.pdf", "ementa": "Solicito ao executivo municipal que remova entulho presente em dois pontos do in\u00edcio da rua Coronel Francisco Sales."}, {"id": "2039", "ano": "2019", "numero": "118", "tipo__sigla": "IND", "tipo__descricao": "Indica\u00e7\u00e3o", "autoria": "Joel Mil\u00e3o do Cemit\u00e9rio", "texto_original": "http://sapl.bicas.mg.leg.br/media/sapl/public/materialegislativa/2019/2039/118__joel_bueiro_joao_batista.pdf", "ementa": "Solicito ao executivo municipal que troque de lugar o bueiro \u00e0 rua Jo\u00e3o Batista Silva"}, {"id": "2040", "ano": "2019", "numero": "119", "tipo__sigla": "IND", "tipo__descricao": "Indica\u00e7\u00e3o", "autoria": "Joel Mil\u00e3o do Cemit\u00e9rio", "texto_original": "http://sapl.bicas.mg.leg.br/media/sapl/public/materialegislativa/2019/2040/119_joel_quebra_molas_francisco_gonccalves.pdf", "ementa": "Solicito ao executivo municipal que instale redutor de velocidade (quebra-molas) \u00e0 Rua Francisco Gon\u00e7alves."}, {"id": "2041", "ano": "2019", "numero": "120", "tipo__sigla": "IND", "tipo__descricao": "Indica\u00e7\u00e3o", "autoria": "Joel Mil\u00e3o do Cemit\u00e9rio", "texto_original": "http://sapl.bicas.mg.leg.br/media/sapl/public/materialegislativa/2019/2041/120_joel_-_rua_jorge_salomao.pdf", "ementa": "Solicito ao executivo municipal que retire o monte de terra que obstrui parcialmente a rua Jorge Salom\u00e3o no bairro Santa Terezinha."}, {"id": "2042", "ano": "2019", "numero": "121", "tipo__sigla": "IND", "tipo__descricao": "Indica\u00e7\u00e3o", "autoria": "Diego da Auto Escola", "texto_original": "http://sapl.bicas.mg.leg.br/media/sapl/public/materialegislativa/2019/2042/121_diego_-_capacitacao.pdf", "ementa": "Solicito ao Prefeito Municipal, que viabilize a participa\u00e7\u00e3o dos profissionais da educa\u00e7\u00e3o que lidam com crian\u00e7as com transtorno do espectro autista no curso: \u201cAutismo na Escola: um jeito diferente de aprender, um jeito diferente de ensinar\u201d, promovido pela Agrega."}, {"id": "2043", "ano": "2019", "numero": "122", "tipo__sigla": "IND", "tipo__descricao": "Indica\u00e7\u00e3o", "autoria": "Loro", "texto_original": "http://sapl.bicas.mg.leg.br/media/sapl/public/materialegislativa/2019/2043/122_loro_terrenos_gilson_lamha.pdf", "ementa": "Solicito ao Prefeito Municipal que, atrav\u00e9s das secretarias competentes, providencie o imediato levantamento sobre os im\u00f3veis em estado de abandono no Bairro Gilson Lamha, fa\u00e7a a devida desapropria\u00e7\u00e3o dos mesmos, se for o caso, e, sobretudo, que providencie a limpeza dos mesmos nos termos do que preconiza a Lei Municipal n\u00ba 1.696/2014."}, {"id": "2044", "ano": "2019", "numero": "123", "tipo__sigla": "IND", "tipo__descricao": "Indica\u00e7\u00e3o", "autoria": "Isaias ", "texto_original": "http://sapl.bicas.mg.leg.br/media/sapl/public/materialegislativa/2019/2044/123_isaias_-_limpeza.pdf", "ementa": "Solicito ao Excelent\u00edssimo Senhor Prefeito que, atrav\u00e9s da secretaria competente, providencie a limpeza do terreno do antigo DER localizado ao fim da Avenida Governador Valadares."}, {"id": "2054", "ano": "2019", "numero": "124", "tipo__sigla": "IND", "tipo__descricao": "Indica\u00e7\u00e3o", "autoria": "Joel Mil\u00e3o do Cemit\u00e9rio", "texto_original": "http://sapl.bicas.mg.leg.br/media/sapl/public/materialegislativa/2019/2054/124_joel_-_exame_dengue.pdf", "ementa": "Solicito ao executivo municipal que custeie exames de sangue para detec\u00e7\u00e3o do v\u00edrus da dengue nos casos de suspeita de dengue."}, {"id": "2055", "ano": "2019", "numero": "125", "tipo__sigla": "IND", "tipo__descricao": "Indica\u00e7\u00e3o", "autoria": "Joel Mil\u00e3o do Cemit\u00e9rio", "texto_original": "http://sapl.bicas.mg.leg.br/media/sapl/public/materialegislativa/2019/2055/125_joel_-_entulho_rua_g_gilson.pdf", "ementa": "Solicito ao executivo municipal que remova o entulho(monte de terra) \u00e0 Rua G no Bairro Gilson Lamha."}, {"id": "2056", "ano": "2019", "numero": "126", "tipo__sigla": "IND", "tipo__descricao": "Indica\u00e7\u00e3o", "autoria": "Joel Mil\u00e3o do Cemit\u00e9rio", "texto_original": "http://sapl.bicas.mg.leg.br/media/sapl/public/materialegislativa/2019/2056/126_joel_esgoto.pdf", "ementa": "Solicito, novamente, ao executivo municipal que tome medidas para acabar com o esgoto a c\u00e9u aberto na rua G do Bairro Gilson Lamha."}, {"id": "2057", "ano": "2019", "numero": "127", "tipo__sigla": "IND", "tipo__descricao": "Indica\u00e7\u00e3o", "autoria": "Joel Mil\u00e3o do Cemit\u00e9rio", "texto_original": "http://sapl.bicas.mg.leg.br/media/sapl/public/materialegislativa/2019/2057/127_joel_rua_coronel_francisco_sales.pdf", "ementa": "Solicito \u00e0 Prefeitura Municipal que remova entulho \u00e0 Rua Francisco Sales, em frente ao n\u00famero 29."}, {"id": "2058", "ano": "2019", "numero": "128", "tipo__sigla": "IND", "tipo__descricao": "Indica\u00e7\u00e3o", "autoria": "Diego da Auto Escola", "texto_original": "http://sapl.bicas.mg.leg.br/media/sapl/public/materialegislativa/2019/2058/128_diego_rua_primo_rossi.pdf", "ementa": "Solicito ao Prefeito Municipal, que refa\u00e7a o cal\u00e7amento da rua Primo Rossi."}, {"id": "2059", "ano": "2019", "numero": "129", "tipo__sigla": "IND", "tipo__descricao": "Indica\u00e7\u00e3o", "autoria": "Rafael Aquino", "texto_original": "http://sapl.bicas.mg.leg.br/media/sapl/public/materialegislativa/2019/2059/129rafael_aluguel_empresas.pdf", "ementa": "Pela presente indica\u00e7\u00e3o, solicito da Administra\u00e7\u00e3o Municipal, que avalie a possibilidade de extens\u00e3o do prazo do benef\u00edcio previsto na lei 1662/2013, em seu art 2.\u00ba \u00a7 6.\u00ba."}, {"id": "2060", "ano": "2019", "numero": "130", "tipo__sigla": "IND", "tipo__descricao": "Indica\u00e7\u00e3o", "autoria": "Loro", "texto_original": "http://sapl.bicas.mg.leg.br/media/sapl/public/materialegislativa/2019/2060/ind._130_loro.pdf", "ementa": "Solicito ao Prefeito Municipal que, atrav\u00e9s das secretarias competentes, determine a limpeza da Rua Jo\u00e3o Batista da Silva, especialmente nas proximidades do n\u00famero 46."}, {"id": "2061", "ano": "2019", "numero": "131", "tipo__sigla": "IND", "tipo__descricao": "Indica\u00e7\u00e3o", "autoria": "Loro", "texto_original": "http://sapl.bicas.mg.leg.br/media/sapl/public/materialegislativa/2019/2061/ind._131_loro.pdf", "ementa": "Solicito ao Prefeito Municipal que, atrav\u00e9s da fiscaliza\u00e7\u00e3o de posturas, notifique os propriet\u00e1rios e determine a limpeza e o posterior cercamento dos terrenos localizados \u00e0 Rua Jo\u00e3o Batista da Silva em frente \u00e0 resid\u00eancia de n\u00famero 46."}, {"id": "2062", "ano": "2019", "numero": "132", "tipo__sigla": "IND", "tipo__descricao": "Indica\u00e7\u00e3o", "autoria": "Loro", "texto_original": "http://sapl.bicas.mg.leg.br/media/sapl/public/materialegislativa/2019/2062/ind._132_loro.pdf", "ementa": "Solicito ao Prefeito Municipal que, atrav\u00e9s dos \u00f3rg\u00e3os competentes, providencie a coloca\u00e7\u00e3o de redutores de velocidade ao longo da Rua Oleg\u00e1rio Maciel."}, {"id": "2063", "ano": "2019", "numero": "133", "tipo__sigla": "IND", "tipo__descricao": "Indica\u00e7\u00e3o", "autoria": "Diego da Auto Escola", "texto_original": "http://sapl.bicas.mg.leg.br/media/sapl/public/materialegislativa/2019/2063/ind._133_diego.pdf", "ementa": "Solicito ao Prefeito Municipal, que fa\u00e7a limpeza da Rua Ant\u00f4nio de Paula Leoc\u00e1dio."}, {"id": "2067", "ano": "2019", "numero": "134", "tipo__sigla": "IND", "tipo__descricao": "Indica\u00e7\u00e3o", "autoria": "Joel Mil\u00e3o do Cemit\u00e9rio", "texto_original": "http://sapl.bicas.mg.leg.br/media/sapl/public/materialegislativa/2019/2067/134_joel__motoristas.pdf", "ementa": "Solicito ao prefeito municipal que promova reajuste no sal\u00e1rio dos motoristas para adequ\u00e1-lo \u00e0 m\u00e9dia estadual."}, {"id": "2068", "ano": "2019", "numero": "135", "tipo__sigla": "IND", "tipo__descricao": "Indica\u00e7\u00e3o", "autoria": "Joel Mil\u00e3o do Cemit\u00e9rio", "texto_original": "http://sapl.bicas.mg.leg.br/media/sapl/public/materialegislativa/2019/2068/135_joel_creche.pdf", "ementa": "Solicito que seja ofertado \u00e0s crian\u00e7as da creche atividades durante o per\u00edodo de f\u00e9rias escolares."}, {"id": "2069", "ano": "2019", "numero": "136", "tipo__sigla": "IND", "tipo__descricao": "Indica\u00e7\u00e3o", "autoria": "Joel Mil\u00e3o do Cemit\u00e9rio", "texto_original": "http://sapl.bicas.mg.leg.br/media/sapl/public/materialegislativa/2019/2069/136_joel_buraco.pdf", "ementa": "Solicito que seja tapado buraco \u00e0 rua Melo Viana, em frente ao Frango Bar."}, {"id": "2070", "ano": "2019", "numero": "137", "tipo__sigla": "IND", "tipo__descricao": "Indica\u00e7\u00e3o", "autoria": "Joel Mil\u00e3o do Cemit\u00e9rio", "texto_original": "http://sapl.bicas.mg.leg.br/media/sapl/public/materialegislativa/2019/2070/137_joel_terreno_lixo.pdf", "ementa": "Solicito que sejam tomadas provid\u00eancias quanto ao ac\u00famulo de lixo no im\u00f3vel localizado \u00e0 rua Prefeito Oliveira Souza, n\u00ba39 e encaminhe a esta casa explica\u00e7\u00f5es sobre os procedimentos j\u00e1 adotados, caso existam."}, {"id": "2071", "ano": "2019", "numero": "138", "tipo__sigla": "IND", "tipo__descricao": "Indica\u00e7\u00e3o", "autoria": "Diego da Auto Escola", "texto_original": "http://sapl.bicas.mg.leg.br/media/sapl/public/materialegislativa/2019/2071/138_rafael_colonia_de_ferias.pdf", "ementa": "Pela presente indica\u00e7\u00e3o, solicito da Secretaria de Assist\u00eancia Social, que estude a viabilidade de fazer Col\u00f4nia de F\u00e9rias com os jovens das fam\u00edlias cadastradas nos programas sociais."}, {"id": "2072", "ano": "2019", "numero": "139", "tipo__sigla": "IND", "tipo__descricao": "Indica\u00e7\u00e3o", "autoria": "Diego da Auto Escola", "texto_original": "http://sapl.bicas.mg.leg.br/media/sapl/public/materialegislativa/2019/2072/139_diego_jose_varanda.pdf", "ementa": "Solicito ao Prefeito Municipal, que fa\u00e7a o asfaltamento da Rua Jos\u00e9 Varanda no trecho que d\u00e1 acesso ao Campo do Leopoldina."}, {"id": "2085", "ano": "2019", "numero": "140", "tipo__sigla": "IND", "tipo__descricao": "Indica\u00e7\u00e3o", "autoria": "Diego da Auto Escola", "texto_original": "http://sapl.bicas.mg.leg.br/media/sapl/public/materialegislativa/2019/2085/140_diego_balthazar.pdf", "ementa": "Apresento a Vossa Senhoria nos termos regimentais a seguinte indica\u00e7\u00e3o:\r\n\r\n\tQue seja colocado placa identificando a rua Balthazar dos Santos Farias."}, {"id": "2086", "ano": "2019", "numero": "141", "tipo__sigla": "IND", "tipo__descricao": "Indica\u00e7\u00e3o", "autoria": "Joel Mil\u00e3o do Cemit\u00e9rio", "texto_original": "http://sapl.bicas.mg.leg.br/media/sapl/public/materialegislativa/2019/2086/141_joel_lixeira.pdf", "ementa": "Solicito que sejam tomadas provid\u00eancias para resolver o problema do ac\u00famulo de lixo em frente ao pres\u00eddio."}, {"id": "2087", "ano": "2019", "numero": "142", "tipo__sigla": "IND", "tipo__descricao": "Indica\u00e7\u00e3o", "autoria": "Diego da Auto Escola", "texto_original": "http://sapl.bicas.mg.leg.br/media/sapl/public/materialegislativa/2019/2087/142_diego_lampadas_exposicao.pdf", "ementa": "Que seja feita a troca das l\u00e2mpadas do parque de exposi\u00e7\u00f5es"}, {"id": "2089", "ano": "2019", "numero": "143", "tipo__sigla": "IND", "tipo__descricao": "Indica\u00e7\u00e3o", "autoria": "Joel Mil\u00e3o do Cemit\u00e9rio", "texto_original": "http://sapl.bicas.mg.leg.br/media/sapl/public/materialegislativa/2019/2089/143joel_bueiro.pdf", "ementa": "Solicito que seja consertado o bueiro \u00e0 rua Coronel Francisco Sales, em frente \u00e0 casa do Toninho Penchel."}, {"id": "2090", "ano": "2019", "numero": "144", "tipo__sigla": "IND", "tipo__descricao": "Indica\u00e7\u00e3o", "autoria": "Joel Mil\u00e3o do Cemit\u00e9rio", "texto_original": "http://sapl.bicas.mg.leg.br/media/sapl/public/materialegislativa/2019/2090/144_joel_quebra_molas_sao_jorge.pdf", "ementa": "Solicito que seja instalado dispositivo redutor de velocidade \u00e0 Rua S\u00e3o Jorge."}, {"id": "2091", "ano": "2019", "numero": "145", "tipo__sigla": "IND", "tipo__descricao": "Indica\u00e7\u00e3o", "autoria": "Joel Mil\u00e3o do Cemit\u00e9rio", "texto_original": "http://sapl.bicas.mg.leg.br/media/sapl/public/materialegislativa/2019/2091/145_joel_quebra_molas_edgar_moreira.pdf", "ementa": "Solicito que seja reparado o quebra-molas e o cal\u00e7amento \u00e0 rua Prefeito Oliveira Souza, no bairro Edgard Moreira."}, {"id": "2092", "ano": "2019", "numero": "146", "tipo__sigla": "IND", "tipo__descricao": "Indica\u00e7\u00e3o", "autoria": "Joel Mil\u00e3o do Cemit\u00e9rio", "texto_original": "http://sapl.bicas.mg.leg.br/media/sapl/public/materialegislativa/2019/2092/146_joel_mato.pdf", "ementa": "Solicito que seja feita Capina na rua Garcia Passos, em especial pr\u00f3ximo ao n\u00famero 752."}, {"id": "2093", "ano": "2019", "numero": "147", "tipo__sigla": "IND", "tipo__descricao": "Indica\u00e7\u00e3o", "autoria": "Rafael Aquino", "texto_original": "http://sapl.bicas.mg.leg.br/media/sapl/public/materialegislativa/2019/2093/147_rafael_bdmg.pdf", "ementa": "Pela presente indica\u00e7\u00e3o, solicito da Administra\u00e7\u00e3o Municipal, que estude a viabilidade de financiamento junto ao BDMG, atrav\u00e9s de linha de cr\u00e9dito disponibilizado para os munic\u00edpios mineiros, para obras de infraestrutura, mobilidade e drenagem urbana, permitindo assim cal\u00e7amento de ruas e obras necess\u00e1rias para nossa cidade e nossos mun\u00edcipes."}, {"id": "2101", "ano": "2019", "numero": "148", "tipo__sigla": "IND", "tipo__descricao": "Indica\u00e7\u00e3o", "autoria": "Joel Mil\u00e3o do Cemit\u00e9rio", "texto_original": "http://sapl.bicas.mg.leg.br/media/sapl/public/materialegislativa/2019/2101/148_joel_parque_dos_ferroviarios.pdf", "ementa": "Solicito que sejam retirados os brinquedos do parque dos ferrovi\u00e1rios."}, {"id": "2102", "ano": "2019", "numero": "149", "tipo__sigla": "IND", "tipo__descricao": "Indica\u00e7\u00e3o", "autoria": "Joel Mil\u00e3o do Cemit\u00e9rio", "texto_original": "http://sapl.bicas.mg.leg.br/media/sapl/public/materialegislativa/2019/2102/149_joel_joao_pinto_de_castro.pdf", "ementa": "Solicito que seja feito o prolongamento da Rua Jo\u00e3o Pinto de Castro."}, {"id": "2103", "ano": "2019", "numero": "150", "tipo__sigla": "IND", "tipo__descricao": "Indica\u00e7\u00e3o", "autoria": "Joel Mil\u00e3o do Cemit\u00e9rio", "texto_original": "http://sapl.bicas.mg.leg.br/media/sapl/public/materialegislativa/2019/2103/150_joel_entulho.pdf", "ementa": "Solicito que seja feita a retirada de entulho nas ruas: Paulino de Souza Ramos, Prefeito Homero Jos\u00e9 Marques de Souza e Gentil Corr\u00eaa de Almeida."}, {"id": "2104", "ano": "2019", "numero": "151", "tipo__sigla": "IND", "tipo__descricao": "Indica\u00e7\u00e3o", "autoria": "Joel Mil\u00e3o do Cemit\u00e9rio", "texto_original": "http://sapl.bicas.mg.leg.br/media/sapl/public/materialegislativa/2019/2104/151_joel_casa_abandonada.pdf", "ementa": "Solicito que seja feita a limpeza do quintal do im\u00f3vel \u00e0 rua Gentil Corr\u00eaa de Almeida n\u00ba310 e a notifica\u00e7\u00e3o do propriet\u00e1rio."}, {"id": "2105", "ano": "2019", "numero": "152", "tipo__sigla": "IND", "tipo__descricao": "Indica\u00e7\u00e3o", "autoria": "Joel Mil\u00e3o do Cemit\u00e9rio", "texto_original": "http://sapl.bicas.mg.leg.br/media/sapl/public/materialegislativa/2019/2105/152_joel_.pdf", "ementa": "Solicito que seja feita a cal\u00e7ada do pequeno trecho de escadas que liga a rua Melo Viana \u00e0 Prefeito Oliveira Souza."}, {"id": "2106", "ano": "2019", "numero": "153", "tipo__sigla": "IND", "tipo__descricao": "Indica\u00e7\u00e3o", "autoria": "Denisy Dur\u00e3o", "texto_original": "http://sapl.bicas.mg.leg.br/media/sapl/public/materialegislativa/2019/2106/153_denisy_entulho.pdf", "ementa": "Solicito que seja feita a retirada de entulho na rua Prefeito Oliveira Souza em frente a \u201cCasa Petit\u201d e no terreno da subida da rua Melo Viana com acesso tamb\u00e9m na rua Prefeito Oliveira pr\u00f3ximo ao antigo \u201cP\u00f3 de Pedra\u201d."}, {"id": "2107", "ano": "2019", "numero": "154", "tipo__sigla": "IND", "tipo__descricao": "Indica\u00e7\u00e3o", "autoria": "Joel Mil\u00e3o do Cemit\u00e9rio", "texto_original": "http://sapl.bicas.mg.leg.br/media/sapl/public/materialegislativa/2019/2107/154_joel_entulho.pdf", "ementa": "Solicito que seja feita a remo\u00e7\u00e3o de entulho ao fim da Avenida Bras\u00edlia"}, {"id": "2108", "ano": "2019", "numero": "155", "tipo__sigla": "IND", "tipo__descricao": "Indica\u00e7\u00e3o", "autoria": "Rafael Aquino", "texto_original": "http://sapl.bicas.mg.leg.br/media/sapl/public/materialegislativa/2019/2108/155_rafael_jovem_senador.pdf", "ementa": "Pela presente indica\u00e7\u00e3o, solicito que a Secretaria de Educa\u00e7\u00e3o, juntamente com o Col\u00e9gio Estadual, participem do projeto Jovem Senador.\r\n\tSolicito ainda, dado a relev\u00e2ncia do projeto e dos temas anuais, que a iniciativa seja estendida aos col\u00e9gios de nossa cidade, da rede p\u00fablica e privada, para que algumas reda\u00e7\u00f5es sobre o tema de cada ano sejam lidas na entrega do pr\u00eamio Vereador Jos\u00e9 C\u00fagola, da C\u00e2mara Municipal de Bicas."}, {"id": "2109", "ano": "2019", "numero": "156", "tipo__sigla": "IND", "tipo__descricao": "Indica\u00e7\u00e3o", "autoria": "Rafael Aquino", "texto_original": "http://sapl.bicas.mg.leg.br/media/sapl/public/materialegislativa/2019/2109/156_rafael_quadra_santa_helena.pdf", "ementa": "Pela presente indica\u00e7\u00e3o, solicito da Administra\u00e7\u00e3o Municipal, que providencie reparos nos vesti\u00e1rios e na arquibancada da quadra do povoado de Santa Helena."}, {"id": "2111", "ano": "2019", "numero": "157", "tipo__sigla": "IND", "tipo__descricao": "Indica\u00e7\u00e3o", "autoria": "Joel Mil\u00e3o do Cemit\u00e9rio", "texto_original": "http://sapl.bicas.mg.leg.br/media/sapl/public/materialegislativa/2019/2111/157_joel_torre_tv.pdf", "ementa": "Solicito que sejam feitos reparos na torre de transmiss\u00e3o de TV e na \u00e1rea ao seu redor."}, {"id": "2112", "ano": "2019", "numero": "158", "tipo__sigla": "IND", "tipo__descricao": "Indica\u00e7\u00e3o", "autoria": "Diego da Auto Escola", "texto_original": "http://sapl.bicas.mg.leg.br/media/sapl/public/materialegislativa/2019/2112/158_diego_botas_capina.pdf", "ementa": "Que seja distribu\u00edda aos servidores que trabalham na capina botas de prote\u00e7\u00e3o em couro."}, {"id": "2113", "ano": "2019", "numero": "159", "tipo__sigla": "IND", "tipo__descricao": "Indica\u00e7\u00e3o", "autoria": "Rafael Aquino", "texto_original": "http://sapl.bicas.mg.leg.br/media/", "ementa": "Pela presente indica\u00e7\u00e3o, solicito da Secretarias de Turismo e Desenvolvimento econ\u00f4mico, que providencie a revitaliza\u00e7\u00e3o da rodovi\u00e1ria de Bicas."}, {"id": "2114", "ano": "2019", "numero": "160", "tipo__sigla": "IND", "tipo__descricao": "Indica\u00e7\u00e3o", "autoria": "Rafael Aquino", "texto_original": "http://sapl.bicas.mg.leg.br/media/sapl/public/materialegislativa/2019/2114/160_rafael.pdf", "ementa": "Pela presente indica\u00e7\u00e3o, solicito das Secretarias de Turismo e Desenvolvimento econ\u00f4mico, bem como de Cultura, Esporte e Lazer, que enviem programa\u00e7\u00e3o de nossos eventos culturais, esportivos, religiosos e do Bicas Liquida para constar no calend\u00e1rio da Associa\u00e7\u00e3o Mineira de Munic\u00edpios."}, {"id": "2117", "ano": "2019", "numero": "161", "tipo__sigla": "IND", "tipo__descricao": "Indica\u00e7\u00e3o", "autoria": "Diego da Auto Escola", "texto_original": "http://sapl.bicas.mg.leg.br/media/sapl/public/materialegislativa/2019/2117/161_diego_bebdouro_cemiterio.pdf", "ementa": "Que sejam feitos reparos nos bebedouros do Cemit\u00e9rio Municipal."}, {"id": "2118", "ano": "2019", "numero": "162", "tipo__sigla": "IND", "tipo__descricao": "Indica\u00e7\u00e3o", "autoria": "Joel Mil\u00e3o do Cemit\u00e9rio", "texto_original": "http://sapl.bicas.mg.leg.br/media/", "ementa": "Solicito que sejam feitos reparos no pr\u00e9dio da associa\u00e7\u00e3o de moradores do Bairro Gilson Lamha."}, {"id": "2130", "ano": "2019", "numero": "163", "tipo__sigla": "IND", "tipo__descricao": "Indica\u00e7\u00e3o", "autoria": "Joel Mil\u00e3o do Cemit\u00e9rio", "texto_original": "http://sapl.bicas.mg.leg.br/media/sapl/public/materialegislativa/2019/2130/163_joel_academia_popular.pdf", "ementa": "Solicito que o Prefeito Municipal, atrav\u00e9s da secretaria competente, verifique a viabilidade para a constru\u00e7\u00e3o de uma Quadra Poliesportiva e a instala\u00e7\u00e3o de uma academia popular no Bairro Joaquim Florentino."}, {"id": "2131", "ano": "2019", "numero": "164", "tipo__sigla": "IND", "tipo__descricao": "Indica\u00e7\u00e3o", "autoria": "Joel Mil\u00e3o do Cemit\u00e9rio", "texto_original": "http://sapl.bicas.mg.leg.br/media/sapl/public/materialegislativa/2019/2131/164_joel_banheiro_coreto.pdf", "ementa": "Solicito que o Prefeito Municipal, atrav\u00e9s da secretaria competente, providencie reparos no banheiro do coreto, na Pra\u00e7a S\u00e3o Jos\u00e9 de Bicas."}, {"id": "2132", "ano": "2019", "numero": "165", "tipo__sigla": "IND", "tipo__descricao": "Indica\u00e7\u00e3o", "autoria": "Joel Mil\u00e3o do Cemit\u00e9rio", "texto_original": "http://sapl.bicas.mg.leg.br/media/sapl/public/materialegislativa/2019/2132/165_joel_placas.pdf", "ementa": "Solicito que o Prefeito Municipal, atrav\u00e9s da secretaria competente, providencie a retirada de placas localizadas na rua Santa Tereza, em frente ao Bar do Paulinho."}, {"id": "2133", "ano": "2019", "numero": "166", "tipo__sigla": "IND", "tipo__descricao": "Indica\u00e7\u00e3o", "autoria": "Joel Mil\u00e3o do Cemit\u00e9rio", "texto_original": "http://sapl.bicas.mg.leg.br/media/sapl/public/materialegislativa/2019/2133/166_joel__bracos.pdf", "ementa": "Solicito que o Prefeito Municipal, atrav\u00e9s da secretaria competente, providencie a instala\u00e7\u00e3o de dois bra\u00e7os de luz com l\u00e2mpada nos poste localizado na Rua S\u00e3o Jorge, conhecida como \u201cRua do Leil\u00e3o\u201d."}, {"id": "2138", "ano": "2019", "numero": "167", "tipo__sigla": "IND", "tipo__descricao": "Indica\u00e7\u00e3o", "autoria": "Joel Mil\u00e3o do Cemit\u00e9rio", "texto_original": "http://sapl.bicas.mg.leg.br/media/sapl/public/materialegislativa/2019/2138/ind._167_joel.pdf", "ementa": "Solicito que o Prefeito Municipal, atrav\u00e9s da secretaria competente, arrume a quadra de v\u00f4lei do horto, que precisa de reposi\u00e7\u00e3o da areia."}, {"id": "2139", "ano": "2019", "numero": "168", "tipo__sigla": "IND", "tipo__descricao": "Indica\u00e7\u00e3o", "autoria": "Joel Mil\u00e3o do Cemit\u00e9rio", "texto_original": "http://sapl.bicas.mg.leg.br/media/", "ementa": "Solicito que o Prefeito Municipal, atrav\u00e9s da secretaria competente, realize o afastamento da rede el\u00e9trica na rua Jos\u00e9 Francisco C\u00e2ndido da Silva entre os postes 200/3 e 200/4; e na rua Prefeito Oliveira Souza em frente ao n\u00famero 130."}, {"id": "2140", "ano": "2019", "numero": "169", "tipo__sigla": "IND", "tipo__descricao": "Indica\u00e7\u00e3o", "autoria": "Joel Mil\u00e3o do Cemit\u00e9rio", "texto_original": "http://sapl.bicas.mg.leg.br/media/sapl/public/materialegislativa/2019/2140/ind._169_joel.pdf", "ementa": "Solicito que o Prefeito Municipal, atrav\u00e9s da secretaria competente, ofere\u00e7a hidrogin\u00e1stica aos frequentadores dos projetos municipais voltados para a terceira idade."}, {"id": "2141", "ano": "2019", "numero": "170", "tipo__sigla": "IND", "tipo__descricao": "Indica\u00e7\u00e3o", "autoria": "Joel Mil\u00e3o do Cemit\u00e9rio", "texto_original": "http://sapl.bicas.mg.leg.br/media/sapl/public/materialegislativa/2019/2141/ind._170_joel.pdf", "ementa": "Solicito que o Prefeito Municipal, atrav\u00e9s da secretaria competente, construa muro para conter o avan\u00e7o das \u00e1guas do c\u00f3rrego sobre as casas da rua Clarimundo de Oliveira."}, {"id": "2142", "ano": "2019", "numero": "171", "tipo__sigla": "IND", "tipo__descricao": "Indica\u00e7\u00e3o", "autoria": "Joel Mil\u00e3o do Cemit\u00e9rio", "texto_original": "http://sapl.bicas.mg.leg.br/media/sapl/public/materialegislativa/2019/2142/ind._171_joel_1.pdf", "ementa": "Solicito que o Prefeito Municipal, atrav\u00e9s da secretaria competente, retire entulho \u00e0 Avenida do contorno pr\u00f3ximo ao n\u00famero 639."}, {"id": "2144", "ano": "2019", "numero": "172", "tipo__sigla": "IND", "tipo__descricao": "Indica\u00e7\u00e3o", "autoria": "Rafael Aquino", "texto_original": "http://sapl.bicas.mg.leg.br/media/sapl/public/materialegislativa/2019/2144/172_rafael_selo_arte.pdf", "ementa": "Pela presente indica\u00e7\u00e3o, solicito da Secretaria de Turismo e Desenvolvimento Econ\u00f4mico que, conjuntamente, com ACE (Associa\u00e7\u00e3o Comercial e Empresarial) realize uma reuni\u00e3o com os produtores artesanais de Bicas para apresenta\u00e7\u00e3o e orienta\u00e7\u00e3o sobre o selo ARTE."}, {"id": "2145", "ano": "2019", "numero": "173", "tipo__sigla": "IND", "tipo__descricao": "Indica\u00e7\u00e3o", "autoria": "Isaias ", "texto_original": "http://sapl.bicas.mg.leg.br/media/sapl/public/materialegislativa/2019/2145/173_isaias_sistema_cemiterio.pdf", "ementa": "Solicito que o Prefeito Municipal propicie o desenvolvimento de um sistema informatizado para o controle e cadastro de falecidos do cemit\u00e9rio municipal."}, {"id": "2150", "ano": "2019", "numero": "174", "tipo__sigla": "IND", "tipo__descricao": "Indica\u00e7\u00e3o", "autoria": "Rafael Aquino", "texto_original": "http://sapl.bicas.mg.leg.br/media/sapl/public/materialegislativa/2019/2150/ind.__174_rafael.pdf", "ementa": "Pela presente indica\u00e7\u00e3o, solicito da Secretaria de Sa\u00fade que fa\u00e7a contato e cadastre o Munic\u00edpio para utilizar o programa \u201cHOSPEDAGEM SOCIAL\u201d quando necess\u00e1rio for."}, {"id": "2156", "ano": "2019", "numero": "175", "tipo__sigla": "IND", "tipo__descricao": "Indica\u00e7\u00e3o", "autoria": "Diego da Auto Escola", "texto_original": "http://sapl.bicas.mg.leg.br/media/sapl/public/materialegislativa/2019/2156/ind._175_diego.pdf", "ementa": "Que seja colocado guard rail \u00e0 rua Garcia Passos no entroncamento com a rua Alcina Maria Tresse, reiterando as indica\u00e7\u00f5es 37/2017 e 66/2018."}, {"id": "2157", "ano": "2019", "numero": "176", "tipo__sigla": "IND", "tipo__descricao": "Indica\u00e7\u00e3o", "autoria": "Diego da Auto Escola", "texto_original": "http://sapl.bicas.mg.leg.br/media/sapl/public/materialegislativa/2019/2157/ind._176_diego.pdf", "ementa": "Que seja feito o rebaixamento da cal\u00e7ada em frente ao Banco Ita\u00fa na Rua Coronel Souza."}, {"id": "2158", "ano": "2019", "numero": "177", "tipo__sigla": "IND", "tipo__descricao": "Indica\u00e7\u00e3o", "autoria": "Joel Mil\u00e3o do Cemit\u00e9rio", "texto_original": "http://sapl.bicas.mg.leg.br/media/sapl/public/materialegislativa/2019/2158/ind._177_joel.pdf", "ementa": "Solicito que o Prefeito Municipal, atrav\u00e9s da secretaria competente, instale bra\u00e7os de ilumina\u00e7\u00e3o nos dois postes da Rua Valdir de Oliveirae tamb\u00e9m outros dois bra\u00e7os na Rua S\u00e3o Jorge (Rua do Leil\u00e3o.) esquina com  Jair Pereira de Souza."}, {"id": "2159", "ano": "2019", "numero": "178", "tipo__sigla": "IND", "tipo__descricao": "Indica\u00e7\u00e3o", "autoria": "Joel Mil\u00e3o do Cemit\u00e9rio", "texto_original": "http://sapl.bicas.mg.leg.br/media/sapl/public/materialegislativa/2019/2159/ind._178_joel.pdf", "ementa": "Solicito que o Prefeito Municipal, atrav\u00e9s da secretaria competente, fa\u00e7a limpeza do c\u00f3rrego S\u00e3o Jos\u00e9 no trecho atr\u00e1s da quadra da Olaria."}, {"id": "2160", "ano": "2019", "numero": "179", "tipo__sigla": "IND", "tipo__descricao": "Indica\u00e7\u00e3o", "autoria": "Joel Mil\u00e3o do Cemit\u00e9rio", "texto_original": "http://sapl.bicas.mg.leg.br/media/sapl/public/materialegislativa/2019/2160/ind._179_joel.pdf", "ementa": "Solicito ao Prefeito Municipal, atrav\u00e9s da secretaria competente, que as visitas \u00e0s casas de moradores que pleiteam recursos do Pro-reforma sejam acompanhadas por t\u00e9cnico da \u00e1rea de edifica\u00e7\u00f5es/engenharia."}, {"id": "2161", "ano": "2019", "numero": "180", "tipo__sigla": "IND", "tipo__descricao": "Indica\u00e7\u00e3o", "autoria": "Joel Mil\u00e3o do Cemit\u00e9rio", "texto_original": "http://sapl.bicas.mg.leg.br/media/sapl/public/materialegislativa/2019/2161/ind._180_joel.pdf", "ementa": "Solicito ao Prefeito Municipal que construa gavetas no plat\u00f4 mais elevado do cemit\u00e9rio municipal."}, {"id": "2162", "ano": "2019", "numero": "181", "tipo__sigla": "IND", "tipo__descricao": "Indica\u00e7\u00e3o", "autoria": "Joel Mil\u00e3o do Cemit\u00e9rio", "texto_original": "http://sapl.bicas.mg.leg.br/media/sapl/public/materialegislativa/2019/2162/ind._181_joel.pdf", "ementa": "Solicito ao Prefeito Municipal que instale placas com nomes das ruas."}, {"id": "2163", "ano": "2019", "numero": "182", "tipo__sigla": "IND", "tipo__descricao": "Indica\u00e7\u00e3o", "autoria": "Joel Mil\u00e3o do Cemit\u00e9rio", "texto_original": "http://sapl.bicas.mg.leg.br/media/sapl/public/materialegislativa/2019/2163/ind._182_joel.pdf", "ementa": "Solicito ao Prefeito Municipal que estude a viabilidade de equipar os pontos de taxi com banheiros."}, {"id": "2172", "ano": "2019", "numero": "183", "tipo__sigla": "IND", "tipo__descricao": "Indica\u00e7\u00e3o", "autoria": "Tanauza", "texto_original": "http://sapl.bicas.mg.leg.br/media/sapl/public/materialegislativa/2019/2172/ind._183_tanauza.pdf", "ementa": "Que a feira que acontece aos s\u00e1bados na rua dos oper\u00e1rios seja deslocada para a Rua C\u00f4nego Pio."}, {"id": "2173", "ano": "2019", "numero": "184", "tipo__sigla": "IND", "tipo__descricao": "Indica\u00e7\u00e3o", "autoria": "Rafael Aquino", "texto_original": "http://sapl.bicas.mg.leg.br/media/sapl/public/materialegislativa/2019/2173/ind._184_rafael.pdf", "ementa": "Pela presente indica\u00e7\u00e3o, solicito da Administra\u00e7\u00e3o Municipal, atrav\u00e9s da Secretaria de Obras, que providencie constru\u00e7\u00e3o de rede de capta\u00e7\u00e3o de aguas pluviais e rede de esgoto na rua Necesio Silva."}, {"id": "2174", "ano": "2019", "numero": "185", "tipo__sigla": "IND", "tipo__descricao": "Indica\u00e7\u00e3o", "autoria": "Rafael Aquino", "texto_original": "http://sapl.bicas.mg.leg.br/media/sapl/public/materialegislativa/2019/2174/ind._185_rafael.pdf", "ementa": "Pela presente indica\u00e7\u00e3o, solicito da Secretaria de Obras, que produza e instale os chamados \u201c Bueiros Inteligentes\u201d nos bueiros de nossa cidade, iniciando pelas ruas onde tem mais incid\u00eancia de enchentes ocasionados por entupimento dos mesmos."}, {"id": "2176", "ano": "2019", "numero": "186", "tipo__sigla": "IND", "tipo__descricao": "Indica\u00e7\u00e3o", "autoria": "Diego da Auto Escola", "texto_original": "http://sapl.bicas.mg.leg.br/media/sapl/public/materialegislativa/2019/2176/ind._186_diego.pdf", "ementa": "Que seja feito o nivelamento(patrolamento) do trecho que liga a avenida do contorno \u00e0 Rua Ant\u00f4nio Amorim."}, {"id": "2177", "ano": "2019", "numero": "187", "tipo__sigla": "IND", "tipo__descricao": "Indica\u00e7\u00e3o", "autoria": "Isaias ", "texto_original": "http://sapl.bicas.mg.leg.br/media/sapl/public/materialegislativa/2019/2177/ind._187_isaias.pdf", "ementa": "Solicito que o Prefeito Municipal, atrav\u00e9s da secretaria competente, remova o entulho \u00e0 Rua Arthur Bernardes em frente aos n\u00fameros 487 e 611."}, {"id": "2187", "ano": "2019", "numero": "188", "tipo__sigla": "IND", "tipo__descricao": "Indica\u00e7\u00e3o", "autoria": "Loro", "texto_original": "http://sapl.bicas.mg.leg.br/media/sapl/public/materialegislativa/2019/2187/ind._188_loro.pdf", "ementa": "Solicito ao Prefeito Municipal que, atrav\u00e9s dos \u00f3rg\u00e3os competentes, realize interven\u00e7\u00f5es no pr\u00e9dio da farm\u00e1cia popular, quais sejam: manuten\u00e7\u00e3o do ar condicionado, instala\u00e7\u00e3o de grade na porta e toldo na \u00e1rea frontal."}, {"id": "2188", "ano": "2019", "numero": "189", "tipo__sigla": "IND", "tipo__descricao": "Indica\u00e7\u00e3o", "autoria": "Rafael Aquino", "texto_original": "http://sapl.bicas.mg.leg.br/media/sapl/public/materialegislativa/2019/2188/ind._189_rafael.pdf", "ementa": "Pela presente indica\u00e7\u00e3o, solicito da Secretaria de Obras, que providencie a coloca\u00e7\u00e3o de uma lixeira na Pra\u00e7a S\u00e3o Jos\u00e9, pr\u00f3xima ao parquinho."}, {"id": "2189", "ano": "2019", "numero": "190", "tipo__sigla": "IND", "tipo__descricao": "Indica\u00e7\u00e3o", "autoria": "Rafael Aquino", "texto_original": "http://sapl.bicas.mg.leg.br/media/sapl/public/materialegislativa/2019/2189/proposicoes.pdf", "ementa": "Pela presente indica\u00e7\u00e3o, solicito da Administra\u00e7\u00e3o Municipal, atrav\u00e9s da Secretaria de Educa\u00e7\u00e3o, a implanta\u00e7\u00e3o do \u201cPROJETO DE VALORIZA\u00c7\u00c3O DO DOCENTE \u2013 PROFESSORES FASCINANTES \u2013 PR\u00c1TICAS PEDAG\u00d3GICAS BRILHANTES\u201d de autoria da professora VERA L\u00daCIA MARTINS ROSSI."}, {"id": "2190", "ano": "2019", "numero": "191", "tipo__sigla": "IND", "tipo__descricao": "Indica\u00e7\u00e3o", "autoria": "Isaias ", "texto_original": "http://sapl.bicas.mg.leg.br/media/sapl/public/materialegislativa/2019/2190/ind._191_isaias.pdf", "ementa": "Solicito que o Prefeito Municipal, atrav\u00e9s da secretaria competente, fa\u00e7a a limpeza do c\u00f3rrego na Avenida Get\u00falio Vargas nas proximidades da M\u00e1quinas Guarnieri"}, {"id": "2191", "ano": "2019", "numero": "192", "tipo__sigla": "IND", "tipo__descricao": "Indica\u00e7\u00e3o", "autoria": "Isaias ", "texto_original": "http://sapl.bicas.mg.leg.br/media/sapl/public/materialegislativa/2019/2191/ind._192_isaias.pdf", "ementa": "Solicito que o Prefeito Municipal, atrav\u00e9s da secretaria competente, providencie instala\u00e7\u00e3o de redutor de velocidade \u00e0 Rua Morvan Dias Figueiredo, em frente ao n\u00famero 11."}, {"id": "2197", "ano": "2019", "numero": "193", "tipo__sigla": "IND", "tipo__descricao": "Indica\u00e7\u00e3o", "autoria": "Joel Mil\u00e3o do Cemit\u00e9rio", "texto_original": "http://sapl.bicas.mg.leg.br/media/sapl/public/materialegislativa/2019/2197/ind._193_joel.pdf", "ementa": "Solicito ao Prefeito Municipal que fa\u00e7a instalar poste e ilumina\u00e7\u00e3o \u00e0 Rua Maestro Luis Servo de Deus."}, {"id": "2198", "ano": "2019", "numero": "194", "tipo__sigla": "IND", "tipo__descricao": "Indica\u00e7\u00e3o", "autoria": "Rafael Aquino", "texto_original": "http://sapl.bicas.mg.leg.br/media/sapl/public/materialegislativa/2019/2198/ind._194_rafael.pdf", "ementa": "Pela presente indica\u00e7\u00e3o, solicito da Administra\u00e7\u00e3o Municipal, atrav\u00e9s da Secretaria de Turismo e Desenvolvimento Econ\u00f4mico, que providencie a coloca\u00e7\u00e3o de placas indicativas do hor\u00e1rio de funcionamento da \u201cFeirinha de S\u00e1bado\u201d, na Rua Augusto Rossi; a coloca\u00e7\u00e3o de barreiras para separa\u00e7\u00e3o dos usu\u00e1rios com o tr\u00e2nsito, a substitui\u00e7\u00e3o e padroniza\u00e7\u00e3o das lonas e aquisi\u00e7\u00e3o de mais barracas."}, {"id": "2199", "ano": "2019", "numero": "195", "tipo__sigla": "IND", "tipo__descricao": "Indica\u00e7\u00e3o", "autoria": "Rafael Aquino", "texto_original": "http://sapl.bicas.mg.leg.br/media/sapl/public/materialegislativa/2019/2199/ind._195_rafael.pdf", "ementa": "Pela presente indica\u00e7\u00e3o, solicito da Administra\u00e7\u00e3o Municipal, atrav\u00e9s da Secretaria de Obras, a constru\u00e7\u00e3o de vesti\u00e1rios com banheiros na pra\u00e7a do bairro Edgar Moreira."}, {"id": "2200", "ano": "2019", "numero": "196", "tipo__sigla": "IND", "tipo__descricao": "Indica\u00e7\u00e3o", "autoria": "Rafael Aquino", "texto_original": "http://sapl.bicas.mg.leg.br/media/sapl/public/materialegislativa/2019/2200/ind._196_rafael.pdf", "ementa": "Pela presente indica\u00e7\u00e3o, solicito da Secretaria de Educa\u00e7\u00e3o, a disponibiliza\u00e7\u00e3o de transporte para os estudantes que ir\u00e3o fazer a prova do Enem e Pism, e que seja feita a divulga\u00e7\u00e3o da a\u00e7\u00e3o."}, {"id": "2201", "ano": "2019", "numero": "197", "tipo__sigla": "IND", "tipo__descricao": "Indica\u00e7\u00e3o", "autoria": "Isaias ", "texto_original": "http://sapl.bicas.mg.leg.br/media/sapl/public/materialegislativa/2019/2201/ind._197_isaias.pdf", "ementa": "Solicito que o Prefeito Municipal, atrav\u00e9s da secretaria competente, providencie reparos nos brinquedos do parquinho \u00e0 Avenida Governador Valadares(parquinho da Reta)"}, {"id": "2203", "ano": "2019", "numero": "198", "tipo__sigla": "IND", "tipo__descricao": "Indica\u00e7\u00e3o", "autoria": "Loro", "texto_original": "http://sapl.bicas.mg.leg.br/media/sapl/public/materialegislativa/2019/2203/ind.__198_loro.pdf", "ementa": "Solicito ao Prefeito Municipal que, atrav\u00e9s da Secretaria de Meio Ambiente, providencie a poda e retirada de ervas de passarinho da \u00e1rvore localizada \u00e0 Rua  Joaquim Marques de Souza na Cutieira."}, {"id": "2204", "ano": "2019", "numero": "199", "tipo__sigla": "IND", "tipo__descricao": "Indica\u00e7\u00e3o", "autoria": "Rafael Aquino", "texto_original": "http://sapl.bicas.mg.leg.br/media/sapl/public/materialegislativa/2019/2204/ind._199_rafael.pdf", "ementa": "Pela presente indica\u00e7\u00e3o, solicito da Administra\u00e7\u00e3o Municipal, que providencie para que o Munic\u00edpio d\u00ea a utiliza\u00e7\u00e3o de todos os bens p\u00fablicos im\u00f3veis que est\u00e3o sem utilidade."}, {"id": "2205", "ano": "2019", "numero": "200", "tipo__sigla": "IND", "tipo__descricao": "Indica\u00e7\u00e3o", "autoria": "Rafael Aquino", "texto_original": "http://sapl.bicas.mg.leg.br/media/sapl/public/materialegislativa/2019/2205/ind._200_rafael.pdf", "ementa": "Pela presente indica\u00e7\u00e3o, solicito da Secretaria de Educa\u00e7\u00e3o, que providencie a inclus\u00e3o de todas as escolas municipais no projeto \u201cPapai Noel dos Correios\u201d."}, {"id": "2206", "ano": "2019", "numero": "201", "tipo__sigla": "IND", "tipo__descricao": "Indica\u00e7\u00e3o", "autoria": "Tanauza", "texto_original": "http://sapl.bicas.mg.leg.br/media/sapl/public/materialegislativa/2019/2206/ind._201_tanauza.pdf", "ementa": "Solicito ao Prefeito Municipal que fa\u00e7a instalar poste e ilumina\u00e7\u00e3o \u00e0 Rua S\u00e3o Manoel 6B, localizada no Bairro S\u00e3o Manoel."}, {"id": "2214", "ano": "2019", "numero": "208", "tipo__sigla": "IND", "tipo__descricao": "Indica\u00e7\u00e3o", "autoria": "Diego da Auto Escola", "texto_original": "http://sapl.bicas.mg.leg.br/media/sapl/public/materialegislativa/2019/2214/ind._208_diego.pdf", "ementa": "Solicito que o Prefeito Municipal, atrav\u00e9s da secretaria competente, providencie instala\u00e7\u00e3o de redutor de velocidade \u00e0 Rua Artur Bernardes, pr\u00f3ximo ao n\u00famero 120."}, {"id": "2215", "ano": "2019", "numero": "209", "tipo__sigla": "IND", "tipo__descricao": "Indica\u00e7\u00e3o", "autoria": "Joel Mil\u00e3o do Cemit\u00e9rio", "texto_original": "http://sapl.bicas.mg.leg.br/media/", "ementa": "Solicito que o Prefeito Municipal, atrav\u00e9s da secretaria competente, estude a possibilidade de construir rampa de acessibilidade nas escolas."}, {"id": "2216", "ano": "2019", "numero": "210", "tipo__sigla": "IND", "tipo__descricao": "Indica\u00e7\u00e3o", "autoria": "Diego da Auto Escola", "texto_original": "http://sapl.bicas.mg.leg.br/media/sapl/public/materialegislativa/2019/2216/ind._210_diego.pdf", "ementa": "Solicito que o Prefeito Municipal, atrav\u00e9s da secretaria competente, providencie instala\u00e7\u00e3o de uma cisterna para os moradores do Povoado de Santa Helena."}, {"id": "2217", "ano": "2019", "numero": "211", "tipo__sigla": "IND", "tipo__descricao": "Indica\u00e7\u00e3o", "autoria": "Joel Mil\u00e3o do Cemit\u00e9rio", "texto_original": "http://sapl.bicas.mg.leg.br/media/sapl/public/materialegislativa/2019/2217/ind._211_joel.pdf", "ementa": "Solicito que o Prefeito Municipal, atrav\u00e9s da secretaria competente, providencie a devida manuten\u00e7\u00e3o e reparos dos aparelhos de fisioterapia."}, {"id": "2218", "ano": "2019", "numero": "212", "tipo__sigla": "IND", "tipo__descricao": "Indica\u00e7\u00e3o", "autoria": "Joel Mil\u00e3o do Cemit\u00e9rio", "texto_original": "http://sapl.bicas.mg.leg.br/media/sapl/public/materialegislativa/2019/2218/ind._212_joel.pdf", "ementa": "Solicito que o Prefeito Municipal, atrav\u00e9s da secretaria competente, providencie a retirada de entulho em todo o bairro Gilson Lamha."}, {"id": "2219", "ano": "2019", "numero": "213", "tipo__sigla": "IND", "tipo__descricao": "Indica\u00e7\u00e3o", "autoria": "Joel Mil\u00e3o do Cemit\u00e9rio", "texto_original": "http://sapl.bicas.mg.leg.br/media/sapl/public/materialegislativa/2019/2219/ind._213_joel.pdf", "ementa": "Solicito que o Prefeito Municipal, atrav\u00e9s da secretaria competente, avalie a situa\u00e7\u00e3o das \u00e1rvores ao final da Avenida Governador Valadares e proceda a supress\u00e3o, poda ou outro procedimento adequado."}, {"id": "2220", "ano": "2019", "numero": "214", "tipo__sigla": "IND", "tipo__descricao": "Indica\u00e7\u00e3o", "autoria": "Joel Mil\u00e3o do Cemit\u00e9rio", "texto_original": "http://sapl.bicas.mg.leg.br/media/sapl/public/materialegislativa/2019/2220/ind._214_joel.pdf", "ementa": "Solicito que o Prefeito Municipal, atrav\u00e9s da secretaria competente, viabilize a doa\u00e7\u00e3o de material para constru\u00e7\u00e3o de trecho de muro do pres\u00eddio."}, {"id": "2221", "ano": "2019", "numero": "215", "tipo__sigla": "IND", "tipo__descricao": "Indica\u00e7\u00e3o", "autoria": "Rafael Aquino", "texto_original": "http://sapl.bicas.mg.leg.br/media/sapl/public/materialegislativa/2019/2221/ind._125_rafael.pdf", "ementa": "Pela presente indica\u00e7\u00e3o, solicito da Administra\u00e7\u00e3o Municipal, atrav\u00e9s da Secretaria de Assist\u00eancia Social, inscreva o munic\u00edpio no Programa Vida Saud\u00e1vel, na Modalidade Estrat\u00e9gia Brasil Amigo da Pessoa Idosa."}, {"id": "2227", "ano": "2019", "numero": "216", "tipo__sigla": "IND", "tipo__descricao": "Indica\u00e7\u00e3o", "autoria": "Joel Mil\u00e3o do Cemit\u00e9rio", "texto_original": "http://sapl.bicas.mg.leg.br/media/sapl/public/materialegislativa/2019/2227/ind._216_joel.pdf", "ementa": "Solicito que o Prefeito Municipal, atrav\u00e9s da secretaria competente, aumente o bueiro \u00e0 Avenida Maria Silva Ramos, ao lado do dep\u00f3sito de g\u00e1s."}, {"id": "2228", "ano": "2019", "numero": "217", "tipo__sigla": "IND", "tipo__descricao": "Indica\u00e7\u00e3o", "autoria": "Joel Mil\u00e3o do Cemit\u00e9rio", "texto_original": "http://sapl.bicas.mg.leg.br/media/sapl/public/materialegislativa/2019/2228/ind._217_joel.pdf", "ementa": "Solicito que o Prefeito Municipal, atrav\u00e9s da secretaria competente, realize vistorias nas ruas de nossa cidade para verificar o nivelamento das mesmas."}, {"id": "2229", "ano": "2019", "numero": "218", "tipo__sigla": "IND", "tipo__descricao": "Indica\u00e7\u00e3o", "autoria": "Rafael Aquino", "texto_original": "http://sapl.bicas.mg.leg.br/media/sapl/public/materialegislativa/2019/2229/ind._218_rafael.pdf", "ementa": "Pela presente indica\u00e7\u00e3o, solicito da Secretaria de Sa\u00fade, que disponibilize transporte para os interessados a doar sangue no Hemominas em Juiz de Fora."}, {"id": "2230", "ano": "2019", "numero": "219", "tipo__sigla": "IND", "tipo__descricao": "Indica\u00e7\u00e3o", "autoria": "Tanauza", "texto_original": "http://sapl.bicas.mg.leg.br/media/sapl/public/materialegislativa/2019/2230/ind._219_tanauza.pdf", "ementa": "Solicito ao Prefeito Municipal que fa\u00e7a instalar 3 postes e ilumina\u00e7\u00e3o \u00e0 Rua Clarinda Pereira de Oliveira, no Bairro Souza Mattos."}, {"id": "1902", "ano": "2019", "numero": "1", "tipo__sigla": "MOC", "tipo__descricao": "Mo\u00e7\u00e3o", "autoria": "Diego da Auto Escola", "texto_original": "http://sapl.bicas.mg.leg.br/media/sapl/public/materialegislativa/2019/1902/moc1_-_diego_-_solidariedade_brumadinho.docx", "ementa": "Apresento a V.Exa., nos termos do art. 182 do Regimento Interno, a presente Mo\u00e7\u00e3o de Solidariedadea ser encaminhada ao munic\u00edpio de Brumadinho/MG pela trag\u00e9dia do rompimento da barragem da Mina C\u00f3rrego do Feij\u00e3o"}, {"id": "1914", "ano": "2019", "numero": "2", "tipo__sigla": "MOC", "tipo__descricao": "Mo\u00e7\u00e3o", "autoria": "Tiago Enfermeiro", "texto_original": "http://sapl.bicas.mg.leg.br/media/sapl/public/materialegislativa/2019/1914/moc2_-_tiago_-_aplausos.pdf", "ementa": "Pela presente indica\u00e7\u00e3o, solicito da Secretaria de Assist\u00eancia Social a viabilidade de oferta de curso de Libras para a popula\u00e7\u00e3o, bem como da Secretaria de Educa\u00e7\u00e3o, ofertar o curso para os professores que se interessarem e/ou que possu\u00edrem alunos com defici\u00eancia auditiva."}, {"id": "1915", "ano": "2019", "numero": "3", "tipo__sigla": "MOC", "tipo__descricao": "Mo\u00e7\u00e3o", "autoria": "Rafael Aquino", "texto_original": "http://sapl.bicas.mg.leg.br/media/sapl/public/materialegislativa/2019/1915/moc3-_rafael_-_repudio.pdf", "ementa": "Apresento a V.Exa., nos termos do art. 182 do Regimento Interno, a presente Mo\u00e7\u00e3o de Rep\u00fadio  ao Projeto de Lei n\u00ba 368/2019\t que Disp\u00f5e sobre a extin\u00e7\u00e3o da Escola de Sa\u00fade P\u00fablica do Estado (ESP-MG) e sua incorpora\u00e7\u00e3o \u00e0 estrutura da Secretaria de Estado de Sa\u00fade (SES-MG), para ser enviada a Assembleia Legislativa de Minas Gerais"}, {"id": "1924", "ano": "2019", "numero": "4", "tipo__sigla": "MOC", "tipo__descricao": "Mo\u00e7\u00e3o", "autoria": "Tiago Enfermeiro", "texto_original": "http://sapl.bicas.mg.leg.br/media/sapl/public/materialegislativa/2019/1924/moc4_-_tiago__aplausos_wagner_rosario.pdf", "ementa": "Apresento a V.Exa., nos termos do art. 182 do Regimento Interno, a presente Mo\u00e7\u00e3o de Aplausosa ser encaminhada Exmo. Sr. Ministro da Controladoria Geral da Uni\u00e3o Wagner de Campos Ros\u00e1rio."}, {"id": "1925", "ano": "2019", "numero": "5", "tipo__sigla": "MOC", "tipo__descricao": "Mo\u00e7\u00e3o", "autoria": "Rafael Aquino", "texto_original": "http://sapl.bicas.mg.leg.br/media/sapl/public/materialegislativa/2019/1925/moc5-_rafael_-_mocao_de_apoio.pdf", "ementa": "Apresento a V.Exa., nos termos do art. 182 do Regimento Interno, a presente Mo\u00e7\u00e3o de Aplausosa ser encaminhada Exmo. Sr. Ministro da Controladoria Geral da Uni\u00e3o Wagner de Campos Ros\u00e1rio."}, {"id": "1946", "ano": "2019", "numero": "6", "tipo__sigla": "MOC", "tipo__descricao": "Mo\u00e7\u00e3o", "autoria": "Loro", "texto_original": "http://sapl.bicas.mg.leg.br/media/sapl/public/materialegislativa/2019/1946/mocao_6_loro.pdf", "ementa": "Apresento a V.Exa., nos termos do art. 182 do Regimento Interno, a presente Mo\u00e7\u00e3o de Aplausos a ser encaminhada ao 3\u00ba Sargento Marcos Arruda por sua atua\u00e7\u00e3o no resgate \u00e0s v\u00edtimas da trag\u00e9dia de Brumadinho."}, {"id": "2015", "ano": "2019", "numero": "7", "tipo__sigla": "MOC", "tipo__descricao": "Mo\u00e7\u00e3o", "autoria": "Tiago Enfermeiro", "texto_original": "http://sapl.bicas.mg.leg.br/media/sapl/public/materialegislativa/2019/2015/moc7_-_tiago_pesar_jose_carlos_mayrink.pdf", "ementa": "Apresento a V.Exa., nos termos do art. 182 do Regimento Interno, a presente Mo\u00e7\u00e3o de Pesara ser encaminhada aos familiares do Sr. Jos\u00e9 Carlos Mayrink pela ocasi\u00e3o de seu falecimento."}, {"id": "2016", "ano": "2019", "numero": "8", "tipo__sigla": "MOC", "tipo__descricao": "Mo\u00e7\u00e3o", "autoria": "Joel Mil\u00e3o do Cemit\u00e9rio", "texto_original": "http://sapl.bicas.mg.leg.br/media/sapl/public/materialegislativa/2019/2016/moc8_-_joel_apalusos.pdf", "ementa": "Apresento a V.Exa., nos termos do art. 182 do Regimento Interno, a presente Mo\u00e7\u00e3o de Aplausosa ser encaminhada ao Sr. Thiago Gomes Figueiredo por sua atua\u00e7\u00e3o na pesquisa e desenvolvimento de solu\u00e7\u00f5es para acessibilidade e mobilidade reduzida e inclus\u00e3o no mercado de trabalho."}, {"id": "2017", "ano": "2019", "numero": "9", "tipo__sigla": "MOC", "tipo__descricao": "Mo\u00e7\u00e3o", "autoria": "Rafael Aquino", "texto_original": "http://sapl.bicas.mg.leg.br/media/sapl/public/materialegislativa/2019/2017/moc9_-_rafael___aplausos___farmacia.pdf", "ementa": "Solicito a concess\u00e3o de MO\u00c7\u00c3O DE APLAUSOS aos propriet\u00e1rios e funcion\u00e1rios da FARM\u00c1CIA S\u00c3O SEBASTI\u00c3O, pelos 60 anos de exist\u00eancia."}, {"id": "2028", "ano": "2019", "numero": "10", "tipo__sigla": "MOC", "tipo__descricao": "Mo\u00e7\u00e3o", "autoria": "Joel Mil\u00e3o do Cemit\u00e9rio", "texto_original": "http://sapl.bicas.mg.leg.br/media/sapl/public/materialegislativa/2019/2028/moc10_-_joel-_adriano_bem_bem.pdf", "ementa": "Apresento a V.Exa., nos termos do art. 182 do Regimento Interno, a presente Mo\u00e7\u00e3o de Aplausosa ser encaminhada ao Sr. Adriano Feu Teixeirapela conquista do t\u00edtuloSulamericano pela Confedera\u00e7\u00e3o Brasileira de Jiu Jitsu Ol\u00edmpico na categoria Superpesado \u2013 faixa preta."}, {"id": "2029", "ano": "2019", "numero": "11", "tipo__sigla": "MOC", "tipo__descricao": "Mo\u00e7\u00e3o", "autoria": "Loro", "texto_original": "http://sapl.bicas.mg.leg.br/media/sapl/public/materialegislativa/2019/2029/moc11_-_loro_-_mocao_de_repudio.pdf", "ementa": "Apresento a V.Exa., nos termos do art. 182 do Regimento Interno, a presente Mo\u00e7\u00e3o de Rep\u00fadio a ser encaminhada ao Presidente da Rep\u00fablica Federativa do Brasil, ao Presidente do Senado Federal, ao Presidente da C\u00e2mara dos Deputados, aos Presidentes da Comiss\u00f5es de Constitui\u00e7\u00e3o e Justi\u00e7a das duas casas legislativas federais, aos Deputados Federais Mineiros eleitos e que tenham obtido ao menos um voto no Munic\u00edpio de Bicas nas elei\u00e7\u00f5es de 2018 e aos Senadores da Rep\u00fablica por Minas Gerais, manifestando a total discord\u00e2ncia desta Casa Legislativa com o texto da Proposta de Emenda Constitucional n\u00ba 06/2019 e a forma a\u00e7odada com que a mesma vem tramitando no Congresso Nacional."}, {"id": "2030", "ano": "2019", "numero": "12", "tipo__sigla": "MOC", "tipo__descricao": "Mo\u00e7\u00e3o", "autoria": "Joel Mil\u00e3o do Cemit\u00e9rio", "texto_original": "http://sapl.bicas.mg.leg.br/media/sapl/public/materialegislativa/2019/2030/moc12_-_joel_-_thiago_botafogo.pdf", "ementa": "Apresento a V.Exa., nos termos do art. 182 do Regimento Interno, a presente Mo\u00e7\u00e3o de Aplausosa ser encaminhada ao jovemThiago Gabriel Vieira dos Santospelo seu ingresso no time do Botafogo/RJ."}, {"id": "2031", "ano": "2019", "numero": "13", "tipo__sigla": "MOC", "tipo__descricao": "Mo\u00e7\u00e3o", "autoria": "Tiago Enfermeiro", "texto_original": "http://sapl.bicas.mg.leg.br/media/sapl/public/materialegislativa/2019/2031/moc13_-_tiago_-_pe_cassio.pdf", "ementa": "Apresento a V.Exa., nos termos do art. 182 do Regimento Interno, a presente Mo\u00e7\u00e3o de Aplausosa ser encaminhada ao Reverend\u00edssimo Padre C\u00e1ssio Barbosa de Castro por seus 25 anos de ordenamento."}, {"id": "2080", "ano": "2019", "numero": "14", "tipo__sigla": "MOC", "tipo__descricao": "Mo\u00e7\u00e3o", "autoria": "Rafael Aquino", "texto_original": "http://sapl.bicas.mg.leg.br/media/sapl/public/materialegislativa/2019/2080/moc14_-_rafael__sr._salvador.pdf", "ementa": "Apresento a V.Exa., nos termos do art. 182 do Regimento Interno, a presente Mo\u00e7\u00e3o de Pesar a ser encaminhada aos familiares do Sr. SALVADOR DE ALMEIDA SALES, pela ocasi\u00e3o do seu falecimento, ocorrido dia 15/05/2019 na cidade de Juiz de Fora."}, {"id": "2081", "ano": "2019", "numero": "15", "tipo__sigla": "MOC", "tipo__descricao": "Mo\u00e7\u00e3o", "autoria": "Rafael Aquino", "texto_original": "http://sapl.bicas.mg.leg.br/media/sapl/public/materialegislativa/2019/2081/moc15_-_rafael_equipe_ultraleve.pdf", "ementa": "Apresento a V.Exa., nos termos do art. 182 do Regimento Interno, a presente Mo\u00e7\u00e3o de Aplausos a ser encaminhada aos integrantes da equipe de atletismo de Bicas ULTRALEVE."}, {"id": "2082", "ano": "2019", "numero": "16", "tipo__sigla": "MOC", "tipo__descricao": "Mo\u00e7\u00e3o", "autoria": "Loro", "texto_original": "http://sapl.bicas.mg.leg.br/media/sapl/public/materialegislativa/2019/2082/moc16_-_loro_-_mocao_de_aplausos.pdf", "ementa": "Apresento a V.Exa., nos termos do art. 182 do Regimento Interno, a presente Mo\u00e7\u00e3o de Aplausos a ser encaminhada aos lutadores F\u00e1bio Gomes Rezende e Matheus Faria, Campe\u00e3o e Vice-campe\u00e3o respectivamente da Copa Sol e Neve de Jiu Jitsu, realizada no \u00faltimo dia 18 de maio na cidade de Leopoldina/MG."}, {"id": "2083", "ano": "2019", "numero": "17", "tipo__sigla": "MOC", "tipo__descricao": "Mo\u00e7\u00e3o", "autoria": "Rafael Aquino", "texto_original": "http://sapl.bicas.mg.leg.br/media/sapl/public/materialegislativa/2019/2083/moc17-_rafael_-_mocao_de_apoio.pdf", "ementa": "Apresento a V.Exa., nos termos do art. 182 do Regimento Interno, a presente Mo\u00e7\u00e3o de Apoio ao PL 499/2019, a ser encaminhado \u00e0 Assembleia Legislativa de Minas Gerais onde se encontra em tramita\u00e7\u00e3o."}, {"id": "2084", "ano": "2019", "numero": "18", "tipo__sigla": "MOC", "tipo__descricao": "Mo\u00e7\u00e3o", "autoria": "Rafael Aquino", "texto_original": "http://sapl.bicas.mg.leg.br/media/sapl/public/materialegislativa/2019/2084/moc18_-_rafael_mocao_de_aplausos_guerreiros_da_luz.pdf", "ementa": "Apresento a V.Exa., nos termos do art. 182 do Regimento Interno, a presente Mo\u00e7\u00e3o de Aplausos ao projeto GUERREIROS DA LUZ, pela brilhante participa\u00e7\u00e3o no campeonato brasileiro de Jiu Jitsu (CBJJO) realizado no \u00faltimo dia 25/01/2019 na cidade do Rio de Janeiro."}, {"id": "2110", "ano": "2019", "numero": "19", "tipo__sigla": "MOC", "tipo__descricao": "Mo\u00e7\u00e3o", "autoria": "Rafael Aquino", "texto_original": "http://sapl.bicas.mg.leg.br/media/sapl/public/materialegislativa/2019/2110/moc19_-_rafael_mocao_de_aplausos_meninas_da_mel_JPSd4wY.pdf", "ementa": "Apresento a V.Exa., nos termos do art. 182 do Regimento Interno, a presente Mo\u00e7\u00e3o de Aplausos as \u201cMeninas da Melhor Idade\u201d ap\u00f3s a \u00f3tima participa\u00e7\u00e3o em campeonato realizado na cidade de Goian\u00e1, sagrando-se bicampe\u00e3 no Boliche Intermunicipal"}, {"id": "2116", "ano": "2019", "numero": "20", "tipo__sigla": "MOC", "tipo__descricao": "Mo\u00e7\u00e3o", "autoria": "Ailton Mendes", "texto_original": "http://sapl.bicas.mg.leg.br/media/sapl/public/materialegislativa/2019/2116/moc20_-_ailton_pesar_bertoldo_veiga.pdf", "ementa": "Apresento a V.Exa., nos termos do art. 182 do Regimento Interno, a presente Mo\u00e7\u00e3o de Pesar a ser encaminhada aos familiares do Sr. Bertoldo Machado Veiga, pela ocasi\u00e3o de seu falecimento."}, {"id": "2135", "ano": "2019", "numero": "21", "tipo__sigla": "MOC", "tipo__descricao": "Mo\u00e7\u00e3o", "autoria": "Rafael Aquino", "texto_original": "http://sapl.bicas.mg.leg.br/media/sapl/public/materialegislativa/2019/2135/moc21_-_rafael_mocao_de_aplausos.pdf", "ementa": "Apresento a V.Exa., nos termos do art. 182 do Regimento Interno, a presente Mo\u00e7\u00e3o de Aplausos a ser encaminhada a Sra. Wanessa M. de Castro Machado e a Sra S\u00f4nia Maria Pereira Mattos, em reconhecimento aos relevantes servi\u00e7os, que elas v\u00eam desenvolvendo na educa\u00e7\u00e3o de Bicas."}, {"id": "2136", "ano": "2019", "numero": "22", "tipo__sigla": "MOC", "tipo__descricao": "Mo\u00e7\u00e3o", "autoria": "Isaias ", "texto_original": "http://sapl.bicas.mg.leg.br/media/sapl/public/materialegislativa/2019/2136/moc22_-_isaias_-_mocao_de_aplausos.pdf", "ementa": "Apresento a V.Exa., nos termos do art. 182 do Regimento Interno, a presente Mo\u00e7\u00e3o de Aplausos a ser encaminhada ao Sr. Ariel Miranda de Lima pelo grande esfor\u00e7o e dedica\u00e7\u00e3o na realiza\u00e7\u00e3o do 1\u00baDOWNHILL \u2013 Bicas Rei do Horto."}, {"id": "2137", "ano": "2019", "numero": "23", "tipo__sigla": "MOC", "tipo__descricao": "Mo\u00e7\u00e3o", "autoria": "Joel Mil\u00e3o do Cemit\u00e9rio", "texto_original": "http://sapl.bicas.mg.leg.br/media/sapl/public/materialegislativa/2019/2137/moc23-_joel___-_repudio.pdf", "ementa": "Apresento a V.Exa., nos termos do art. 182 do Regimento Interno, a presente Mo\u00e7\u00e3o de Rep\u00fadio aocantor Yago Gomes por fazer apologia as drogas e a prostitui\u00e7\u00e3o."}, {"id": "2152", "ano": "2019", "numero": "24", "tipo__sigla": "MOC", "tipo__descricao": "Mo\u00e7\u00e3o", "autoria": "Rafael Aquino", "texto_original": "http://sapl.bicas.mg.leg.br/media/sapl/public/materialegislativa/2019/2152/mocao_24_rafael.pdf", "ementa": "Apresento a V.Exa., nos termos do art. 182 do Regimento Interno, a presente Mo\u00e7\u00e3o de Pesar a ser encaminhada aos familiares da Sra. Z\u00e9lia Antunes Ferreira da Costa."}, {"id": "2170", "ano": "2019", "numero": "25", "tipo__sigla": "MOC", "tipo__descricao": "Mo\u00e7\u00e3o", "autoria": "Rafael Aquino", "texto_original": "http://sapl.bicas.mg.leg.br/media/sapl/public/materialegislativa/2019/2170/mocao_25_rafael.pdf", "ementa": "Apresento a V.Exa., nos termos do art. 182 do Regimento Interno, a presente Mo\u00e7\u00e3o de Aplausos a ser encaminhada  a Secret\u00e1ria de Educa\u00e7\u00e3o Sonia Maria Pereira Mattos, ao Secret\u00e1rio de Cultura Alexander de Castro Mendes, ao Sr Amarildo Mayrink e a Sra Vera Rossi, pelo belo trabalho no desenvolvimento do projeto de resgate de nossa hist\u00f3ria, na ocasi\u00e3o de passagem dos 140 anos da esta\u00e7\u00e3o ferrovi\u00e1ria, que culminou no belo desfile de 7 de setembro."}, {"id": "2171", "ano": "2019", "numero": "26", "tipo__sigla": "MOC", "tipo__descricao": "Mo\u00e7\u00e3o", "autoria": "Tiago Enfermeiro", "texto_original": "http://sapl.bicas.mg.leg.br/media/", "ementa": "Apresento a V.Exa., nos termos do art. 182 do Regimento Interno, a presente Mo\u00e7\u00e3o de Pesar a ser encaminhada aos familiares do Sr. Valtecir Campos pela ocasi\u00e3o de seu falecimento."}, {"id": "2194", "ano": "2019", "numero": "27", "tipo__sigla": "MOC", "tipo__descricao": "Mo\u00e7\u00e3o", "autoria": "Diego da Auto Escola", "texto_original": "http://sapl.bicas.mg.leg.br/media/sapl/public/materialegislativa/2019/2194/mocao_27_diego.pdf", "ementa": "Apresento a V.Exa., nos termos do art. 182 do Regimento Interno, a presente Mo\u00e7\u00e3o de Pesar a ser encaminhada aos Familiares do Sr. \u00c9lcio Costa de Souza."}, {"id": "2207", "ano": "2019", "numero": "28", "tipo__sigla": "MOC", "tipo__descricao": "Mo\u00e7\u00e3o", "autoria": "Isaias ", "texto_original": "http://sapl.bicas.mg.leg.br/media/sapl/public/materialegislativa/2019/2207/mocao_28_isaias_mcT7Whh.pdf", "ementa": "Apresento a V.Exa., nos termos do art. 182 do Regimento Interno, a presente Mo\u00e7\u00e3o de Aplausos a ser encaminhada ao Sr. Luiz Heleno de Souza Santos pela cria\u00e7\u00e3o do poema em celebra\u00e7\u00e3o aos 140 anos da Rede Ferrovi\u00e1ria."}, {"id": "1833", "ano": "2019", "numero": "1", "tipo__sigla": "PORT", "tipo__descricao": "Portaria", "autoria": "", "texto_original": "http://sapl.bicas.mg.leg.br/media/sapl/public/materialegislativa/2019/1833/portaria_01.2019_nomeia_catia.doc", "ementa": "NOMEIA PROFISSIONAL QUE MENCIONA PARA CARGO DE PROVIMENTO EM COMISS\u00c3O DA C\u00c2MARA MUNICIPAL DE BICAS E D\u00c1 OUTRAS PROVID\u00caNCIAS."}, {"id": "1861", "ano": "2019", "numero": "2", "tipo__sigla": "PORT", "tipo__descricao": "Portaria", "autoria": "Tanauza", "texto_original": "http://sapl.bicas.mg.leg.br/media/sapl/public/materialegislativa/2019/1861/portaria_02.2019_nomeia_cleuza.pdf", "ementa": "NOMEIA PROFISSIONAL QUE MENCIONA PARA CARGO DE PROVIMENTO EM COMISS\u00c3O DA C\u00c2MARA MUNICIPAL DE BICAS E D\u00c1 OUTRAS PROVID\u00caNCIAS"}, {"id": "1862", "ano": "2019", "numero": "3", "tipo__sigla": "PORT", "tipo__descricao": "Portaria", "autoria": "Tanauza", "texto_original": "http://sapl.bicas.mg.leg.br/media/sapl/public/materialegislativa/2019/1862/portaria_03.2019_nomeia_kleber.pdf", "ementa": "NOMEIA PROFISSIONAL QUE MENCIONA PARA CARGO DE PROVIMENTO EM COMISS\u00c3O DA C\u00c2MARA MUNICIPAL DE BICAS E D\u00c1 OUTRAS PROVID\u00caNCIAS"}, {"id": "1863", "ano": "2019", "numero": "4", "tipo__sigla": "PORT", "tipo__descricao": "Portaria", "autoria": "Tanauza", "texto_original": "http://sapl.bicas.mg.leg.br/media/sapl/public/materialegislativa/2019/1863/portaria_04.2019_nomeia_romulo.pdf", "ementa": "NOMEIA PROFISSIONAL QUE MENCIONA PARA CARGO DE PROVIMENTO EM COMISS\u00c3O DA C\u00c2MARA MUNICIPAL DE BICAS E D\u00c1 OUTRAS PROVID\u00caNCIAS"}, {"id": "1864", "ano": "2019", "numero": "5", "tipo__sigla": "PORT", "tipo__descricao": "Portaria", "autoria": "Tanauza", "texto_original": "http://sapl.bicas.mg.leg.br/media/sapl/public/materialegislativa/2019/1864/portaria_05.2019_nomeia_paula.pdf", "ementa": "NOMEIA PROFISSIONAL QUE MENCIONA PARA CARGO DE PROVIMENTO EM COMISS\u00c3O DA C\u00c2MARA MUNICIPAL DE BICAS E D\u00c1 OUTRAS PROVID\u00caNCIAS"}, {"id": "1865", "ano": "2019", "numero": "6", "tipo__sigla": "PORT", "tipo__descricao": "Portaria", "autoria": "Tanauza", "texto_original": "http://sapl.bicas.mg.leg.br/media/sapl/public/materialegislativa/2019/1865/portaria_06.2019_horario_de_funcionamento_no_re_Rmk0w1M.pdf", "ementa": "REGULAMENTA O HOR\u00c1RIO DE FUNCIONAMENTO DAS SECRETARIAS DA C\u00c2MARA MUNICIPAL DE BICAS NO RECESSO DE JANEIRO DE 2019 E D\u00c1 OUTRAS PROVID\u00caNCIAS"}, {"id": "1866", "ano": "2019", "numero": "7", "tipo__sigla": "PORT", "tipo__descricao": "Portaria", "autoria": "Tanauza", "texto_original": "http://sapl.bicas.mg.leg.br/media/sapl/public/materialegislativa/2019/1866/portaria_07.2019_comissao_de_licitacao.pdf", "ementa": "NOMEIA COMISS\u00c3O PERMANENTE DE LICITA\u00c7\u00c3O E D\u00c1 OUTRAS PROVID\u00caNCIAS."}, {"id": "1867", "ano": "2019", "numero": "8", "tipo__sigla": "PORT", "tipo__descricao": "Portaria", "autoria": "Tanauza", "texto_original": "http://sapl.bicas.mg.leg.br/media/sapl/public/materialegislativa/2019/1867/portaria_08.2019_nomeia_pregoeira.pdf", "ementa": "NOMEIA PREGOEIRO E EQUIPE DE APOIO PARA CONDUZIR E JULGAR PROCESSOS DE LICITA\u00c7\u00c3O NA MODALIDADE PREG\u00c3O DA C\u00c2MARA MUNICIPAL DE BICAS E D\u00c1 OUTRAS PROVID\u00caNCIAS"}, {"id": "1868", "ano": "2019", "numero": "9", "tipo__sigla": "PORT", "tipo__descricao": "Portaria", "autoria": "Tanauza", "texto_original": "http://sapl.bicas.mg.leg.br/media/sapl/public/materialegislativa/2019/1868/portaria_09.2019_movimentacao_bancaria.pdf", "ementa": "DESIGNA OS AGENTES POL\u00cdTICOS PARA EFETUAR MOVIMENTA\u00c7\u00c3O BANC\u00c1RIA E D\u00c1 OUTRAS PROVID\u00caNCIAS"}, {"id": "1869", "ano": "2019", "numero": "10", "tipo__sigla": "PORT", "tipo__descricao": "Portaria", "autoria": "Tanauza", "texto_original": "http://sapl.bicas.mg.leg.br/media/sapl/public/materialegislativa/2019/1869/portaria_10.2019_nomeia_comissao_de_financas.pdf", "ementa": "Nomeia os Membros da Comiss\u00e3o Permanente de Finan\u00e7as, Legisla\u00e7\u00e3o e Justi\u00e7a."}, {"id": "1870", "ano": "2019", "numero": "11", "tipo__sigla": "PORT", "tipo__descricao": "Portaria", "autoria": "Tanauza", "texto_original": "http://sapl.bicas.mg.leg.br/media/", "ementa": "Nomeia, no \u00e2mbito da C\u00e2mara Municipal de Bicas, Comiss\u00e3o Especial para estudo, discuss\u00e3o e apresenta\u00e7\u00e3o de relat\u00f3rio tratando da concess\u00e3o do servi\u00e7o de coleta, tratamento, distribui\u00e7\u00e3o e manuten\u00e7\u00e3o da rede de \u00e1gua e esgoto municipal."}, {"id": "1881", "ano": "2019", "numero": "12", "tipo__sigla": "PORT", "tipo__descricao": "Portaria", "autoria": "CESAS - Comiss\u00e3o de Educa\u00e7\u00e3o, Sa\u00fade e Assist\u00eancia Social", "texto_original": "http://sapl.bicas.mg.leg.br/media/sapl/public/materialegislativa/2019/1881/portaria_12.2019_nomeia_comissoes_permanentes.pdf", "ementa": "Nomear para compor a Comiss\u00e3o Permanente de Sa\u00fade, Educa\u00e7\u00e3o e Assist\u00eancia Social da C\u00e2mara Municipal de Bicas"}, {"id": "1883", "ano": "2019", "numero": "13", "tipo__sigla": "PORT", "tipo__descricao": "Portaria", "autoria": "Tanauza", "texto_original": "http://sapl.bicas.mg.leg.br/media/sapl/public/materialegislativa/2019/1883/portaria_13.2019_nomeia_comissoes_permanentes.doc", "ementa": "Nomeia os Membros da Comiss\u00e3o Permanente de Direitos Humanos."}, {"id": "1884", "ano": "2019", "numero": "14", "tipo__sigla": "PORT", "tipo__descricao": "Portaria", "autoria": "Tanauza", "texto_original": "http://sapl.bicas.mg.leg.br/media/sapl/public/materialegislativa/2019/1884/portaria_14.2019_nomeia_comissoes_permanentes.doc", "ementa": "Nomeia os Membros da Comiss\u00e3o Permanente de Participa\u00e7\u00e3o Popular e Fiscaliza\u00e7\u00e3o da cidade."}, {"id": "1885", "ano": "2019", "numero": "15", "tipo__sigla": "PORT", "tipo__descricao": "Portaria", "autoria": "Tanauza", "texto_original": "http://sapl.bicas.mg.leg.br/media/sapl/public/materialegislativa/2019/1885/portaria_15.2019_exonera_romulo.doc", "ementa": "Exonera o servidor que menciona, ocupante de cargo em comiss\u00e3o de Consultor Legislativo, e d\u00e1 outras provid\u00eancias."}, {"id": "1886", "ano": "2019", "numero": "16", "tipo__sigla": "PORT", "tipo__descricao": "Portaria", "autoria": "Tanauza", "texto_original": "http://sapl.bicas.mg.leg.br/media/sapl/public/materialegislativa/2019/1886/portaria_16.2019_nomeia_consultor_legislativo.doc", "ementa": "Nomeia profissional que menciona para cargo de provimento em comiss\u00e3o da C\u00e2mara Municipal de Bicas e d\u00e1 outras provid\u00eancias"}, {"id": "1901", "ano": "2019", "numero": "17", "tipo__sigla": "PORT", "tipo__descricao": "Portaria", "autoria": "Tanauza", "texto_original": "http://sapl.bicas.mg.leg.br/media/sapl/public/materialegislativa/2019/1901/portaria_17.2019_nomeia_comissao_especial_para__eTJIxo2.doc", "ementa": "Altera a composi\u00e7\u00e3o da Comiss\u00e3o Especial institu\u00edda pela Portaria n\u00ba 11/2019 para estudo, discuss\u00e3o e apresenta\u00e7\u00e3o de relat\u00f3rio tratando da concess\u00e3o do servi\u00e7o de coleta, tratamento, distribui\u00e7\u00e3o e manuten\u00e7\u00e3o da rede de \u00e1gua e esgoto municipal."}, {"id": "2045", "ano": "2019", "numero": "18", "tipo__sigla": "PORT", "tipo__descricao": "Portaria", "autoria": "Tanauza", "texto_original": "http://sapl.bicas.mg.leg.br/media/sapl/public/materialegislativa/2019/2045/portaria_18.2019.pdf", "ementa": "\u201cDisp\u00f5e sobre a altera\u00e7\u00e3o de expediente da C\u00e2mara Municipal de Bicas no dia 14 de mar\u00e7o de 2019 e d\u00e1 outras provid\u00eancias\u201d"}, {"id": "2046", "ano": "2019", "numero": "19", "tipo__sigla": "PORT", "tipo__descricao": "Portaria", "autoria": "Tanauza", "texto_original": "http://sapl.bicas.mg.leg.br/media/sapl/public/materialegislativa/2019/2046/portaria_19.2019.pdf", "ementa": "Institui Comiss\u00e3o Especial para sele\u00e7\u00e3o do profissional a ser condecorado com o t\u00edtulo de Professor Em\u00e9rito de Bicas."}, {"id": "2047", "ano": "2019", "numero": "20", "tipo__sigla": "PORT", "tipo__descricao": "Portaria", "autoria": "", "texto_original": "http://sapl.bicas.mg.leg.br/media/sapl/public/materialegislativa/2019/2047/portaria_20.2019.pdf", "ementa": "Institui Comiss\u00e3o de Processo de Sindic\u00e2ncia Administrativa, a fim de apurar poss\u00edvel irregularidade no pagamento de horas extras \u00e0 servidora da C\u00e2mara Municipal de Bicas no ano de 2018."}, {"id": "2048", "ano": "2019", "numero": "21", "tipo__sigla": "PORT", "tipo__descricao": "Portaria", "autoria": "", "texto_original": "http://sapl.bicas.mg.leg.br/media/sapl/public/materialegislativa/2019/2048/portaria_21.2019.pdf", "ementa": "Nomeia Comiss\u00e3o Especial de Inqu\u00e9rito para investiga\u00e7\u00e3o do flagrante de servidores p\u00fablicos municipais trabalhando em propriedade rural privada e o poss\u00edvel crime de improbidade administrativa e enriquecimento il\u00edcito."}, {"id": "2049", "ano": "2019", "numero": "22", "tipo__sigla": "PORT", "tipo__descricao": "Portaria", "autoria": "Tanauza", "texto_original": "http://sapl.bicas.mg.leg.br/media/sapl/public/materialegislativa/2019/2049/portaria_22.2019.pdf", "ementa": "\u201cDisp\u00f5e sobre a altera\u00e7\u00e3o de expediente da C\u00e2mara Municipal de Bicas no dia 10 de maio de 2019 e d\u00e1 outras provid\u00eancias\u201d"}, {"id": "2053", "ano": "2019", "numero": "23", "tipo__sigla": "PORT", "tipo__descricao": "Portaria", "autoria": "Tanauza", "texto_original": "http://sapl.bicas.mg.leg.br/media/sapl/public/materialegislativa/2019/2053/portaria_23.2019.pdf", "ementa": "Prorroga prazo para conclus\u00e3o dos trabalhos da Comiss\u00e3o Especial instaurada pela Portaria n\u00ba 11/2019 para estudo, discuss\u00e3o e apresenta\u00e7\u00e3o de relat\u00f3rio tratando da concess\u00e3o do servi\u00e7o de coleta, tratamento, distribui\u00e7\u00e3o e manuten\u00e7\u00e3o da rede de \u00e1gua e esgoto municipal."}, {"id": "2123", "ano": "2019", "numero": "24", "tipo__sigla": "PORT", "tipo__descricao": "Portaria", "autoria": "Tanauza", "texto_original": "http://sapl.bicas.mg.leg.br/media/sapl/public/materialegislativa/2019/2123/portaria_24.pdf", "ementa": "Regulamenta o funcionamento das Secretarias da C\u00e2mara Municipal de Bicas no recesso legislativo de Julho de 2019, e d\u00e1 outras provid\u00eancias."}, {"id": "2195", "ano": "2019", "numero": "25", "tipo__sigla": "PORT", "tipo__descricao": "Portaria", "autoria": "Tanauza", "texto_original": "http://sapl.bicas.mg.leg.br/media/sapl/public/materialegislativa/2019/2195/portaria_25.2019.pdf", "ementa": "O Presidente da C\u00e2mara Municipal de Bicas \u2013 Minas Gerais, no uso das atribui\u00e7\u00f5es que lhe s\u00e3o conferidas pela Lei Org\u00e2nica do Munic\u00edpio e pelo Regimento Interno da C\u00e2mara, \r\nCONSIDERANDO o calend\u00e1rio legislativo do ano 2019; \r\nCONSIDERANDO que na data previamente agendada para a 28\u00aa Reuni\u00e3o Ordin\u00e1ria ocorrer\u00e1, nesta cidade, as comemora\u00e7\u00f5es dos 140 anos do pr\u00e9dio da Esta\u00e7\u00e3o Ferrovi\u00e1ria de Bicas."}, {"id": "2196", "ano": "2019", "numero": "26", "tipo__sigla": "PORT", "tipo__descricao": "Portaria", "autoria": "Tanauza", "texto_original": "http://sapl.bicas.mg.leg.br/media/sapl/public/materialegislativa/2019/2196/portaria_26.2019.pdf", "ementa": "Institui Comiss\u00e3o de Representa\u00e7\u00e3o  a fim de representar a C\u00e2mara Municipal de Bicas na \u201cOficina de Cria\u00e7\u00e3o e Estrutura\u00e7\u00e3o de servi\u00e7os municipais e intermunicipais de saneamento\u201d, promovido pelo Cons\u00f3rcio de Saneamento B\u00e1sico da Zona da Mata de Minas Gerais,  na cidade de Vi\u00e7osa entre os dias 21 a 25 de outubro de 2019."}, {"id": "2213", "ano": "2019", "numero": "27", "tipo__sigla": "PORT", "tipo__descricao": "Portaria", "autoria": "Tanauza", "texto_original": "http://sapl.bicas.mg.leg.br/media/sapl/public/materialegislativa/2019/2213/portaria_27.pdf", "ementa": "\u201cDisp\u00f5e sobre a altera\u00e7\u00e3o da data da Reuni\u00e3o Ordin\u00e1ria do dia 18 (dezoito) de novembro de 2019 e d\u00e1 outras provid\u00eancias\u201d"}, {"id": "2233", "ano": "2019", "numero": "28", "tipo__sigla": "PORT", "tipo__descricao": "Portaria", "autoria": "", "texto_original": "http://sapl.bicas.mg.leg.br/media/sapl/public/materialegislativa/2019/2233/portaria_28.pdf", "ementa": "Disp\u00f5e sobre a altera\u00e7\u00e3o da data da Reuni\u00e3o Ordin\u00e1ria do dia 09 (nove) de dezembro de 2019 e d\u00e1 outras provid\u00eancias."}, {"id": "2234", "ano": "2019", "numero": "29", "tipo__sigla": "PORT", "tipo__descricao": "Portaria", "autoria": "", "texto_original": "http://sapl.bicas.mg.leg.br/media/sapl/public/materialegislativa/2019/2234/portaria_29.pdf", "ementa": "\u201cDisp\u00f5e sobre a altera\u00e7\u00e3o do hor\u00e1rio do expediente da C\u00e2mara Municipal de Bicas durante o recesso de final de ano, do dia 10 de dezembro de 2019 a 31 de dezembro de 2019 e d\u00e1 outras provid\u00eancias\u201d."}, {"id": "2235", "ano": "2019", "numero": "30", "tipo__sigla": "PORT", "tipo__descricao": "Portaria", "autoria": "", "texto_original": "http://sapl.bicas.mg.leg.br/media/sapl/public/materialegislativa/2019/2235/portaria_30.pdf", "ementa": "\u201cDisp\u00f5e sobre a altera\u00e7\u00e3o de expediente da C\u00e2mara Municipal de Bicas no dia 13 de dezembro de 2019 e d\u00e1 outras provid\u00eancias\u201d"}, {"id": "2236", "ano": "2019", "numero": "31", "tipo__sigla": "PORT", "tipo__descricao": "Portaria", "autoria": "", "texto_original": "http://sapl.bicas.mg.leg.br/media/sapl/public/materialegislativa/2019/2236/portaria_31.pdf", "ementa": "\u201cDisp\u00f5e sobre a altera\u00e7\u00e3o de expediente da C\u00e2mara Municipal de Bicas nos dias 24 e 31 de dezembro de 2019 e d\u00e1 outras provid\u00eancias\u201d"}, {"id": "2079", "ano": "2019", "numero": "1", "tipo__sigla": "PDL", "tipo__descricao": "Projeto de Decreto Legislativo", "autoria": "", "texto_original": "http://sapl.bicas.mg.leg.br/media/sapl/public/materialegislativa/2019/2079/projeto_de_decreto_01.2019_duodecimos.docx", "ementa": "Autoriza a C\u00e2mara Municipal de Bicas a antecipar a devolu\u00e7\u00e3o de saldo de duod\u00e9cimos recibos em quotas mensais do Poder Executivo e d\u00e1 outras provid\u00eancias.\u201d"}, {"id": "2186", "ano": "2019", "numero": "2", "tipo__sigla": "PDL", "tipo__descricao": "Projeto de Decreto Legislativo", "autoria": "", "texto_original": "http://sapl.bicas.mg.leg.br/media/sapl/public/materialegislativa/2019/2186/projeto_de_decreto_02.2019_aprova_contas_sem_r_iOOPUUT.docx", "ementa": "Aprova, sem ressalvas, as Contas Prefeitura Municipal de Bicas relativas ao exerc\u00edcio financeiro de 2017, acolhendo o Parecer Pr\u00e9vio do Tribunal de Contas de Minas Gerais."}, {"id": "1998", "ano": "2019", "numero": "1", "tipo__sigla": "PLC", "tipo__descricao": "Projeto de Lei Complementar", "autoria": "Loro", "texto_original": "http://sapl.bicas.mg.leg.br/media/sapl/public/materialegislativa/2019/1998/plc_no_01.2019.doc", "ementa": "REGULAMENTA A PARTILHA E FIXA PRAZOS PARA APRESENTA\u00c7\u00c3O DAS EMENDAS IMPOSITIVAS AO OR\u00c7AMENTO ANUAL, TRATADAS NO ART. 145 E SEUS PAR\u00c1GRAFOS DA LEI ORG\u00c2NICA MUNICIPAL."}, {"id": "1832", "ano": "2019", "numero": "1", "tipo__sigla": "PLO", "tipo__descricao": "Projeto de Lei Ordin\u00e1ria", "autoria": "", "texto_original": "http://sapl.bicas.mg.leg.br/media/", "ementa": "Disp\u00f5e sobre a concess\u00e3o de subven\u00e7\u00f5es sociais \u00e0 Entidade que menciona e d\u00e1 outras provid\u00eancias"}, {"id": "1871", "ano": "2019", "numero": "2", "tipo__sigla": "PLO", "tipo__descricao": "Projeto de Lei Ordin\u00e1ria", "autoria": "Hon\u00f3rio de Oliveira", "texto_original": "http://sapl.bicas.mg.leg.br/media/sapl/public/materialegislativa/2019/1871/plo_02.2019_subvencao_sitio_shalom_e_asilo.pdf", "ementa": "Disp\u00f5e sobre a concess\u00e3o de subven\u00e7\u00f5es sociais \u00e0s Entidades que menciona e d\u00e1 outras provid\u00eancias"}, {"id": "1872", "ano": "2019", "numero": "3", "tipo__sigla": "PLO", "tipo__descricao": "Projeto de Lei Ordin\u00e1ria", "autoria": "Hon\u00f3rio de Oliveira", "texto_original": "http://sapl.bicas.mg.leg.br/media/sapl/public/materialegislativa/2019/1872/plo_03.2019_rateio_ciesp_assistencia_social.pdf", "ementa": "Autoriza a abertura de Cr\u00e9dito Adicional Especial no valor de R$ 3.300,00 e d\u00e1 outras provid\u00eancias."}, {"id": "1873", "ano": "2019", "numero": "4", "tipo__sigla": "PLO", "tipo__descricao": "Projeto de Lei Ordin\u00e1ria", "autoria": "Hon\u00f3rio de Oliveira", "texto_original": "http://sapl.bicas.mg.leg.br/media/sapl/public/materialegislativa/2019/1873/plo_04.2019_subvencao_sopa.pdf", "ementa": "Disp\u00f5e sobre a concess\u00e3o de subven\u00e7\u00f5es sociais \u00e0 Entidade que menciona e d\u00e1 outras provid\u00eancias"}, {"id": "1887", "ano": "2019", "numero": "5", "tipo__sigla": "PLO", "tipo__descricao": "Projeto de Lei Ordin\u00e1ria", "autoria": "Loro", "texto_original": "http://sapl.bicas.mg.leg.br/media/sapl/public/materialegislativa/2019/1887/plo_05.2019_-_transmissao_licitacoes.doc", "ementa": "Obriga a transmiss\u00e3o ao vivo via internet das licita\u00e7\u00f5es realizadas pelos poderes municipais."}, {"id": "1979", "ano": "2019", "numero": "7", "tipo__sigla": "PLO", "tipo__descricao": "Projeto de Lei Ordin\u00e1ria", "autoria": "Tiago Enfermeiro", "texto_original": "http://sapl.bicas.mg.leg.br/media/sapl/public/materialegislativa/2019/1979/plo_07.2019_-_bloqueador_de_ar.docx", "ementa": "\u201cDisp\u00f5e sobre a instala\u00e7\u00e3o de equipamentos eliminadores/bloqueador de ar nas tubula\u00e7\u00f5es do sistema de \u00e1gua e d\u00e1 outras provid\u00eancias.\u201d"}, {"id": "1980", "ano": "2019", "numero": "8", "tipo__sigla": "PLO", "tipo__descricao": "Projeto de Lei Ordin\u00e1ria", "autoria": "", "texto_original": "http://sapl.bicas.mg.leg.br/media/sapl/public/materialegislativa/2019/1980/plo_08.2019.doc", "ementa": "\u201cFixa percentual de reajuste sobre o subs\u00eddio dos cargos de Prefeito, Vice-Prefeito, Secret\u00e1rios Municipais, Controlador e Procurador Geral e d\u00e1 outras provid\u00eancias\u201d."}, {"id": "1981", "ano": "2019", "numero": "9", "tipo__sigla": "PLO", "tipo__descricao": "Projeto de Lei Ordin\u00e1ria", "autoria": "", "texto_original": "http://sapl.bicas.mg.leg.br/media/sapl/public/materialegislativa/2019/1981/plo_09.2019_-piso_magisterio_2019.doc", "ementa": "\u201cFixa o percentual de reajuste do sal\u00e1rio base dos cargos de professor de educa\u00e7\u00e3o infantil, professor de 1\u00b0 ao 5\u00b0 ano, professor do 6\u00b0 ao 9\u00b0 ano e supervisor pedag\u00f3gico do Munic\u00edpio de Bicas e d\u00e1 outras provid\u00eancias\u201d."}, {"id": "1982", "ano": "2019", "numero": "10", "tipo__sigla": "PLO", "tipo__descricao": "Projeto de Lei Ordin\u00e1ria", "autoria": "", "texto_original": "http://sapl.bicas.mg.leg.br/media/sapl/public/materialegislativa/2019/1982/plo_10.2019_-_revisao_geral_camara_compilado.doc", "ementa": "\u201cDisp\u00f5e sobre a revis\u00e3o geral anual do subs\u00eddio dos Vereadores e sobre  o reajuste dos sal\u00e1rios dos Servidores da C\u00e2mara Municipal de Bicas-MG e d\u00e1 outras provid\u00eancias\u201d."}, {"id": "1983", "ano": "2019", "numero": "11", "tipo__sigla": "PLO", "tipo__descricao": "Projeto de Lei Ordin\u00e1ria", "autoria": "", "texto_original": "http://sapl.bicas.mg.leg.br/media/", "ementa": "DISP\u00d5E SOBRE O REAJUSTE DO VALE ALIMENTA\u00c7\u00c3O DOS SERVIDORES DA C\u00c2MARA MUNICIPAL DE BICAS-MG E D\u00c1 OUTRAS PROVID\u00caNCIAS."}, {"id": "1984", "ano": "2019", "numero": "12", "tipo__sigla": "PLO", "tipo__descricao": "Projeto de Lei Ordin\u00e1ria", "autoria": "", "texto_original": "http://sapl.bicas.mg.leg.br/media/sapl/public/materialegislativa/2019/1984/plo_12.2019_-_vam_saude_2019.docx", "ementa": "Autoriza a abertura de Cr\u00e9dito Adicional Especial no valor de R$ 191.900,00 e d\u00e1 outras provid\u00eancias"}, {"id": "1985", "ano": "2019", "numero": "13", "tipo__sigla": "PLO", "tipo__descricao": "Projeto de Lei Ordin\u00e1ria", "autoria": "", "texto_original": "http://sapl.bicas.mg.leg.br/media/", "ementa": "\u201cAltera parcialmente a Lei 1.860 de 2019 que disp\u00f5e sobre a concess\u00e3o de subven\u00e7\u00f5es sociais \u00e0 Entidade que menciona e d\u00e1 outras provid\u00eancias\u201d."}, {"id": "1986", "ano": "2019", "numero": "14", "tipo__sigla": "PLO", "tipo__descricao": "Projeto de Lei Ordin\u00e1ria", "autoria": "", "texto_original": "http://sapl.bicas.mg.leg.br/media/sapl/public/materialegislativa/2019/1986/plo_14.2019_-_suplementacao_hospital_fazenda.docx", "ementa": "\u201cAltera parcialmente a Lei 1.860 de 2019 que disp\u00f5e sobre a concess\u00e3o de subven\u00e7\u00f5es sociais \u00e0 Entidade que menciona e d\u00e1 outras provid\u00eancias\u201d."}, {"id": "1987", "ano": "2019", "numero": "15", "tipo__sigla": "PLO", "tipo__descricao": "Projeto de Lei Ordin\u00e1ria", "autoria": "", "texto_original": "http://sapl.bicas.mg.leg.br/media/sapl/public/materialegislativa/2019/1987/plo_15.2019_-_cobertura_quadra_gilson_lamha.docx", "ementa": "Autoriza a abertura de Cr\u00e9dito Adicional Especial no valor de R$ 255.889,23 e d\u00e1 outras provid\u00eancias."}, {"id": "1988", "ano": "2019", "numero": "16", "tipo__sigla": "PLO", "tipo__descricao": "Projeto de Lei Ordin\u00e1ria", "autoria": "", "texto_original": "http://sapl.bicas.mg.leg.br/media/sapl/public/materialegislativa/2019/1988/plo_16.2019_-_educacao_e_formacao_em_saude_1.docx", "ementa": "Autoriza a abertura de Cr\u00e9dito Adicional Especial no valor de R$ 12.000,00 e d\u00e1 outras provid\u00eancias."}, {"id": "1989", "ano": "2019", "numero": "17", "tipo__sigla": "PLO", "tipo__descricao": "Projeto de Lei Ordin\u00e1ria", "autoria": "", "texto_original": "http://sapl.bicas.mg.leg.br/media/sapl/public/materialegislativa/2019/1989/plo_17.2019_-_comtur.doc", "ementa": "Altera a Lei Municipal 1.628/2013, que \u201cDisp\u00f5e sobre a Cria\u00e7\u00e3o do Conselho Municipal de Turismo - COMTUR, e d\u00e1 outras provid\u00eancias\u201d."}, {"id": "1990", "ano": "2019", "numero": "18", "tipo__sigla": "PLO", "tipo__descricao": "Projeto de Lei Ordin\u00e1ria", "autoria": "", "texto_original": "http://sapl.bicas.mg.leg.br/media/sapl/public/materialegislativa/2019/1990/plo_18.2019_-_fumtur.doc", "ementa": "Altera a Lei Municipal 1.627/2013, que Disp\u00f5e sobre a cria\u00e7\u00e3o do Fundo Municipal de Turismo \u2013 FUMTUR, e d\u00e1 outras provid\u00eancias."}, {"id": "1991", "ano": "2019", "numero": "19", "tipo__sigla": "PLO", "tipo__descricao": "Projeto de Lei Ordin\u00e1ria", "autoria": "", "texto_original": "http://sapl.bicas.mg.leg.br/media/sapl/public/materialegislativa/2019/1991/plo_19.2019_-mulheres_vitimas_de_violencia_rafael.docx", "ementa": "\u201cDISP\u00d5E SOBRE A PRIORIDADE DA MULHER V\u00cdTIMA DE VIOL\u00caNCIA DOM\u00c9STICA NA AQUISI\u00c7\u00c3O DE IM\u00d3VEIS ORIUNDOS DOS PROGRAMAS HABITACIONAIS DO MUNIC\u00cdPIO DE BICAS-MG\u201d"}, {"id": "1992", "ano": "2019", "numero": "20", "tipo__sigla": "PLO", "tipo__descricao": "Projeto de Lei Ordin\u00e1ria", "autoria": "", "texto_original": "http://sapl.bicas.mg.leg.br/media/sapl/public/materialegislativa/2019/1992/plo_20.2019_-_suplementacao.docx", "ementa": "Autoriza a abertura de Cr\u00e9dito Adicional Especial no valor de R$ 13.800,00 e d\u00e1 outras provid\u00eancias."}, {"id": "1993", "ano": "2019", "numero": "21", "tipo__sigla": "PLO", "tipo__descricao": "Projeto de Lei Ordin\u00e1ria", "autoria": "Denisy Dur\u00e3o", "texto_original": "http://sapl.bicas.mg.leg.br/media/sapl/public/materialegislativa/2019/1993/plo_21.2019_-campanha_de_conscientizacao.doc", "ementa": "\u201cDisp\u00f5e sobre Campanha de Conscientiza\u00e7\u00e3o a ser desenvolvida nas Escolas da Rede P\u00fablica Municipal de Bicas sobre posse e propriedade de animais dom\u00e9sticos e/ou de estima\u00e7\u00e3o."}, {"id": "1994", "ano": "2019", "numero": "22", "tipo__sigla": "PLO", "tipo__descricao": "Projeto de Lei Ordin\u00e1ria", "autoria": "Loro", "texto_original": "http://sapl.bicas.mg.leg.br/media/sapl/public/materialegislativa/2019/1994/plo_22.2019_-_transporte_estudantil.doc", "ementa": "Altera a reda\u00e7\u00e3o do Art. 6\u00ba da Lei n\u00ba 1.489 de 02 de fevereiro de 2010."}, {"id": "1995", "ano": "2019", "numero": "23", "tipo__sigla": "PLO", "tipo__descricao": "Projeto de Lei Ordin\u00e1ria", "autoria": "Denisy Dur\u00e3o", "texto_original": "http://sapl.bicas.mg.leg.br/media/sapl/public/materialegislativa/2019/1995/plo_23.2019_-_denisy_isencao_iptu.docx", "ementa": "Disp\u00f5e sobre isen\u00e7\u00e3o de Imposto Predial Territorial Urbano-IPTU para portadores de C\u00e2ncer ou de Doen\u00e7as Degenerativas ou seus respons\u00e1veis legais e d\u00e1 outras provid\u00eancias."}, {"id": "1996", "ano": "2019", "numero": "24", "tipo__sigla": "PLO", "tipo__descricao": "Projeto de Lei Ordin\u00e1ria", "autoria": "", "texto_original": "http://sapl.bicas.mg.leg.br/media/sapl/public/materialegislativa/2019/1996/plo_24.2019_-_insere_no_orcamento_vigente_natu_d0vQ4I0.docx", "ementa": "\u201cInsere no Or\u00e7amento vigente a natureza de despesa que menciona e d\u00e1 outras provid\u00eancias\u201d."}, {"id": "1997", "ano": "2019", "numero": "25", "tipo__sigla": "PLO", "tipo__descricao": "Projeto de Lei Ordin\u00e1ria", "autoria": "", "texto_original": "http://sapl.bicas.mg.leg.br/media/sapl/public/materialegislativa/2019/1997/plo_25.2019_-_suplementacao.docx", "ementa": "Autoriza a abertura de cr\u00e9dito suplementar  e d\u00e1 outras provid\u00eancias\u201d"}, {"id": "2018", "ano": "2019", "numero": "26", "tipo__sigla": "PLO", "tipo__descricao": "Projeto de Lei Ordin\u00e1ria", "autoria": "", "texto_original": "http://sapl.bicas.mg.leg.br/media/sapl/public/materialegislativa/2019/2018/plo_26.2019_-_c.supl._equipamentos_eja.docx", "ementa": "Insere no Or\u00e7amento vigente a  natureza de despesa que menciona e d\u00e1 outras provid\u00eancias."}, {"id": "2019", "ano": "2019", "numero": "27", "tipo__sigla": "PLO", "tipo__descricao": "Projeto de Lei Ordin\u00e1ria", "autoria": "", "texto_original": "http://sapl.bicas.mg.leg.br/media/sapl/public/materialegislativa/2019/2019/plo_27.2019_-_beneficios_eventuais_2019.doc", "ementa": "Institui os Benef\u00edcios Eventuais para necessidade tempor\u00e1ria de pessoas, fam\u00edlia ou grupo em situa\u00e7\u00e3o de vulnerabilidade social ou risco \u00e0 vida no munic\u00edpio de Bicas e d\u00e1 outras provid\u00eancias."}, {"id": "2020", "ano": "2019", "numero": "29", "tipo__sigla": "PLO", "tipo__descricao": "Projeto de Lei Ordin\u00e1ria", "autoria": "Tiago Enfermeiro", "texto_original": "http://sapl.bicas.mg.leg.br/media/sapl/public/materialegislativa/2019/2020/plo_29.2019_-_troco_solidario_-_tiago.docx", "ementa": "Cria o programa Troco Solid\u00e1rio no munic\u00edpio de Bicas e d\u00e1 outras provid\u00eancias."}, {"id": "2066", "ano": "2019", "numero": "30", "tipo__sigla": "PLO", "tipo__descricao": "Projeto de Lei Ordin\u00e1ria", "autoria": "", "texto_original": "http://sapl.bicas.mg.leg.br/media/sapl/public/materialegislativa/2019/2066/plo_30.2019_-_altera_a_lm_1.850-2018_fundo_mun_HQ51xeY.docx", "ementa": "Altera a Lei 1.850 de 2018, que Cria o Fundo Municipal de Saneamento B\u00e1sico \u2013 FMSB e d\u00e1 outras provid\u00eancias."}, {"id": "2076", "ano": "2019", "numero": "31", "tipo__sigla": "PLO", "tipo__descricao": "Projeto de Lei Ordin\u00e1ria", "autoria": "", "texto_original": "http://sapl.bicas.mg.leg.br/media/sapl/public/materialegislativa/2019/2076/plo__31.2019_-_asilo_aumento.docx", "ementa": "\u201cAltera parcialmente a Lei 1.861 de 2019 que disp\u00f5e sobre a concess\u00e3o de subven\u00e7\u00f5es sociais \u00e0 Entidade que menciona e d\u00e1 outras provid\u00eancias\u201d."}, {"id": "2077", "ano": "2019", "numero": "32", "tipo__sigla": "PLO", "tipo__descricao": "Projeto de Lei Ordin\u00e1ria", "autoria": "", "texto_original": "http://sapl.bicas.mg.leg.br/media/sapl/public/materialegislativa/2019/2077/plo_32.2019_-_hospital_emendas_impositivas.docx", "ementa": "\u201cAltera parcialmente as Leis Municipais 1.860 e 1.870 de 2019 que disp\u00f5em sobre a concess\u00e3o de subven\u00e7\u00f5es sociais \u00e0 Entidade que menciona e d\u00e1 outras provid\u00eancias\u201d."}, {"id": "2078", "ano": "2019", "numero": "33", "tipo__sigla": "PLO", "tipo__descricao": "Projeto de Lei Ordin\u00e1ria", "autoria": "", "texto_original": "http://sapl.bicas.mg.leg.br/media/sapl/public/materialegislativa/2019/2078/plo_33.2019_-_revisao_geral_2019.doc", "ementa": "\u201cDisp\u00f5e sobre revis\u00e3o geral anual e d\u00e1 outras provid\u00eancias\u201d."}, {"id": "2096", "ano": "2019", "numero": "34", "tipo__sigla": "PLO", "tipo__descricao": "Projeto de Lei Ordin\u00e1ria", "autoria": "", "texto_original": "http://sapl.bicas.mg.leg.br/media/sapl/public/materialegislativa/2019/2096/plo_34.2019_-_asilo_e_morada_emenadas_impositivas.docx", "ementa": "Altera parcialmente a Lei Ordin\u00e1ria 1.861 de 2019, alterada posteriormente, que disp\u00f5e sobre a concess\u00e3o de subven\u00e7\u00f5es sociais \u00e0s Entidades que menciona e d\u00e1 outras provid\u00eancias\u201d."}, {"id": "2097", "ano": "2019", "numero": "35", "tipo__sigla": "PLO", "tipo__descricao": "Projeto de Lei Ordin\u00e1ria", "autoria": "", "texto_original": "http://sapl.bicas.mg.leg.br/media/sapl/public/materialegislativa/2019/2097/plo_35.2019_-_beneficios_eventuais_2019_1.doc", "ementa": "Institui os Benef\u00edcios Eventuais para necessidade tempor\u00e1ria de pessoas, fam\u00edlia ou grupo em situa\u00e7\u00e3o de vulnerabilidade social ou risco \u00e0 vida no munic\u00edpio de Bicas e d\u00e1 outras provid\u00eancias."}, {"id": "2098", "ano": "2019", "numero": "36", "tipo__sigla": "PLO", "tipo__descricao": "Projeto de Lei Ordin\u00e1ria", "autoria": "", "texto_original": "http://sapl.bicas.mg.leg.br/media/sapl/public/materialegislativa/2019/2098/plo_36.2019_-_tiago_altera_troco_solidario.docx", "ementa": "Altera a Lei 1.879 de 20 de maio de 2019 que Cria o programa Troco Solid\u00e1rio no munic\u00edpio de Bicas e d\u00e1 outras provid\u00eancias"}, {"id": "2099", "ano": "2019", "numero": "37", "tipo__sigla": "PLO", "tipo__descricao": "Projeto de Lei Ordin\u00e1ria", "autoria": "", "texto_original": "http://sapl.bicas.mg.leg.br/media/sapl/public/materialegislativa/2019/2099/plo_37.2019_-_insere_no_orcamento_vigente.docx", "ementa": "\u201cInsere no Or\u00e7amento vigente a natureza de despesa que menciona e d\u00e1 outras provid\u00eancias\u201d"}, {"id": "2100", "ano": "2019", "numero": "38", "tipo__sigla": "PLO", "tipo__descricao": "Projeto de Lei Ordin\u00e1ria", "autoria": "", "texto_original": "http://sapl.bicas.mg.leg.br/media/sapl/public/materialegislativa/2019/2100/plo_38.2019_-_abertura_de_credito.docx", "ementa": "\u201cAutoriza a abertura de cr\u00e9dito suplementar e d\u00e1 outras provid\u00eancias\u201d"}, {"id": "2120", "ano": "2019", "numero": "39", "tipo__sigla": "PLO", "tipo__descricao": "Projeto de Lei Ordin\u00e1ria", "autoria": "", "texto_original": "http://sapl.bicas.mg.leg.br/media/sapl/public/materialegislativa/2019/2120/plo_39.2019_-_altera_a_lei_1750_de_2015_autoriz_xJz0pOk.doc", "ementa": "Altera o art. 3\u00b0, da Lei Municipal n\u00ba. 1.750/2015, que autorizou o Munic\u00edpio de Bicas a vender im\u00f3vel por meio de contrato de compra e venda."}, {"id": "2121", "ano": "2019", "numero": "40", "tipo__sigla": "PLO", "tipo__descricao": "Projeto de Lei Ordin\u00e1ria", "autoria": "", "texto_original": "http://sapl.bicas.mg.leg.br/media/sapl/public/materialegislativa/2019/2121/plo_40.2019_-_acs_2019_1.doc", "ementa": "\u201cAutoriza o pagamento do piso profissional nacional aos Agentes Comunit\u00e1rios de Sa\u00fade, para o fim espec\u00edfico de adequa\u00e7\u00e3o ao piso salarial profissional nacional, nos termos da Lei Federal 13.708/2018, e d\u00e1 outras provid\u00eancias\u201d."}, {"id": "2122", "ano": "2019", "numero": "41", "tipo__sigla": "PLO", "tipo__descricao": "Projeto de Lei Ordin\u00e1ria", "autoria": "", "texto_original": "http://sapl.bicas.mg.leg.br/media/sapl/public/materialegislativa/2019/2122/plo_41.2019_-_hospital_r_50.00000.docx", "ementa": "\u201cAltera parcialmente as Leis Municipais 1.860, 1.870 e 1.887 de 2019, que disp\u00f5em sobre a concess\u00e3o de subven\u00e7\u00f5es sociais \u00e0 Entidade que menciona e d\u00e1 outras provid\u00eancias\u201d."}, {"id": "2124", "ano": "2019", "numero": "42", "tipo__sigla": "PLO", "tipo__descricao": "Projeto de Lei Ordin\u00e1ria", "autoria": "", "texto_original": "http://sapl.bicas.mg.leg.br/media/sapl/public/materialegislativa/2019/2124/plo_42.2019_-_financiamento_maquina_bdmg.docx", "ementa": "AUTORIZA O MUNIC\u00cdPIO DE BICAS A CONTRATAR COM O BANCO DE DESENVOLVIMENTO DE MINAS GERAIS S/A \u2013 BDMG, OPERA\u00c7\u00d5ES DE CR\u00c9DITO COM OUTORGA DE GARANTIA E D\u00c1 OUTRAS PROVID\u00caNCIAS."}, {"id": "2125", "ano": "2019", "numero": "43", "tipo__sigla": "PLO", "tipo__descricao": "Projeto de Lei Ordin\u00e1ria", "autoria": "", "texto_original": "http://sapl.bicas.mg.leg.br/media/sapl/public/materialegislativa/2019/2125/plo_43.2019_-_financiamento_construcao_ampliac_f81IQD5.docx", "ementa": "AUTORIZA O MUNIC\u00cdPIO DE BICAS A CONTRATAR COM O BANCO DE DESENVOLVIMENTO DE MINAS GERAIS S/A \u2013 BDMG, OPERA\u00c7\u00d5ES DE CR\u00c9DITO COM OUTORGA DE GARANTIA E D\u00c1 OUTRAS PROVID\u00caNCIAS."}, {"id": "2126", "ano": "2019", "numero": "44", "tipo__sigla": "PLO", "tipo__descricao": "Projeto de Lei Ordin\u00e1ria", "autoria": "", "texto_original": "http://sapl.bicas.mg.leg.br/media/sapl/public/materialegislativa/2019/2126/plo_44.2019_-_financiamento_infraestrutura_urbana_bdmg.docx", "ementa": "AUTORIZA O MUNIC\u00cdPIO DE BICAS A CONTRATAR COM O BANCO DE DESENVOLVIMENTO DE MINAS GERAIS S/A \u2013 BDMG, OPERA\u00c7\u00d5ES DE CR\u00c9DITO COM OUTORGA DE GARANTIA E D\u00c1 OUTRAS PROVID\u00caNCIAS."}, {"id": "2127", "ano": "2019", "numero": "45", "tipo__sigla": "PLO", "tipo__descricao": "Projeto de Lei Ordin\u00e1ria", "autoria": "", "texto_original": "http://sapl.bicas.mg.leg.br/media/sapl/public/materialegislativa/2019/2127/plo_45.2019_-_c.suplementar_construcao_ubs_sud_2EJsvtP.docx", "ementa": "\u201cInsere no Or\u00e7amento vigente a \r\nnatureza de despesa que menciona \r\ne d\u00e1 outras provid\u00eancias\u201d"}, {"id": "2128", "ano": "2019", "numero": "46", "tipo__sigla": "PLO", "tipo__descricao": "Projeto de Lei Ordin\u00e1ria", "autoria": "", "texto_original": "http://sapl.bicas.mg.leg.br/media/sapl/public/materialegislativa/2019/2128/plo_46.2019_-_aquisicao_terreno_praca.docx", "ementa": "Autoriza a abertura de Cr\u00e9dito Adicional Especial no valor de R$ 138.395,00 e d\u00e1 outras provid\u00eancias."}, {"id": "2129", "ano": "2019", "numero": "47", "tipo__sigla": "PLO", "tipo__descricao": "Projeto de Lei Ordin\u00e1ria", "autoria": "Loro", "texto_original": "http://sapl.bicas.mg.leg.br/media/sapl/public/materialegislativa/2019/2129/plo_47.2019_-_alteracao_prorreforma.doc", "ementa": "Insere o Art. 6\u00ba-A \u00e0 Lei Municipal n\u00ba 1639/2013."}, {"id": "2153", "ano": "2019", "numero": "48", "tipo__sigla": "PLO", "tipo__descricao": "Projeto de Lei Ordin\u00e1ria", "autoria": "", "texto_original": "http://sapl.bicas.mg.leg.br/media/", "ementa": "\"Estima a receita e fixa a despesa do Munic\u00edpio de Bicas para o exerc\u00edcio financeiro de 2020.\""}, {"id": "2154", "ano": "2019", "numero": "49", "tipo__sigla": "PLO", "tipo__descricao": "Projeto de Lei Ordin\u00e1ria", "autoria": "", "texto_original": "http://sapl.bicas.mg.leg.br/media/sapl/public/materialegislativa/2019/2154/plo_49.2019_-_aquisicao_veiculo_com_justificat_CZrxkiv.docx", "ementa": "\u201cDISP\u00d5E SOBRE ABERTURA DE CR\u00c9DITO ESPECIAL NO OR\u00c7AMENTO DA C\u00c2MARA MUNICIPAL DE BICAS, POR CANCELAMENTO DE DOTA\u00c7\u00d5ES E D\u00c1 OUTRAS PROVID\u00caNCIAS\u201d."}, {"id": "2155", "ano": "2019", "numero": "50", "tipo__sigla": "PLO", "tipo__descricao": "Projeto de Lei Ordin\u00e1ria", "autoria": "", "texto_original": "http://sapl.bicas.mg.leg.br/media/sapl/public/materialegislativa/2019/2155/plo_50.2019_-_autoriza_o_parcelamento_com_a_rede.doc", "ementa": "\"Altera parcialmente a Lei Municipal 1.485 de 2009, que Autoriza o parcelamento de d\u00e9bito do Munic\u00edpio de Bicas com a Uni\u00e3o e d\u00e1 outras provid\u00eancias.\""}, {"id": "2181", "ano": "2019", "numero": "51", "tipo__sigla": "PLO", "tipo__descricao": "Projeto de Lei Ordin\u00e1ria", "autoria": "", "texto_original": "http://sapl.bicas.mg.leg.br/media/sapl/public/materialegislativa/2019/2181/plo_51.2019_-_credito_suplementar_hospital_3_2019.docx", "ementa": "Autoriza a abertura de cr\u00e9dito suplementar\r\n                                      e d\u00e1 outras provid\u00eancias\u201d"}, {"id": "2182", "ano": "2019", "numero": "52", "tipo__sigla": "PLO", "tipo__descricao": "Projeto de Lei Ordin\u00e1ria", "autoria": "", "texto_original": "http://sapl.bicas.mg.leg.br/media/sapl/public/materialegislativa/2019/2182/plo_52.2019_-_hospital_r_142.00000.docx", "ementa": "\u201cAltera parcialmente as Leis Municipais 1.860, 1.870, 1.887 e 1.844 de 2019, que disp\u00f5em sobre a concess\u00e3o de subven\u00e7\u00f5es sociais ao Hospital S\u00e3o Jos\u00e9 de Bicas que menciona e d\u00e1 outras provid\u00eancias\u201d."}, {"id": "2183", "ano": "2019", "numero": "53", "tipo__sigla": "PLO", "tipo__descricao": "Projeto de Lei Ordin\u00e1ria", "autoria": "", "texto_original": "http://sapl.bicas.mg.leg.br/media/sapl/public/materialegislativa/2019/2183/plo_53.2019_-_conselho_municipal_de_saneamento_basico.docx", "ementa": "\u201cDISP\u00d5E SOBRE A CRIA\u00c7\u00c3O DO CONSELHO MUNICIPAL DE SANEAMENTO B\u00c1SICO E DO FUNDO MUNICIPAL DE SANEAMENTO,\t E D\u00c1 OUTRAS PROVID\u00caNCIAS\u201d"}, {"id": "2184", "ano": "2019", "numero": "54", "tipo__sigla": "PLO", "tipo__descricao": "Projeto de Lei Ordin\u00e1ria", "autoria": "", "texto_original": "http://sapl.bicas.mg.leg.br/media/sapl/public/materialegislativa/2019/2184/plo_54.2019_-_programa_de_prevencao_dengue.docx", "ementa": "\u201cDisp\u00f5e sobre a institui\u00e7\u00e3o do Programa Municipal de Combate ao Aedes aegypti e preven\u00e7\u00e3o \u00e0 dengue, chikungunya e zika v\u00edrus e d\u00e1 outras provid\u00eancias\u201d."}, {"id": "2185", "ano": "2019", "numero": "55", "tipo__sigla": "PLO", "tipo__descricao": "Projeto de Lei Ordin\u00e1ria", "autoria": "", "texto_original": "http://sapl.bicas.mg.leg.br/media/sapl/public/materialegislativa/2019/2185/plo_55.2019_-_14o_salario_2019.doc", "ementa": "\u201cDisp\u00f5e sobre o pagamento da gratifica\u00e7\u00e3o de incentivo de produtividade aos servidores lotados na Secretaria de Educa\u00e7\u00e3o do Munic\u00edpio de Bicas, com exce\u00e7\u00e3o da Sra. Secret\u00e1ria, no exerc\u00edcio de 2019, e d\u00e1 outras provid\u00eancias\u201d."}, {"id": "2202", "ano": "2019", "numero": "56", "tipo__sigla": "PLO", "tipo__descricao": "Projeto de Lei Ordin\u00e1ria", "autoria": "", "texto_original": "http://sapl.bicas.mg.leg.br/media/sapl/public/materialegislativa/2019/2202/plo_56.2019_-_autoriza_o_municipio_a_ceder_divi_riSubCH.odt", "ementa": "Autoriza a cess\u00e3o, a t\u00edtulo oneroso, de direitos credit\u00f3rios provenientes dos atrasos das transfer\u00eancias obrigat\u00f3rias devidas pelo Estado de Minas Gerais."}, {"id": "2222", "ano": "2019", "numero": "57", "tipo__sigla": "PLO", "tipo__descricao": "Projeto de Lei Ordin\u00e1ria", "autoria": "", "texto_original": "http://sapl.bicas.mg.leg.br/media/sapl/public/materialegislativa/2019/2222/plo_57.2019_-_cantina_cemiterio.doc", "ementa": "\u201cAutoriza o Chefe do Poder Executivo a outorgar a Permiss\u00e3o de Uso de Bem Im\u00f3vel P\u00fablico, alusivo as instala\u00e7\u00f5es da Cantina do Cemit\u00e9rio Municipal de Bicas, e d\u00e1 outras provid\u00eancias\u201d."}, {"id": "2223", "ano": "2019", "numero": "58", "tipo__sigla": "PLO", "tipo__descricao": "Projeto de Lei Ordin\u00e1ria", "autoria": "", "texto_original": "http://sapl.bicas.mg.leg.br/media/sapl/public/materialegislativa/2019/2223/plo_58.2019_-_vestiario_-_edgard_moreira.doc", "ementa": "\u201cAutoriza a abertura de cr\u00e9dito suplementar e d\u00e1 outras provid\u00eancias\u201d"}, {"id": "2224", "ano": "2019", "numero": "59", "tipo__sigla": "PLO", "tipo__descricao": "Projeto de Lei Ordin\u00e1ria", "autoria": "", "texto_original": "http://sapl.bicas.mg.leg.br/media/sapl/public/materialegislativa/2019/2224/plo_59.2019_-_revisao_salarial_acs_2020.doc", "ementa": "Autoriza o pagamento do piso profissional nacional aos Agentes Comunit\u00e1rios de Sa\u00fade, para o fim espec\u00edfico de adequa\u00e7\u00e3o ao piso salarial profissional nacional, nos termos da Lei Federal 13.708/2018, e d\u00e1 outras provid\u00eancias\u201d."}, {"id": "2237", "ano": "2019", "numero": "60", "tipo__sigla": "PLO", "tipo__descricao": "Projeto de Lei Ordin\u00e1ria", "autoria": "", "texto_original": "http://sapl.bicas.mg.leg.br/media/sapl/public/materialegislativa/2019/2237/plo_60.2019_-_veiculo_educacao.docx", "ementa": "Autoriza a abertura de Cr\u00e9dito Adicional Especial no valor de R$ 86.589,00 e d\u00e1 outras provid\u00eancias."}, {"id": "2238", "ano": "2019", "numero": "61", "tipo__sigla": "PLO", "tipo__descricao": "Projeto de Lei Ordin\u00e1ria", "autoria": "", "texto_original": "http://sapl.bicas.mg.leg.br/media/sapl/public/materialegislativa/2019/2238/plo_61.2019_-_hospital_r_130.00000.docx", "ementa": "\u201cAltera parcialmente as Leis Municipais 1.860, 1.870, 1.887, 1.894, 1903 de 2019, que disp\u00f5em sobre a concess\u00e3o de subven\u00e7\u00f5es sociais ao Hospital S\u00e3o Jos\u00e9 de Bicas que menciona e d\u00e1 outras provid\u00eancias\u201d."}, {"id": "2239", "ano": "2019", "numero": "62", "tipo__sigla": "PLO", "tipo__descricao": "Projeto de Lei Ordin\u00e1ria", "autoria": "", "texto_original": "http://sapl.bicas.mg.leg.br/media/sapl/public/materialegislativa/2019/2239/plo_62.2019_-_hospital_alteracao_orcamentaria__BYdQbJe.docx", "ementa": "\u201cAutoriza a abertura de cr\u00e9dito suplementar  e d\u00e1 outras provid\u00eancias\u201d"}, {"id": "1903", "ano": "2019", "numero": "1", "tipo__sigla": "PRE", "tipo__descricao": "Projeto de Resolu\u00e7\u00e3o", "autoria": "Tanauza", "texto_original": "http://sapl.bicas.mg.leg.br/media/sapl/public/materialegislativa/2019/1903/projeto_de_resolucao.pdf", "ementa": "DISP\u00d5E SOBRE A LIMITA\u00c7\u00c3O DE 06 (SEIS) VIAGENS ANUAIS PARA CADA VEREADOR, DISTRIBU\u00cdDAS CONFORME O INTERESSE MANIFESTO POR CADA EDIL, EM RELA\u00c7\u00c3O A CURSOS DE CAPACITA\u00c7\u00c3O, CONGRESSOS E AFINS ESCOLHIDOS PELOS VEREADORES DA C\u00c2MARA MUNICIPAL DE BICAS E D\u00c1 OUTRAS PROVID\u00caNCIAS."}, {"id": "2225", "ano": "2019", "numero": "2", "tipo__sigla": "PRE", "tipo__descricao": "Projeto de Resolu\u00e7\u00e3o", "autoria": "", "texto_original": "http://sapl.bicas.mg.leg.br/media/sapl/public/materialegislativa/2019/2225/resolucao_02.2019_-_substitutivo.docx", "ementa": "\u201cDisp\u00f5e sobre a cria\u00e7\u00e3o do Centro de Atendimento ao Cidad\u00e3o da C\u00e2mara Municipal de Bicas e d\u00e1 outras provid\u00eancias.\u201d"}, {"id": "2226", "ano": "2019", "numero": "3", "tipo__sigla": "PRE", "tipo__descricao": "Projeto de Resolu\u00e7\u00e3o", "autoria": "", "texto_original": "http://sapl.bicas.mg.leg.br/media/sapl/public/materialegislativa/2019/2226/resolucao_03.2019_-_carro_oficial.doc", "ementa": "REGULAMENTA O USO DO VE\u00cdCULO OFICIAL DA C\u00c2MARA MUNICIPAL DE BICAS E D\u00c1 OUTRAS PROVID\u00caNCIAS."}, {"id": "1882", "ano": "2019", "numero": "1", "tipo__sigla": "REP", "tipo__descricao": "Representa\u00e7\u00e3o", "autoria": "Loro", "texto_original": "http://sapl.bicas.mg.leg.br/media/sapl/public/materialegislativa/2019/1882/001_-_loro_mp_pedreiro.pdf", "ementa": "Que seja encaminhada esta representa\u00e7\u00e3o ao Minist\u00e9rio P\u00fablico de Minas Gerais, solicitando apura\u00e7\u00e3o envolvendo poss\u00edvel crime de improbidade administrativa e enriquecimento il\u00edcito, com cess\u00e3o de servidores p\u00fablicos para servi\u00e7os particulares em propriedade de parentes do Secret\u00e1rio de Obras Municipal."}, {"id": "2065", "ano": "2019", "numero": "2", "tipo__sigla": "REP", "tipo__descricao": "Representa\u00e7\u00e3o", "autoria": "Loro", "texto_original": "http://sapl.bicas.mg.leg.br/media/sapl/public/materialegislativa/2019/2065/002_-_loro_madeira_palacio.pdf", "ementa": "Que seja encaminhada esta representa\u00e7\u00e3o ao Tribunal de Contas do Estado de Minas Gerais, solicitando apura\u00e7\u00e3o do pagamento da constru\u00e7\u00e3o da cobertura da nova sede da Secretaria Municipal de Educa\u00e7\u00e3o, localizada \u00e0 Rua Dona Ana, s/n  - Centro, neste Munic\u00edpio."}, {"id": "2180", "ano": "2019", "numero": "3", "tipo__sigla": "REP", "tipo__descricao": "Representa\u00e7\u00e3o", "autoria": "Joel Mil\u00e3o do Cemit\u00e9rio", "texto_original": "http://sapl.bicas.mg.leg.br/media/sapl/public/materialegislativa/2019/2180/rep._003_joel.pdf", "ementa": "Que seja encaminhada esta representa\u00e7\u00e3o ao DNITT, solicitando instala\u00e7\u00e3o de dispositivo redutor de velocidade para possibilitar a travessia de pedestres na BR267, no trecho pr\u00f3ximo \u00e0 rua Garcia Passos."}, {"id": "2210", "ano": "2019", "numero": "4", "tipo__sigla": "REP", "tipo__descricao": "Representa\u00e7\u00e3o", "autoria": "Loro", "texto_original": "http://sapl.bicas.mg.leg.br/media/sapl/public/materialegislativa/2019/2210/rep._04_loro.pdf", "ementa": "Que seja encaminhada esta representa\u00e7\u00e3o ao Tribunal de Contas do Estado de Minas Gerais (TCE/MG), solicitando apura\u00e7\u00e3o sobre abertura de cr\u00e9ditos especiais e suplementares ao Or\u00e7amento Municipal 2017 utilizando-se da \u201cFonte de recurso: 123 \u2013 Transfer\u00eancia de conv\u00eanios vinculados \u00e0 sa\u00fade\u201d."}, {"id": "2211", "ano": "2019", "numero": "5", "tipo__sigla": "REP", "tipo__descricao": "Representa\u00e7\u00e3o", "autoria": "Loro", "texto_original": "http://sapl.bicas.mg.leg.br/media/sapl/public/materialegislativa/2019/2211/rep._05_loro.pdf", "ementa": "Que seja encaminhada esta representa\u00e7\u00e3o ao Minist\u00e9rio P\u00fablico do Estado de Minas Gerais, solicitando apura\u00e7\u00e3o sobre a doa\u00e7\u00e3o de materiais e servi\u00e7os (m\u00e3o-de-obra) feita pela Prefeitura Municipal de Bicas nos anos de 2017 a 2019, baseada na Lei Municipal n\u00ba 1.639/2013, alterada pela Lei n\u00ba 1.681/2014, e regulada pelo Decreto n\u00ba 248/2014 (anexo 01)."}, {"id": "2212", "ano": "2019", "numero": "6", "tipo__sigla": "REP", "tipo__descricao": "Representa\u00e7\u00e3o", "autoria": "Loro", "texto_original": "http://sapl.bicas.mg.leg.br/media/sapl/public/materialegislativa/2019/2212/rep._06_loro.pdf", "ementa": "Que seja encaminhada esta representa\u00e7\u00e3o \u00e0 Secretaria de Estado de Transportes e Obras P\u00fablicas (SETOP), a fim de solicitar estudo sobre a possibilidade de abrir concess\u00e3o p\u00fablica de transporte coletivo para linha comercial, seguindo o que diz o Inciso III do Art. 39 do Decreto n\u00ba 44.603, de 22/08/2007, entre nosso Munic\u00edpio e o Munic\u00edpio de Juiz de Fora."}, {"id": "1853", "ano": "2019", "numero": "1", "tipo__sigla": "REQ", "tipo__descricao": "Requerimento", "autoria": "Loro", "texto_original": "http://sapl.bicas.mg.leg.br/media/sapl/public/materialegislativa/2019/1853/01_loro_dispensa_37.2018.pdf", "ementa": "Solicito ao Prefeito Municipal que, atrav\u00e9s da Secretaria de Administra\u00e7\u00e3o de Planejamento, fa\u00e7a encaminhar c\u00f3pia digitalizada de todo o servi\u00e7o prestado atrav\u00e9s da pessoa f\u00edsica, relativo ao Processo de Dispensa de Licita\u00e7\u00e3o n\u00ba 37/2018."}, {"id": "1854", "ano": "2019", "numero": "2", "tipo__sigla": "REQ", "tipo__descricao": "Requerimento", "autoria": "Loro", "texto_original": "http://sapl.bicas.mg.leg.br/media/sapl/public/materialegislativa/2019/1854/02_loro_contas_celulares.pdf", "ementa": "Solicito pela terceira vez ao Prefeito Municipal, que fa\u00e7a enviar a esta Casa Legislativa, c\u00f3pia digitalizada das contas detalhadas dos celulares da Prefeitura Municipal referentes ao contrato n\u00ba 211/2017, da assinatura do mesmo at\u00e9 os dias de hoje, e informe a quem est\u00e3o disponibilizadas as referidas linhas"}, {"id": "1855", "ano": "2019", "numero": "3", "tipo__sigla": "REQ", "tipo__descricao": "Requerimento", "autoria": "Loro", "texto_original": "http://sapl.bicas.mg.leg.br/media/sapl/public/materialegislativa/2019/1855/03_loro_contratos_cessao_de_uso.pdf", "ementa": "Solicito ao Prefeito Municipal que, atrav\u00e9s da Secretaria de Administra\u00e7\u00e3o e Planejamento, envie a esta Casa Legislativa c\u00f3pia digitalizada de todos os contratos de cess\u00e3o real de uso firmados pelo Munic\u00edpio nos anos de 2017, 2018 e 2019 at\u00e9 este momento"}, {"id": "1856", "ano": "2019", "numero": "4", "tipo__sigla": "REQ", "tipo__descricao": "Requerimento", "autoria": "Loro", "texto_original": "http://sapl.bicas.mg.leg.br/media/sapl/public/materialegislativa/2019/1856/04-loro_reforma_exposicao.pdf", "ementa": "Solicito ao Prefeito Municipal, que atrav\u00e9s da Secretaria competente, envie a esta Casa Legislativa o relat\u00f3rio feito pelo Corpo de Bombeiros solicitando reparos no Parque de Exposi\u00e7\u00f5es em 2018, bem como informe sobre o atendimento \u00e0s demandas requeridas e a sua forma de execu\u00e7\u00e3o"}, {"id": "1857", "ano": "2019", "numero": "5", "tipo__sigla": "REQ", "tipo__descricao": "Requerimento", "autoria": "Loro", "texto_original": "http://sapl.bicas.mg.leg.br/media/sapl/public/materialegislativa/2019/1857/05-loro_resolucoes_cme.pdf", "ementa": "Solicito ao Prefeito Municipal, que atrav\u00e9s da Secretaria competente, fa\u00e7a enviar a esta Casa Legislativa todas as resolu\u00e7\u00f5es exaradas pelo Conselho Municipal de Esportes durante os exerc\u00edcios de 2017 e 2018, bem como c\u00f3pia das atas aonde estas decis\u00f5es foram aprovadas"}, {"id": "1858", "ano": "2019", "numero": "6", "tipo__sigla": "REQ", "tipo__descricao": "Requerimento", "autoria": "Loro", "texto_original": "http://sapl.bicas.mg.leg.br/media/sapl/public/materialegislativa/2019/1858/06_loro_cobertura_palacio.pdf", "ementa": "Solicito ao Prefeito Municipal que, atrav\u00e9s da Secretaria competente, informe a esta Casa Legislativa, o motivo pelo qual foi pago \u00e0 empresa Lacosta Constru\u00e7\u00f5es Ltda. o valor de R$ 34.649,20 (trinta e quatro mil, seiscentos e quarenta e nove reais, vinte centavos) pelos engradamentos dos telhados do pr\u00e9dio da Secretaria de Educa\u00e7\u00e3o, sendo este o valor exato da soma do contrato (R$ 27.772,47) e seu aditivo (R$ 6.876,73), sendo que nos mesmos a madeira a ser utilizada seria a da esp\u00e9cie paraju, mas na verdade a esp\u00e9cie utilizada foi a angelim pedra."}, {"id": "1859", "ano": "2019", "numero": "7", "tipo__sigla": "REQ", "tipo__descricao": "Requerimento", "autoria": "Loro", "texto_original": "http://sapl.bicas.mg.leg.br/media/sapl/public/materialegislativa/2019/1859/07_loro_pareceres_sociais.pdf", "ementa": "Solicito ao Prefeito Municipal, que fa\u00e7a enviar c\u00f3pia de todos os pareceres sociais emitidos para a concess\u00e3o de aux\u00edlio com materiais de constru\u00e7\u00e3o exarados deste setembro de 2017 at\u00e9 o presente momento"}, {"id": "1860", "ano": "2019", "numero": "8", "tipo__sigla": "REQ", "tipo__descricao": "Requerimento", "autoria": "Loro", "texto_original": "http://sapl.bicas.mg.leg.br/media/sapl/public/materialegislativa/2019/1860/08_loro_baterias.pdf", "ementa": "Solicito ao Prefeito Municipal, que fa\u00e7a enviar c\u00f3pia de todas as notas fiscais de aquisi\u00e7\u00e3o de baterias automotivas feitas pelo Munic\u00edpio de janeiro de 2017 at\u00e9 os dias atuais"}, {"id": "1899", "ano": "2019", "numero": "9", "tipo__sigla": "REQ", "tipo__descricao": "Requerimento", "autoria": "Diego da Auto Escola", "texto_original": "http://sapl.bicas.mg.leg.br/media/sapl/public/materialegislativa/2019/1899/09_diego_saldo_fme.docx", "ementa": "Solicito ao Prefeito Municipal, que fa\u00e7a enviar c\u00f3pia do extrato da conta do Fundo Municipal do Esporte relativo a todo o ano de 2018 at\u00e9 os dias atuais."}, {"id": "1900", "ano": "2019", "numero": "10", "tipo__sigla": "REQ", "tipo__descricao": "Requerimento", "autoria": "Loro", "texto_original": "http://sapl.bicas.mg.leg.br/media/sapl/public/materialegislativa/2019/1900/10_loro_apoio_oficio_08.docx", "ementa": "Solicito ao Presidente da C\u00e2mara Municipal que, ouvido o plen\u00e1rio, oficie o Prefeito Municipal solicitando a substitui\u00e7\u00e3o do servidor Fernando C\u00e9sar da Rocha da Comiss\u00e3o de Processos Disciplinar Administrativo instaurado atrav\u00e9s da Portaria n\u00ba15/2019."}, {"id": "1916", "ano": "2019", "numero": "11", "tipo__sigla": "REQ", "tipo__descricao": "Requerimento", "autoria": "Loro", "texto_original": "http://sapl.bicas.mg.leg.br/media/sapl/public/materialegislativa/2019/1916/11_loro_questionamento_tce.pdf", "ementa": "Solicito ao Presidente da C\u00e2mara Municipal que, ouvido o plen\u00e1rio, oficie o Tribunal de Contas do Estado de Minas Gerais, na pessoa de seu Presidente, Cl\u00e1udio Couto Terr\u00e3o, acerca de d\u00favidas envolvendo a resposta \u00e0 Representa\u00e7\u00e3o n\u00ba 07, de 19/11/2018, onde este edil levanta d\u00favidas e solicita an\u00e1lise das compras para lanches e merenda escolar nos anos de 2017 e 2018 da Prefeitura Municipal de Bicas."}, {"id": "1917", "ano": "2019", "numero": "12", "tipo__sigla": "REQ", "tipo__descricao": "Requerimento", "autoria": "Loro", "texto_original": "http://sapl.bicas.mg.leg.br/media/sapl/public/materialegislativa/2019/1917/12_joel_farmacia.pdf", "ementa": "O vereador que esta subscreve requer que ap\u00f3s a tramita\u00e7\u00e3o regimental seja encaminhada a mat\u00e9ria em ep\u00edgrafe e a seguir discriminada:\r\n\r\nQue seja informado a esta Casa o seguinte:\r\n\r\n1.\tSe existe falta de algum medicamento na farm\u00e1cia popular;\r\n2.\tHavendo falta de medicamentos, quais as provid\u00eancias tomadas pela administra\u00e7\u00e3o para resolver o problema.\r\n3.\tQuando foi a \u00faltima licita\u00e7\u00e3o para adquirir medicamentos para a farm\u00e1cia."}, {"id": "1926", "ano": "2019", "numero": "13", "tipo__sigla": "REQ", "tipo__descricao": "Requerimento", "autoria": "Loro", "texto_original": "http://sapl.bicas.mg.leg.br/media/sapl/public/materialegislativa/2019/1926/13_loro_acompanhamento_pad.pdf", "ementa": "Solicito ao Presidente da C\u00e2mara Municipal que, ouvido o plen\u00e1rio, oficie o Prefeito Municipal solicitando permiss\u00e3o para que a Assessoria Jur\u00eddica da C\u00e2mara acompanhe como observadora o Processo Administrativo Disciplinar instaurado atrav\u00e9s da Portaria n\u00ba 21, de 11/02/2019, em todas as suas oitivas e reuni\u00f5es de trabalho."}, {"id": "1927", "ano": "2019", "numero": "14", "tipo__sigla": "REQ", "tipo__descricao": "Requerimento", "autoria": "Loro", "texto_original": "http://sapl.bicas.mg.leg.br/media/sapl/public/materialegislativa/2019/1927/14_loro_mp_caso_giovani.pdf", "ementa": "Solicito ao Presidente da C\u00e2mara Municipal que, ouvido o plen\u00e1rio, oficie o Prefeito Municipal solicitando permiss\u00e3o para que a Assessoria Jur\u00eddica da C\u00e2mara acompanhe como observadora o Processo Administrativo Disciplinar instaurado atrav\u00e9s da Portaria n\u00ba 21, de 11/02/2019, em todas as suas oitivas e reuni\u00f5es de trabalho."}, {"id": "1944", "ano": "2019", "numero": "15", "tipo__sigla": "REQ", "tipo__descricao": "Requerimento", "autoria": "Loro", "texto_original": "http://sapl.bicas.mg.leg.br/media/sapl/public/materialegislativa/2019/1944/req._15_loro.pdf", "ementa": "Solicito ao Presidente da C\u00e2mara Municipal que, ouvido o plen\u00e1rio, oficie o Minist\u00e9rio P\u00fablico do Estado de Minas Gerais, encaminhando a m\u00eddia a este anexada onde constam os \u00e1udios da abordagem feita no dia 28 de janeiro, quando foram flagrados dois servidores municipais trabalhando dentro da propriedade de uma parente do Secret\u00e1rio de Obras Municipal."}, {"id": "1945", "ano": "2019", "numero": "16", "tipo__sigla": "REQ", "tipo__descricao": "Requerimento", "autoria": "Loro", "texto_original": "http://sapl.bicas.mg.leg.br/media/sapl/public/materialegislativa/2019/1945/content.pdf", "ementa": "Solicito ao Presidente da C\u00e2mara Municipal que, ouvido o plen\u00e1rio, oficie a Secretaria Municipal de Educa\u00e7\u00e3o solicitando relat\u00f3rio pormenorizado constando o n\u00famero total de estudantes das escolas municipais separados por escola e, em cada uma destas escolas, por faixas et\u00e1rias e por bairro de resid\u00eancia, al\u00e9m de destacar os estudantes que s\u00e3o perfil do Cadastro \u00danico de Assist\u00eancia Social, estes separados por faixa de renda."}, {"id": "1972", "ano": "2019", "numero": "17", "tipo__sigla": "REQ", "tipo__descricao": "Requerimento", "autoria": "Loro", "texto_original": "http://sapl.bicas.mg.leg.br/media/", "ementa": "Solicito ao Presidente da C\u00e2mara Municipal que, ouvido o plen\u00e1rio, oficie todas as secretarias municipais solicitando delas que enumerem todas as unidades que comp\u00f5em a mesma, quais suas atribui\u00e7\u00f5es resumidas e seus respectivos hor\u00e1rios de funcionamento."}, {"id": "1973", "ano": "2019", "numero": "18", "tipo__sigla": "REQ", "tipo__descricao": "Requerimento", "autoria": "Loro", "texto_original": "http://sapl.bicas.mg.leg.br/media/sapl/public/materialegislativa/2019/1973/18_loro_transporte_estudantes.pdf", "ementa": "Solicito ao Presidente da C\u00e2mara Municipal que, ouvido o plen\u00e1rio, oficie a Secretaria Municipal de Educa\u00e7\u00e3o solicitando da mesma as seguintes informa\u00e7\u00f5es sobre o transporte escolar para Juiz de Fora: nome completo dos atendidos, turno de estudo, curso e institui\u00e7\u00e3o de ensino que freq\u00fcenta, meio de transporte fornecido a cada um deles e valor do passe cobrado hoje dos estudantes. Al\u00e9m disso, caso exista, enviar lista de demanda reprimida de atendimento com as mesmas informa\u00e7\u00f5es sobre os solicitantes."}, {"id": "1974", "ano": "2019", "numero": "19", "tipo__sigla": "REQ", "tipo__descricao": "Requerimento", "autoria": "Joel Mil\u00e3o do Cemit\u00e9rio", "texto_original": "http://sapl.bicas.mg.leg.br/media/sapl/public/materialegislativa/2019/1974/19_joel_cpi_caso_giovani.docx", "ementa": "Solicito ao Presidente da C\u00e2mara Municipal que determine a abertura de Comiss\u00e3o Especial de Inqu\u00e9rito para investigar o incidente apelidado \u201cCaso Giovani\u201d e o poss\u00edvel crime de improbidade administrativa e enriquecimento il\u00edcito."}, {"id": "1975", "ano": "2019", "numero": "20", "tipo__sigla": "REQ", "tipo__descricao": "Requerimento", "autoria": "Rafael Aquino", "texto_original": "http://sapl.bicas.mg.leg.br/media/sapl/public/materialegislativa/2019/1975/20_rafael_vigia.pdf", "ementa": "Solicito da mesa diretora desta casa, que seja oficiado o CIESP, solicitando a contrata\u00e7\u00e3o de vigia e c\u00e2meras de seguran\u00e7a no pr\u00e9dio do Consorcio.\r\nSolicito ainda na mesma comunica\u00e7\u00e3o, que o Cons\u00f3rcio providencie uma reforma e troca de mobili\u00e1rio no CAPS acolher.\r\n\tPor fim, solicito a presta\u00e7\u00e3o de contas do CAPS."}, {"id": "1976", "ano": "2019", "numero": "21", "tipo__sigla": "REQ", "tipo__descricao": "Requerimento", "autoria": "Joel Mil\u00e3o do Cemit\u00e9rio", "texto_original": "http://sapl.bicas.mg.leg.br/media/sapl/public/materialegislativa/2019/1976/21_joel_fme.pdf", "ementa": "O vereador que esta subscreve requer que ap\u00f3s a tramita\u00e7\u00e3o regimental seja encaminhada a mat\u00e9ria em ep\u00edgrafe e a seguir discriminada:\r\n\r\nQue seja encaminhado a esta Casa, mensalmente, os valores gastos do Fundo Municipal do Esporte, indicando, tamb\u00e9m, sua destina\u00e7\u00e3o."}, {"id": "1977", "ano": "2019", "numero": "22", "tipo__sigla": "REQ", "tipo__descricao": "Requerimento", "autoria": "Diego da Auto Escola", "texto_original": "http://sapl.bicas.mg.leg.br/media/sapl/public/materialegislativa/2019/1977/22_diego_caso_giovani.pdf", "ementa": "Solicito ao Presidente da C\u00e2mara Municipal que determine a abertura de Comiss\u00e3o Especial de Inqu\u00e9rito para investigar o flagrante de servidor p\u00fablico trabalhando em propriedade rural privada e o poss\u00edvel crime de improbidade administrativa e enriquecimento il\u00edcito."}, {"id": "2012", "ano": "2019", "numero": "23", "tipo__sigla": "REQ", "tipo__descricao": "Requerimento", "autoria": "Rafael Aquino", "texto_original": "http://sapl.bicas.mg.leg.br/media/sapl/public/materialegislativa/2019/2012/23_rafael_audiencia_publica.pdf", "ementa": "Solicito da Comiss\u00e3o de Finan\u00e7as, Legisla\u00e7\u00e3o e Justi\u00e7a, que marque reuni\u00e3o, ou mesmo audi\u00eancia p\u00fablica para discuss\u00e3o de implementa\u00e7\u00e3o e promo\u00e7\u00e3o da pr\u00e1tica de doa\u00e7\u00e3o de valores, para o FIA (fundo da Crian\u00e7a e adolescente) e outros fundos, que podem ser deduzidos em IRPF.\r\n        Solicito que sejam convidados todos os contabilistas de nossa cidade, as institui\u00e7\u00f5es de caridade e assistenciais, ACE, projetos sociais, dentre outros."}, {"id": "2013", "ano": "2019", "numero": "24", "tipo__sigla": "REQ", "tipo__descricao": "Requerimento", "autoria": "Loro", "texto_original": "http://sapl.bicas.mg.leg.br/media/", "ementa": "Solicito ao Presidente da C\u00e2mara Municipal que, ouvido o plen\u00e1rio, oficie a Secretaria Municipal de Administra\u00e7\u00e3o solicitando da mesma as c\u00f3pias digitalizadas de todos os contratos de pessoal feitos pela Diretoria de Recursos Humanos no ano de 2019."}, {"id": "2014", "ano": "2019", "numero": "25", "tipo__sigla": "REQ", "tipo__descricao": "Requerimento", "autoria": "Joel Mil\u00e3o do Cemit\u00e9rio", "texto_original": "http://sapl.bicas.mg.leg.br/media/sapl/public/materialegislativa/2019/2014/25_joel_processo_portaria_193.2018.pdf", "ementa": "Que seja encaminhado a esta Casa todo o processo resultante da sindic\u00e2ncia instaurada pela portaria 193 de 04 de agosto de 2017."}, {"id": "2032", "ano": "2019", "numero": "26", "tipo__sigla": "REQ", "tipo__descricao": "Requerimento", "autoria": "Joel Mil\u00e3o do Cemit\u00e9rio", "texto_original": "http://sapl.bicas.mg.leg.br/media/sapl/public/materialegislativa/2019/2032/26_joel_propaganda_e_publicidade.pdf", "ementa": "Que seja encaminhado a esta Casa relat\u00f3rio com os gastos de propaganda e publicidade discriminando os valores por fornecedor, de janeiro de 2017 at\u00e9 o presente."}, {"id": "2033", "ano": "2019", "numero": "27", "tipo__sigla": "REQ", "tipo__descricao": "Requerimento", "autoria": "Tiago Enfermeiro", "texto_original": "http://sapl.bicas.mg.leg.br/media/sapl/public/materialegislativa/2019/2033/27_tiago_sindicancia.pdf", "ementa": "Que seja aberta sindic\u00e2ncia para apurar a den\u00fancia recebida pelo Minist\u00e9rio P\u00fablico e encaminhada a esta Casa atrav\u00e9s do of\u00edcio n\u00ba 022019TJB."}, {"id": "2034", "ano": "2019", "numero": "28", "tipo__sigla": "REQ", "tipo__descricao": "Requerimento", "autoria": "Loro", "texto_original": "http://sapl.bicas.mg.leg.br/media/sapl/public/materialegislativa/2019/2034/28_loro_baterias_educacao.pdf", "ementa": "Solicito ao Presidente da C\u00e2mara Municipal que, ouvido o plen\u00e1rio, oficie a Secretaria Municipal de Educa\u00e7\u00e3o solicitando explica\u00e7\u00f5es sobre a aquisi\u00e7\u00e3o de baterias automotivas nos anos de 2017 e 2018, justificando o motivo da aquisi\u00e7\u00e3o de baterias em quantidade superior ao n\u00famero de ve\u00edculos da pasta."}, {"id": "2035", "ano": "2019", "numero": "29", "tipo__sigla": "REQ", "tipo__descricao": "Requerimento", "autoria": "Rafael Aquino", "texto_original": "http://sapl.bicas.mg.leg.br/media/sapl/public/materialegislativa/2019/2035/29_rafael_terrenos.pdf", "ementa": "Pela presente proposi\u00e7\u00e3o, solicito da Secretaria de Fazenda, que encaminhe as notifica\u00e7\u00f5es de propriet\u00e1rios de terrenos, solicitando a limpeza, bem como rela\u00e7\u00e3o de terrenos em que a Prefeitura realizou a limpeza ap\u00f3s a in\u00e9rcia do propriet\u00e1rio, durante o presente ano."}, {"id": "2050", "ano": "2019", "numero": "30", "tipo__sigla": "REQ", "tipo__descricao": "Requerimento", "autoria": "Loro", "texto_original": "http://sapl.bicas.mg.leg.br/media/sapl/public/materialegislativa/2019/2050/30_loro_dispensa_parecer.pdf", "ementa": "Solicito ao Presidente da C\u00e2mara Municipal que, ouvido o plen\u00e1rio, dispense o parecer da Comiss\u00e3o de Finan\u00e7as, Legisla\u00e7\u00e3o e Justi\u00e7a sobre o Projeto de Emenda \u00e0 Lei Org\u00e2nica n\u00ba 01/2019, seguindo o que preceitua o Regimento Interno desta Casa Legislativa no \u00a73\u00ba do Art. 82 e o Art. 79 da mesma norma."}, {"id": "2051", "ano": "2019", "numero": "31", "tipo__sigla": "REQ", "tipo__descricao": "Requerimento", "autoria": "Diego da Auto Escola", "texto_original": "http://sapl.bicas.mg.leg.br/media/sapl/public/materialegislativa/2019/2051/31_diego_piso_ace.pdf", "ementa": "Solicito ao Prefeito Municipal que explique o motivo de at\u00e9 hoje n\u00e3o ter sido enviado \u00e0 esta Casa projeto de Lei que disponha sobre o piso Salarial dos agentes de Combate \u00e0 Endemias."}, {"id": "2052", "ano": "2019", "numero": "32", "tipo__sigla": "REQ", "tipo__descricao": "Requerimento", "autoria": "Joel Mil\u00e3o do Cemit\u00e9rio", "texto_original": "http://sapl.bicas.mg.leg.br/media/sapl/public/materialegislativa/2019/2052/32_joel_documentacao_loteamento.pdf", "ementa": "Que seja encaminhado a esta Casa, caso exista, documenta\u00e7\u00e3o referente a autoriza\u00e7\u00e3o de loteamento ao fim da rua Ant\u00f4nio Tressi Filho."}, {"id": "2064", "ano": "2019", "numero": "33", "tipo__sigla": "REQ", "tipo__descricao": "Requerimento", "autoria": "Loro", "texto_original": "http://sapl.bicas.mg.leg.br/media/sapl/public/materialegislativa/2019/2064/33_loro_mercadorias_na_rua.pdf", "ementa": "Solicito ao Presidente da C\u00e2mara Municipal que, ouvido o plen\u00e1rio, oficie a Pol\u00edcia Militar do Estado de Minas Gerais, solicitando provid\u00eancias quanto \u00e0 ocupa\u00e7\u00e3o da pista de rolamento na Rua Mello Viana n\u00ba 14, pr\u00f3ximo ao Espa\u00e7o Vieira Silva."}, {"id": "2073", "ano": "2019", "numero": "34", "tipo__sigla": "REQ", "tipo__descricao": "Requerimento", "autoria": "Loro", "texto_original": "http://sapl.bicas.mg.leg.br/media/sapl/public/materialegislativa/2019/2073/34_contas_agua.pdf", "ementa": "Requeiro ao Presidente da C\u00e2mara Municipal que, ouvido o plen\u00e1rio, oficie a Administra\u00e7\u00e3o Municipal e solicite as c\u00f3pias digitalizadas de todas as contas de \u00e1gua pagas pela Prefeitura Municipal no m\u00eas de abril de 2019."}, {"id": "2074", "ano": "2019", "numero": "35", "tipo__sigla": "REQ", "tipo__descricao": "Requerimento", "autoria": "Joel Mil\u00e3o do Cemit\u00e9rio", "texto_original": "http://sapl.bicas.mg.leg.br/media/sapl/public/materialegislativa/2019/2074/35_joel_pregao_522018.pdf", "ementa": "Que seja encaminhada c\u00f3pia do processo licitat\u00f3rio preg\u00e3o 52/2018."}, {"id": "2075", "ano": "2019", "numero": "36", "tipo__sigla": "REQ", "tipo__descricao": "Requerimento", "autoria": "Rafael Aquino", "texto_original": "http://sapl.bicas.mg.leg.br/media/sapl/public/materialegislativa/2019/2075/36_rafael_painel_de_tramitacao.pdf", "ementa": "Solicito da Mesa Diretora e das Comiss\u00f5es constitu\u00eddas da Casa, que disponibilizem painel para acompanhamento de tramita\u00e7\u00e3o das proposi\u00e7\u00f5es apresentadas."}, {"id": "2088", "ano": "2019", "numero": "37", "tipo__sigla": "REQ", "tipo__descricao": "Requerimento", "autoria": "Diego da Auto Escola", "texto_original": "http://sapl.bicas.mg.leg.br/media/sapl/public/materialegislativa/2019/2088/37_diego_precatorios.pdf", "ementa": "Solicito ao Prefeito Municipal que encaminhe a esta Casa a listagem dos precat\u00f3rios pagos desde janeiro de 2017."}, {"id": "2094", "ano": "2019", "numero": "38", "tipo__sigla": "REQ", "tipo__descricao": "Requerimento", "autoria": "Loro", "texto_original": "http://sapl.bicas.mg.leg.br/media/sapl/public/materialegislativa/2019/2094/38_loro_contestacao_arquivamento.pdf", "ementa": "Solicito ao Presidente da C\u00e2mara Municipal que, ouvido o plen\u00e1rio, apresente recurso contra a decis\u00e3o de arquivamento (c\u00f3pia anexada), proferida pelo Minist\u00e9rio P\u00fablico de Minas Gerais a respeito do poss\u00edvel il\u00edcito ocorrido no dia 28 de janeiro de 2019, quando servidores foram flagrados pela Pol\u00edcia Militar do Estado de Minas Gerais, acompanhados de dois vereadores desta Casa Legislativa, trabalhando dentro da propriedade de uma sobrinha do Secret\u00e1rio de Obras de Bicas."}, {"id": "2095", "ano": "2019", "numero": "39", "tipo__sigla": "REQ", "tipo__descricao": "Requerimento", "autoria": "Joel Mil\u00e3o do Cemit\u00e9rio", "texto_original": "http://sapl.bicas.mg.leg.br/media/sapl/public/materialegislativa/2019/2095/39_joel_estimativa.pdf", "ementa": "Que seja informado a esta Casa a estimativa de gastos com a obra Luiz Ferrari."}, {"id": "2115", "ano": "2019", "numero": "40", "tipo__sigla": "REQ", "tipo__descricao": "Requerimento", "autoria": "Rafael Aquino", "texto_original": "http://sapl.bicas.mg.leg.br/media/sapl/public/materialegislativa/2019/2115/40_rafael.pdf", "ementa": "Solicito que seja oficiado o Conselho Municipal dos Direitos da Crian\u00e7a e do Adolescente de Bicas, para que elaborem projeto que contribuam para a garantia dos direitos infanto-juvenis, para que consigam recurso do Ita\u00fa Social."}, {"id": "2119", "ano": "2019", "numero": "41", "tipo__sigla": "REQ", "tipo__descricao": "Requerimento", "autoria": "Loro", "texto_original": "http://sapl.bicas.mg.leg.br/media/sapl/public/materialegislativa/2019/2119/41_loro_prorreforma.pdf", "ementa": "Solicito ao Prefeito Municipal que, atrav\u00e9s da Secretaria Municipal de Assist\u00eancia Social, fa\u00e7a enviar planilha do Excel ou programa similar com as seguintes informa\u00e7\u00f5es acerca da concess\u00e3o de materiais de constru\u00e7\u00e3o atrav\u00e9s da Lei Municipal n\u00ba 1.639/2013 \u2013 Prorreforma: nome e endere\u00e7o dos benefici\u00e1rios e dos n\u00e3o atendidos; n\u00famero de inscri\u00e7\u00e3o social; renda familiar e per capta; n\u00famero de membros da fam\u00edlia; exist\u00eancia de gestantes, idosos, crian\u00e7as e/ou pessoas portadoras de necessidades especiais no n\u00facleo familiar; tudo isso desde setembro de 2017 at\u00e9 o presente momento, devidamente assinada pela t\u00e9cnica respons\u00e1vel pela emiss\u00e3o dos pareceres."}, {"id": "2143", "ano": "2019", "numero": "42", "tipo__sigla": "REQ", "tipo__descricao": "Requerimento", "autoria": "Loro", "texto_original": "http://sapl.bicas.mg.leg.br/media/sapl/public/materialegislativa/2019/2143/req._42_loro.pdf", "ementa": "Solicito \u00e0 Presid\u00eancia da C\u00e2mara Municipal que, ouvido o plen\u00e1rio, determine que a Assessoria Jur\u00eddica desta Casa Legislativa impetre mandado de seguran\u00e7a em desfavor da Administra\u00e7\u00e3o P\u00fablica Municipal, a fim de garantir o direito de fiscaliza\u00e7\u00e3o dos atos do Poder Executivo por parte do Poder Legislativo, no que se refere \u00e0 execu\u00e7\u00e3o do Programa Prorreforma, institu\u00eddo pela Lei Municipal n\u00ba 1.639/2013."}, {"id": "2146", "ano": "2019", "numero": "43", "tipo__sigla": "REQ", "tipo__descricao": "Requerimento", "autoria": "Loro", "texto_original": "http://sapl.bicas.mg.leg.br/media/sapl/public/materialegislativa/2019/2146/43_loro_inf._contas_cel.pdf", "ementa": "Solicito \u00e0 Presid\u00eancia da C\u00e2mara Municipal que, ouvido o plen\u00e1rio, oficie o Tribunal de Justi\u00e7a do Estado de Minas Gerais, questionando acerca do processo n\u00ba 0003199-19.2019.8.13.0069 que teve o deferimento de uma liminar no dia 25 de fevereiro do ano em curso."}, {"id": "2147", "ano": "2019", "numero": "44", "tipo__sigla": "REQ", "tipo__descricao": "Requerimento", "autoria": "Joel Mil\u00e3o do Cemit\u00e9rio", "texto_original": "http://sapl.bicas.mg.leg.br/media/sapl/public/materialegislativa/2019/2147/44_joel_conselho_esporte.pdf", "ementa": "Solicito ao Prefeito Municipal, que atrav\u00e9s da Secretaria competente, fa\u00e7a enviar a esta Casa Legislativa todas as resolu\u00e7\u00f5es exaradas pelo Conselho Municipal de Esportes durante este exerc\u00edcio, bem como as atas das reuni\u00f5es do referido conselho neste per\u00edodo."}, {"id": "2148", "ano": "2019", "numero": "45", "tipo__sigla": "REQ", "tipo__descricao": "Requerimento", "autoria": "Joel Mil\u00e3o do Cemit\u00e9rio", "texto_original": "http://sapl.bicas.mg.leg.br/media/sapl/public/materialegislativa/2019/2148/45_joel_postes.pdf", "ementa": "Solicito ao Prefeito Municipal, que atrav\u00e9s da Secretaria competente informe quais obras de extens\u00e3o da rede el\u00e9trica j\u00e1 foram licitadas e aguardam execu\u00e7\u00e3o, indicando as localidades atendidas."}, {"id": "2149", "ano": "2019", "numero": "46", "tipo__sigla": "REQ", "tipo__descricao": "Requerimento", "autoria": "Rafael Aquino", "texto_original": "http://sapl.bicas.mg.leg.br/media/sapl/public/materialegislativa/2019/2149/46_rafael-_reposicao_salarial.pdf", "ementa": "Solicito da Mesa Diretora, que encaminhe para ao Minist\u00e9rio da Economia, \u00e0 C\u00e2mara dos Deputados e ao Senado Federal, o presente requerimento para reivindicar esfor\u00e7os no sentido de garantir aos Aposentados e pensionistas da extinta RFFSA, a reposi\u00e7\u00e3o salarial que n\u00e3o lhe foram concedidos nos \u00faltimos tr\u00eas anos."}, {"id": "2151", "ano": "2019", "numero": "47", "tipo__sigla": "REQ", "tipo__descricao": "Requerimento", "autoria": "Diego da Auto Escola", "texto_original": "http://sapl.bicas.mg.leg.br/media/sapl/public/materialegislativa/2019/2151/req._47_diego.pdf", "ementa": "Solicito ao Prefeito Municipal que encaminhe a esta Casa o TCO, N\u00ba da portaria de averigua\u00e7\u00e3o e boletim de ocorr\u00eancia referentes ao acidente ocorrido na primeira quinzena de agosto com o carro oficial do prefeito."}, {"id": "2164", "ano": "2019", "numero": "48", "tipo__sigla": "REQ", "tipo__descricao": "Requerimento", "autoria": "Loro", "texto_original": "http://sapl.bicas.mg.leg.br/media/sapl/public/materialegislativa/2019/2164/req._48_loro.pdf", "ementa": "Solicito \u00e0 Presid\u00eancia que, ouvido o plen\u00e1rio, oficie a Secretaria de Cultura solicitando os extratos mensais da conta banc\u00e1ria do Fundo Municipal dos Esportes, referentes aos repasses de ICMS Esportivo do ano de 2019, e as Resolu\u00e7\u00f5es exaradas e publicadas das autoriza\u00e7\u00f5es de gastos aprovadas pelo Conselho Municipal dos Esportes, acompanhadas pelas respectivas atas de aprova\u00e7\u00e3o."}, {"id": "2165", "ano": "2019", "numero": "49", "tipo__sigla": "REQ", "tipo__descricao": "Requerimento", "autoria": "Loro", "texto_original": "http://sapl.bicas.mg.leg.br/media/sapl/public/materialegislativa/2019/2165/req._49_loro.pdf", "ementa": "Solicito \u00e0 Presid\u00eancia que, ouvido o plen\u00e1rio, oficie a Secretaria de Cultura solicitando os extratos mensais da conta banc\u00e1ria do Fundo Municipal dos Esportes, referentes aos repasses de ICMS Esportivo do ano de 2019."}, {"id": "2166", "ano": "2019", "numero": "50", "tipo__sigla": "REQ", "tipo__descricao": "Requerimento", "autoria": "Diego da Auto Escola", "texto_original": "http://sapl.bicas.mg.leg.br/media/sapl/public/materialegislativa/2019/2166/req._50_diego.pdf", "ementa": "Solicito ao Prefeito Municipal que encaminhe a esta Casa relat\u00f3rio indicando os gastos com propaganda volante durante este exerc\u00edcio"}, {"id": "2167", "ano": "2019", "numero": "51", "tipo__sigla": "REQ", "tipo__descricao": "Requerimento", "autoria": "Loro", "texto_original": "http://sapl.bicas.mg.leg.br/media/sapl/public/materialegislativa/2019/2167/req._51_loro.pdf", "ementa": "Solicito \u00e0 Presid\u00eancia que, ouvido o plen\u00e1rio, oficie a Secretaria de Administra\u00e7\u00e3o e Planejamento e solicite a c\u00f3pia do Contrato n\u00b0 099/2019 assinado com a empresa CITY.I SISTEMAS ELETRONICOS, oriundos da Licita\u00e7\u00e3o n\u00b0 133, Dispensa n\u00ba 034/2019."}, {"id": "2168", "ano": "2019", "numero": "52", "tipo__sigla": "REQ", "tipo__descricao": "Requerimento", "autoria": "Loro", "texto_original": "http://sapl.bicas.mg.leg.br/media/sapl/public/materialegislativa/2019/2168/req._52_loro.pdf", "ementa": "Solicito \u00e0 Presid\u00eancia que, ouvido o plen\u00e1rio, oficie a Secretaria de Cultura e solicite a c\u00f3pia do contrato feito para a ornamenta\u00e7\u00e3o das ruas dos Oper\u00e1rios e Augusto Rossi para o desfile c\u00edvico do dia 07 de setembro."}, {"id": "2169", "ano": "2019", "numero": "53", "tipo__sigla": "REQ", "tipo__descricao": "Requerimento", "autoria": "Loro", "texto_original": "http://sapl.bicas.mg.leg.br/media/sapl/public/materialegislativa/2019/2169/req._53_loro.pdf", "ementa": "Solicito \u00e0 Presid\u00eancia que, ouvido o plen\u00e1rio, oficie a Secretaria de Administra\u00e7\u00e3o e Planejamento e solicite a c\u00f3pia do Contrato n\u00b0 94, oriundo da Licita\u00e7\u00e3o n\u00b0 118, Dispensa n\u00ba 31/2019, que contratou empresa para realizar \u201cPESQUISA DE OPINI\u00c3O P\u00daBLICA SOBRE A SATISFA\u00c7\u00c3O DOS USU\u00c1RIOS/MORADORES DA CIDADE COM A ADMINISTRA\u00c7\u00c3O MUNICIPAL E OS SERVI\u00c7OS POR ELA PRESTADOS\u201d, encaminhando tamb\u00e9m o relat\u00f3rio final da referida pesquisa."}, {"id": "2175", "ano": "2019", "numero": "54", "tipo__sigla": "REQ", "tipo__descricao": "Requerimento", "autoria": "Rafael Aquino", "texto_original": "http://sapl.bicas.mg.leg.br/media/sapl/public/materialegislativa/2019/2175/ind._185_rafael.pdf", "ementa": "Solicito da Mesa Diretora, que encaminhe of\u00edcio para o Minist\u00e9rio da Cidadania, para a SEDESE (Secretaria de Desenvolvimento Social), com c\u00f3pia para a C\u00e2mara dos deputados em Bras\u00edlia, e Assembleia Legislativa de Minas Gerais, cobrando a regulariza\u00e7\u00e3o dos repasses do piso estadual de Assist\u00eancia Social, visando a manuten\u00e7\u00e3o dos projetos ofertados em nosso munic\u00edpio."}, {"id": "2178", "ano": "2019", "numero": "55", "tipo__sigla": "REQ", "tipo__descricao": "Requerimento", "autoria": "Loro", "texto_original": "http://sapl.bicas.mg.leg.br/media/sapl/public/materialegislativa/2019/2178/req._055_loro.pdf", "ementa": "Solicito \u00e0 Presid\u00eancia desta Casa, que interponha medida judicial contra a Administra\u00e7\u00e3o Municipal em face ao n\u00e3o atendimento ao requerido atrav\u00e9s do Requerimento n\u00ba 02/2019 e determinado pelo ju\u00edzo na liminar exarada nos autos do processo n\u00ba 0069.19.000.319-9."}, {"id": "2179", "ano": "2019", "numero": "56", "tipo__sigla": "REQ", "tipo__descricao": "Requerimento", "autoria": "Ailton Mendes", "texto_original": "http://sapl.bicas.mg.leg.br/media/sapl/public/materialegislativa/2019/2179/req._056_ailton.pdf", "ementa": "Solicito ao Exmo. Presidente da C\u00e2mara que encaminhe rela\u00e7\u00e3o de gastos com di\u00e1rias dos vereadores nos anos de 2017, 2018 e 2019 (at\u00e9 a presente data) discriminando: os valores de di\u00e1ria, os gastos de hospedagem, os gastos de transporte, os valores das inscri\u00e7\u00f5es nos cursos e quaisquer outros gastos relativos \u00e0s viagens."}, {"id": "2192", "ano": "2019", "numero": "57", "tipo__sigla": "REQ", "tipo__descricao": "Requerimento", "autoria": "Joel Mil\u00e3o do Cemit\u00e9rio", "texto_original": "http://sapl.bicas.mg.leg.br/media/sapl/public/materialegislativa/2019/2192/req._57_joel.pdf", "ementa": "Solicito ao Prefeito Municipal, que atrav\u00e9s da Secretaria competente encaminhe a esta casa a presta\u00e7\u00e3o de contas das verbas do PDDE do exerc\u00edcio de 2018."}, {"id": "2193", "ano": "2019", "numero": "58", "tipo__sigla": "REQ", "tipo__descricao": "Requerimento", "autoria": "Loro", "texto_original": "http://sapl.bicas.mg.leg.br/media/sapl/public/materialegislativa/2019/2193/req._58_loro.pdf", "ementa": "Solicito \u00e0 Presid\u00eancia desta Casa que, ouvido o plen\u00e1rio, oficie a Secretaria Municipal de Administra\u00e7\u00e3o solicitando c\u00f3pia dos contratos celebrados oriundos do Edital de Chamada P\u00fablica n\u00ba 01/2019."}, {"id": "2208", "ano": "2019", "numero": "59", "tipo__sigla": "REQ", "tipo__descricao": "Requerimento", "autoria": "Loro", "texto_original": "http://sapl.bicas.mg.leg.br/media/sapl/public/materialegislativa/2019/2208/req._59_loro.pdf", "ementa": "Solicito \u00e0 Presid\u00eancia desta Casa que, ouvido o plen\u00e1rio, inclua na pauta de vota\u00e7\u00f5es desta Reuni\u00e3o Ordin\u00e1ria o Projeto de Lei n\u00ba 22/2019."}, {"id": "2209", "ano": "2019", "numero": "60", "tipo__sigla": "REQ", "tipo__descricao": "Requerimento", "autoria": "Joel Mil\u00e3o do Cemit\u00e9rio", "texto_original": "http://sapl.bicas.mg.leg.br/media/sapl/public/materialegislativa/2019/2209/req._60_joel.pdf", "ementa": "Solicito \u00e0 Presid\u00eancia que, ouvido o plen\u00e1rio, oficie as C\u00e2maras Municipais de Guarar\u00e1, Marip\u00e1 de Minas, Pequeri, Mar de Espanha, Rochedo de Minas e S\u00e3o Jo\u00e3o Nepomucemo, para que estas formulem manifesto pelo recapeamento da BR-267 nos trechos que ligam estas cidades a Juiz de Fora.\r\nSolicito ainda que as respectivas C\u00e2maras fa\u00e7am o envio deste manifesto a esta distinta Casa Legislativa, e que esta realize o encaminhamento ao DNIT."}, {"id": "2231", "ano": "2019", "numero": "61", "tipo__sigla": "REQ", "tipo__descricao": "Requerimento", "autoria": "Loro", "texto_original": "http://sapl.bicas.mg.leg.br/media/sapl/public/materialegislativa/2019/2231/req._061_loro.pdf", "ementa": "Solicito \u00e0 Presid\u00eancia desta Casa que, ouvido o plen\u00e1rio, oficie a Secretaria de Administra\u00e7\u00e3o e Planejamento cobrando explica\u00e7\u00f5es acerca da obra de asfaltamento, objeto da Indica\u00e7\u00e3o de Emenda Impositiva ao Or\u00e7amento 2019, oriunda da Indica\u00e7\u00e3o n\u00ba 35/2019."}, {"id": "2232", "ano": "2019", "numero": "62", "tipo__sigla": "REQ", "tipo__descricao": "Requerimento", "autoria": "Loro", "texto_original": "http://sapl.bicas.mg.leg.br/media/sapl/public/materialegislativa/2019/2232/req._62_loro.pdf", "ementa": "Solicito \u00e0 Presid\u00eancia desta Casa que, ouvido o plen\u00e1rio, oficie a Secretaria de Sa\u00fade e solicite a programa\u00e7\u00e3o de atendimento m\u00e9dico di\u00e1ria da policl\u00ednica municipal, identificando os m\u00e9dicos efetivos, terceirizados e contratados, al\u00e9m de todo o resumo de atendimento compreendido entre os dias 04 e 08 de novembro pr\u00f3ximos passados, detalhando o nome do paciente atendido, qual a especialidade consultada e os hor\u00e1rios destes atendimentos."}]}