{"headers": {"id": "ID", "ano": "Ano", "numero": "N\u00famero", "tipo__sigla": "Tipo de Mat\u00e9ria Legislativa/Sigla", "tipo__descricao": "Tipo de Mat\u00e9ria Legislativa/Descri\u00e7\u00e3o", "autoria": "Autorias", "texto_original": "Texto Original", "ementa": "Ementa"}, "results": [{"id": "1565", "ano": "2018", "numero": "1", "tipo__sigla": "ELO", "tipo__descricao": "Emendas \u00e0 Lei Org\u00e2nica", "autoria": "Loro", "texto_original": "http://sapl.bicas.mg.leg.br/media/", "ementa": "D\u00e1 nova reda\u00e7\u00e3o ao caput do Art. 74, ao Inciso XXIII do Art. 113 e ao Inciso IX do Art. 120 da Lei Org\u00e2nica Municipal."}, {"id": "1566", "ano": "2018", "numero": "2", "tipo__sigla": "ELO", "tipo__descricao": "Emendas \u00e0 Lei Org\u00e2nica", "autoria": "", "texto_original": "http://sapl.bicas.mg.leg.br/media/sapl/public/materialegislativa/2018/1566/pelo_02_-_emenda_lei_organica.docx", "ementa": "Altera o artigo da Lei Org\u00e2nica do Munic\u00edpio que menciona e d\u00e1 outras provid\u00eancias."}, {"id": "1416", "ano": "2018", "numero": "1", "tipo__sigla": "IND", "tipo__descricao": "Indica\u00e7\u00e3o", "autoria": "", "texto_original": "http://sapl.bicas.mg.leg.br/media/", "ementa": "SOLICITO QUE SEJA ACRESCIDO BRA\u00c7O E L\u00c2MPADA NOS POSTES QUE CIRCUNDAM A PRA\u00c7A DO CEMIT\u00c9RIO, DE FORMA A ILUMINAR TANTO A RUA COMO A PRA\u00c7A."}, {"id": "1417", "ano": "2018", "numero": "2", "tipo__sigla": "IND", "tipo__descricao": "Indica\u00e7\u00e3o", "autoria": "Diego da Auto Escola", "texto_original": "http://sapl.bicas.mg.leg.br/media/./sapl/public/materialegislativa/2018/1417/1417_texto_integral.docx", "ementa": "SOLICITO AO EXECUTIVO MUNICIPAL QUE PROVIDENCIE A CONSTRU\u00c7\u00c3O DE UMA RAMPA DE ACESSIBILIDADE NA CAL\u00c7ADA EM FRENTE AO BANCO ITA\u00da E DO BRADESCO."}, {"id": "1418", "ano": "2018", "numero": "3", "tipo__sigla": "IND", "tipo__descricao": "Indica\u00e7\u00e3o", "autoria": "Diego da Auto Escola", "texto_original": "http://sapl.bicas.mg.leg.br/media/./sapl/public/materialegislativa/2018/1418/1418_texto_integral.docx", "ementa": "SOLICITO AO EXECUTIVO MUNICIPAL QUE PROVIDENCIE A CONSTRU\u00c7\u00c3O DE UM QUEBRA- MOLA NA RUA DONA MIQUILINA. "}, {"id": "1419", "ano": "2018", "numero": "4", "tipo__sigla": "IND", "tipo__descricao": "Indica\u00e7\u00e3o", "autoria": "Diego da Auto Escola", "texto_original": "http://sapl.bicas.mg.leg.br/media/./sapl/public/materialegislativa/2018/1419/1419_texto_integral.docx", "ementa": "SOLICITO QUE  O EXECUTIVO MUNICIPAL FA\u00c7A CAPINA E VARREDURA \u00c0S RUAS CAPIT\u00c3O GUMERCINDO FRADE E NA RUA ANT\u00d4NIO DE PAULA LEOC\u00c1DIO."}, {"id": "1420", "ano": "2018", "numero": "5", "tipo__sigla": "IND", "tipo__descricao": "Indica\u00e7\u00e3o", "autoria": "Diego da Auto Escola", "texto_original": "http://sapl.bicas.mg.leg.br/media/./sapl/public/materialegislativa/2018/1420/1420_texto_integral.docx", "ementa": "SOLICITO QUE A SECRETARIA DE SA\u00daDE PROVIDENCIE UNIFORMES PARA OS AGENTES DE SA\u00daDE."}, {"id": "1421", "ano": "2018", "numero": "6", "tipo__sigla": "IND", "tipo__descricao": "Indica\u00e7\u00e3o", "autoria": "", "texto_original": "http://sapl.bicas.mg.leg.br/media/./sapl/public/materialegislativa/2018/1421/1421_texto_integral.docx", "ementa": "\tSOLICITO QUE O PREFEITO MUNICIPAL, ATRAV\u00c9S DA SECRETARIA COMPETENTE PROVIDENCIE A COLOCA\u00c7\u00c3O DE DOIS QUEBRA- MOLAS NO FINAL DA RUA GOVERNADOR VALADARES. "}, {"id": "1422", "ano": "2018", "numero": "12", "tipo__sigla": "IND", "tipo__descricao": "Indica\u00e7\u00e3o", "autoria": "Diego da Auto Escola", "texto_original": "http://sapl.bicas.mg.leg.br/media/./sapl/public/materialegislativa/2018/1422/1422_texto_integral.docx", "ementa": "SOLICITO QUE O PREFEITO MUNICIPAL, ATRAV\u00c9S DA SECRETARIA COMPETENTE, ESTUDE A VIABILIDADE DO PAGAMENTO DE TICKET REFEI\u00c7\u00c3O PARA OS SERVIDORES QUE TRABALHAM FORA DO LIMITE URBANO DO MUNIC\u00cdPIO."}, {"id": "1423", "ano": "2018", "numero": "13", "tipo__sigla": "IND", "tipo__descricao": "Indica\u00e7\u00e3o", "autoria": "Isaias ", "texto_original": "http://sapl.bicas.mg.leg.br/media/./sapl/public/materialegislativa/2018/1423/1423_texto_integral.docx", "ementa": "SOLICITO QUE O PREFEITO MUNICIPAL, ATRAV\u00c9S DA SECRETARIA DE OBRAS, PROVIDENCIE  REFORMA NO PR\u00c9DIO DO BATALH\u00c3O DA POL\u00cdCIA MILITAR, LOCALIZADO NA RUA GOVERNADOR VALADARES."}, {"id": "1424", "ano": "2018", "numero": "14", "tipo__sigla": "IND", "tipo__descricao": "Indica\u00e7\u00e3o", "autoria": "Isaias ", "texto_original": "http://sapl.bicas.mg.leg.br/media/", "ementa": "SOLICITO QUE O EXECUTIVO MUNICIPAL, ATRAV\u00c9S DA SECRETARIA DE MEIO AMBIENTE, PROVIDENCIE O CORTE DA \u00c1RVORE, EM FRENTE AO BATALH\u00c3O DA POL\u00cdCIA MILITAR, LOCALIZADO NA RUA GOVERNADOR VALADARES."}, {"id": "1425", "ano": "2018", "numero": "15", "tipo__sigla": "IND", "tipo__descricao": "Indica\u00e7\u00e3o", "autoria": "Diego da Auto Escola", "texto_original": "http://sapl.bicas.mg.leg.br/media/./sapl/public/materialegislativa/2018/1425/1425_texto_integral.docx", "ementa": "SOLICITO QUE O PREFEITO MUNICIPAL, ATRAV\u00c9S DA SECRETARIA COMPETENTE, PROVIDENCIE REPARO NA ANTENA DE TRANSMISS\u00c3O DE TV DE NOSSO MUNIC\u00cdPIO."}, {"id": "1426", "ano": "2018", "numero": "16", "tipo__sigla": "IND", "tipo__descricao": "Indica\u00e7\u00e3o", "autoria": "Rafael Aquino", "texto_original": "http://sapl.bicas.mg.leg.br/media/./sapl/public/materialegislativa/2018/1426/1426_texto_integral.doc", "ementa": "PELA PRESENTE INDICA\u00c7\u00c3O, SOLICITO DA SECRETARIA DE DESENVOLVIMENTO ECON\u00d4MICO, QUE ESTUDE A VIABILIDADE DE ELABORAR UM PORTAL DE INVESTIMENTOS, A SER LAN\u00c7ADO NA INTERNET E NAS REDES SOCIAIS."}, {"id": "1427", "ano": "2018", "numero": "17", "tipo__sigla": "IND", "tipo__descricao": "Indica\u00e7\u00e3o", "autoria": "Rafael Aquino", "texto_original": "http://sapl.bicas.mg.leg.br/media/./sapl/public/materialegislativa/2018/1427/1427_texto_integral.doc", "ementa": "PELA PRESENTE INDICA\u00c7\u00c3O, SOLICITO DA ADMINISTRA\u00c7\u00c3O MUNICIPAL, A VIABILIDADE DE ELABORA\u00c7\u00c3O DE FOLDER CONTENDO INFORMA\u00c7\u00d5ES A RESPEITO DE NOSSOS PONTOS TUR\u00cdSTICOS, PATRIM\u00d4NIO HIST\u00d3RICO, CALEND\u00c1RIOS CULTURAL, ESPORTIVO E FESTIVIDADES, BEM COMO TELEFONES E ENDERE\u00c7OS DE BARES, RESTAURANTES E REPARTI\u00c7\u00d5ES P\u00daBLICAS."}, {"id": "1428", "ano": "2018", "numero": "18", "tipo__sigla": "IND", "tipo__descricao": "Indica\u00e7\u00e3o", "autoria": "Diego da Auto Escola", "texto_original": "http://sapl.bicas.mg.leg.br/media/./sapl/public/materialegislativa/2018/1428/1428_texto_integral.docx", "ementa": "SOLICITO QUE O PREFEITO MUNICIPAL, ATRAV\u00c9S DA SECRETARIA COMPETENTE, PROVIDENCIE CAPINA \u00c0 RUA NOEL AUGUSTO DE CASTRO."}, {"id": "1429", "ano": "2018", "numero": "19", "tipo__sigla": "IND", "tipo__descricao": "Indica\u00e7\u00e3o", "autoria": "", "texto_original": "http://sapl.bicas.mg.leg.br/media/./sapl/public/materialegislativa/2018/1429/1429_texto_integral.docx", "ementa": "SOLICITO QUE O PREFEITO MUNICIPAL, ATRAV\u00c9S DA SECRETARIA COMPETENTE, COLOQUE QUEBRA MOLAS \u00c0S RUAS LUCAS PROEN\u00c7A E ILDEU FERNANDES ALHADAS."}, {"id": "1430", "ano": "2018", "numero": "20", "tipo__sigla": "IND", "tipo__descricao": "Indica\u00e7\u00e3o", "autoria": "Diego da Auto Escola", "texto_original": "http://sapl.bicas.mg.leg.br/media/./sapl/public/materialegislativa/2018/1430/1430_texto_integral.docx", "ementa": "SOLICITO QUE O PREFEITO MUNICIPAL, ATRAV\u00c9S DA SECRETARIA COMPETENTE, FA\u00c7A A COBERTURA DA QUADRA DO CAMPO DO LEOPOLDINA."}, {"id": "1431", "ano": "2018", "numero": "21", "tipo__sigla": "IND", "tipo__descricao": "Indica\u00e7\u00e3o", "autoria": "Joel Mil\u00e3o do Cemit\u00e9rio", "texto_original": "http://sapl.bicas.mg.leg.br/media/./sapl/public/materialegislativa/2018/1431/1431_texto_integral.docx", "ementa": "\tSOLICITO QUE O PREFEITO MUNICIPAL, ATRAV\u00c9S DA SECRETARIA COMPETENTE, FA\u00c7A A LIMPEZA E CAPINA DO CEMIT\u00c9RIO MUNICIPAL."}, {"id": "1432", "ano": "2018", "numero": "22", "tipo__sigla": "IND", "tipo__descricao": "Indica\u00e7\u00e3o", "autoria": "Loro", "texto_original": "http://sapl.bicas.mg.leg.br/media/./sapl/public/materialegislativa/2018/1432/1432_texto_integral.docx", "ementa": "SOLICITO QUE O PREFEITO MUNICIPAL, QUE ATRAV\u00c9S DA SECRETARIA COMPETENTE, FA\u00c7A A ATUALIZA\u00c7\u00c3O DAS LISTAS DE SERVIDORES MUNICIPAIS NO S\u00cdTIO ELETR\u00d4NICO DA PREFEITURA MUNICIPAL."}, {"id": "1433", "ano": "2018", "numero": "23", "tipo__sigla": "IND", "tipo__descricao": "Indica\u00e7\u00e3o", "autoria": "Tiago Enfermeiro", "texto_original": "http://sapl.bicas.mg.leg.br/media/", "ementa": "OLICITO QUE O PREFEITO MUNICIPAL, QUE ATRAV\u00c9S DA SECRETARIA DE SA\u00daDE, RETORNE O SERVI\u00c7O DE PSIC\u00d3LOGO COMPORTAMENTAL."}, {"id": "1434", "ano": "2018", "numero": "24", "tipo__sigla": "IND", "tipo__descricao": "Indica\u00e7\u00e3o", "autoria": "Loro", "texto_original": "http://sapl.bicas.mg.leg.br/media/", "ementa": "SOLICITO QUE O PREFEITO MUNICIPAL, ATRAV\u00c9S DA SECRETARIA DE SA\u00daDE, FA\u00c7A UM ESTUDO URGENTE DE CUSTOS E DE NECESSIDADE E FA\u00c7A DISTRIBUIR DE REPELENTES DE INSETOS PARAS AS PESSOAS QUE N\u00c3O PODEM SER VACINADAS CONTRA A FEBRE AMARELA. "}, {"id": "1435", "ano": "2018", "numero": "25", "tipo__sigla": "IND", "tipo__descricao": "Indica\u00e7\u00e3o", "autoria": "Tanauza", "texto_original": "http://sapl.bicas.mg.leg.br/media/", "ementa": "SOLICITO QUE O PREFEITO MUNICIPAL, ATRAV\u00c9S DA SECRETARIA DE OBRAS, PROVIDENCIE CAPINA NOS BAIRROS: S\u00c3O PEDRO, GILSON LAMHA, TIRA COURO, CAMPO DO LEOPOLDINA E EM ALGUMAS RUAS LOCALIZADAS NO CENTRO DA CIDADE."}, {"id": "1436", "ano": "2018", "numero": "26", "tipo__sigla": "IND", "tipo__descricao": "Indica\u00e7\u00e3o", "autoria": "Tanauza", "texto_original": "http://sapl.bicas.mg.leg.br/media/", "ementa": "SOLICITO QUE O PREFEITO MUNICIPAL, ATRAV\u00c9S DA SECRETARIA DE OBRAS, PROVIDENCIE O CAL\u00c7AMENTO DA RUA D, NO BAIRRO GILSON LHAMA."}, {"id": "1437", "ano": "2018", "numero": "27", "tipo__sigla": "IND", "tipo__descricao": "Indica\u00e7\u00e3o", "autoria": "Rafael Aquino", "texto_original": "http://sapl.bicas.mg.leg.br/media/./sapl/public/materialegislativa/2018/1437/1437_texto_integral.doc", "ementa": "\r\n              PELA PRESENTE INDICA\u00c7\u00c3O, SOLICITO DA SECRETARIA DE FAZENDA, QUE FA\u00c7A A UTILIZA\u00c7\u00c3O DE SISTEMA DE FISCALIZA\u00c7\u00c3O E ARRECADA\u00c7\u00c3O DO ISSQN."}, {"id": "1438", "ano": "2018", "numero": "28", "tipo__sigla": "IND", "tipo__descricao": "Indica\u00e7\u00e3o", "autoria": "Rafael Aquino", "texto_original": "http://sapl.bicas.mg.leg.br/media/./sapl/public/materialegislativa/2018/1438/1438_texto_integral.doc", "ementa": "SOLICITO DA SECRETARIA DE CULTURA, ESPORTES E LAZER, QUE FA\u00c7A A INSCRI\u00c7\u00c3O DE BICAS NO JEMG 2018 (JOGOS ESCOLARES DE MINAS GERAIS).\r\n"}, {"id": "1469", "ano": "2018", "numero": "29", "tipo__sigla": "IND", "tipo__descricao": "Indica\u00e7\u00e3o", "autoria": "Loro", "texto_original": "http://sapl.bicas.mg.leg.br/media/./sapl/public/materialegislativa/2018/1469/1469_texto_integral.doc", "ementa": "   SOLICITA A IMEDIATA INSTALA\u00c7\u00c3O DE C\u00c2MERAS DE MONITORAMENTO NAS ESCOLAS MUNICIPAIS E QUE SEJA IMEDIATAMENTE CONSERTADO O CERCAMENTO DA E. M. DR. MATHEUS MONTEIRO DA SILVA.\r\n"}, {"id": "1470", "ano": "2018", "numero": "30", "tipo__sigla": "IND", "tipo__descricao": "Indica\u00e7\u00e3o", "autoria": "Tanauza", "texto_original": "http://sapl.bicas.mg.leg.br/media/", "ementa": "OLICITO QUE O PREFEITO MUNICIPAL, ATRAV\u00c9S DA SECRETARIA DE OBRAS, PROVIDENCIE O REPARO DA RUA FLORA ALHADAS SALGADO, ONDE SURGIU UM BURACO DE ESGOTO."}, {"id": "1471", "ano": "2018", "numero": "31", "tipo__sigla": "IND", "tipo__descricao": "Indica\u00e7\u00e3o", "autoria": "Tanauza", "texto_original": "http://sapl.bicas.mg.leg.br/media/", "ementa": "SOLICITO QUE O PREFEITO MUNICIPAL, ATRAV\u00c9S DA SECRETARIA DE OBRAS, PROVIDENCIE O REPARO DO TOLDO DO PSF JO\u00c3O DOS REIS MOTA."}, {"id": "1472", "ano": "2018", "numero": "32", "tipo__sigla": "IND", "tipo__descricao": "Indica\u00e7\u00e3o", "autoria": "Loro", "texto_original": "http://sapl.bicas.mg.leg.br/media/./sapl/public/materialegislativa/2018/1472/1472_texto_integral.doc", "ementa": "SOLICITA UMA VISTORIA NAS \u00c1RVORES DA PRA\u00c7A S\u00c3O JOS\u00c9 E QUE TODAS AS MEDIDAS NECESS\u00c1RIAS SEJAM TOMADAS PARA AFASTAR QUAISQUER RISCOS QUE ELAS REPRESENTEM."}, {"id": "1473", "ano": "2018", "numero": "33", "tipo__sigla": "IND", "tipo__descricao": "Indica\u00e7\u00e3o", "autoria": "Isaias ", "texto_original": "http://sapl.bicas.mg.leg.br/media/./sapl/public/materialegislativa/2018/1473/1473_texto_integral.doc", "ementa": "SOLICITO AO PREFEITO MUNICIPAL, QUE ATRAV\u00c9S DA SECRETARIA COMPETENTE, QUE PROVIDENCIE A INSTALA\u00c7\u00c3O DE UM REDUTOR DE VELOCIDADE NA ALTURA DO N\u00daMERO 149, NA RUA SANTA F\u00c9. "}, {"id": "1474", "ano": "2018", "numero": "34", "tipo__sigla": "IND", "tipo__descricao": "Indica\u00e7\u00e3o", "autoria": "Rafael Aquino", "texto_original": "http://sapl.bicas.mg.leg.br/media/./sapl/public/materialegislativa/2018/1474/1474_texto_integral.doc", "ementa": "PELA PRESENTE INDICA\u00c7\u00c3O, SOLICITO DA ADMINISTRA\u00c7\u00c3O MUNICIPAL, QUE TRANSFORME A QUADRA ANEXA AO COL\u00c9GIO CORONEL JOAQUIM JOS\u00c9 DE SOUZA, EM UM GIN\u00c1SIO POLIESPORTIVO, COM A CONSTRU\u00c7\u00c3O DE VESTI\u00c1RIOS E ARQUIBANCADAS."}, {"id": "1475", "ano": "2018", "numero": "35", "tipo__sigla": "IND", "tipo__descricao": "Indica\u00e7\u00e3o", "autoria": "Rafael Aquino", "texto_original": "http://sapl.bicas.mg.leg.br/media/./sapl/public/materialegislativa/2018/1475/1475_texto_integral.doc", "ementa": "   PELA PRESENTE INDICA\u00c7\u00c3O, SOLICITO QUE SEJAM PROVIDENCIADAS A COLOCA\u00c7\u00c3O DE C\u00c2MERAS DE SEGURAN\u00c7A EM TODOS OS PR\u00c9DIOS P\u00daBLICOS, BEM COMO NO PORTAL DE ENTRADA DA CIDADE."}, {"id": "1476", "ano": "2018", "numero": "36", "tipo__sigla": "IND", "tipo__descricao": "Indica\u00e7\u00e3o", "autoria": "Joel Mil\u00e3o do Cemit\u00e9rio", "texto_original": "http://sapl.bicas.mg.leg.br/media/", "ementa": "SOLICITO QUE O PREFEITO MUNICIPAL, QUE ATRAV\u00c9S DA SECRETARIA COMPETENTE, CONTATE A COPASA PARA VERIFICAR A POSSIBILIDADE DA PREFEITURA INSTALAR UM BOOSTER NO BAIRRO GILSON LHAMA PARA BOMBEAR \u00c1GUA AT\u00c9 OS RESERVAT\u00d3RIOS.\r\n"}, {"id": "1477", "ano": "2018", "numero": "37", "tipo__sigla": "IND", "tipo__descricao": "Indica\u00e7\u00e3o", "autoria": "Loro", "texto_original": "http://sapl.bicas.mg.leg.br/media/./sapl/public/materialegislativa/2018/1477/1477_texto_integral.doc", "ementa": "      SOLICITA A VERIFICA\u00c7\u00c3O DE POSS\u00cdVEL INFRA\u00c7\u00c3O AO C\u00d3DIGO DE OBRAS E/OU POSTURAS MUNICIPAIS EM FRENTE \u00c0S RESID\u00caNCIAS DE N\u00daMEROS 07 E 08 NA RUA ANT\u00d4NIO BERTELLI NO BAIRRO EDGAR MOREIRA."}, {"id": "1478", "ano": "2018", "numero": "38", "tipo__sigla": "IND", "tipo__descricao": "Indica\u00e7\u00e3o", "autoria": "Isaias ", "texto_original": "http://sapl.bicas.mg.leg.br/media/./sapl/public/materialegislativa/2018/1478/1478_texto_integral.doc", "ementa": "SOLICITA AO PREFEITO MUNICIPAL, ATRAV\u00c9S DA SECRETARIA COMPETENTE, A INSTALA\u00c7\u00c3O DE UM BEBEDOURO NAS DEPEND\u00caNCIAS DA RODOVI\u00c1RIA DE NOSSA CIDADE."}, {"id": "1479", "ano": "2018", "numero": "39", "tipo__sigla": "IND", "tipo__descricao": "Indica\u00e7\u00e3o", "autoria": "Diego da Auto Escola", "texto_original": "http://sapl.bicas.mg.leg.br/media/", "ementa": "SOLICITO QUE O PREFEITO MUNICIPAL, ATRAV\u00c9S DA SECRETARIA COMPETENTE, FA\u00c7A REPARO DO ALAMBRADO E A CONSTRU\u00c7\u00c3O DE DOIS VESTI\u00c1RIOS NA QUADRA DO BAIRRO EDGAR MOREIRA."}, {"id": "1480", "ano": "2018", "numero": "40", "tipo__sigla": "IND", "tipo__descricao": "Indica\u00e7\u00e3o", "autoria": "Diego da Auto Escola", "texto_original": "http://sapl.bicas.mg.leg.br/media/", "ementa": "SOLICITO QUE O PREFEITO MUNICIPAL, ATRAV\u00c9S DA SECRETARIA COMPETENTE, FA\u00c7A A CONSTRU\u00c7\u00c3O DE CAL\u00c7ADAS NO BAIRRO GILSON LAMHA."}, {"id": "1481", "ano": "2018", "numero": "41", "tipo__sigla": "IND", "tipo__descricao": "Indica\u00e7\u00e3o", "autoria": "Loro", "texto_original": "http://sapl.bicas.mg.leg.br/media/./sapl/public/materialegislativa/2018/1481/1481_texto_integral.doc", "ementa": "   SOLICITA A CONSTRU\u00c7\u00c3O DE REDE DE CAPTA\u00c7\u00c3O DE \u00c1GUAS PLUVIAIS \u00c0 RUA ANT\u00d4NIO FERREIRA MARQUES NO BAIRRO SOUZA MATTOS."}, {"id": "1482", "ano": "2018", "numero": "42", "tipo__sigla": "IND", "tipo__descricao": "Indica\u00e7\u00e3o", "autoria": "Diego da Auto Escola", "texto_original": "http://sapl.bicas.mg.leg.br/media/", "ementa": "REITERO A INDICA\u00c7\u00c3O N\u00ba38/2017 QUE SOLICITA AO PREFEITO QUE SEJA CONSTRU\u00cdDA O RESTANTE DA CAL\u00c7ADA \u00c0 RUA NILSON BATISTA VIEIRA."}, {"id": "1483", "ano": "2018", "numero": "43", "tipo__sigla": "IND", "tipo__descricao": "Indica\u00e7\u00e3o", "autoria": "Joel Mil\u00e3o do Cemit\u00e9rio", "texto_original": "http://sapl.bicas.mg.leg.br/media/", "ementa": "SOLICITO QUE O PREFEITO MUNICIPAL, QUE ATRAV\u00c9S DA SECRETARIA COMPETENTE, VERIFIQUE A PRESEN\u00c7A DE COBRAS \u00c0 RUA JOS\u00c9 VARANDA E TOME AS DEVIDAS PROVID\u00caNCIAS."}, {"id": "1484", "ano": "2018", "numero": "44", "tipo__sigla": "IND", "tipo__descricao": "Indica\u00e7\u00e3o", "autoria": "", "texto_original": "http://sapl.bicas.mg.leg.br/media/", "ementa": "SOLICITO QUE O PREFEITO MUNICIPAL, QUE ATRAV\u00c9S DA SECRETARIA COMPETENTE, PROVIDENCIE A COLOCA\u00c7\u00c3O DE PLACA SINALIZANDO QUE H\u00c1 &#8220;ESCOLA&#8221; NA RUA ONDE EST\u00c1 LOCALIZADA A ESCOLA CORONEL RETTO J\u00daNIOR, SOLICITO AINDA FAIXAS DE PEDESTRES E A PINTURA DOS REDUTORES DE VELOCIDADE QUE EXISTEM ANTES E DEPOIS DA ESCOLA."}, {"id": "1494", "ano": "2018", "numero": "45", "tipo__sigla": "IND", "tipo__descricao": "Indica\u00e7\u00e3o", "autoria": "Tiago Enfermeiro", "texto_original": "http://sapl.bicas.mg.leg.br/media/", "ementa": "SOLICITO QUE O PREFEITO MUNICIPAL, QUE ATRAV\u00c9S DA SECRETARIA DE ASSIST\u00caNCIA SOCIAL, FA\u00c7A O LEVANTAMENTO DAS PESSOAS QUE TIVERAM SUAS CASAS DANIFICADAS PELAS RECENTES CHUVAS EM NOSSO MUNIC\u00cdPIO E VIABILIZE A COMPRA DOS M\u00d3VEIS PERDIDOS PELAS FAM\u00cdLIAS, ASSIM COMO O REPARO DAS CASAS."}, {"id": "1495", "ano": "2018", "numero": "46", "tipo__sigla": "IND", "tipo__descricao": "Indica\u00e7\u00e3o", "autoria": "Joel Mil\u00e3o do Cemit\u00e9rio", "texto_original": "http://sapl.bicas.mg.leg.br/media/", "ementa": "SOLICITO QUE O PREFEITO MUNICIPAL, QUE ATRAV\u00c9S DA SECRETARIA COMPETENTE, PROCEDA O CORTE E PODAS DE \u00c1RVORES AO LADO DA BARRACA PURA DEL\u00cdCIA, \u00c0 RUA SANTA TEREZA."}, {"id": "1496", "ano": "2018", "numero": "47", "tipo__sigla": "IND", "tipo__descricao": "Indica\u00e7\u00e3o", "autoria": "Joel Mil\u00e3o do Cemit\u00e9rio", "texto_original": "http://sapl.bicas.mg.leg.br/media/", "ementa": "SOLICITO QUE O PREFEITO MUNICIPAL, QUE ATRAV\u00c9S DA SECRETARIA COMPETENTE, CONSTRUA PASSARELA PARA TRAVESSIA DE PEDESTRES \u00c0 RUA SANTA TEREZA, PR\u00d3XIMO \u00c0 BARRACA PURA DEL\u00cdCIA."}, {"id": "1497", "ano": "2018", "numero": "48", "tipo__sigla": "IND", "tipo__descricao": "Indica\u00e7\u00e3o", "autoria": "Joel Mil\u00e3o do Cemit\u00e9rio", "texto_original": "http://sapl.bicas.mg.leg.br/media/", "ementa": "SOLICITO QUE O PREFEITO MUNICIPAL, QUE ATRAV\u00c9S DA SECRETARIA COMPETENTE, CONSTRUA ACADEMIA POPULAR NA PRA\u00c7A ENTRE A RUA ANSELMO COLASSI E SANTA TEREZA."}, {"id": "1498", "ano": "2018", "numero": "49", "tipo__sigla": "IND", "tipo__descricao": "Indica\u00e7\u00e3o", "autoria": "Joel Mil\u00e3o do Cemit\u00e9rio", "texto_original": "http://sapl.bicas.mg.leg.br/media/", "ementa": "SOLICITO QUE O PREFEITO MUNICIPAL, QUE ATRAV\u00c9S DA SECRETARIA COMPETENTE, INCLUA A PRA\u00c7A RAUL SOARES NA ROTA DA COLETA DE LIXO."}, {"id": "1499", "ano": "2018", "numero": "50", "tipo__sigla": "IND", "tipo__descricao": "Indica\u00e7\u00e3o", "autoria": "Loro", "texto_original": "http://sapl.bicas.mg.leg.br/media/./sapl/public/materialegislativa/2018/1499/1499_texto_integral.doc", "ementa": "SOLICITA A MELHORIA NA PASSARELA IMPROVISADA NA PONTE DA ANASTEVES, QUE D\u00c1 ACESSO \u00c0 FAZENDA HAVA\u00cd, A QUAL ENCONTRA-SE INTERDITADA DEVIDO \u00c0S FORTES CHUVAS DE S\u00c1BADO PASSADO, DIA 10 DE MAR\u00c7O."}, {"id": "1500", "ano": "2018", "numero": "51", "tipo__sigla": "IND", "tipo__descricao": "Indica\u00e7\u00e3o", "autoria": "Tanauza", "texto_original": "http://sapl.bicas.mg.leg.br/media/", "ementa": "SOLICITO QUE O PREFEITO MUNICIPAL, ATRAV\u00c9S DA SECRETARIA DE OBRAS, VIABILIZE A DISPONIBILIZA\u00c7\u00c3O DE SERVIDORES PARA A MANUTEN\u00c7\u00c3O DA \u00c1REA EXTERNA DO HOSPITAL S\u00c3O JOS\u00c9 DE BICAS."}, {"id": "1501", "ano": "2018", "numero": "52", "tipo__sigla": "IND", "tipo__descricao": "Indica\u00e7\u00e3o", "autoria": "Tiago Enfermeiro", "texto_original": "http://sapl.bicas.mg.leg.br/media/", "ementa": "SOLICITO QUE O PREFEITO MUNICIPAL, QUE ATRAV\u00c9S DA SECRETARIA DE SA\u00daDE, ESTENDA O HOR\u00c1RIO E A QUANTIDADE DE ATENDIMENTOS FEITOS PARA ATENDER \u00c0 DEMANDA CAUSADA PELO SURTO DE CONJUNTIVITE."}, {"id": "1512", "ano": "2018", "numero": "53", "tipo__sigla": "IND", "tipo__descricao": "Indica\u00e7\u00e3o", "autoria": "Joel Mil\u00e3o do Cemit\u00e9rio", "texto_original": "http://sapl.bicas.mg.leg.br/media/", "ementa": "SOLICITO QUE O PREFEITO MUNICIPAL, QUE ATRAV\u00c9S DA SECRETARIA COMPETENTE, REPARE O ESGOTO \u00c0 RUA FRANCISCO GON\u00c7ALVES."}, {"id": "1513", "ano": "2018", "numero": "54", "tipo__sigla": "IND", "tipo__descricao": "Indica\u00e7\u00e3o", "autoria": "", "texto_original": "http://sapl.bicas.mg.leg.br/media/", "ementa": "SOLICITO QUE O PREFEITO MUNICIPAL, QUE ATRAV\u00c9S DA SECRETARIA COMPETENTE, PROVIDENCIEM REPAROS NA RUA MORVAN DIAS FIGUEIREDO."}, {"id": "1514", "ano": "2018", "numero": "55", "tipo__sigla": "IND", "tipo__descricao": "Indica\u00e7\u00e3o", "autoria": "Joel Mil\u00e3o do Cemit\u00e9rio", "texto_original": "http://sapl.bicas.mg.leg.br/media/", "ementa": "SOLICITO QUE O PREFEITO MUNICIPAL, QUE ATRAV\u00c9S DA SECRETARIA COMPETENTE, QUE AJUSTE OS DEGRAUS DA CAL\u00c7ADA NA DESCIDA DA RUA FRANCISCO GON\u00c7ALVES, DE ACORDO COM AS NORMAS DE CONSTRU\u00c7\u00c3O CIVIL (NBR 9077)."}, {"id": "1515", "ano": "2018", "numero": "56", "tipo__sigla": "IND", "tipo__descricao": "Indica\u00e7\u00e3o", "autoria": "Joel Mil\u00e3o do Cemit\u00e9rio", "texto_original": "http://sapl.bicas.mg.leg.br/media/", "ementa": "SOLICITO QUE O PREFEITO MUNICIPAL, QUE ATRAV\u00c9S DA SECRETARIA COMPETENTE, QUE FA\u00c7A UMA OBRA DE REFORMA NOS BANHEIROS DO CEMIT\u00c9RIO MUNICIPAL."}, {"id": "1516", "ano": "2018", "numero": "57", "tipo__sigla": "IND", "tipo__descricao": "Indica\u00e7\u00e3o", "autoria": "Joel Mil\u00e3o do Cemit\u00e9rio", "texto_original": "http://sapl.bicas.mg.leg.br/media/", "ementa": "QUE O EXECUTIVO MUNICIPAL ESTUDE E VIABILIZE O PAGAMENTO DE TICKET REFEI\u00c7\u00c3O PARA OS SERVIDORES QUE TRABALHAM FORA DO LIMITE URBANO DO MUNIC\u00cdPIO."}, {"id": "1517", "ano": "2018", "numero": "58", "tipo__sigla": "IND", "tipo__descricao": "Indica\u00e7\u00e3o", "autoria": "Diego da Auto Escola", "texto_original": "http://sapl.bicas.mg.leg.br/media/", "ementa": "QUE ATRAV\u00c9S DA SECRETARIA COMPETENTE CONSTRUA UMA GRADE DE PROTE\u00c7\u00c3O NA CANALETA \u00c0 RUA ARTHUR BERNARDES PR\u00d3XIMA \u00c0 SA\u00cdDA PARA GUARAR\u00c1."}, {"id": "1518", "ano": "2018", "numero": "59", "tipo__sigla": "IND", "tipo__descricao": "Indica\u00e7\u00e3o", "autoria": "Diego da Auto Escola", "texto_original": "http://sapl.bicas.mg.leg.br/media/", "ementa": "SOLICITO QUE O PREFEITO MUNICIPAL, QUE ATRAV\u00c9S DA SECRETARIA COMPETENTE, PROVIDENCIE PARECER T\u00c9CNICO SOBRE RISCO DE QUEDA DE \u00c1RVORE LOCALIZADA EM TERRENO VIZINHO \u00c0 RESID\u00caNCIA 57 NA RUA PRIMO ROSSI, BEM COMO TOME AS PROVID\u00caNCIAS CAB\u00cdVEIS."}, {"id": "1519", "ano": "2018", "numero": "60", "tipo__sigla": "IND", "tipo__descricao": "Indica\u00e7\u00e3o", "autoria": "Rafael Aquino", "texto_original": "http://sapl.bicas.mg.leg.br/media/./sapl/public/materialegislativa/2018/1519/1519_texto_integral.doc", "ementa": "\tPELA PRESENTE INDICA\u00c7\u00c3O, SOLICITO QUE A ADMINISTRA\u00c7\u00c3O MUNICIPAL, ATRAV\u00c9S DA SECRETARIA DE ASSIST\u00caNCIA SOCIAL, CRIE COMISS\u00c3O PARA DISCUSS\u00c3O E IMPLEMENTA\u00c7\u00c3O DAS GARANTIAS TRAZIDAS PELA LEI 13.431/2017, E DEMAIS PROGRAMAS E PROJETOS QUE TRATAM DAS GARANTIAS DAS CRIAN\u00c7AS E ADOLESCENTES."}, {"id": "1529", "ano": "2018", "numero": "61", "tipo__sigla": "IND", "tipo__descricao": "Indica\u00e7\u00e3o", "autoria": "", "texto_original": "http://sapl.bicas.mg.leg.br/media/./sapl/public/materialegislativa/2018/1529/1529_texto_integral.tiff", "ementa": "SOLICITO AO PREFEITO MUNICIPAL, QUE CONSTRUA UM PARQUINHO NO  BAIRRO SANTA TEREZA, PARA ATENDER AOS MORADORES DA REGI\u00c3O."}, {"id": "1571", "ano": "2018", "numero": "62", "tipo__sigla": "IND", "tipo__descricao": "Indica\u00e7\u00e3o", "autoria": "Joel Mil\u00e3o do Cemit\u00e9rio", "texto_original": "http://sapl.bicas.mg.leg.br/media/sapl/public/materialegislativa/2018/1571/ind62_-_joel_-_capina.docx", "ementa": "Solicito ao Prefeito Municipal, que providencie a capina da Rua Anselmo Colaci."}, {"id": "1572", "ano": "2018", "numero": "63", "tipo__sigla": "IND", "tipo__descricao": "Indica\u00e7\u00e3o", "autoria": "", "texto_original": "http://sapl.bicas.mg.leg.br/media/sapl/public/materialegislativa/2018/1572/ind63_-_joel_-_calcamento.docx", "ementa": "Solicito ao Prefeito Municipal, que providencie o cal\u00e7amento do prolongamento da Rua Garcia Passos."}, {"id": "1573", "ano": "2018", "numero": "64", "tipo__sigla": "IND", "tipo__descricao": "Indica\u00e7\u00e3o", "autoria": "Joel Mil\u00e3o do Cemit\u00e9rio", "texto_original": "http://sapl.bicas.mg.leg.br/media/sapl/public/materialegislativa/2018/1573/ind64_-_joel_-_iluminacao.docx", "ementa": "Solicito ao Prefeito Municipal, que providencie o cal\u00e7amento e ilumina\u00e7\u00e3o p\u00fablica no entroncamento da Rua G e com a Rua F no bairro Gilson Lhama."}, {"id": "1574", "ano": "2018", "numero": "65", "tipo__sigla": "IND", "tipo__descricao": "Indica\u00e7\u00e3o", "autoria": "Joel Mil\u00e3o do Cemit\u00e9rio", "texto_original": "http://sapl.bicas.mg.leg.br/media/sapl/public/materialegislativa/2018/1574/ind65_-_joel_-_esgoto.docx", "ementa": "Solicito ao Prefeito Municipal, que tome medidas para acabar com o esgoto a c\u00e9u aberto na rua G do Bairro Gilson Lamha."}, {"id": "1575", "ano": "2018", "numero": "66", "tipo__sigla": "IND", "tipo__descricao": "Indica\u00e7\u00e3o", "autoria": "Diego da Auto Escola", "texto_original": "http://sapl.bicas.mg.leg.br/media/sapl/public/materialegislativa/2018/1575/ind66_-_diego_-_guard_rail.docx", "ementa": "Que seja colocado guard rail \u00e0 rua Garcia Passos no entroncamento com a rua Alcina Maria Tresse, reiterando a indica\u00e7\u00e3o 37/2017."}, {"id": "1576", "ano": "2018", "numero": "67", "tipo__sigla": "IND", "tipo__descricao": "Indica\u00e7\u00e3o", "autoria": "Tiago Enfermeiro", "texto_original": "http://sapl.bicas.mg.leg.br/media/sapl/public/materialegislativa/2018/1576/ind67_-_tiago_-_bueiro.docx", "ementa": "Solicito que o Prefeito Municipal, que atrav\u00e9s da secretaria competente, providencie o nivelamento do bueiro \u00e0 Rua Jair Pereira de Souza (rua do Leil\u00e3o) pr\u00f3ximo ao n\u00famero 85."}, {"id": "1577", "ano": "2018", "numero": "68", "tipo__sigla": "IND", "tipo__descricao": "Indica\u00e7\u00e3o", "autoria": "", "texto_original": "http://sapl.bicas.mg.leg.br/media/", "ementa": "Solicito ao Prefeito Municipal, que providencie reparos nos ve\u00edculos da frota escolar."}, {"id": "1578", "ano": "2018", "numero": "69", "tipo__sigla": "IND", "tipo__descricao": "Indica\u00e7\u00e3o", "autoria": "", "texto_original": "http://sapl.bicas.mg.leg.br/media/", "ementa": "Solicito que o Prefeito Municipal, atrav\u00e9s da Secretaria competente, viabilize a substitui\u00e7\u00e3o de l\u00e2mpada no poste \u00e0 rua Jos\u00e9 Varanda em frente ao edif\u00edcio Dona Rosa."}, {"id": "1579", "ano": "2018", "numero": "70", "tipo__sigla": "IND", "tipo__descricao": "Indica\u00e7\u00e3o", "autoria": "Loro", "texto_original": "http://sapl.bicas.mg.leg.br/media/sapl/public/materialegislativa/2018/1579/ind70_-_otoscopio_psf.doc", "ementa": "Solicita a aquisi\u00e7\u00e3o de otosc\u00f3pio para o PSF Jo\u00e3o dos Reis Mota."}, {"id": "1580", "ano": "2018", "numero": "71", "tipo__sigla": "IND", "tipo__descricao": "Indica\u00e7\u00e3o", "autoria": "Joel Mil\u00e3o do Cemit\u00e9rio", "texto_original": "http://sapl.bicas.mg.leg.br/media/sapl/public/materialegislativa/2018/1580/ind71_-_joel_-_alcool.docx", "ementa": "Solicito ao Prefeito Municipal, que providencie distribui\u00e7\u00e3o de \u00e1lcool gel nas escolas municipais."}, {"id": "1581", "ano": "2018", "numero": "72", "tipo__sigla": "IND", "tipo__descricao": "Indica\u00e7\u00e3o", "autoria": "Diego da Auto Escola", "texto_original": "http://sapl.bicas.mg.leg.br/media/", "ementa": "Que seja efetuado reparo nos equipamentos do parquinho do bairro Gilson Lamha e que seja cercado em volta dele."}, {"id": "1582", "ano": "2018", "numero": "73", "tipo__sigla": "IND", "tipo__descricao": "Indica\u00e7\u00e3o", "autoria": "", "texto_original": "http://sapl.bicas.mg.leg.br/media/sapl/public/materialegislativa/2018/1582/ind73_-_diego_quadra_gilson_lamha.docx", "ementa": "Que seja providenciada cobertura na quadra do bairro Gilson Lamha, bem como os devidos reparos na mesma."}, {"id": "1583", "ano": "2018", "numero": "74", "tipo__sigla": "IND", "tipo__descricao": "Indica\u00e7\u00e3o", "autoria": "", "texto_original": "http://sapl.bicas.mg.leg.br/media/", "ementa": "Que seja proibido o estacionamento ao longo da Rua Coronel Souza."}, {"id": "1584", "ano": "2018", "numero": "75", "tipo__sigla": "IND", "tipo__descricao": "Indica\u00e7\u00e3o", "autoria": "", "texto_original": "http://sapl.bicas.mg.leg.br/media/sapl/public/materialegislativa/2018/1584/ind75_-_tanauza.docx", "ementa": "Solicito que o Prefeito Municipal, atrav\u00e9s da Secretaria competente, que sejam colocados dois quebra-molas na Rua Francisco Padula."}, {"id": "1585", "ano": "2018", "numero": "76", "tipo__sigla": "IND", "tipo__descricao": "Indica\u00e7\u00e3o", "autoria": "Tanauza", "texto_original": "http://sapl.bicas.mg.leg.br/media/", "ementa": "Solicito que o Prefeito Municipal, atrav\u00e9s da Secretaria competente, que construa uma ponte para acesso \u00e0 pista de motocross."}, {"id": "1586", "ano": "2018", "numero": "77", "tipo__sigla": "IND", "tipo__descricao": "Indica\u00e7\u00e3o", "autoria": "Loro", "texto_original": "http://sapl.bicas.mg.leg.br/media/", "ementa": "Solicita estudo para dragagem do leito do c\u00f3rrego S\u00e3o Jos\u00e9, principalmente no trecho da ponte na Rua Prefeito Barroso Gomes em sentido \u00e0 parte alta da cidade."}, {"id": "1587", "ano": "2018", "numero": "78", "tipo__sigla": "IND", "tipo__descricao": "Indica\u00e7\u00e3o", "autoria": "Joel Mil\u00e3o do Cemit\u00e9rio", "texto_original": "http://sapl.bicas.mg.leg.br/media/", "ementa": "Solicito ao Prefeito Municipal, que providencie a instala\u00e7\u00e3o de meio-fio na rua Maria Ant\u00f4nia Machado Marques"}, {"id": "1588", "ano": "2018", "numero": "79", "tipo__sigla": "IND", "tipo__descricao": "Indica\u00e7\u00e3o", "autoria": "Joel Mil\u00e3o do Cemit\u00e9rio", "texto_original": "http://sapl.bicas.mg.leg.br/media/sapl/public/materialegislativa/2018/1588/ind79_-_joel_esgoto.docx", "ementa": "Solicito ao Prefeito Municipal, que tome provid\u00eancias para sanar o problema de vazamento de esgoto a c\u00e9u aberto na \u201cRua D\u201d do bairro Edgar Moreira."}, {"id": "1589", "ano": "2018", "numero": "80", "tipo__sigla": "IND", "tipo__descricao": "Indica\u00e7\u00e3o", "autoria": "Joel Mil\u00e3o do Cemit\u00e9rio", "texto_original": "http://sapl.bicas.mg.leg.br/media/sapl/public/materialegislativa/2018/1589/ind80_-_joel_limpeza.docx", "ementa": "Solicito ao Prefeito Municipal, que providencie a limpeza do lote da rua Alameda Santa, ao lado do n\u00famero 106."}, {"id": "1590", "ano": "2018", "numero": "81", "tipo__sigla": "IND", "tipo__descricao": "Indica\u00e7\u00e3o", "autoria": "Tiago Enfermeiro", "texto_original": "http://sapl.bicas.mg.leg.br/media/sapl/public/materialegislativa/2018/1590/ind81_-_tiago_-_alimentos.docx", "ementa": "Solicito que o Prefeito Municipal, que durante os dias de entrada gratuita da Expobicas, pe\u00e7a a doa\u00e7\u00e3o de 1kg de alimento para as associa\u00e7\u00f5es de caridade de nosso munic\u00edpio."}, {"id": "1591", "ano": "2018", "numero": "82", "tipo__sigla": "IND", "tipo__descricao": "Indica\u00e7\u00e3o", "autoria": "", "texto_original": "http://sapl.bicas.mg.leg.br/media/sapl/public/materialegislativa/2018/1591/ind82_-_tiago_-_ar_condicionado_samu.docx", "ementa": "Solicito que o Prefeito Municipal, que providencie a instala\u00e7\u00e3o de aparelhos de ar-condicionado na base do SAMU."}, {"id": "1592", "ano": "2018", "numero": "83", "tipo__sigla": "IND", "tipo__descricao": "Indica\u00e7\u00e3o", "autoria": "", "texto_original": "http://sapl.bicas.mg.leg.br/media/sapl/public/materialegislativa/2018/1592/ind83_-_tanauza_-_.docx", "ementa": "Solicito que o Prefeito Municipal, atrav\u00e9s da Secretaria competente, que providencie o cal\u00e7amento do trecho final da rua Floriano Peixoto."}, {"id": "1593", "ano": "2018", "numero": "84", "tipo__sigla": "IND", "tipo__descricao": "Indica\u00e7\u00e3o", "autoria": "", "texto_original": "http://sapl.bicas.mg.leg.br/media/sapl/public/materialegislativa/2018/1593/ind84_-_tanauza_-_postes_-_copia.docx", "ementa": "Solicito que o Prefeito Municipal, atrav\u00e9s da Secretaria competente, que providencie a instala\u00e7\u00e3o de postes para ilumina\u00e7\u00e3o no fim da rua Floriano Peixoto."}, {"id": "1594", "ano": "2018", "numero": "85", "tipo__sigla": "IND", "tipo__descricao": "Indica\u00e7\u00e3o", "autoria": "Rafael Aquino", "texto_original": "http://sapl.bicas.mg.leg.br/media/sapl/public/materialegislativa/2018/1594/ind85-_rafael.doc", "ementa": "Pela presente indica\u00e7\u00e3o, solicito da Secretaria de Cultura, Esportes e Lazer, atrav\u00e9s da Diretoria de Esportes, que promova Jogos voltados para a terceira idade."}, {"id": "1595", "ano": "2018", "numero": "86", "tipo__sigla": "IND", "tipo__descricao": "Indica\u00e7\u00e3o", "autoria": "", "texto_original": "http://sapl.bicas.mg.leg.br/media/sapl/public/materialegislativa/2018/1595/ind86-_rafael.doc", "ementa": "Pela presente indica\u00e7\u00e3o, solicito da Administra\u00e7\u00e3o Municipal, que seja mantida a quadra de areia recentemente constru\u00edda no parque dos ferrovi\u00e1rios, com a viabilidade de efetuar melhorias."}, {"id": "1596", "ano": "2018", "numero": "87", "tipo__sigla": "IND", "tipo__descricao": "Indica\u00e7\u00e3o", "autoria": "", "texto_original": "http://sapl.bicas.mg.leg.br/media/sapl/public/materialegislativa/2018/1596/ind87_-_joel_-_entulho.docx", "ementa": "Solicito ao Prefeito Municipal, que providencie a remo\u00e7\u00e3o de entulho ao longo da Rua \u00c1lvaro Dias."}, {"id": "1597", "ano": "2018", "numero": "88", "tipo__sigla": "IND", "tipo__descricao": "Indica\u00e7\u00e3o", "autoria": "", "texto_original": "http://sapl.bicas.mg.leg.br/media/sapl/public/materialegislativa/2018/1597/ind88_-_joel_entulho_ii.docx", "ementa": "Solicito ao Prefeito Municipal, que providencie a remo\u00e7\u00e3o de entulho ao longo da Rua Coronel Francisco Sales."}, {"id": "1598", "ano": "2018", "numero": "89", "tipo__sigla": "IND", "tipo__descricao": "Indica\u00e7\u00e3o", "autoria": "", "texto_original": "http://sapl.bicas.mg.leg.br/media/sapl/public/materialegislativa/2018/1598/ind89_-_tanauza.docx", "ementa": "Solicito que o Prefeito Municipal, atrav\u00e9s da Secretaria competente, que seja reformada a cobertura do galp\u00e3o do almoxarifado onde ficam guardados os ve\u00edculos."}, {"id": "1599", "ano": "2018", "numero": "90", "tipo__sigla": "IND", "tipo__descricao": "Indica\u00e7\u00e3o", "autoria": "Tanauza", "texto_original": "http://sapl.bicas.mg.leg.br/media/sapl/public/materialegislativa/2018/1599/ind90_-_tanauza.docx", "ementa": "Solicito ao Executivo Municipal, atrav\u00e9s da Secretaria Competente, que providencie a coloca\u00e7\u00e3o de piso de borracha no parquinho da pra\u00e7a S\u00e3o Jos\u00e9."}, {"id": "1600", "ano": "2018", "numero": "91", "tipo__sigla": "IND", "tipo__descricao": "Indica\u00e7\u00e3o", "autoria": "Joel Mil\u00e3o do Cemit\u00e9rio", "texto_original": "http://sapl.bicas.mg.leg.br/media/sapl/public/materialegislativa/2018/1600/-ind91-joel_calcamento.docx", "ementa": "Solicito ao Prefeito Municipal, que fa\u00e7a o cal\u00e7amento da rua Luiz Servo de Deus no Bairro Edgar Moreira."}, {"id": "1601", "ano": "2018", "numero": "92", "tipo__sigla": "IND", "tipo__descricao": "Indica\u00e7\u00e3o", "autoria": "Loro", "texto_original": "http://sapl.bicas.mg.leg.br/media/sapl/public/materialegislativa/2018/1601/ind92_-_pluviais_sta_terezinha.doc", "ementa": "Solicita constru\u00e7\u00e3o de sistema de capta\u00e7\u00e3o de \u00e1guas pluviais no Bairro Santa Terezinha."}, {"id": "1602", "ano": "2018", "numero": "93", "tipo__sigla": "IND", "tipo__descricao": "Indica\u00e7\u00e3o", "autoria": "Rafael Aquino", "texto_original": "http://sapl.bicas.mg.leg.br/media/sapl/public/materialegislativa/2018/1602/ind93_-_rafael-_plano_municipal.doc", "ementa": "Pela presente indica\u00e7\u00e3o, solicito do Executivo atrav\u00e9s das Secretarias competentes, que formem Comiss\u00e3o para estudos a fim de elaborar plano de desenvolvimento rural de Bicas."}, {"id": "1603", "ano": "2018", "numero": "94", "tipo__sigla": "IND", "tipo__descricao": "Indica\u00e7\u00e3o", "autoria": "Rafael Aquino", "texto_original": "http://sapl.bicas.mg.leg.br/media/sapl/public/materialegislativa/2018/1603/ind94_-_rafael-_campanha_dengue.doc", "ementa": "Pela presente indica\u00e7\u00e3o, solicito do Executivo atrav\u00e9s da Secretaria de Sa\u00fade, que fa\u00e7a divulga\u00e7\u00e3o e entrega de materiais de campanha de conscientiza\u00e7\u00e3o e preven\u00e7\u00e3o de doen\u00e7as como Febre Amarela, Dengue, Zica, Chicungunha e os v\u00e1rios v\u00edrus da gripe, durante os dias de realiza\u00e7\u00e3o da Exposi\u00e7\u00e3o Agropecu\u00e1ria."}, {"id": "1604", "ano": "2018", "numero": "95", "tipo__sigla": "IND", "tipo__descricao": "Indica\u00e7\u00e3o", "autoria": "", "texto_original": "http://sapl.bicas.mg.leg.br/media/sapl/public/materialegislativa/2018/1604/ind95_-_tanauza_-_sinalizacao.docx", "ementa": "Solicito que o Prefeito Municipal, atrav\u00e9s da Secretaria competente, providencie a sinaliza\u00e7\u00e3o do cruzamento da Rua Floriano Peixoto com a Rua Camilo Fernandes Alhadas, com coloca\u00e7\u00e3o de placas de \u201cPARE\u201d e \u201cReduza a velocidade\u201d."}, {"id": "1605", "ano": "2018", "numero": "96", "tipo__sigla": "IND", "tipo__descricao": "Indica\u00e7\u00e3o", "autoria": "", "texto_original": "http://sapl.bicas.mg.leg.br/media/sapl/public/materialegislativa/2018/1605/ind96_-_diego_faixa.docx", "ementa": "Que seja feita a repintura das faixas de pedestres pr\u00f3xima ao supermercado Santo Ant\u00f4nio e ao redor da Pra\u00e7a S\u00e3o Jos\u00e9."}, {"id": "1606", "ano": "2018", "numero": "97", "tipo__sigla": "IND", "tipo__descricao": "Indica\u00e7\u00e3o", "autoria": "Diego da Auto Escola", "texto_original": "http://sapl.bicas.mg.leg.br/media/sapl/public/materialegislativa/2018/1606/ind97_-_diego.docx", "ementa": "Que seja regularizada a sinaliza\u00e7\u00e3o da rotat\u00f3ria \u00e0 Rua Coronel Souza."}, {"id": "1607", "ano": "2018", "numero": "98", "tipo__sigla": "IND", "tipo__descricao": "Indica\u00e7\u00e3o", "autoria": "", "texto_original": "http://sapl.bicas.mg.leg.br/media/sapl/public/materialegislativa/2018/1607/ind98_denisy_-_banheiro.docx", "ementa": "Que seja colocado na sede da C\u00e2mara sinaliza\u00e7\u00e3o de banheiro feminino."}, {"id": "1608", "ano": "2018", "numero": "99", "tipo__sigla": "IND", "tipo__descricao": "Indica\u00e7\u00e3o", "autoria": "", "texto_original": "http://sapl.bicas.mg.leg.br/media/sapl/public/materialegislativa/2018/1608/ind99_denisy_-_obra.docx", "ementa": "Que a presid\u00eancia desta Casa notifique a empresa respons\u00e1vel pela reforma do pr\u00e9dio para que repare os vazamentos no banheiro e as telhas quebradas."}, {"id": "1609", "ano": "2018", "numero": "100", "tipo__sigla": "IND", "tipo__descricao": "Indica\u00e7\u00e3o", "autoria": "Joel Mil\u00e3o do Cemit\u00e9rio", "texto_original": "http://sapl.bicas.mg.leg.br/media/sapl/public/materialegislativa/2018/1609/ind100_-_joel_vaga_deficiente.docx", "ementa": "Solicito ao Prefeito Municipal, que fa\u00e7a a repintura das vagas destinadas a deficientes e idosos."}, {"id": "1610", "ano": "2018", "numero": "101", "tipo__sigla": "IND", "tipo__descricao": "Indica\u00e7\u00e3o", "autoria": "Joel Mil\u00e3o do Cemit\u00e9rio", "texto_original": "http://sapl.bicas.mg.leg.br/media/sapl/public/materialegislativa/2018/1610/ind101_-_joel_poda.docx", "ementa": "Solicito ao Prefeito Municipal, que fa\u00e7a a poda da cerca viva no prolongamento da Rua Garcia Passos."}, {"id": "1611", "ano": "2018", "numero": "102", "tipo__sigla": "IND", "tipo__descricao": "Indica\u00e7\u00e3o", "autoria": "Tiago Enfermeiro", "texto_original": "http://sapl.bicas.mg.leg.br/media/sapl/public/materialegislativa/2018/1611/ind102_-_tiago_-_aquiles.docx", "ementa": "Que a Secretaria de Obras sinalize o trecho da Avenida Bar\u00e3o de Catas Altas compreendido entre a Rua Dr. Sebasti\u00e3o Campos e Rua Aquiles de Paula como estacionamento permitido por 30 minutos com pisca-alerta ligado (estacionamento rotativo)."}, {"id": "1612", "ano": "2018", "numero": "103", "tipo__sigla": "IND", "tipo__descricao": "Indica\u00e7\u00e3o", "autoria": "Diego da Auto Escola", "texto_original": "http://sapl.bicas.mg.leg.br/media/sapl/public/materialegislativa/2018/1612/ind103_-_diego.docx", "ementa": "Que seja ampliado o n\u00famero de atendentes na farm\u00e1cia popular."}, {"id": "1613", "ano": "2018", "numero": "104", "tipo__sigla": "IND", "tipo__descricao": "Indica\u00e7\u00e3o", "autoria": "", "texto_original": "http://sapl.bicas.mg.leg.br/media/sapl/public/materialegislativa/2018/1613/ind104_diego.docx", "ementa": "Que seja feita capina nas margens do c\u00f3rrego S\u00e3o Jos\u00e9."}, {"id": "1614", "ano": "2018", "numero": "105", "tipo__sigla": "IND", "tipo__descricao": "Indica\u00e7\u00e3o", "autoria": "Rafael Aquino", "texto_original": "http://sapl.bicas.mg.leg.br/media/", "ementa": "Pela presente indica\u00e7\u00e3o, solicito da Administra\u00e7\u00e3o Municipal, atrav\u00e9s da Secretaria de Obras, que estude a viabilidade de constru\u00e7\u00e3o de arquibancada ao lado da quadra do bairro Gilson Lamha, bem como obra para conten\u00e7\u00e3o de barro e detritos de chuva atr\u00e1s da quadra."}, {"id": "1615", "ano": "2018", "numero": "106", "tipo__sigla": "IND", "tipo__descricao": "Indica\u00e7\u00e3o", "autoria": "Rafael Aquino", "texto_original": "http://sapl.bicas.mg.leg.br/media/sapl/public/materialegislativa/2018/1615/ind106_rafael_prolongamento_rua.docx", "ementa": "Pela presente indica\u00e7\u00e3o, solicito da Administra\u00e7\u00e3o Municipal, atrav\u00e9s da Secretaria de Obras, a constru\u00e7\u00e3o de cal\u00e7ada no prolongamento rua Prefeito Oliveira Souza, iniciando nas proximidades da rotat\u00f3ria, at\u00e9 ao final do Col\u00e9gio estadual."}, {"id": "1616", "ano": "2018", "numero": "107", "tipo__sigla": "IND", "tipo__descricao": "Indica\u00e7\u00e3o", "autoria": "", "texto_original": "http://sapl.bicas.mg.leg.br/media/sapl/public/materialegislativa/2018/1616/ind107_rafael_taxa_ambulantes.docx", "ementa": "Pela presente indica\u00e7\u00e3o, solicito da Administra\u00e7\u00e3o Municipal, que informe se enviou resposta do \u00cdndice de efetividade da Gest\u00e3o Municipal (IEGM)."}, {"id": "1617", "ano": "2018", "numero": "108", "tipo__sigla": "IND", "tipo__descricao": "Indica\u00e7\u00e3o", "autoria": "Diego da Auto Escola", "texto_original": "http://sapl.bicas.mg.leg.br/media/", "ementa": "Que seja erguido monumento em homenagem ao jogador Danilo."}, {"id": "1618", "ano": "2018", "numero": "109", "tipo__sigla": "IND", "tipo__descricao": "Indica\u00e7\u00e3o", "autoria": "Diego da Auto Escola", "texto_original": "http://sapl.bicas.mg.leg.br/media/sapl/public/materialegislativa/2018/1618/ind109_-_diego_-_psf.docx", "ementa": "Que seja constru\u00eddo PSF no Bairro Gilson Lamha."}, {"id": "1619", "ano": "2018", "numero": "110", "tipo__sigla": "IND", "tipo__descricao": "Indica\u00e7\u00e3o", "autoria": "", "texto_original": "http://sapl.bicas.mg.leg.br/media/sapl/public/materialegislativa/2018/1619/ind110_-_joel_-_bueiro.docx", "ementa": "Solicito ao Prefeito Municipal, que providencie a instala\u00e7\u00e3o de bueiro \u00e0 rua Francisco Gon\u00e7alves para capta\u00e7\u00e3o de \u00e1guas pluviais."}, {"id": "1620", "ano": "2018", "numero": "111", "tipo__sigla": "IND", "tipo__descricao": "Indica\u00e7\u00e3o", "autoria": "Loro", "texto_original": "http://sapl.bicas.mg.leg.br/media/sapl/public/materialegislativa/2018/1620/ind111_loro_avenida_bianco.docx", "ementa": "Que seja colocada placa indicativa de denomina\u00e7\u00e3o de logradouro p\u00fablico na Avenida Bianco."}, {"id": "1621", "ano": "2018", "numero": "112", "tipo__sigla": "IND", "tipo__descricao": "Indica\u00e7\u00e3o", "autoria": "Rafael Aquino", "texto_original": "http://sapl.bicas.mg.leg.br/media/sapl/public/materialegislativa/2018/1621/ind112_rafael_gestao_municipal.docx", "ementa": "Pela presente indica\u00e7\u00e3o, solicito da Administra\u00e7\u00e3o Municipal, que informe se enviou resposta do \u00cdndice de efetividade da Gest\u00e3o Municipal (IEGM)."}, {"id": "1622", "ano": "2018", "numero": "113", "tipo__sigla": "IND", "tipo__descricao": "Indica\u00e7\u00e3o", "autoria": "", "texto_original": "http://sapl.bicas.mg.leg.br/media/sapl/public/materialegislativa/2018/1622/ind113_asfaltamento.docx", "ementa": "Pela presente indica\u00e7\u00e3o, solicito da Administra\u00e7\u00e3o Municipal, atrav\u00e9s da Secretaria de Obras, O ASFALTAMENTO DA TRAVESSA PEDRO DUTRA."}, {"id": "1623", "ano": "2018", "numero": "114", "tipo__sigla": "IND", "tipo__descricao": "Indica\u00e7\u00e3o", "autoria": "", "texto_original": "http://sapl.bicas.mg.leg.br/media/sapl/public/materialegislativa/2018/1623/ind114_-_isaias-_toldo.docx", "ementa": "Solicito que o Executivo Municipal, atrav\u00e9s da Secretaria competente, instale toldo na entrada do PSF da Retta, localizado na Rua Governador Valadares."}, {"id": "1624", "ano": "2018", "numero": "115", "tipo__sigla": "IND", "tipo__descricao": "Indica\u00e7\u00e3o", "autoria": "", "texto_original": "http://sapl.bicas.mg.leg.br/media/sapl/public/materialegislativa/2018/1624/ind115_-_joel_antena.docx", "ementa": "Solicito ao Prefeito Municipal, que providencie o reparo da torre de transmiss\u00e3o de TV."}, {"id": "1625", "ano": "2018", "numero": "116", "tipo__sigla": "IND", "tipo__descricao": "Indica\u00e7\u00e3o", "autoria": "", "texto_original": "http://sapl.bicas.mg.leg.br/media/sapl/public/materialegislativa/2018/1625/ind116_-_joel_mata_burro.docx", "ementa": "Solicito ao Prefeito Municipal, que providencie a substitui\u00e7\u00e3o dos dois bueiros \u00e0 rua Am\u00e9rico Ribeiro por um mata burro."}, {"id": "1626", "ano": "2018", "numero": "117", "tipo__sigla": "IND", "tipo__descricao": "Indica\u00e7\u00e3o", "autoria": "Joel Mil\u00e3o do Cemit\u00e9rio", "texto_original": "http://sapl.bicas.mg.leg.br/media/sapl/public/materialegislativa/2018/1626/ind117_-_joel_limpeza.docx", "ementa": "Solicito ao Prefeito Municipal, que providencie a limpeza da rua antiga Rosa de Ouro e remova as motos abandonadas do local."}, {"id": "1627", "ano": "2018", "numero": "118", "tipo__sigla": "IND", "tipo__descricao": "Indica\u00e7\u00e3o", "autoria": "Joel Mil\u00e3o do Cemit\u00e9rio", "texto_original": "http://sapl.bicas.mg.leg.br/media/", "ementa": "Solicito ao Prefeito Municipal, que providencie a coloca\u00e7\u00e3o de tapume para fechar a entrada da casa abandonada \u00e0 Rua Santa F\u00e9.Solicito ao Prefeito Municipal, que providencie a limpeza da rua antiga Rosa de Ouro e remova as motos abandonadas do local."}, {"id": "1628", "ano": "2018", "numero": "119", "tipo__sigla": "IND", "tipo__descricao": "Indica\u00e7\u00e3o", "autoria": "Diego da Auto Escola", "texto_original": "http://sapl.bicas.mg.leg.br/media/sapl/public/materialegislativa/2018/1628/ind119_diego_piso_motorista.docx", "ementa": "Solicito ao Prefeito Municipal, que pague aos motoristas o piso salarial m\u00e9dio da classe."}, {"id": "1629", "ano": "2018", "numero": "120", "tipo__sigla": "IND", "tipo__descricao": "Indica\u00e7\u00e3o", "autoria": "Diego da Auto Escola", "texto_original": "http://sapl.bicas.mg.leg.br/media/sapl/public/materialegislativa/2018/1629/ind120_diego_asfaltamento.docx", "ementa": "Solicito ao Prefeito Municipal, que efetue o asfaltamento e nivelamento da Rua Primo Rossi."}, {"id": "1630", "ano": "2018", "numero": "121", "tipo__sigla": "IND", "tipo__descricao": "Indica\u00e7\u00e3o", "autoria": "", "texto_original": "http://sapl.bicas.mg.leg.br/media/sapl/public/materialegislativa/2018/1630/ind121_rafael_programa_de_articulacao.docx", "ementa": "Pela presente indica\u00e7\u00e3o, solicito da Secretaria de Desenvolvimento Econ\u00f4mico e Turismo, que envie proposta at\u00e9 o dia 04 de julho de 2018, para o Programa Articula\u00e7\u00e3o e Ordenamento Tur\u00edstico."}, {"id": "1631", "ano": "2018", "numero": "122", "tipo__sigla": "IND", "tipo__descricao": "Indica\u00e7\u00e3o", "autoria": "Rafael Aquino", "texto_original": "http://sapl.bicas.mg.leg.br/media/", "ementa": "Pela presente indica\u00e7\u00e3o, solicito da Procuradoria, que apresente projeto a fim de alterar o C\u00f3digo Tribut\u00e1rio Municipal, incluindo no rol das pessoas isentas ao pagamento de IPTU, os titulares de benef\u00edcio assistencial pago pela previd\u00eancia social."}, {"id": "1632", "ano": "2018", "numero": "123", "tipo__sigla": "IND", "tipo__descricao": "Indica\u00e7\u00e3o", "autoria": "Tanauza", "texto_original": "http://sapl.bicas.mg.leg.br/media/sapl/public/materialegislativa/2018/1632/ind123_tanauza_-_bueiro.docx", "ementa": "Solicito que o Prefeito Municipal, atrav\u00e9s da Secretaria competente, providencie reparo no bueiro na Avenida Bras\u00edlia ao lado do n\u00famero 251."}, {"id": "1633", "ano": "2018", "numero": "124", "tipo__sigla": "IND", "tipo__descricao": "Indica\u00e7\u00e3o", "autoria": "", "texto_original": "http://sapl.bicas.mg.leg.br/media/sapl/public/materialegislativa/2018/1633/ind124_tiago_equoterapia.docx", "ementa": "Que seja inclu\u00eddo o servi\u00e7o de Equiterapia para atendimento  em diversas \u00e1reas, notoriamente no caso de tratamento de crian\u00e7as com autismo."}, {"id": "1634", "ano": "2018", "numero": "125", "tipo__sigla": "IND", "tipo__descricao": "Indica\u00e7\u00e3o", "autoria": "Tanauza", "texto_original": "http://sapl.bicas.mg.leg.br/media/sapl/public/materialegislativa/2018/1634/ind125-_tanauza_-.docx", "ementa": "Solicito que o Prefeito Municipal, atrav\u00e9s da Secretaria competente, que providencie o corte de uma \u00e1rvore e a retirada de lixo na cal\u00e7ada, na Rua Aquiles de Paula."}, {"id": "1635", "ano": "2018", "numero": "126", "tipo__sigla": "IND", "tipo__descricao": "Indica\u00e7\u00e3o", "autoria": "Rafael Aquino", "texto_original": "http://sapl.bicas.mg.leg.br/media/sapl/public/materialegislativa/2018/1635/ind126-_rafael-.docx", "ementa": "Pela presente indica\u00e7\u00e3o, solicito do Executivo atrav\u00e9s das Secretarias competentes, que envie proposta para o minist\u00e9rio dos Transportes, para que seja contemplado no programa de Manuten\u00e7\u00e3o e Conserva\u00e7\u00e3o de estradas vicinais."}, {"id": "1636", "ano": "2018", "numero": "127", "tipo__sigla": "IND", "tipo__descricao": "Indica\u00e7\u00e3o", "autoria": "Tanauza", "texto_original": "http://sapl.bicas.mg.leg.br/media/sapl/public/materialegislativa/2018/1636/ind127_-_tanauza_-_cadeirante.docx", "ementa": "Solicito que o Prefeito Municipal, atrav\u00e9s da Secretaria competente, que fa\u00e7a a repintura das vagas para deficiente e idosos e coloque placas indicativas."}, {"id": "1637", "ano": "2018", "numero": "128", "tipo__sigla": "IND", "tipo__descricao": "Indica\u00e7\u00e3o", "autoria": "", "texto_original": "http://sapl.bicas.mg.leg.br/media/", "ementa": "Solicito ao Prefeito Municipal, que construa cal\u00e7amento na parte de baixo da Avenida Governador Valadares."}, {"id": "1638", "ano": "2018", "numero": "129", "tipo__sigla": "IND", "tipo__descricao": "Indica\u00e7\u00e3o", "autoria": "Joel Mil\u00e3o do Cemit\u00e9rio", "texto_original": "http://sapl.bicas.mg.leg.br/media/", "ementa": "Solicito ao Prefeito Municipal, que providencie a repintura da faixa de pedestres \u00e0 Rua dos Oper\u00e1rios pr\u00f3xima \u00e0 Rodovi\u00e1ria."}, {"id": "1639", "ano": "2018", "numero": "130", "tipo__sigla": "IND", "tipo__descricao": "Indica\u00e7\u00e3o", "autoria": "Isaias ", "texto_original": "http://sapl.bicas.mg.leg.br/media/sapl/public/materialegislativa/2018/1639/ind130_-_isaias_praca_lilim_popo.docx", "ementa": "Solicito que o Executivo Municipal, atrav\u00e9s da Secretaria de Obras, providencie o t\u00e9rmino das obras da pra\u00e7a de acesso ao bairro Edgar Moreira."}, {"id": "1640", "ano": "2018", "numero": "131", "tipo__sigla": "IND", "tipo__descricao": "Indica\u00e7\u00e3o", "autoria": "Rafael Aquino", "texto_original": "http://sapl.bicas.mg.leg.br/media/sapl/public/materialegislativa/2018/1640/ind131-_rafael-passarela.docx", "ementa": "Pela presente indica\u00e7\u00e3o, solicito da Secretaria de Obras que providencie constru\u00e7\u00e3o de redutor de velocidade (passarela elevada , Trafic Calming), na rua capit\u00e3o Pedro Assis Amaral, pr\u00f3ximo a Farm\u00e1cia S\u00e3o Sebasti\u00e3o."}, {"id": "1641", "ano": "2018", "numero": "132", "tipo__sigla": "IND", "tipo__descricao": "Indica\u00e7\u00e3o", "autoria": "", "texto_original": "http://sapl.bicas.mg.leg.br/media/sapl/public/materialegislativa/2018/1641/ind132_-_rafael_fundo_municipal.docx", "ementa": "Pela presente indica\u00e7\u00e3o, solicito do Executivo atrav\u00e9s das Secretarias competentes, que envie projeto de lei para cria\u00e7\u00e3o do Fundo Municipal de saneamento B\u00e1sico e Conselho Municipal para o acompanhamento, fiscaliza\u00e7\u00e3o e controle do Fundo de saneamento."}, {"id": "1642", "ano": "2018", "numero": "133", "tipo__sigla": "IND", "tipo__descricao": "Indica\u00e7\u00e3o", "autoria": "Joel Mil\u00e3o do Cemit\u00e9rio", "texto_original": "http://sapl.bicas.mg.leg.br/media/sapl/public/materialegislativa/2018/1642/ind133_-_joel_-_ferramentas_cemiterio.docx", "ementa": "Solicito ao Prefeito Municipal, que providencie compra de ferramentas e uniformes para os servidores que trabalham no cemit\u00e9rio Municipal."}, {"id": "1643", "ano": "2018", "numero": "134", "tipo__sigla": "IND", "tipo__descricao": "Indica\u00e7\u00e3o", "autoria": "Loro", "texto_original": "http://sapl.bicas.mg.leg.br/media/", "ementa": "Solicita ao Prefeito Municipal que fa\u00e7a afixar nas portas das secretarias municipais os hor\u00e1rios de atendimento ao p\u00fablico."}, {"id": "1644", "ano": "2018", "numero": "135", "tipo__sigla": "IND", "tipo__descricao": "Indica\u00e7\u00e3o", "autoria": "Tiago Enfermeiro", "texto_original": "http://sapl.bicas.mg.leg.br/media/", "ementa": "Que sejam montadas salas para atendimento especializado de Terapia Ocupacional e Fonoaudi\u00f3logo."}, {"id": "1645", "ano": "2018", "numero": "136", "tipo__sigla": "IND", "tipo__descricao": "Indica\u00e7\u00e3o", "autoria": "Tanauza", "texto_original": "http://sapl.bicas.mg.leg.br/media/", "ementa": "Solicito que o Prefeito Municipal, atrav\u00e9s da Secretaria competente, que abra o acesso da Rua D para a Rua C no bairro Gilson Lamha."}, {"id": "1646", "ano": "2018", "numero": "137", "tipo__sigla": "IND", "tipo__descricao": "Indica\u00e7\u00e3o", "autoria": "Joel Mil\u00e3o do Cemit\u00e9rio", "texto_original": "http://sapl.bicas.mg.leg.br/media/sapl/public/materialegislativa/2018/1646/ind137_-_joel_-_mata_burro.docx", "ementa": "Solicito ao Prefeito Municipal, que providencie o reparo do mata- burro pr\u00f3ximo ao asilo, no ponto conhecido como \u201cmininha\u201d."}, {"id": "1647", "ano": "2018", "numero": "138", "tipo__sigla": "IND", "tipo__descricao": "Indica\u00e7\u00e3o", "autoria": "Tanauza", "texto_original": "http://sapl.bicas.mg.leg.br/media/sapl/public/materialegislativa/2018/1647/ind138_-_tanauza_-__iluminacao.docx", "ementa": "Solicito ao Exmo. Sr. Prefeito, atrav\u00e9s da Secretaria Competente, que providencie a coloca\u00e7\u00e3o de ilumina\u00e7\u00e3o p\u00fablica na Rua dos Oper\u00e1rios em torno do Ponto de T\u00e1xi at\u00e9 a Pra\u00e7a \u201c\u00c9 Nossa\u201d."}, {"id": "1648", "ano": "2018", "numero": "139", "tipo__sigla": "IND", "tipo__descricao": "Indica\u00e7\u00e3o", "autoria": "Joel Mil\u00e3o do Cemit\u00e9rio", "texto_original": "http://sapl.bicas.mg.leg.br/media/sapl/public/materialegislativa/2018/1648/ind139_-_joel_-_saveiro.docx", "ementa": "Solicito ao Prefeito Municipal, que encaminhe a esta casa c\u00f3pia das planilhas de uso dos seguintes ve\u00edculos:  Saveiro Robust placa final 4515 e Fiat Strada placa final 4545.\r\n         Pe\u00e7o tamb\u00e9m que estes ve\u00edculos sejam devidamente adesivados para indicar que s\u00e3o ve\u00edculos p\u00fablicos de uso exclusivo em servi\u00e7o."}, {"id": "1649", "ano": "2018", "numero": "140", "tipo__sigla": "IND", "tipo__descricao": "Indica\u00e7\u00e3o", "autoria": "Joel Mil\u00e3o do Cemit\u00e9rio", "texto_original": "http://sapl.bicas.mg.leg.br/media/sapl/public/materialegislativa/2018/1649/ind140_-_joel_-_calha_quadra_olaria.docx", "ementa": "Solicito ao Prefeito Municipal, que providencie o reparo das calhas da quadra da rua do Olaria."}, {"id": "1650", "ano": "2018", "numero": "141", "tipo__sigla": "IND", "tipo__descricao": "Indica\u00e7\u00e3o", "autoria": "Joel Mil\u00e3o do Cemit\u00e9rio", "texto_original": "http://sapl.bicas.mg.leg.br/media/sapl/public/materialegislativa/2018/1650/ind141_-_joel_-_cobertura.docx", "ementa": "Solicito ao Prefeito Municipal, que atenda ao pedido de cobertura da casa localizada \u00e0 Rua Pe. Manoel Pires Pereira, 176."}, {"id": "1651", "ano": "2018", "numero": "142", "tipo__sigla": "IND", "tipo__descricao": "Indica\u00e7\u00e3o", "autoria": "Joel Mil\u00e3o do Cemit\u00e9rio", "texto_original": "http://sapl.bicas.mg.leg.br/media/sapl/public/materialegislativa/2018/1651/ind142_-_joel_-_bueiro.docx", "ementa": "Solicito ao Prefeito Municipal, que efetue obras de capta\u00e7\u00e3o de \u00e1guas pluviais \u00e0 rua Jo\u00e3o Batista Silva."}, {"id": "1652", "ano": "2018", "numero": "143", "tipo__sigla": "IND", "tipo__descricao": "Indica\u00e7\u00e3o", "autoria": "", "texto_original": "http://sapl.bicas.mg.leg.br/media/sapl/public/materialegislativa/2018/1652/ind143_-_joel_-_entulho.docx", "ementa": "Solicito ao Prefeito Municipal, que providencie a retirada do entulho da Rua Padre Manoel Pires Pereira(Olaria)."}, {"id": "1653", "ano": "2018", "numero": "144", "tipo__sigla": "IND", "tipo__descricao": "Indica\u00e7\u00e3o", "autoria": "Joel Mil\u00e3o do Cemit\u00e9rio", "texto_original": "http://sapl.bicas.mg.leg.br/media/sapl/public/materialegislativa/2018/1653/ind144_-_joel_-_caixa_de_lixo.docx", "ementa": "Solicito ao Prefeito Municipal, que construa uma caixa de lixo na rua C onde est\u00e1 sendo feito o cal\u00e7amento."}, {"id": "1654", "ano": "2018", "numero": "145", "tipo__sigla": "IND", "tipo__descricao": "Indica\u00e7\u00e3o", "autoria": "Loro", "texto_original": "http://sapl.bicas.mg.leg.br/media/sapl/public/materialegislativa/2018/1654/ind145_loro_rua_joao_pinto_de_castro.docx", "ementa": "Que seja realizado um estudo para melhoria da trafegabilidade \u00e0 Rua Jo\u00e3o Pinto de Castro, bem como seja notificada a empresa respons\u00e1vel pela coleta de lixo urbano em rela\u00e7\u00e3o ao mesmo logradouro, pois em dias de chuva o caminh\u00e3o de coleta n\u00e3o sobe a rua e o lixo dom\u00e9stico fica sem ser recolhido."}, {"id": "1655", "ano": "2018", "numero": "146", "tipo__sigla": "IND", "tipo__descricao": "Indica\u00e7\u00e3o", "autoria": "Tanauza", "texto_original": "http://sapl.bicas.mg.leg.br/media/sapl/public/materialegislativa/2018/1655/ind146_tanauza_-_.docx", "ementa": "Solicito ao Exmo. Sr. Prefeito, atrav\u00e9s da Secretaria Competente, que providencie a troca das manilhas de esgota \u00e0 rua Arthur Bernardes pr\u00f3ximo ao n\u00famero 781."}, {"id": "1656", "ano": "2018", "numero": "147", "tipo__sigla": "IND", "tipo__descricao": "Indica\u00e7\u00e3o", "autoria": "Tanauza", "texto_original": "http://sapl.bicas.mg.leg.br/media/sapl/public/materialegislativa/2018/1656/ind147_tanauza_-_minas.docx", "ementa": "Solicito ao Exmo. Sr. Prefeito, atrav\u00e9s da Secretaria Competente, realize an\u00e1lise da qualidade da \u00e1gua nas minas da cidade e afixe placas de aviso caso exista alguma com \u00e1gua contaminada."}, {"id": "1657", "ano": "2018", "numero": "148", "tipo__sigla": "IND", "tipo__descricao": "Indica\u00e7\u00e3o", "autoria": "Diego da Auto Escola", "texto_original": "http://sapl.bicas.mg.leg.br/media/sapl/public/materialegislativa/2018/1657/ind148_-_diego_-_guard_rail.docx", "ementa": "Solicito ao Prefeito Municipal, que coloque guard rail na liga\u00e7\u00e3o da rua Prefeito Oliveira Souza com a Dr. Melo Viana, na esquina do col\u00e9gio estadual."}, {"id": "1658", "ano": "2018", "numero": "149", "tipo__sigla": "IND", "tipo__descricao": "Indica\u00e7\u00e3o", "autoria": "Diego da Auto Escola", "texto_original": "http://sapl.bicas.mg.leg.br/media/sapl/public/materialegislativa/2018/1658/ind149_-_diego_-_travessia.docx", "ementa": "Solicito ao Prefeito Municipal, que seja feita faixa de pedestres no cruzamento da rua Levindo Coelho com Nilsom Batista de Oliveira."}, {"id": "1665", "ano": "2018", "numero": "150", "tipo__sigla": "IND", "tipo__descricao": "Indica\u00e7\u00e3o", "autoria": "Joel Mil\u00e3o do Cemit\u00e9rio", "texto_original": "http://sapl.bicas.mg.leg.br/media/sapl/public/materialegislativa/2018/1665/ind150_-_joel_-_vaga_deficiente.docx", "ementa": "Solicito ao Prefeito Municipal, que reserve em frente \u00e0s escolas municipais vaga de estacionamento para deficientes."}, {"id": "1666", "ano": "2018", "numero": "151", "tipo__sigla": "IND", "tipo__descricao": "Indica\u00e7\u00e3o", "autoria": "Rafael Aquino", "texto_original": "http://sapl.bicas.mg.leg.br/media/sapl/public/materialegislativa/2018/1666/ind151_-_rafael_cadastro_escolas.docx", "ementa": "Venho atrav\u00e9s da presente proposi\u00e7\u00e3o, solicitar que a Secretaria de Educa\u00e7\u00e3o providencie juntamente a dire\u00e7\u00e3o das escolas municipais e da Creche Municipal, cadastro ou outra forma de controle de respons\u00e1veis autorizados a pegar as crian\u00e7as."}, {"id": "1667", "ano": "2018", "numero": "152", "tipo__sigla": "IND", "tipo__descricao": "Indica\u00e7\u00e3o", "autoria": "Rafael Aquino", "texto_original": "http://sapl.bicas.mg.leg.br/media/sapl/public/materialegislativa/2018/1667/ind152_-_rafael_acoes_de_saneamento.docx", "ementa": "Pela presente indica\u00e7\u00e3o, solicito que a Administra\u00e7\u00e3o Municipal analise a possibilidade e viabilidade de participar de processo seletivo para contrata\u00e7\u00e3o de opera\u00e7\u00e3o de cr\u00e9dito para execu\u00e7\u00e3o de a\u00e7\u00f5es de saneamento."}, {"id": "1668", "ano": "2018", "numero": "153", "tipo__sigla": "IND", "tipo__descricao": "Indica\u00e7\u00e3o", "autoria": "Rafael Aquino", "texto_original": "http://sapl.bicas.mg.leg.br/media/sapl/public/materialegislativa/2018/1668/ind153_-_rafael_brasil_amigo_da_pessoa_idosa.docx", "ementa": "Pela presente indica\u00e7\u00e3o, solicito do Executivo atrav\u00e9s da Secretaria de Assist\u00eancia Social, que providencie ades\u00e3o ao programa Brasil Amigo da Pessoa Idosa."}, {"id": "1669", "ano": "2018", "numero": "154", "tipo__sigla": "IND", "tipo__descricao": "Indica\u00e7\u00e3o", "autoria": "Diego da Auto Escola", "texto_original": "http://sapl.bicas.mg.leg.br/media/sapl/public/materialegislativa/2018/1669/ind154_-_diego_-_sinalizacao_rotatoria.docx", "ementa": "Solicito ao Prefeito Municipal, que normalize a sinaliza\u00e7\u00e3o na rotat\u00f3ria em frente \u00e0 E.M. Cel. Joaquim Jos\u00e9 de Souza."}, {"id": "1670", "ano": "2018", "numero": "155", "tipo__sigla": "IND", "tipo__descricao": "Indica\u00e7\u00e3o", "autoria": "Diego da Auto Escola", "texto_original": "http://sapl.bicas.mg.leg.br/media/sapl/public/materialegislativa/2018/1670/ind155_-_diego_-_quebra_molas.docx", "ementa": "Solicito ao Prefeito Municipal, que instale quebra-molas \u00e0 Rua Dona Miquelina, reiterando a indica\u00e7\u00e3o n\u00ba. 186/2017"}, {"id": "1671", "ano": "2018", "numero": "156", "tipo__sigla": "IND", "tipo__descricao": "Indica\u00e7\u00e3o", "autoria": "Loro", "texto_original": "http://sapl.bicas.mg.leg.br/media/sapl/public/materialegislativa/2018/1671/ind156_-_loro_-_lixo_olaria.docx", "ementa": "Solicito ao Prefeito Municipal, que ordene contato com a empresa respons\u00e1vel pela coleta de lixo urbano, exigindo o recolhimento do mesmo \u00e0 Rua Padre Manoel Pires Pereira."}, {"id": "1672", "ano": "2018", "numero": "157", "tipo__sigla": "IND", "tipo__descricao": "Indica\u00e7\u00e3o", "autoria": "Tanauza", "texto_original": "http://sapl.bicas.mg.leg.br/media/sapl/public/materialegislativa/2018/1672/ind157-_tanauza_-_pavimentacao.docx", "ementa": "Solicito ao Exmo. Sr. Prefeito, atrav\u00e9s da Secretaria Competente, fa\u00e7a a pavimenta\u00e7\u00e3o da Rua A, no Bairro Souza Mattos."}, {"id": "1673", "ano": "2018", "numero": "158", "tipo__sigla": "IND", "tipo__descricao": "Indica\u00e7\u00e3o", "autoria": "Rafael Aquino", "texto_original": "http://sapl.bicas.mg.leg.br/media/sapl/public/materialegislativa/2018/1673/ind158-rafael-.docx", "ementa": "Venho atrav\u00e9s da presente proposi\u00e7\u00e3o, solicitar da administra\u00e7\u00e3o Municipal, que autorize as artes\u00e3s do munic\u00edpio a exporem seus produtos em barracas, no dia 07/09/2018, bem como fa\u00e7am as montagens das barracas da feirinha de s\u00e1bado, nas sextas-feiras, criando a feirinha de artesanato."}, {"id": "1674", "ano": "2018", "numero": "159", "tipo__sigla": "IND", "tipo__descricao": "Indica\u00e7\u00e3o", "autoria": "Rafael Aquino", "texto_original": "http://sapl.bicas.mg.leg.br/media/sapl/public/materialegislativa/2018/1674/ind159-rafael-compdec.docx", "ementa": "Venho atrav\u00e9s da presente proposi\u00e7\u00e3o, solicitar da administra\u00e7\u00e3o Municipal, que providencie a cria\u00e7\u00e3o e  regulamenta\u00e7\u00e3o da COMPDEC."}, {"id": "1732", "ano": "2018", "numero": "160", "tipo__sigla": "IND", "tipo__descricao": "Indica\u00e7\u00e3o", "autoria": "Joel Mil\u00e3o do Cemit\u00e9rio", "texto_original": "http://sapl.bicas.mg.leg.br/media/sapl/public/materialegislativa/2018/1732/ind160_-_joel_-_entulho.docx", "ementa": "Solicito ao Prefeito Municipal, que remova o entulho \u00e0 rua Coronel Francisco Sales pr\u00f3ximo ao n\u00famero 50."}, {"id": "1733", "ano": "2018", "numero": "161", "tipo__sigla": "IND", "tipo__descricao": "Indica\u00e7\u00e3o", "autoria": "Diego da Auto Escola", "texto_original": "http://sapl.bicas.mg.leg.br/media/sapl/public/materialegislativa/2018/1733/ind161_-_diego_-_lixeira.docx", "ementa": "Solicito ao Prefeito Municipal, que instale lixeiras nas ruas da cidade."}, {"id": "1734", "ano": "2018", "numero": "162", "tipo__sigla": "IND", "tipo__descricao": "Indica\u00e7\u00e3o", "autoria": "Joel Mil\u00e3o do Cemit\u00e9rio", "texto_original": "http://sapl.bicas.mg.leg.br/media/sapl/public/materialegislativa/2018/1734/ind162_-_joel_-poste.docx", "ementa": "Solicito ao Prefeito Municipal, que instale poste e ilumina\u00e7\u00e3o p\u00fablica \u00e0 Rua Roseli Arruda."}, {"id": "1735", "ano": "2018", "numero": "163", "tipo__sigla": "IND", "tipo__descricao": "Indica\u00e7\u00e3o", "autoria": "Joel Mil\u00e3o do Cemit\u00e9rio", "texto_original": "http://sapl.bicas.mg.leg.br/media/sapl/public/materialegislativa/2018/1735/ind163_-_joel_-_calcamento.docx", "ementa": "Solicito ao Prefeito Municipal, que instale poste e ilumina\u00e7\u00e3o p\u00fablica \u00e0 Rua Roseli Arruda."}, {"id": "1736", "ano": "2018", "numero": "164", "tipo__sigla": "IND", "tipo__descricao": "Indica\u00e7\u00e3o", "autoria": "Joel Mil\u00e3o do Cemit\u00e9rio", "texto_original": "http://sapl.bicas.mg.leg.br/media/sapl/public/materialegislativa/2018/1736/ind164_-_joel_-_paulina.docx", "ementa": "Solicito ao Prefeito Municipal, que repare o cal\u00e7amento na Rua paulina de Souza Ramos."}, {"id": "1737", "ano": "2018", "numero": "165", "tipo__sigla": "IND", "tipo__descricao": "Indica\u00e7\u00e3o", "autoria": "Loro", "texto_original": "http://sapl.bicas.mg.leg.br/media/sapl/public/materialegislativa/2018/1737/ind165_-_loro_-_troca_de_lampadas.docx", "ementa": "Solicito ao Prefeito Municipal que, atrav\u00e9s da secretaria competente, providencie a substitui\u00e7\u00e3o das l\u00e2mpadas nos postes localizados na Rua Morvan Dias de Figueiredo."}, {"id": "1738", "ano": "2018", "numero": "166", "tipo__sigla": "IND", "tipo__descricao": "Indica\u00e7\u00e3o", "autoria": "Loro", "texto_original": "http://sapl.bicas.mg.leg.br/media/sapl/public/materialegislativa/2018/1738/ind166_-_loro_-_calcamento_av._brasiia.docx", "ementa": "Solicito ao Prefeito Municipal que, atrav\u00e9s da Secretaria de Obras, providencie reparo no cal\u00e7amento \u00e0 Avenida Bras\u00edlia, em frente ao n\u00famero 339A."}, {"id": "1739", "ano": "2018", "numero": "167", "tipo__sigla": "IND", "tipo__descricao": "Indica\u00e7\u00e3o", "autoria": "Loro", "texto_original": "http://sapl.bicas.mg.leg.br/media/sapl/public/materialegislativa/2018/1739/ind167_-_loro_-_agua_pipa.docx", "ementa": "Solicito ao Prefeito Municipal que, atrav\u00e9s da Secretaria de Sa\u00fade, fa\u00e7a verificar a qualidade da \u00e1gua que est\u00e1 sendo distribu\u00edda pela Administra\u00e7\u00e3o Municipal atrav\u00e9s de seu caminh\u00e3o pipa."}, {"id": "1754", "ano": "2018", "numero": "168", "tipo__sigla": "IND", "tipo__descricao": "Indica\u00e7\u00e3o", "autoria": "Joel Mil\u00e3o do Cemit\u00e9rio", "texto_original": "http://sapl.bicas.mg.leg.br/media/sapl/public/materialegislativa/2018/1754/ind168_-_joel_-_calcamento.docx", "ementa": "Solicito ao Prefeito Municipal, que efetue o cal\u00e7amento das ruas N e D no bairro Gilson Lamha."}, {"id": "1755", "ano": "2018", "numero": "169", "tipo__sigla": "IND", "tipo__descricao": "Indica\u00e7\u00e3o", "autoria": "Tanauza", "texto_original": "http://sapl.bicas.mg.leg.br/media/sapl/public/materialegislativa/2018/1755/ind169_-_tanauza_-_luz_morro.docx", "ementa": "Solicito ao Exmo. Sr. Prefeito, atrav\u00e9s da Secretaria Competente, instale tr\u00eas postes com ilumina\u00e7\u00e3o p\u00fablica na Rua S\u00e3o Francisco no Morro do Cruzeiro."}, {"id": "1758", "ano": "2018", "numero": "170", "tipo__sigla": "IND", "tipo__descricao": "Indica\u00e7\u00e3o", "autoria": "Denisy Dur\u00e3o", "texto_original": "http://sapl.bicas.mg.leg.br/media/sapl/public/materialegislativa/2018/1758/ind170_denisy_capela.docx", "ementa": "Que seja constru\u00edda Capela Mortu\u00e1ria em Santa Helena."}, {"id": "1759", "ano": "2018", "numero": "171", "tipo__sigla": "IND", "tipo__descricao": "Indica\u00e7\u00e3o", "autoria": "Denisy Dur\u00e3o", "texto_original": "http://sapl.bicas.mg.leg.br/media/sapl/public/materialegislativa/2018/1759/ind171_denisy_horto.docx", "ementa": "Solicito a secretaria Municipal de Meio Ambiente que tome provid\u00eancias em rela\u00e7\u00e3o \u00e0 limpeza e manuten\u00e7\u00e3o do horto ap\u00f3s as chuvas fortes."}, {"id": "1760", "ano": "2018", "numero": "172", "tipo__sigla": "IND", "tipo__descricao": "Indica\u00e7\u00e3o", "autoria": "Loro", "texto_original": "http://sapl.bicas.mg.leg.br/media/sapl/public/materialegislativa/2018/1760/ind172_-_loro_-_redutores_lucas_proenca.docx", "ementa": "Solicito ao Prefeito Municipal que, atrav\u00e9s da Secretaria de Obras, fa\u00e7a instalar redutores de velocidade de ve\u00edculos \u00e0 Rua Lucas Proen\u00e7a."}, {"id": "1761", "ano": "2018", "numero": "173", "tipo__sigla": "IND", "tipo__descricao": "Indica\u00e7\u00e3o", "autoria": "Loro", "texto_original": "http://sapl.bicas.mg.leg.br/media/sapl/public/materialegislativa/2018/1761/ind173_-_loro_-_gerador_copasa.docx", "ementa": "Solicito \u00e0 Presid\u00eancia desta Casa Legislativa, que oficie o Escrit\u00f3rio Regional da Companhia de Saneamento de Minas Gerais (COPASA), sugerindo que a mesma mantenha contrato com empresa de fornecimento de geradores de energia el\u00e9trica para, em casos de urg\u00eancia, socorrer as suas subsidi\u00e1rias nos munic\u00edpios quando ocorrer falha no abastecimento."}, {"id": "1762", "ano": "2018", "numero": "174", "tipo__sigla": "IND", "tipo__descricao": "Indica\u00e7\u00e3o", "autoria": "Tanauza", "texto_original": "http://sapl.bicas.mg.leg.br/media/sapl/public/materialegislativa/2018/1762/ind174_-_tanauza_-_capina.docx", "ementa": "Solicito ao Exmo. Sr. Prefeito, atrav\u00e9s da Secretaria Competente, que providencie a capina da Rua B do Morro do Cruzeiro."}, {"id": "1763", "ano": "2018", "numero": "175", "tipo__sigla": "IND", "tipo__descricao": "Indica\u00e7\u00e3o", "autoria": "Rafael Aquino", "texto_original": "http://sapl.bicas.mg.leg.br/media/sapl/public/materialegislativa/2018/1763/ind175_-_rafael_-_calcadas.docx", "ementa": "Solicito da administra\u00e7\u00e3o Municipal, atrav\u00e9s da Secretaria de Obras, que d\u00ea continuidade \u00e0s adapta\u00e7\u00f5es de acessibilidade no mun\u00edcipio, nas cal\u00e7adas e pr\u00e9dios p\u00fablicos."}, {"id": "1764", "ano": "2018", "numero": "176", "tipo__sigla": "IND", "tipo__descricao": "Indica\u00e7\u00e3o", "autoria": "Rafael Aquino", "texto_original": "http://sapl.bicas.mg.leg.br/media/sapl/public/materialegislativa/2018/1764/ind176_-_rafael_-_smartphone.docx", "ementa": "Solicito da administra\u00e7\u00e3o Municipal, atrav\u00e9s da Secretaria de Assist\u00eancia Social, que seja oferecido Curso de utiliza\u00e7\u00e3o de Smartphone e redes sociais para os idosos."}, {"id": "1765", "ano": "2018", "numero": "177", "tipo__sigla": "IND", "tipo__descricao": "Indica\u00e7\u00e3o", "autoria": "Rafael Aquino", "texto_original": "http://sapl.bicas.mg.leg.br/media/sapl/public/materialegislativa/2018/1765/ind177_-_rafael-_parcao.docx", "ementa": "Pela presente indica\u00e7\u00e3o, solicito da Administra\u00e7\u00e3o Municipal, a cria\u00e7\u00e3o de \u00e1rea de recrea\u00e7\u00e3o para c\u00e3es denominada Parc\u00e3o, no Parque dos Ferrovi\u00e1rios."}, {"id": "1766", "ano": "2018", "numero": "178", "tipo__sigla": "IND", "tipo__descricao": "Indica\u00e7\u00e3o", "autoria": "Diego da Auto Escola", "texto_original": "http://sapl.bicas.mg.leg.br/media/sapl/public/materialegislativa/2018/1766/ind178_-_diego_-_kombis.docx", "ementa": "Que providencie o encapamento dos bancos das kombis escolares."}, {"id": "1772", "ano": "2018", "numero": "179", "tipo__sigla": "IND", "tipo__descricao": "Indica\u00e7\u00e3o", "autoria": "Joel Mil\u00e3o do Cemit\u00e9rio", "texto_original": "http://sapl.bicas.mg.leg.br/media/sapl/public/materialegislativa/2018/1772/ind179_-_joel_-_meio_fio.docx", "ementa": "Solicito ao Prefeito Municipal, que efetue reparo no meio fio da Rua B do bairro Gilson Lamha."}, {"id": "1773", "ano": "2018", "numero": "180", "tipo__sigla": "IND", "tipo__descricao": "Indica\u00e7\u00e3o", "autoria": "Joel Mil\u00e3o do Cemit\u00e9rio", "texto_original": "http://sapl.bicas.mg.leg.br/media/sapl/public/materialegislativa/2018/1773/ind180_-_joel_-_padrao.docx", "ementa": "Solicito ao Prefeito Municipal, que atrav\u00e9s da secretaria competente, verifique a situa\u00e7\u00e3o do padr\u00e3o da casa situada \u00e0 rua Noel Augusto de Castro, n\u00ba160(antiga Rua C) e caso poss\u00edvel, providencie seu reparo."}, {"id": "1774", "ano": "2018", "numero": "181", "tipo__sigla": "IND", "tipo__descricao": "Indica\u00e7\u00e3o", "autoria": "Denisy Dur\u00e3o", "texto_original": "http://sapl.bicas.mg.leg.br/media/sapl/public/materialegislativa/2018/1774/ind181_-_denisy_-_canteiro.docx", "ementa": "Solicito a secretaria Municipal de Meio Ambiente que recupere jardim lateral da igreja Sagrado Cora\u00e7\u00e3o de Jesus."}, {"id": "1775", "ano": "2018", "numero": "182", "tipo__sigla": "IND", "tipo__descricao": "Indica\u00e7\u00e3o", "autoria": "Loro", "texto_original": "http://sapl.bicas.mg.leg.br/media/sapl/public/materialegislativa/2018/1775/ind182_-_loro_-_banheiros_rodoviaria.docx", "ementa": "Solicito ao Prefeito Municipal que, atrav\u00e9s da Secretaria de Obras, providencie o imediato reparo e tome medidas para que os banheiros p\u00fablicos do Terminal Rodovi\u00e1rio Jos\u00e9 Croce sejam limpos diariamente."}, {"id": "1776", "ano": "2018", "numero": "183", "tipo__sigla": "IND", "tipo__descricao": "Indica\u00e7\u00e3o", "autoria": "Joel Mil\u00e3o do Cemit\u00e9rio", "texto_original": "http://sapl.bicas.mg.leg.br/media/sapl/public/materialegislativa/2018/1776/ind183_-_joel_-_internet_sao_manoel.docx", "ementa": "Solicito ao Prefeito Municipal, que atrav\u00e9s da secretaria competente, amplie o programa Bicas Digital para cobrir a regi\u00e3o do povoado de S\u00e3o Manoel."}, {"id": "1777", "ano": "2018", "numero": "184", "tipo__sigla": "IND", "tipo__descricao": "Indica\u00e7\u00e3o", "autoria": "Tiago Enfermeiro", "texto_original": "http://sapl.bicas.mg.leg.br/media/sapl/public/materialegislativa/2018/1777/ind184_-_tiago_ar_condicionado.docx", "ementa": "Que seja instalado ar condicionado na farm\u00e1cia popular."}, {"id": "1778", "ano": "2018", "numero": "185", "tipo__sigla": "IND", "tipo__descricao": "Indica\u00e7\u00e3o", "autoria": "Tanauza", "texto_original": "http://sapl.bicas.mg.leg.br/media/sapl/public/materialegislativa/2018/1778/ind185_-_tanauza_-_banheiros_da_praca.docx", "ementa": "Solicito ao Exmo. Sr. Prefeito, atrav\u00e9s da Secretaria Competente, que providencie reparos nos banheiros da pra\u00e7a S\u00e3o Jos\u00e9."}, {"id": "1779", "ano": "2018", "numero": "186", "tipo__sigla": "IND", "tipo__descricao": "Indica\u00e7\u00e3o", "autoria": "Joel Mil\u00e3o do Cemit\u00e9rio", "texto_original": "http://sapl.bicas.mg.leg.br/media/sapl/public/materialegislativa/2018/1779/ind186_-joel_buster.docx", "ementa": "Solicito ao Exmo. Sr. Prefeito, atrav\u00e9s da Secretaria Competente, que providencie preparo do local para a coloca\u00e7\u00e3o do booster pela Copasa, no Bairro Gilson Lamha."}, {"id": "1780", "ano": "2018", "numero": "187", "tipo__sigla": "IND", "tipo__descricao": "Indica\u00e7\u00e3o", "autoria": "Rafael Aquino", "texto_original": "http://sapl.bicas.mg.leg.br/media/sapl/public/materialegislativa/2018/1780/ind187_-_rafael_-_luzes.docx", "ementa": "Pela presente indica\u00e7\u00e3o, solicito da Administra\u00e7\u00e3o Municipal, que instale luzes para ressaltar a beleza Patrimonial e Hist\u00f3rica da Capela do Sagrado Cora\u00e7\u00e3o de Jesus, bem como Placa com a Hist\u00f3ria e dados do referido patrim\u00f4nio, agora reformado."}, {"id": "1781", "ano": "2018", "numero": "188", "tipo__sigla": "IND", "tipo__descricao": "Indica\u00e7\u00e3o", "autoria": "Rafael Aquino", "texto_original": "http://sapl.bicas.mg.leg.br/media/sapl/public/materialegislativa/2018/1781/ind188_-_rafael_-_redutor_de_velocidade.docx", "ementa": "Pela presente indica\u00e7\u00e3o, solicito da Secretaria de Obras que providencie constru\u00e7\u00e3o de redutor de velocidade (passarela elevada, Trafic Calming), na Avenida Augusto Rossi, pr\u00f3ximo a Rodovi\u00e1ria."}, {"id": "1787", "ano": "2018", "numero": "189", "tipo__sigla": "IND", "tipo__descricao": "Indica\u00e7\u00e3o", "autoria": "Loro", "texto_original": "http://sapl.bicas.mg.leg.br/media/sapl/public/materialegislativa/2018/1787/ind189_-_loro_-_contratados_ace.docx", "ementa": "Solicito ao Prefeito Municipal que, atrav\u00e9s da Secretaria de Administra\u00e7\u00e3o e Planejamento, providencie a imediata regulariza\u00e7\u00e3o da situa\u00e7\u00e3o trabalhista dos servidores contratados por presta\u00e7\u00e3o de servi\u00e7os, quais sejam: os Agentes de Controle de Endemias, os atendentes sociais, as equipes de profissionais do Centro de Refer\u00eancia em Assist\u00eancia Social (CRAS) e do Centro de Refer\u00eancia Especializado em Assist\u00eancia Social (CREAS) e os demais casos assemelhados."}, {"id": "1788", "ano": "2018", "numero": "190", "tipo__sigla": "IND", "tipo__descricao": "Indica\u00e7\u00e3o", "autoria": "", "texto_original": "http://sapl.bicas.mg.leg.br/media/sapl/public/materialegislativa/2018/1788/ind190_-joel_calcamento.docx", "ementa": "Solicito ao Exmo. Sr. Prefeito, atrav\u00e9s da Secretaria Competente, que providencie o cal\u00e7amento no prolongamento da Rua Floriano Peixoto, aproximadamente uns 50metros."}, {"id": "1789", "ano": "2018", "numero": "191", "tipo__sigla": "IND", "tipo__descricao": "Indica\u00e7\u00e3o", "autoria": "Joel Mil\u00e3o do Cemit\u00e9rio", "texto_original": "http://sapl.bicas.mg.leg.br/media/sapl/public/materialegislativa/2018/1789/ind191_-joel_iluminacao.docx", "ementa": "Solicito ao Exmo. Sr. Prefeito, atrav\u00e9s da Secretaria Competente, que providencie a instala\u00e7\u00e3o de um poste ou outro tipo de instala\u00e7\u00e3o para melhorar a  ilumina\u00e7\u00e3o em frente a igreja na Rua Alibert Felipe Jorge."}, {"id": "1790", "ano": "2018", "numero": "192", "tipo__sigla": "IND", "tipo__descricao": "Indica\u00e7\u00e3o", "autoria": "Joel Mil\u00e3o do Cemit\u00e9rio", "texto_original": "http://sapl.bicas.mg.leg.br/media/sapl/public/materialegislativa/2018/1790/ind192_-joel_limpeza.docx", "ementa": "Solicito ao Exmo. Sr. Prefeito, atrav\u00e9s da Secretaria Competente, a ado\u00e7\u00e3o de medidas efetivas, para a limpeza e capina no Bairro Joaquim Florentino."}, {"id": "1791", "ano": "2018", "numero": "193", "tipo__sigla": "IND", "tipo__descricao": "Indica\u00e7\u00e3o", "autoria": "Joel Mil\u00e3o do Cemit\u00e9rio", "texto_original": "http://sapl.bicas.mg.leg.br/media/sapl/public/materialegislativa/2018/1791/ind193_-joel_grade.docx", "ementa": "Solicito ao Exmo. Sr. Prefeito, atrav\u00e9s da Secretaria Competente, que providencie a instala\u00e7\u00e3o de uma grade ao lado da escada localizada na rua Santa Tereza, ao lado do a\u00e7ougue \u201cCasa de Carnes\u201d."}, {"id": "1792", "ano": "2018", "numero": "194", "tipo__sigla": "IND", "tipo__descricao": "Indica\u00e7\u00e3o", "autoria": "", "texto_original": "http://sapl.bicas.mg.leg.br/media/sapl/public/materialegislativa/2018/1792/ind194_-rafael_certificado.docx", "ementa": "Pela presente indica\u00e7\u00e3o, solicito da Secretaria de Turismo e Desenvolvimento econ\u00f4mico, que providencie libera\u00e7\u00e3o e certificado digital do Turismo."}, {"id": "1793", "ano": "2018", "numero": "195", "tipo__sigla": "IND", "tipo__descricao": "Indica\u00e7\u00e3o", "autoria": "", "texto_original": "http://sapl.bicas.mg.leg.br/media/sapl/public/materialegislativa/2018/1793/ind195_-joel_parquinho.docx", "ementa": "Solicito ao Exmo. Sr. Prefeito, atrav\u00e9s da Secretaria Competente, que providencie a constru\u00e7\u00e3o de um parquinho infantil no Bairro da Olaria."}, {"id": "1794", "ano": "2018", "numero": "196", "tipo__sigla": "IND", "tipo__descricao": "Indica\u00e7\u00e3o", "autoria": "", "texto_original": "http://sapl.bicas.mg.leg.br/media/sapl/public/materialegislativa/2018/1794/ind196_-joel_lampada.docx", "ementa": "Solicito ao Exmo. Sr. Prefeito, atrav\u00e9s da Secretaria Competente, que providencie a troca de duas l\u00e2mpadas na rua conhecida como \u201cRua da Matinha\u201d, no Bairro  Gilson Lamha."}, {"id": "1795", "ano": "2018", "numero": "197", "tipo__sigla": "IND", "tipo__descricao": "Indica\u00e7\u00e3o", "autoria": "Joel Mil\u00e3o do Cemit\u00e9rio", "texto_original": "http://sapl.bicas.mg.leg.br/media/sapl/public/materialegislativa/2018/1795/ind197_-joel_bueiro.docx", "ementa": "Solicito ao Exmo. Sr. Prefeito, atrav\u00e9s da Secretaria Competente, que providencie o reparo na grade de um bueiro localizado na Avenida do Contorno( em frente a casa do Deninha)."}, {"id": "1796", "ano": "2018", "numero": "198", "tipo__sigla": "IND", "tipo__descricao": "Indica\u00e7\u00e3o", "autoria": "", "texto_original": "http://sapl.bicas.mg.leg.br/media/sapl/public/materialegislativa/2018/1796/ind198_-joel_cemiterio.docx", "ementa": "Solicito ao Exmo. Sr. Prefeito, atrav\u00e9s da Secretaria Competente, que verifique a viabilidade de implanta\u00e7\u00e3o de um canal de escoamento de \u00e1guas pluviais no Cemit\u00e9rio Municipal."}, {"id": "1797", "ano": "2018", "numero": "199", "tipo__sigla": "IND", "tipo__descricao": "Indica\u00e7\u00e3o", "autoria": "Joel Mil\u00e3o do Cemit\u00e9rio", "texto_original": "http://sapl.bicas.mg.leg.br/media/sapl/public/materialegislativa/2018/1797/ind199_-joel_bambuzal.docx", "ementa": "Solicito ao Exmo. Sr. Prefeito, atrav\u00e9s da Secretaria Competente, que providencie o corte de um bambuzal no c\u00f3rrego em frente ao n\u00ba.97 na Rua Gentil Correia de Almeida."}, {"id": "1798", "ano": "2018", "numero": "200", "tipo__sigla": "IND", "tipo__descricao": "Indica\u00e7\u00e3o", "autoria": "Tiago Enfermeiro", "texto_original": "http://sapl.bicas.mg.leg.br/media/sapl/public/materialegislativa/2018/1798/ind200_-tiago_coleta_de_lixo.docx", "ementa": "Solicito ao Exmo. Sr. Prefeito, atrav\u00e9s da Secretaria Competente, que seja feita a coleta de lixo na Rua Doutor Lucas Proen\u00e7a"}, {"id": "1799", "ano": "2018", "numero": "201", "tipo__sigla": "IND", "tipo__descricao": "Indica\u00e7\u00e3o", "autoria": "", "texto_original": "http://sapl.bicas.mg.leg.br/media/sapl/public/materialegislativa/2018/1799/ind201_-_rafael_-buiro.docx", "ementa": "Pela presente indica\u00e7\u00e3o, solicito da Secretaria de Obras, que produza e instale os chamados \u201c Bueiros Inteligentes\u201d nos bueiros de nossa cidade, iniciando pelas ruas onde tem mais incid\u00eancia de enchentes ocasionados por entupimento dos mesmos."}, {"id": "1806", "ano": "2018", "numero": "202", "tipo__sigla": "IND", "tipo__descricao": "Indica\u00e7\u00e3o", "autoria": "Loro", "texto_original": "http://sapl.bicas.mg.leg.br/media/sapl/public/materialegislativa/2018/1806/ind202_-_loro_-_morvan.docx", "ementa": "Solicito ao Prefeito Municipal que, atrav\u00e9s da Secretaria de Sa\u00fade, providencie a regulariza\u00e7\u00e3o do acompanhamento dos motoristas de ambul\u00e2ncia por t\u00e9cnicos de enfermagem, bem como a disponibiliza\u00e7\u00e3o dos equipamentos necess\u00e1rios para os primeiros socorros para a imobiliza\u00e7\u00e3o de pacientes em casos de traumas."}, {"id": "1807", "ano": "2018", "numero": "203", "tipo__sigla": "IND", "tipo__descricao": "Indica\u00e7\u00e3o", "autoria": "Loro", "texto_original": "http://sapl.bicas.mg.leg.br/media/sapl/public/materialegislativa/2018/1807/ind203_-_loro_-_tecnico_ambulancia.docx", "ementa": "Solicito ao Prefeito Municipal que, atrav\u00e9s da Secretaria de Sa\u00fade, providencie a regulariza\u00e7\u00e3o do acompanhamento dos motoristas de ambul\u00e2ncia por t\u00e9cnicos de enfermagem, bem como a disponibiliza\u00e7\u00e3o dos equipamentos necess\u00e1rios para os primeiros socorros para a imobiliza\u00e7\u00e3o de pacientes em casos de traumas."}, {"id": "1808", "ano": "2018", "numero": "204", "tipo__sigla": "IND", "tipo__descricao": "Indica\u00e7\u00e3o", "autoria": "Joel Mil\u00e3o do Cemit\u00e9rio", "texto_original": "http://sapl.bicas.mg.leg.br/media/sapl/public/materialegislativa/2018/1808/ind204_-joel_iluminacao_tira_couro.docx", "ementa": "Solicito ao Exmo. Sr. Prefeito, atrav\u00e9s da Secretaria Competente, que providencie reparos na ilumina\u00e7\u00e3o no Bairro do Tira Couro inclusive a Rua Ancelmo Colace."}, {"id": "1809", "ano": "2018", "numero": "205", "tipo__sigla": "IND", "tipo__descricao": "Indica\u00e7\u00e3o", "autoria": "Joel Mil\u00e3o do Cemit\u00e9rio", "texto_original": "http://sapl.bicas.mg.leg.br/media/sapl/public/materialegislativa/2018/1809/ind205_-joel_redutor_de_velocidade.docx", "ementa": "Solicito ao Exmo. Sr. Prefeito, atrav\u00e9s da Secretaria Competente, que providencie a instala\u00e7\u00e3o de um redutor de velocidade \u00e0 Rua Francisco Padula em frente ao n\u00famero 212 perto da carrocinha do Carlinhos."}, {"id": "1810", "ano": "2018", "numero": "206", "tipo__sigla": "IND", "tipo__descricao": "Indica\u00e7\u00e3o", "autoria": "Joel Mil\u00e3o do Cemit\u00e9rio", "texto_original": "http://sapl.bicas.mg.leg.br/media/sapl/public/materialegislativa/2018/1810/ind206-joel_calcamento.docx", "ementa": "Solicito ao Exmo. Sr. Prefeito, atrav\u00e9s da Secretaria Competente, que arrume o cal\u00e7amento no Col\u00e9gio Retto J\u00fanior."}, {"id": "1811", "ano": "2018", "numero": "207", "tipo__sigla": "IND", "tipo__descricao": "Indica\u00e7\u00e3o", "autoria": "Joel Mil\u00e3o do Cemit\u00e9rio", "texto_original": "http://sapl.bicas.mg.leg.br/media/sapl/public/materialegislativa/2018/1811/ind207-joel_entulho.docx", "ementa": "Solicito ao Exmo. Sr. Prefeito, atrav\u00e9s da Secretaria Competente, que seja feita a retirada do entulho na Rua Coronel Francisco Sales."}, {"id": "1812", "ano": "2018", "numero": "208", "tipo__sigla": "IND", "tipo__descricao": "Indica\u00e7\u00e3o", "autoria": "Rafael Aquino", "texto_original": "http://sapl.bicas.mg.leg.br/media/sapl/public/materialegislativa/2018/1812/ind208_-_rafael_-sistema.docx", "ementa": "Pela presente indica\u00e7\u00e3o, solicito que a Administra\u00e7\u00e3o Municipal utilize a ferramenta Sistema Banco de Pre\u00e7os disponibilizada pelo TCE MG."}, {"id": "1813", "ano": "2018", "numero": "209", "tipo__sigla": "IND", "tipo__descricao": "Indica\u00e7\u00e3o", "autoria": "Loro", "texto_original": "http://sapl.bicas.mg.leg.br/media/sapl/public/materialegislativa/2018/1813/ind209_-_loro_-_cx_dagua_escolas.docx", "ementa": "Solicito ao Prefeito Municipal que, atrav\u00e9s da Secretaria de Educa\u00e7\u00e3o, providencie a averigua\u00e7\u00e3o da necessidade de limpeza das caixas d\u2019\u00e1gua das escolas municipais."}, {"id": "1814", "ano": "2018", "numero": "210", "tipo__sigla": "IND", "tipo__descricao": "Indica\u00e7\u00e3o", "autoria": "Loro", "texto_original": "http://sapl.bicas.mg.leg.br/media/sapl/public/materialegislativa/2018/1814/ind210_-_loro_-_olaria.docx", "ementa": "Solicito ao Prefeito Municipal que, atrav\u00e9s da Secretaria de Obras, regularize a situa\u00e7\u00e3o do cal\u00e7amento \u00e0 Rua Padre Manoel Pires Pereira, liberando a mesma para o tr\u00e1fego de ve\u00edculos."}, {"id": "1815", "ano": "2018", "numero": "211", "tipo__sigla": "IND", "tipo__descricao": "Indica\u00e7\u00e3o", "autoria": "Tanauza", "texto_original": "http://sapl.bicas.mg.leg.br/media/sapl/public/materialegislativa/2018/1815/ind211_-_tanauza_-_coleta_lixo_rua_d.docx", "ementa": "Solicito ao Exmo. Sr. Prefeito, atrav\u00e9s da Secretaria Competente, que disponibilize uma forma de coleta de lixo para a Rua D do bairro Gilson Lamha."}, {"id": "1816", "ano": "2018", "numero": "212", "tipo__sigla": "IND", "tipo__descricao": "Indica\u00e7\u00e3o", "autoria": "Tanauza", "texto_original": "http://sapl.bicas.mg.leg.br/media/sapl/public/materialegislativa/2018/1816/ind212_-_tanauza_-_edgar_moreira_-_redutor.docx", "ementa": "Solicito ao Exmo. Sr. Prefeito, atrav\u00e9s da Secretaria Competente, que construa redutor de velocidade na rua Jos\u00e9 Apolin\u00e1rio da Silva, pr\u00f3ximo ao n\u00famero 16."}, {"id": "1817", "ano": "2018", "numero": "213", "tipo__sigla": "IND", "tipo__descricao": "Indica\u00e7\u00e3o", "autoria": "Rafael Aquino", "texto_original": "http://sapl.bicas.mg.leg.br/media/sapl/public/materialegislativa/2018/1817/ind213_-_rafael_-poda_de_arvore.docx", "ementa": "Pela presente indica\u00e7\u00e3o, solicito que a Secretaria de Meio Ambiente proceda a poda e adequa\u00e7\u00e3o do pequeno jardim existente em cima da rotat\u00f3ria localizada em frente ao Col\u00e9gio Municipal Coronel Joaquim Jos\u00e9 de Souza."}, {"id": "1818", "ano": "2018", "numero": "214", "tipo__sigla": "IND", "tipo__descricao": "Indica\u00e7\u00e3o", "autoria": "Rafael Aquino", "texto_original": "http://sapl.bicas.mg.leg.br/media/sapl/public/materialegislativa/2018/1818/ind214_-_rafael_-muro.docx", "ementa": "Pela presente indica\u00e7\u00e3o, solicito que a Secretaria de Obras providencie Muro de conten\u00e7\u00e3o pr\u00f3ximo a casa na Rua Jo\u00e3o Batista da Silva, 138, Bairro Gilson Lamha."}, {"id": "1819", "ano": "2018", "numero": "215", "tipo__sigla": "IND", "tipo__descricao": "Indica\u00e7\u00e3o", "autoria": "Rafael Aquino", "texto_original": "http://sapl.bicas.mg.leg.br/media/sapl/public/materialegislativa/2018/1819/ind215-_rafael_-academia_da_saude.docx", "ementa": "Pela presente indica\u00e7\u00e3o, solicito que a Administra\u00e7\u00e3o Municipal cadastre proposta de projeto no Programa Academia da Sa\u00fade, para contemplar bairro ou regi\u00e3o que ainda n\u00e3o possui tais equipamentos que s\u00e3o de grande relev\u00e2ncia."}, {"id": "1820", "ano": "2018", "numero": "216", "tipo__sigla": "IND", "tipo__descricao": "Indica\u00e7\u00e3o", "autoria": "Joel Mil\u00e3o do Cemit\u00e9rio", "texto_original": "http://sapl.bicas.mg.leg.br/media/sapl/public/materialegislativa/2018/1820/ind216_-_joel_-_tapa_buraco.doc", "ementa": "Solicito da Secretaria Municipal de Obras que realize opera\u00e7\u00e3o tapa-buracos em nosso munic\u00edpio"}, {"id": "1821", "ano": "2018", "numero": "217", "tipo__sigla": "IND", "tipo__descricao": "Indica\u00e7\u00e3o", "autoria": "Loro", "texto_original": "http://sapl.bicas.mg.leg.br/media/sapl/public/materialegislativa/2018/1821/ind217_-_loro-_processos.doc", "ementa": "Solicito ao Prefeito Municipal, atrav\u00e9s da secretaria competente, providencie a publica\u00e7\u00e3o no Portal da Transpar\u00eancia da Prefeitura dos documentos referentes ao processo de dispensa n\u00ba. 62/2018, onde apesar de haver a refer\u00eancia ao mesmo, n\u00e3o constam as publica\u00e7\u00f5es dos documentos referentes a ele, bem como os processos de dispensa de n\u00fameros 19, 23 e 67/2018, que sequer est\u00e3o publicados no portal"}, {"id": "1822", "ano": "2018", "numero": "218", "tipo__sigla": "IND", "tipo__descricao": "Indica\u00e7\u00e3o", "autoria": "Joel Mil\u00e3o do Cemit\u00e9rio", "texto_original": "http://sapl.bicas.mg.leg.br/media/sapl/public/materialegislativa/2018/1822/ind218_-_joel_-_rua_h.doc", "ementa": "Solicito da Secretaria Municipal de Obras que providencie o reparo da parte central da rua Jos\u00e9 Costa, antiga Rua H, no Bairro Gilson Lamha, e construa dois redutores de velocidade ao longo da mesma."}, {"id": "1823", "ano": "2018", "numero": "219", "tipo__sigla": "IND", "tipo__descricao": "Indica\u00e7\u00e3o", "autoria": "", "texto_original": "http://sapl.bicas.mg.leg.br/media/sapl/public/materialegislativa/2018/1823/ind219_-_loro-_pca_sao_jose.doc", "ementa": "Solicito ao Prefeito Municipal, atrav\u00e9s da secretaria competente, providencie a amplia\u00e7\u00e3o da \u00e1rea livre de estacionamento em frente ao Restaurante Divino Sabor, do lado contr\u00e1rio ao mesmo."}, {"id": "1824", "ano": "2018", "numero": "220", "tipo__sigla": "IND", "tipo__descricao": "Indica\u00e7\u00e3o", "autoria": "Diego da Auto Escola", "texto_original": "http://sapl.bicas.mg.leg.br/media/sapl/public/materialegislativa/2018/1824/ind220_-_diego.docx", "ementa": "Que seja feito o reparo no guard rail \u00e0 rua Padre Manoel Pires Pereira, pr\u00f3ximo ao n\u00famero 268 no bairro Olaria e remo\u00e7\u00e3o de entulho."}, {"id": "1825", "ano": "2018", "numero": "221", "tipo__sigla": "IND", "tipo__descricao": "Indica\u00e7\u00e3o", "autoria": "Diego da Auto Escola", "texto_original": "http://sapl.bicas.mg.leg.br/media/sapl/public/materialegislativa/2018/1825/ind221_-_diego_-_capina.docx", "ementa": "Que seja capina no trecho do c\u00f3rrego na altura da rua Padre Manoel Pires Pereira, no bairro Olaria."}, {"id": "1533", "ano": "2018", "numero": "1", "tipo__sigla": "IN", "tipo__descricao": "Instru\u00e7\u00f5es Normativas", "autoria": "", "texto_original": "http://sapl.bicas.mg.leg.br/media/./sapl/public/materialegislativa/2018/1533/1533_texto_integral.pdf", "ementa": "DEFINE OS DOCUMENTOS E PROCEDIMENTOS PARA OBTEN\u00c7\u00c3O DO CERTIFICADO DE REGISTRO CADASTRAL JUNTO \u00c0 C\u00c2MARA MUNICIPAL DE BICAS-MG."}, {"id": "1464", "ano": "2018", "numero": "1", "tipo__sigla": "MOC", "tipo__descricao": "Mo\u00e7\u00e3o", "autoria": "Tiago Enfermeiro", "texto_original": "http://sapl.bicas.mg.leg.br/media/./sapl/public/materialegislativa/2018/1464/1464_texto_integral.docx", "ementa": "APRESENTO A V.EXA., NOS TERMOS DO ART. 182 DO REGIMENTO INTERNO, A PRESENTE MO\u00c7\u00c3O DE PESAR A SER ENCAMINHADA AOS FAMILIARES DA SENHORA DIRCE CREMONESE PELA OCASI\u00c3O DE SEU FALECIMENTO."}, {"id": "1465", "ano": "2018", "numero": "2", "tipo__sigla": "MOC", "tipo__descricao": "Mo\u00e7\u00e3o", "autoria": "Loro", "texto_original": "http://sapl.bicas.mg.leg.br/media/./sapl/public/materialegislativa/2018/1465/1465_texto_integral.docx", "ementa": "APRESENTO A V.EXA., NOS TERMOS DO ART. 182 DO REGIMENTO INTERNO, A PRESENTE MO\u00c7\u00c3O DE APLAUSOS A SER ENCAMINHADA \u00c0 EQUIPE DO MAQUINISTAS F.A."}, {"id": "1717", "ano": "2018", "numero": "3", "tipo__sigla": "MOC", "tipo__descricao": "Mo\u00e7\u00e3o", "autoria": "Tiago Enfermeiro", "texto_original": "http://sapl.bicas.mg.leg.br/media/sapl/public/materialegislativa/2018/1717/moc3_-_tiago_aplausos.docx", "ementa": "Apresento a V.Exa., nos termos do art. 182 do Regimento Interno, a presente Mo\u00e7\u00e3o de Aplausos a ser encaminhada ao senhor Sebasti\u00e3o de Deus por suas conquistas no atletismo."}, {"id": "1718", "ano": "2018", "numero": "4", "tipo__sigla": "MOC", "tipo__descricao": "Mo\u00e7\u00e3o", "autoria": "Tiago Enfermeiro", "texto_original": "http://sapl.bicas.mg.leg.br/media/sapl/public/materialegislativa/2018/1718/moc4_-_tiago_aplausos.docx", "ementa": "Apresento a V.Exa., nos termos do art. 182 do Regimento Interno, a presente Mo\u00e7\u00e3o de Aplausos a ser encaminhada ao senhor Sebasti\u00e3o de Deus por suas conquistas no atletismo."}, {"id": "1719", "ano": "2018", "numero": "5", "tipo__sigla": "MOC", "tipo__descricao": "Mo\u00e7\u00e3o", "autoria": "", "texto_original": "http://sapl.bicas.mg.leg.br/media/sapl/public/materialegislativa/2018/1719/moc5-_erivelton_pesar.docx", "ementa": "Apresento a V.Exa., nos termos do art. 182 do Regimento Interno, a presente Mo\u00e7\u00e3o de Pesar a ser encaminhada aos familiares senhor Pedro Vicini pela ocasi\u00e3o do seu falecimento."}, {"id": "1720", "ano": "2018", "numero": "6", "tipo__sigla": "MOC", "tipo__descricao": "Mo\u00e7\u00e3o", "autoria": "", "texto_original": "http://sapl.bicas.mg.leg.br/media/", "ementa": "Apresento a V.Exa., nos termos do art. 182 do Regimento Interno, a presente Mo\u00e7\u00e3o de Pesar a ser encaminhada aos familiares da senhora Eur\u00eddices  de Souza Telson pela ocasi\u00e3o do seu falecimento."}, {"id": "1721", "ano": "2018", "numero": "7", "tipo__sigla": "MOC", "tipo__descricao": "Mo\u00e7\u00e3o", "autoria": "", "texto_original": "http://sapl.bicas.mg.leg.br/media/", "ementa": "Apresento a V.Exa., nos termos do art. 182 do Regimento Interno, a presente Mo\u00e7\u00e3o de Pesar a ser encaminhada aos familiares senhora Nilza Brovini Croce pela ocasi\u00e3o do seu falecimento."}, {"id": "1722", "ano": "2018", "numero": "8", "tipo__sigla": "MOC", "tipo__descricao": "Mo\u00e7\u00e3o", "autoria": "Tiago Enfermeiro", "texto_original": "http://sapl.bicas.mg.leg.br/media/sapl/public/materialegislativa/2018/1722/moc8-_tiago_pesar.docx", "ementa": "Apresento a V.Exa., nos termos do art. 182 do Regimento Interno, a presente Mo\u00e7\u00e3o de Pesar a ser encaminhada aos familiares da pequena  Alice Croce pela ocasi\u00e3o de seu falecimento."}, {"id": "1723", "ano": "2018", "numero": "9", "tipo__sigla": "MOC", "tipo__descricao": "Mo\u00e7\u00e3o", "autoria": "", "texto_original": "http://sapl.bicas.mg.leg.br/media/sapl/public/materialegislativa/2018/1723/moc9_-_isaias_aplausos.docx", "ementa": "Apresento a V.Exa., nos termos do art. 182 do Regimento Interno, a presente Mo\u00e7\u00e3o de Aplausos a ser encaminhada ao Soldado Felippe Santos Alves e ao Cabo Serrezzuelle Campos dos Santos por sua atua\u00e7\u00e3o no combate ao tr\u00e1fico de drogas em nossa regi\u00e3o."}, {"id": "1724", "ano": "2018", "numero": "10", "tipo__sigla": "MOC", "tipo__descricao": "Mo\u00e7\u00e3o", "autoria": "Tanauza", "texto_original": "http://sapl.bicas.mg.leg.br/media/sapl/public/materialegislativa/2018/1724/moc10_-_tanauza_-_padre_dione.docx", "ementa": "Apresento a V.Exa., nos termos do art. 182 do Regimento Interno, a presente Mo\u00e7\u00e3o de Aplausos a ser encaminhada ao Reverend\u00edssimo Padre Dione C\u00e9sar de Oliveira Goulart por sua atua\u00e7\u00e3o na organiza\u00e7\u00e3o dos eventos de celebra\u00e7\u00e3o da Semana Santa."}, {"id": "1725", "ano": "2018", "numero": "11", "tipo__sigla": "MOC", "tipo__descricao": "Mo\u00e7\u00e3o", "autoria": "Tanauza", "texto_original": "http://sapl.bicas.mg.leg.br/media/sapl/public/materialegislativa/2018/1725/moc11_-_tanauza_-_agostinho.docx", "ementa": "Apresento a V.Exa., nos termos do art. 182 do Regimento Interno, a presente Mo\u00e7\u00e3o de Aplausos a ser encaminhada ao Sr. Agostinho Alves dos Santos por seus 90 anos."}, {"id": "1726", "ano": "2018", "numero": "12", "tipo__sigla": "MOC", "tipo__descricao": "Mo\u00e7\u00e3o", "autoria": "Tiago Enfermeiro", "texto_original": "http://sapl.bicas.mg.leg.br/media/sapl/public/materialegislativa/2018/1726/moc12_-_tiago_pesar.docx", "ementa": "Apresento a V.Exa., nos termos do art. 182 do Regimento Interno, a presente Mo\u00e7\u00e3o de Pesar a ser encaminhada aos familiares da Sra. Raquel Faraht"}, {"id": "1727", "ano": "2018", "numero": "13", "tipo__sigla": "MOC", "tipo__descricao": "Mo\u00e7\u00e3o", "autoria": "", "texto_original": "http://sapl.bicas.mg.leg.br/media/sapl/public/materialegislativa/2018/1727/moc13_-rafael_aplausos.docx", "ementa": "Apresento a V.Exa., nos termos do art. 182 do Regimento Interno, a presente MO\u00c7\u00c3O DE APLAUSOS a ser encaminhada ao 2.\u00ba Batalh\u00e3o da Pol\u00edcia Militar da Comarca de Bicas, atrav\u00e9s do Tenente Robson Neves Gon\u00e7alves, pela cria\u00e7\u00e3o da Patrulha Rural."}, {"id": "1728", "ano": "2018", "numero": "14", "tipo__sigla": "MOC", "tipo__descricao": "Mo\u00e7\u00e3o", "autoria": "Tiago Enfermeiro", "texto_original": "http://sapl.bicas.mg.leg.br/media/sapl/public/materialegislativa/2018/1728/moc14_-_renan.docx", "ementa": "Apresento a V.Exa., nos termos do art. 182 do Regimento Interno, a presente Mo\u00e7\u00e3o de Aplausos a ser encaminhada ao atleta Biquense Renan Luiz Marconato."}, {"id": "1729", "ano": "2018", "numero": "15", "tipo__sigla": "MOC", "tipo__descricao": "Mo\u00e7\u00e3o", "autoria": "Tiago Enfermeiro", "texto_original": "http://sapl.bicas.mg.leg.br/media/sapl/public/materialegislativa/2018/1729/moc15_tiago_repudio.docx", "ementa": "Apresento a V.Exa., nos termos do art. 182 do Regimento Interno, a presente Mo\u00e7\u00e3o de Rep\u00fadio a ser encaminhada ao Exmo. Sr. Governador do Estado de Minas Gerais, Fernando Damata Pimentel, e ao Secret\u00e1rio de Estado de Sa\u00fade em exerc\u00edcio, Sr. Nalton Sebasti\u00e3o Moreira da Cruz por cortar o repasse do SUS/MG para os prestadores de sa\u00fade."}, {"id": "1743", "ano": "2018", "numero": "16", "tipo__sigla": "MOC", "tipo__descricao": "Mo\u00e7\u00e3o", "autoria": "Joel Mil\u00e3o do Cemit\u00e9rio", "texto_original": "http://sapl.bicas.mg.leg.br/media/sapl/public/materialegislativa/2018/1743/moc16_-_joel_aplausos.docx", "ementa": "Apresento a V.Exa., nos termos do art. 182 do Regimento Interno, a presente Mo\u00e7\u00e3o de Aplausos a ser encaminhada ao Sr. Lucas Girardi Rab\u00eallo por seu trabalho junto \u00c0 TV Alterosa no combate \u00e0 pedofilia."}, {"id": "1744", "ano": "2018", "numero": "17", "tipo__sigla": "MOC", "tipo__descricao": "Mo\u00e7\u00e3o", "autoria": "Rafael Aquino", "texto_original": "http://sapl.bicas.mg.leg.br/media/sapl/public/materialegislativa/2018/1744/moc17_-rafael_aplausos.docx", "ementa": "Apresento a V.Exa., nos termos do art. 182 do Regimento Interno, a presente MO\u00c7\u00c3O DE APLAUSOS a ser encaminhada ao  Sr. Jo\u00e3o Luiz de Souza, pelo empenho na coordena\u00e7\u00e3o da realiza\u00e7\u00e3o da passeata \u201cTODOS CONTRA A PEDOFILIA"}, {"id": "1745", "ano": "2018", "numero": "18", "tipo__sigla": "MOC", "tipo__descricao": "Mo\u00e7\u00e3o", "autoria": "Joel Mil\u00e3o do Cemit\u00e9rio", "texto_original": "http://sapl.bicas.mg.leg.br/media/sapl/public/materialegislativa/2018/1745/moc18_-_joel_-_pesar.docx", "ementa": "Apresento a V.Exa., nos termos do art. 182 do Regimento Interno, a presente Mo\u00e7\u00e3o de Pesar a ser encaminhada aos familiares do senhor Newerton de Oliveira Pinho pela ocasi\u00e3o do seu falecimento."}, {"id": "1746", "ano": "2018", "numero": "19", "tipo__sigla": "MOC", "tipo__descricao": "Mo\u00e7\u00e3o", "autoria": "Tiago Enfermeiro", "texto_original": "http://sapl.bicas.mg.leg.br/media/sapl/public/materialegislativa/2018/1746/moc19_-_tiago_-_pesar.docx", "ementa": "Apresento a V.Exa., nos termos do art. 182 do Regimento Interno, a presente Mo\u00e7\u00e3o de Pesar a ser encaminhada aos familiares do Sr. Jos\u00e9 Luis Martins pelo seu falecimento."}, {"id": "1747", "ano": "2018", "numero": "20", "tipo__sigla": "MOC", "tipo__descricao": "Mo\u00e7\u00e3o", "autoria": "Tiago Enfermeiro", "texto_original": "http://sapl.bicas.mg.leg.br/media/sapl/public/materialegislativa/2018/1747/moc20_-_tiago_-_pesar.docx", "ementa": "Apresento a V.Exa., nos termos do art. 182 do Regimento Interno, a presente Mo\u00e7\u00e3o de Pesar a ser encaminhada aos familiares do Sr. Jacyr Moreira pelo seu falecimento."}, {"id": "1748", "ano": "2018", "numero": "21", "tipo__sigla": "MOC", "tipo__descricao": "Mo\u00e7\u00e3o", "autoria": "Rafael Aquino", "texto_original": "http://sapl.bicas.mg.leg.br/media/sapl/public/materialegislativa/2018/1748/moc21_-_rafaelo_-_apalusos.docx", "ementa": "Apresento a V.Exa., nos termos do art. 182 do Regimento Interno, a presente Mo\u00e7\u00e3o de Aplausos a ser encaminhada a Ver\u00f4nica da Cunha Bordonal , pelo conjunto de a\u00e7\u00f5es e das metas cumpridas, se destacando na regional de Sa\u00fade de Juiz de Fora."}, {"id": "1749", "ano": "2018", "numero": "22", "tipo__sigla": "MOC", "tipo__descricao": "Mo\u00e7\u00e3o", "autoria": "Loro", "texto_original": "http://sapl.bicas.mg.leg.br/media/sapl/public/materialegislativa/2018/1749/moc22_-_loro_-_apalusos.docx", "ementa": "Apresento a V.Exa., nos termos do art. 182 do Regimento Interno, a presente Mo\u00e7\u00e3o de Aplausos a ser encaminhada ao Sr. Vicente Rossi, pela passagem de seu anivers\u00e1rio de 100 anos."}, {"id": "1750", "ano": "2018", "numero": "23", "tipo__sigla": "MOC", "tipo__descricao": "Mo\u00e7\u00e3o", "autoria": "Tiago Enfermeiro", "texto_original": "http://sapl.bicas.mg.leg.br/media/sapl/public/materialegislativa/2018/1750/moc23_tiago_repudio.docx", "ementa": "Apresento a V.Exa., nos termos do art. 182 do Regimento Interno, a presente Mo\u00e7\u00e3o de Rep\u00fadio a ser encaminhada ao Exmo. Sr. Governador do Estado de Minas Gerais, Fernando Damata Pimentel, pelo parcelamento dos vencimentos dos servidores da Educa\u00e7\u00e3o."}, {"id": "1751", "ano": "2018", "numero": "24", "tipo__sigla": "MOC", "tipo__descricao": "Mo\u00e7\u00e3o", "autoria": "Rafael Aquino", "texto_original": "http://sapl.bicas.mg.leg.br/media/sapl/public/materialegislativa/2018/1751/moc24_-_rafael_-_apalusos.docx", "ementa": "Apresento a V.Exa., nos termos do art. 182 do Regimento Interno, a presente Mo\u00e7\u00e3o de Aplausos a ser encaminhada ao Sr. F\u00e1bio Santos Dias, \r\npela conquista do campeonato internacional de Jiu Jitsu na cidade do Rio de Janeiro."}, {"id": "1752", "ano": "2018", "numero": "25", "tipo__sigla": "MOC", "tipo__descricao": "Mo\u00e7\u00e3o", "autoria": "Tiago Enfermeiro", "texto_original": "http://sapl.bicas.mg.leg.br/media/sapl/public/materialegislativa/2018/1752/moc25_-_tiago_-_pesar.docx", "ementa": "Apresento a V.Exa., nos termos do art. 182 do Regimento Interno, a presente Mo\u00e7\u00e3o de Pesar a ser encaminhada aos familiares do Sr. Albert Bronzato pelo seu falecimento."}, {"id": "1753", "ano": "2018", "numero": "26", "tipo__sigla": "MOC", "tipo__descricao": "Mo\u00e7\u00e3o", "autoria": "Tiago Enfermeiro", "texto_original": "http://sapl.bicas.mg.leg.br/media/sapl/public/materialegislativa/2018/1753/moc26_-_tiago_-_aplausos.docx", "ementa": "Apresento a V.Exa., nos termos do art. 182 do Regimento Interno, a presente Mo\u00e7\u00e3o de Aplausos a ser encaminhada aos coordenadores do Projeto Entoar Sr. Amarildo Mayrink e Sra Leila Mayrink, pelo trabalho desenvolvido \u00e0 frente do projeto."}, {"id": "1756", "ano": "2018", "numero": "27", "tipo__sigla": "MOC", "tipo__descricao": "Mo\u00e7\u00e3o", "autoria": "", "texto_original": "http://sapl.bicas.mg.leg.br/media/sapl/public/materialegislativa/2018/1756/moc27_-_rafael_-_aplausos.docx", "ementa": "Apresento a V.Exa., nos termos do art. 182 do Regimento Interno, a presente Mo\u00e7\u00e3o de Aplausos a ser encaminhada ao COL\u00c9GIO FUTURO na pessoa de seu diretor e fundador RICARDO CYRNE PORTES, em homenagem aos seus 20 anos de funcionamento."}, {"id": "1782", "ano": "2018", "numero": "28", "tipo__sigla": "MOC", "tipo__descricao": "Mo\u00e7\u00e3o", "autoria": "Tiago Enfermeiro", "texto_original": "http://sapl.bicas.mg.leg.br/media/sapl/public/materialegislativa/2018/1782/moc28_-_tiago_-_aplausos.docx", "ementa": "Apresento a V.Exa., nos termos do art. 182 do Regimento Interno, a presente Mo\u00e7\u00e3o de Aplausos a ser encaminhada ao casal Maria Jos\u00e9 Vieira Silva e Jos\u00e9 Luiz Ezequiel da Silva, pela doa\u00e7\u00e3o de nova cobertura ao hospital S\u00e3o Jos\u00e9 de Bicas."}, {"id": "1406", "ano": "2018", "numero": "1", "tipo__sigla": "PORT", "tipo__descricao": "Portaria", "autoria": "", "texto_original": "http://sapl.bicas.mg.leg.br/media/./sapl/public/materialegislativa/2018/1406/1406_texto_integral.tiff", "ementa": "NOMEIA PROFISSIONAL QUE MENCIONA PARA CARGO DE PROVIMENTO EM COMISS\u00c3O DA C\u00c2MARA MUNICIPAL DE BICAS E D\u00c1 OUTRAS PROVID\u00caNCIAS. "}, {"id": "1407", "ano": "2018", "numero": "2", "tipo__sigla": "PORT", "tipo__descricao": "Portaria", "autoria": "", "texto_original": "http://sapl.bicas.mg.leg.br/media/./sapl/public/materialegislativa/2018/1407/1407_texto_integral.tiff", "ementa": "REGULAMENTA O HOR\u00c1RIO DE FUNCIONAMENTO DAS SECRETARIAS DA C\u00c2MARA MUNICIPAL DE BICAS NO RECESSO DE JANEIRO DE 2018 E D\u00c1 OUTRAS PROVID\u00caNCIAS. "}, {"id": "1408", "ano": "2018", "numero": "3", "tipo__sigla": "PORT", "tipo__descricao": "Portaria", "autoria": "", "texto_original": "http://sapl.bicas.mg.leg.br/media/./sapl/public/materialegislativa/2018/1408/1408_texto_integral.pdf", "ementa": "\r\nNOMEIA COMISS\u00c3O PERMANENTE DE LICITA\u00c7\u00c3O E D\u00c1 OUTRAS PROVID\u00caNCIAS.\r\n"}, {"id": "1409", "ano": "2018", "numero": "4", "tipo__sigla": "PORT", "tipo__descricao": "Portaria", "autoria": "", "texto_original": "http://sapl.bicas.mg.leg.br/media/./sapl/public/materialegislativa/2018/1409/1409_texto_integral.tiff", "ementa": "NOMEIA PREGOEIRO E EQUIPE DE APOIO PARA CONDUZIR E JULGAR PROCESSOS DE LICITA\u00c7\u00c3O NA MODALIDADE PREG\u00c3O DA C\u00c2MARA MUNICIPAL DE BICAS E D\u00c1 OUTRAS PROVID\u00caNCIAS."}, {"id": "1410", "ano": "2018", "numero": "5", "tipo__sigla": "PORT", "tipo__descricao": "Portaria", "autoria": "", "texto_original": "http://sapl.bicas.mg.leg.br/media/./sapl/public/materialegislativa/2018/1410/1410_texto_integral.tiff", "ementa": "DESIGNA OS AGENTES POL\u00cdTICOS PARA EFETUAR MOVIMENTA\u00c7\u00c3O BANC\u00c1RIA E D\u00c1 OUTROS PROVIMENTOS"}, {"id": "1411", "ano": "2018", "numero": "6", "tipo__sigla": "PORT", "tipo__descricao": "Portaria", "autoria": "", "texto_original": "http://sapl.bicas.mg.leg.br/media/./sapl/public/materialegislativa/2018/1411/1411_texto_integral.tiff", "ementa": "DESIGNA AGENTE POL\u00cdTICO PARA PRECEDER \u00c0 LIQUIDA\u00c7\u00c3O DOS EMPENHOS E ASSINAR AS REQUISI\u00c7\u00d5ES DE COMPRA DA C\u00c2MARA MUNICIPAL DE BICAS E D\u00c1 OUTROS PROVIMENTOS. "}, {"id": "1412", "ano": "2018", "numero": "7", "tipo__sigla": "PORT", "tipo__descricao": "Portaria", "autoria": "", "texto_original": "http://sapl.bicas.mg.leg.br/media/./sapl/public/materialegislativa/2018/1412/1412_texto_integral.docx", "ementa": "DESIGNA OS AGENTES POL\u00cdTICOS PARA EFETUAR MOVIMENTA\u00c7\u00c3O BANC\u00c1RIA E D\u00c1 OUTRAS PROVID\u00caNCIAS"}, {"id": "1413", "ano": "2018", "numero": "8", "tipo__sigla": "PORT", "tipo__descricao": "Portaria", "autoria": "", "texto_original": "http://sapl.bicas.mg.leg.br/media/./sapl/public/materialegislativa/2018/1413/1413_texto_integral.doc", "ementa": "NOMEIA OS MEMBROS DAS COMISS\u00d5ES PERMANENTES DE FINAN\u00c7AS, LEGISLA\u00c7\u00c3O E JUSTI\u00c7A; E SA\u00daDE, EDUCA\u00c7\u00c3O E ASSIST\u00caNCIA SOCIAL."}, {"id": "1414", "ano": "2018", "numero": "9", "tipo__sigla": "PORT", "tipo__descricao": "Portaria", "autoria": "", "texto_original": "http://sapl.bicas.mg.leg.br/media/./sapl/public/materialegislativa/2018/1414/1414_texto_integral.pdf", "ementa": "NOMEIA MEMBROS PARA A COMISS\u00c3O ESPECIAL DE INQU\u00c9RITO PARA VERIFICA\u00c7\u00c3O DE EXIST\u00caNCIA DE IRREGULARIDADES NO PROCESSO LICITAT\u00d3RIO N\u00ba 72/2017 &#8211; CONVITE N\u00ba 3/2017 QUE OBJETIVOU &#8220;CONTRATA\u00c7\u00c3O DE PESSOA F\u00cdSICA OU SOCIEDADE EMPRES\u00c1RIA DESTINADA \u00c0 PRESTA\u00c7\u00c3O DE SERVI\u00c7OS DE MARKETING EM \u00c1UDIO VISUAL, PARA ATENDER A DEMANDA DE PUBLICIDADE E PROPAGANDA DA PREFEITURA MUNICIPAL DE BICAS.&#8221;\t"}, {"id": "1415", "ano": "2018", "numero": "10", "tipo__sigla": "PORT", "tipo__descricao": "Portaria", "autoria": "", "texto_original": "http://sapl.bicas.mg.leg.br/media/", "ementa": "ESTENDE OS EFEITOS DA PORTARIA 02/2018 E D\u00c1 OUTRAS PROVID\u00caNCIAS."}, {"id": "1522", "ano": "2018", "numero": "11", "tipo__sigla": "PORT", "tipo__descricao": "Portaria", "autoria": "", "texto_original": "http://sapl.bicas.mg.leg.br/media/./sapl/public/materialegislativa/2018/1522/1522_texto_integral.tiff", "ementa": "NOMEIA OS MEMBROS DA COMISS\u00c3O PERMANENTE DE DIREITOS HUMANOS E COMISS\u00c3O PERMANENTE DE PARTICIPA\u00c7\u00c3O POPULAR E FISCALIZA\u00c7\u00c3O DA CIDADE."}, {"id": "1523", "ano": "2018", "numero": "12", "tipo__sigla": "PORT", "tipo__descricao": "Portaria", "autoria": "", "texto_original": "http://sapl.bicas.mg.leg.br/media/./sapl/public/materialegislativa/2018/1523/1523_texto_integral.tiff", "ementa": "DISP\u00d5E\u00a0SOBRE\u00a0O PAGAMENTO DE 1/3 DE F\u00c9RIAS AOS VEREADORES DA C\u00c2MARA MUNICIPAL DE BICAS-MG."}, {"id": "1524", "ano": "2018", "numero": "13", "tipo__sigla": "PORT", "tipo__descricao": "Portaria", "autoria": "", "texto_original": "http://sapl.bicas.mg.leg.br/media/./sapl/public/materialegislativa/2018/1524/1524_texto_integral.tiff", "ementa": "NOMEIA MEMBRO SUPLENTE PARA A COMISS\u00c3O DE FINAN\u00c7AS, LEGISLA\u00c7\u00c3O E JUSTI\u00c7A."}, {"id": "1525", "ano": "2018", "numero": "14", "tipo__sigla": "PORT", "tipo__descricao": "Portaria", "autoria": "", "texto_original": "http://sapl.bicas.mg.leg.br/media/", "ementa": "PRORROGA PRAZO PARA CONCLUS\u00c3O DOS TRABALHOS DA COMISS\u00c3O ESPECIAL CRIADA PELA PORTARIA N\u00ba 32/2017, PARA VERIFICA\u00c7\u00c3O DE EXIST\u00caNCIA DE IRREGULARIDADES NO PROCESSO LICITAT\u00d3RIO N\u00ba 72/2017 &#8211; CONVITE N\u00ba 3/2017 QUE OBJETIVOU &#8220;CONTRATA\u00c7\u00c3O DE PESSOA F\u00cdSICA OU SOCIEDADE EMPRES\u00c1RIA DESTINADA \u00c0 PRESTA\u00c7\u00c3O DE SERVI\u00c7OS DE MARKETING EM \u00c1UDIO VISUAL, PARA ATENDER A DEMANDA DE PUBLICIDADE E PROPAGANDA DA PREFEITURA MUNICIPAL DE BICAS&#8221;."}, {"id": "1526", "ano": "2018", "numero": "15", "tipo__sigla": "PORT", "tipo__descricao": "Portaria", "autoria": "", "texto_original": "http://sapl.bicas.mg.leg.br/media/./sapl/public/materialegislativa/2018/1526/1526_texto_integral.tiff", "ementa": "ALTERA A DATA DE REALIZA\u00c7\u00c3O DA 12\u00aa REUNI\u00c3O P\u00daBLICA ORDIN\u00c1RIA."}, {"id": "1527", "ano": "2018", "numero": "16", "tipo__sigla": "PORT", "tipo__descricao": "Portaria", "autoria": "", "texto_original": "http://sapl.bicas.mg.leg.br/media/./sapl/public/materialegislativa/2018/1527/1527_texto_integral.tiff", "ementa": "NOMEIA MEMBRO SUPLENTE PARA A COMISS\u00c3O DE SA\u00daDE, EDUCA\u00c7\u00c3O E ASSIST\u00caNCIA SOCIAL."}, {"id": "1528", "ano": "2018", "numero": "17", "tipo__sigla": "PORT", "tipo__descricao": "Portaria", "autoria": "", "texto_original": "http://sapl.bicas.mg.leg.br/media/./sapl/public/materialegislativa/2018/1528/1528_texto_integral.tiff", "ementa": "INSTITUI COMISS\u00c3O ESPECIAL PARA SELE\u00c7\u00c3O DO PROFISSIONAL A SER CONDECORADO COM O T\u00cdTULO DE PROFESSOR EM\u00c9RITO DE BICAS."}, {"id": "1530", "ano": "2018", "numero": "18", "tipo__sigla": "PORT", "tipo__descricao": "Portaria", "autoria": "", "texto_original": "http://sapl.bicas.mg.leg.br/media/./sapl/public/materialegislativa/2018/1530/1530_texto_integral.pdf", "ementa": "NOMEIA MEMBRO SUBSTITUTO PARA COMISS\u00c3O  ESPECIAL DE INQU\u00c9RITO E D\u00c1 OUTRAS PROVIDENCIAS."}, {"id": "1534", "ano": "2018", "numero": "19", "tipo__sigla": "PORT", "tipo__descricao": "Portaria", "autoria": "", "texto_original": "http://sapl.bicas.mg.leg.br/media/./sapl/public/materialegislativa/2018/1534/1534_texto_integral.tiff", "ementa": "EXONERA O SERVIDOR QUE MENCIONA, OCUPANTE DO CARGO EM COMISS\u00c3O DE ASSESSOR JUR\u00cdDICO, E D\u00c1 OUTRAS PROVID\u00caNCIAS. "}, {"id": "1535", "ano": "2018", "numero": "20", "tipo__sigla": "PORT", "tipo__descricao": "Portaria", "autoria": "", "texto_original": "http://sapl.bicas.mg.leg.br/media/./sapl/public/materialegislativa/2018/1535/1535_texto_integral.doc", "ementa": "NOMEIA PROFISSIONAL QUE MENCIONA PARA CARGO COMISSIONADO DE ASSESSOR JUR\u00cdDICO DA C\u00c2MARA MUNICIPAL DE BICAS E D\u00c1 OUTRAS PROVID\u00caNCIAS. "}, {"id": "1536", "ano": "2018", "numero": "21", "tipo__sigla": "PORT", "tipo__descricao": "Portaria", "autoria": "", "texto_original": "http://sapl.bicas.mg.leg.br/media/./sapl/public/materialegislativa/2018/1536/1536_texto_integral.doc", "ementa": "NOMEIA PROFISSIONAL QUE MENCIONA PARA CARGO COMISSIONADO DE ASSESSOR DE ASSUNTOS INSTITUCIONAIS E COMUNICA\u00c7\u00c3O SOCIAL DA C\u00c2MARA MUNICIPAL DE BICAS E D\u00c1 OUTRAS PROVID\u00caNCIAS. "}, {"id": "1537", "ano": "2018", "numero": "22", "tipo__sigla": "PORT", "tipo__descricao": "Portaria", "autoria": "", "texto_original": "http://sapl.bicas.mg.leg.br/media/", "ementa": "DISP\u00d5E SOBRE HOR\u00c1RIO DE EXPEDIENTE DA C\u00c2MARA MUNICIPAL DE BICAS NOS DIAS DOS JOGOS DA COPA DO MUNDO, E D\u00c1 OUTRAS PROVID\u00caNCIAS."}, {"id": "1538", "ano": "2018", "numero": "23", "tipo__sigla": "PORT", "tipo__descricao": "Portaria", "autoria": "", "texto_original": "http://sapl.bicas.mg.leg.br/media/./sapl/public/materialegislativa/2018/1538/1538_texto_integral.doc", "ementa": "NOMEIA COMISS\u00c3O ESPECIAL PARA AN\u00c1LISE DO VETO PROPOSTO PELO EXECUTIVO MUNICIPAL AO PROJETO DE LEI ORDIN\u00c1RIA N\u00ba 16/2018 QUE &#8220;FIXA O PERCENTUAL DE REAJUSTE DO VALE ALIMENTA\u00c7\u00c3O FORNECIDO AOS SERVIDORES DO MUNIC\u00cdPIO DE BICAS E D\u00c1 OUTRAS PROVID\u00caNCIAS&#8221;."}, {"id": "1539", "ano": "2018", "numero": "24", "tipo__sigla": "PORT", "tipo__descricao": "Portaria", "autoria": "", "texto_original": "http://sapl.bicas.mg.leg.br/media/./sapl/public/materialegislativa/2018/1539/1539_texto_integral.doc", "ementa": "ALTERA CALEND\u00c1RIO DE REUNI\u00d5ES ORDIN\u00c1RIAS DA C\u00c2MARA MUNICIPAL DE BICAS."}, {"id": "1540", "ano": "2018", "numero": "25", "tipo__sigla": "PORT", "tipo__descricao": "Portaria", "autoria": "", "texto_original": "http://sapl.bicas.mg.leg.br/media/./sapl/public/materialegislativa/2018/1540/1540_texto_integral.doc", "ementa": "NOMEIA COMISS\u00c3O ESPECIAL PARA AN\u00c1LISE DO VETO PROPOSTO PELO EXECUTIVO MUNICIPAL AO PROJETO DE LEI ORDIN\u00c1RIA N\u00ba 26/2018 QUE DISP\u00d5E SOBRE REVIS\u00c3O GERAL ANUAL E D\u00c1 OUTRAS PROVID\u00caNCIAS.\r\n"}, {"id": "1541", "ano": "2018", "numero": "26", "tipo__sigla": "PORT", "tipo__descricao": "Portaria", "autoria": "", "texto_original": "http://sapl.bicas.mg.leg.br/media/./sapl/public/materialegislativa/2018/1541/1541_texto_integral.doc", "ementa": "INSTITUI COMISS\u00c3O ESPECIAL PARA REVIS\u00c3O DO C\u00d3DIGO DE POSTURAS DO MUNIC\u00cdPIO DE BICAS (LEI COMPLEMENTAR 03/1993), NOMEIA OS MEMBROS DA COMISS\u00c3O E D\u00c1 OUTRAS PROVID\u00caNCIAS."}, {"id": "1542", "ano": "2018", "numero": "27", "tipo__sigla": "PORT", "tipo__descricao": "Portaria", "autoria": "", "texto_original": "http://sapl.bicas.mg.leg.br/media/./sapl/public/materialegislativa/2018/1542/1542_texto_integral.doc", "ementa": "REGULAMENTA O FUNCIONAMENTO DAS SECRETARIAS DA C\u00c2MARA MUNICIPAL DE BICAS NO RECESSO LEGISLATIVO DE JULHO DE 2018, E D\u00c1 OUTRAS PROVID\u00caNCIAS."}, {"id": "1543", "ano": "2018", "numero": "28", "tipo__sigla": "PORT", "tipo__descricao": "Portaria", "autoria": "", "texto_original": "http://sapl.bicas.mg.leg.br/media/", "ementa": "Nomeia Comiss\u00e3o Especial para an\u00e1lise do veto proposto pelo Executivo Municipal ao Projeto de Lei Ordin\u00e1ria n\u00ba 18/2018 que disp\u00f5e sobre as diretrizes or\u00e7ament\u00e1rias para o exerc\u00edcio financeiro de 2019 e d\u00e1 outras provid\u00eancias."}, {"id": "1694", "ano": "2018", "numero": "29", "tipo__sigla": "PORT", "tipo__descricao": "Portaria", "autoria": "", "texto_original": "http://sapl.bicas.mg.leg.br/media/sapl/public/materialegislativa/2018/1694/portaria_29.2018_dilata_prazo_da_comissao_espec_DCqfiEY.doc", "ementa": "Dilata prazo para conclus\u00e3o dos trabalhos da Comiss\u00e3o Especial institu\u00edda pela Portaria n\u00ba 28/2018, para an\u00e1lise do veto proposto pelo Executivo Municipal ao Projeto de Lei Ordin\u00e1ria n\u00ba 18/2018 que disp\u00f5e sobre as diretrizes or\u00e7ament\u00e1rias para o exerc\u00edcio financeiro de 2019 e d\u00e1 outras provid\u00eancias."}, {"id": "1830", "ano": "2018", "numero": "34", "tipo__sigla": "PORT", "tipo__descricao": "Portaria", "autoria": "", "texto_original": "http://sapl.bicas.mg.leg.br/media/sapl/public/materialegislativa/2018/1830/portaria_34.2018.pdf", "ementa": "\u201cDisp\u00f5e sobre a altera\u00e7\u00e3o de expediente da C\u00e2mara Municipal de Bicas nos dias 24 e 31 de dezembro de 2018 e d\u00e1 outras provid\u00eancias\u201d"}, {"id": "1831", "ano": "2018", "numero": "35", "tipo__sigla": "PORT", "tipo__descricao": "Portaria", "autoria": "", "texto_original": "http://sapl.bicas.mg.leg.br/media/sapl/public/materialegislativa/2018/1831/portaria_35.2018.pdf", "ementa": "REGULAMENTA O HOR\u00c1RIO DE FUNCIONAMENTO DAS SECRETARIAS DA C\u00c2MARA MUNICIPAL DE BICAS NO RECESSO DE DEZEMBRO DE 2018 E D\u00c1 OUTRAS PROVID\u00caNCIAS."}, {"id": "1569", "ano": "2018", "numero": "1", "tipo__sigla": "PDL", "tipo__descricao": "Projeto de Decreto Legislativo", "autoria": "", "texto_original": "http://sapl.bicas.mg.leg.br/media/sapl/public/materialegislativa/2018/1569/projeto_de_decreto_01.2018_contas_2016.doc", "ementa": "\"Aprova, sem ressalvas, as Contas da Prefeitura Municipal de Bicas relativas ao exerc\u00edcio financeiro de 2016, acolhendo o Parecer Pr\u00e9vio do Tribunal de Contas de Minas Gerais.\""}, {"id": "1570", "ano": "2018", "numero": "2", "tipo__sigla": "PDL", "tipo__descricao": "Projeto de Decreto Legislativo", "autoria": "", "texto_original": "http://sapl.bicas.mg.leg.br/media/", "ementa": "Autoriza a C\u00e2mara Municipal de Bicas a antecipar a devolu\u00e7\u00e3o de saldo de duod\u00e9cimos recibos em quotas mensais do Poder Executivo e d\u00e1 outras provid\u00eancias.\u201d"}, {"id": "1771", "ano": "2018", "numero": "3", "tipo__sigla": "PDL", "tipo__descricao": "Projeto de Decreto Legislativo", "autoria": "Joel Mil\u00e3o do Cemit\u00e9rio", "texto_original": "http://sapl.bicas.mg.leg.br/media/", "ementa": "Concede T\u00edtulo de Cidad\u00e3o Benem\u00e9rito ao Dr. \u00c9dney Granado."}, {"id": "1568", "ano": "2018", "numero": "1", "tipo__sigla": "PLC", "tipo__descricao": "Projeto de Lei Complementar", "autoria": "", "texto_original": "http://sapl.bicas.mg.leg.br/media/sapl/public/materialegislativa/2018/1568/01_alvaras_-_loro.doc", "ementa": "Altera a Lei Complementar n\u00ba 03/1993 que instituiu o C\u00f3digo de Posturas Municipais."}, {"id": "1715", "ano": "2018", "numero": "2", "tipo__sigla": "PLC", "tipo__descricao": "Projeto de Lei Complementar", "autoria": "", "texto_original": "http://sapl.bicas.mg.leg.br/media/sapl/public/materialegislativa/2018/1715/02_pl_-_monitor.odt", "ementa": "Altera a Lei Complementar Municipal n\u00ba. 18/2012, para extinguir o cargo de monitor e d\u00e1 outras provid\u00eancias."}, {"id": "1716", "ano": "2018", "numero": "3", "tipo__sigla": "PLC", "tipo__descricao": "Projeto de Lei Complementar", "autoria": "", "texto_original": "http://sapl.bicas.mg.leg.br/media/sapl/public/materialegislativa/2018/1716/03_pl_-_auxiliar_de_educacao.odt", "ementa": "Altera a Lei Complementar Municipal 11/2008, no que tocante ao cargo de Auxiliar de Educa\u00e7\u00e3o, modificando o n\u00famero de vagas, os requisitos para provimento assim como as atribui\u00e7\u00f5es."}, {"id": "1466", "ano": "2018", "numero": "1", "tipo__sigla": "PLO", "tipo__descricao": "Projeto de Lei Ordin\u00e1ria", "autoria": "", "texto_original": "http://sapl.bicas.mg.leg.br/media/./sapl/public/materialegislativa/2018/1466/1466_texto_integral.pdf", "ementa": "&#8220;FIXA O PERCENTUAL DE REAJUSTE DO SAL\u00c1RIO BASE DOS CARGOS DE PROFESSOR DE EDUCA\u00c7\u00c3O INFANTIL, PROFESSOR DE 1\u00b0 AO 5\u00b0 ANO, PROFESSOR DO 6\u00b0 AO 9\u00b0 ANO E SUPERVISOR PEDAG\u00d3GICO DO MUNIC\u00cdPIO DE BICAS E D\u00c1 OUTRAS PROVID\u00caNCIAS&#8221;."}, {"id": "1467", "ano": "2018", "numero": "2", "tipo__sigla": "PLO", "tipo__descricao": "Projeto de Lei Ordin\u00e1ria", "autoria": "", "texto_original": "http://sapl.bicas.mg.leg.br/media/./sapl/public/materialegislativa/2018/1467/1467_texto_integral.pdf", "ementa": "&#8220;DISP\u00d5E SOBRE A AUTORIZA\u00c7\u00c3O DE REPASSE DE RECURSOS FINANCEIROS \u00c0 ASSOCIA\u00c7\u00c3O DE CARIDADE S\u00c3O JOS\u00c9 DE BICAS (HOSPITAL S\u00c3O JOS\u00c9) E D\u00c1 OUTRAS PROVID\u00caNCIAS&#8221;."}, {"id": "1468", "ano": "2018", "numero": "3", "tipo__sigla": "PLO", "tipo__descricao": "Projeto de Lei Ordin\u00e1ria", "autoria": "", "texto_original": "http://sapl.bicas.mg.leg.br/media/./sapl/public/materialegislativa/2018/1468/1468_texto_integral.doc", "ementa": "&#8220;FIXA PERCENTUAL DE REAJUSTE SOBRE O SUBS\u00cdDIO DOS CARGOS DE PREFEITO, VICE-PREFEITO, SECRET\u00c1RIOS MUNICIPAIS, CONTROLADOR E PROCURADOR GERAL E D\u00c1 OUTRAS PROVID\u00caNCIAS&#8221;. "}, {"id": "1493", "ano": "2018", "numero": "4", "tipo__sigla": "PLO", "tipo__descricao": "Projeto de Lei Ordin\u00e1ria", "autoria": "", "texto_original": "http://sapl.bicas.mg.leg.br/media/", "ementa": "NA SEXTA-FEIRA, 16/03, OCORREU NESTA CASA LEGISLATIVA A CERIM\u00d4NIA DE LAN\u00c7AMENTO DO PARLAMENTO JOVEM MINAS &#8211; BICAS.  NESTE ANO, EM QUE O PROJETO COMEMORA 15 ANOS, O TEMA DESENVOLVIDO JUNTO AOS ESTUDANTES DO ENSINO M\u00c9DIO \u00c9 \"VIOL\u00caNCIA CONTRA A MULHER\". NA OCASI\u00c3O, OS JOVENS FORAM APRESENTADOS E PUDERAM FALAR SOBRE SUAS EXPECTATIVAS COM O PARLAMENTO JOVEM.\r\nAT\u00c9 O MOMENTO, 16 PARLAMENTARES BIQUENSES SER\u00c3O PREPARADOS PARA FORMULAR, DEBATER, VOTAR E ELEGER SUGEST\u00d5ES DE A\u00c7\u00d5ES PARA O PODER P\u00daBLICO SOBRE O TEMA E QUE PODEM GERAR ENCAMINHAMENTOS, VIRAR PROJETOS DE LEI OU POL\u00cdTICAS P\u00daBLICAS.\r\n A CERIM\u00d4NIA CONTOU COM A PRESEN\u00c7A DOS PARLAMENTARES E SEUS FAMILIARES, DOS VEREADORES E PREFEITO MUNICIPAL, AUTORIDADES DO MUNIC\u00cdPIO,PARLAMENTARES E VEREADOR DA CIDADE DE OLARIA, AL\u00c9M DOS MONITORES QUE ACOMPANHAR\u00c3O OS JOVENS DURANTE TODO O PROJETO COM A REALIZA\u00c7\u00c3O DE OFICINAS PERTINENTES AOS TEMAS."}, {"id": "1504", "ano": "2018", "numero": "5", "tipo__sigla": "PLO", "tipo__descricao": "Projeto de Lei Ordin\u00e1ria", "autoria": "Partido do Movimento Democr\u00e1tico Brasileiro", "texto_original": "http://sapl.bicas.mg.leg.br/media/./sapl/public/materialegislativa/2018/1504/1504_texto_integral.doc", "ementa": "&#8220;DISP\u00d5E SOBRE A AUTORIZA\u00c7\u00c3O DE REPASSE DE RECURSOS FINANCEIROS AO GR\u00caMIO RECREATIVO ESCOLA DE SAMBA MOCIDADE INDEPENDENTE DAS ABELHAS E D\u00c1 OUTRAS PROVID\u00caNCIAS&#8221;."}, {"id": "1505", "ano": "2018", "numero": "6", "tipo__sigla": "PLO", "tipo__descricao": "Projeto de Lei Ordin\u00e1ria", "autoria": "Partido do Movimento Democr\u00e1tico Brasileiro", "texto_original": "http://sapl.bicas.mg.leg.br/media/./sapl/public/materialegislativa/2018/1505/1505_texto_integral.doc", "ementa": "&#8220;DISP\u00d5E SOBRE A AUTORIZA\u00c7\u00c3O DE REPASSE DE RECURSOS FINANCEIROS \u00c0 CORPORA\u00c7\u00c3O MUSICAL S\u00c3O JOS\u00c9 DE BICAS E D\u00c1 OUTRAS PROVID\u00caNCIAS&#8221;."}, {"id": "1506", "ano": "2018", "numero": "7", "tipo__sigla": "PLO", "tipo__descricao": "Projeto de Lei Ordin\u00e1ria", "autoria": "Partido do Movimento Democr\u00e1tico Brasileiro", "texto_original": "http://sapl.bicas.mg.leg.br/media/./sapl/public/materialegislativa/2018/1506/1506_texto_integral.doc", "ementa": "&#8220;REESTRUTURA O CONSELHO MUNICIPAL DE POL\u00cdTICAS ANTI DROGAS (COMAD), CRIADO PELA LEI MUNICIPAL 1.121 DE 21 DE MAR\u00c7O DE 2001, E D\u00c1 OUTRAS PROVID\u00caNCIAS.&#8221;"}, {"id": "1507", "ano": "2018", "numero": "8", "tipo__sigla": "PLO", "tipo__descricao": "Projeto de Lei Ordin\u00e1ria", "autoria": "Tiago Enfermeiro", "texto_original": "http://sapl.bicas.mg.leg.br/media/", "ementa": "DISP\u00d5E\u00a0SOBRE\u00a0A\u00a0CRIA\u00c7\u00c3O DA FUN\u00c7\u00c3O GRATIFICADA DE IDENTIFICADOR &#8220;AD HOC&#8221; DISP\u00d5E SOBRE A GRATIFICA\u00c7\u00c3O DA PREGOEIRA E COMISS\u00c3O DE LICITA\u00c7\u00c3O DA C\u00c2MARA MUNICIPAL E D\u00c1 OUTRAS PROVID\u00caNCIAS. \r\n"}, {"id": "1508", "ano": "2018", "numero": "9", "tipo__sigla": "PLO", "tipo__descricao": "Projeto de Lei Ordin\u00e1ria", "autoria": "Partido do Movimento Democr\u00e1tico Brasileiro", "texto_original": "http://sapl.bicas.mg.leg.br/media/./sapl/public/materialegislativa/2018/1508/1508_texto_integral.doc", "ementa": "&#8220;DISP\u00d5E SOBRE A CONCESS\u00c3O DE SUBVEN\u00c7\u00d5ES SOCIAIS \u00c0S ENTIDADES QUE MENCIONA, E D\u00c1 OUTRAS PROVID\u00caNCIAS.&#8221;"}, {"id": "1509", "ano": "2018", "numero": "10", "tipo__sigla": "PLO", "tipo__descricao": "Projeto de Lei Ordin\u00e1ria", "autoria": "Partido do Movimento Democr\u00e1tico Brasileiro", "texto_original": "http://sapl.bicas.mg.leg.br/media/./sapl/public/materialegislativa/2018/1509/1509_texto_integral.doc", "ementa": "&#8220;DISP\u00d5E SOBRE A CONCESS\u00c3O DE SUBVEN\u00c7\u00d5ES SOCIAIS \u00c0 ENTIDADE QUE MENCIONA, E D\u00c1 OUTRAS PROVID\u00caNCIAS.&#8221;"}, {"id": "1510", "ano": "2018", "numero": "11", "tipo__sigla": "PLO", "tipo__descricao": "Projeto de Lei Ordin\u00e1ria", "autoria": "Partido do Movimento Democr\u00e1tico Brasileiro", "texto_original": "http://sapl.bicas.mg.leg.br/media/./sapl/public/materialegislativa/2018/1510/1510_texto_integral.doc", "ementa": "FIXA O PERCENTUAL DE REAJUSTE DO VALE ALIMENTA\u00c7\u00c3O FORNECIDO AOS SERVIDORES DO MUNIC\u00cdPIO DE BICAS E D\u00c1 OUTRAS PROVID\u00caNCIAS.\r\n"}, {"id": "1511", "ano": "2018", "numero": "12", "tipo__sigla": "PLO", "tipo__descricao": "Projeto de Lei Ordin\u00e1ria", "autoria": "Tiago Enfermeiro", "texto_original": "http://sapl.bicas.mg.leg.br/media/", "ementa": "\r\n&#8220;DISP\u00d5E SOBRE A REVIS\u00c3O GERAL ANUAL DO SUBS\u00cdDIO DOS VEREADORES E SOBRE  O REAJUSTE DOS SAL\u00c1RIOS DOS SERVIDORES DA C\u00c2MARA MUNICIPAL DE BICAS-MG E D\u00c1 OUTRAS PROVID\u00caNCIAS&#8221;. \r\n"}, {"id": "1521", "ano": "2018", "numero": "14", "tipo__sigla": "PLO", "tipo__descricao": "Projeto de Lei Ordin\u00e1ria", "autoria": "", "texto_original": "http://sapl.bicas.mg.leg.br/media/./sapl/public/materialegislativa/2018/1521/1521_texto_integral.pdf", "ementa": "AUTORIZA O REMANEJAMENTO NO VALOR DE R$ 72.110,27 E D\u00c1 OUTRAS PROVID\u00caNCIAS"}, {"id": "1531", "ano": "2018", "numero": "15", "tipo__sigla": "PLO", "tipo__descricao": "Projeto de Lei Ordin\u00e1ria", "autoria": "", "texto_original": "http://sapl.bicas.mg.leg.br/media/", "ementa": "INSTITUI OS BENEF\u00cdCIOS EVENTUAIS PARA NECESSIDADE TEMPOR\u00c1RIA DE PESSOAS, FAM\u00cdLIA OU GRUPO EM SITUA\u00c7\u00c3O DE VULNERABILIDADE SOCIAL OU RISCO \u00c0 VIDA NO MUNIC\u00cdPIO DE BICAS E D\u00c1 OUTRAS PROVID\u00caNCIAS."}, {"id": "1532", "ano": "2018", "numero": "16", "tipo__sigla": "PLO", "tipo__descricao": "Projeto de Lei Ordin\u00e1ria", "autoria": "", "texto_original": "http://sapl.bicas.mg.leg.br/media/./sapl/public/materialegislativa/2018/1532/1532_texto_integral.doc", "ementa": "FIXA O PERCENTUAL DE REAJUSTE DO VALE ALIMENTA\u00c7\u00c3O FORNECIDO AOS SERVIDORES DO MUNIC\u00cdPIO DE BICAS E D\u00c1 OUTRAS PROVID\u00caNCIAS."}, {"id": "1544", "ano": "2018", "numero": "17", "tipo__sigla": "PLO", "tipo__descricao": "Projeto de Lei Ordin\u00e1ria", "autoria": "", "texto_original": "http://sapl.bicas.mg.leg.br/media/", "ementa": "\u201cDISP\u00d5E SOBRE O REAJUSTE DO VALE    ALIMENTA\u00c7\u00c3O DOS SERVIDORES DA C\u00c2MARA MUNICIPAL DE BICAS-MG E D\u00c1 OUTRAS PROVID\u00caNCIAS\u201d."}, {"id": "1545", "ano": "2018", "numero": "18", "tipo__sigla": "PLO", "tipo__descricao": "Projeto de Lei Ordin\u00e1ria", "autoria": "", "texto_original": "http://sapl.bicas.mg.leg.br/media/sapl/public/materialegislativa/2018/1545/plo_18.2018_-_ldo2019_-_compilado.doc", "ementa": "Disp\u00f5e sobre as diretrizes or\u00e7ament\u00e1rias para o exerc\u00edcio financeiro de 2019 e d\u00e1 outras provid\u00eancias."}, {"id": "1546", "ano": "2018", "numero": "19", "tipo__sigla": "PLO", "tipo__descricao": "Projeto de Lei Ordin\u00e1ria", "autoria": "", "texto_original": "http://sapl.bicas.mg.leg.br/media/sapl/public/materialegislativa/2018/1546/plo_19.2018__horas_extras.docx", "ementa": "Obriga o envio ao Poder Legislativo de relat\u00f3rio mensal de horas extras e adicionais noturnos pagos aos servidores p\u00fablicos."}, {"id": "1547", "ano": "2018", "numero": "20", "tipo__sigla": "PLO", "tipo__descricao": "Projeto de Lei Ordin\u00e1ria", "autoria": "", "texto_original": "http://sapl.bicas.mg.leg.br/media/sapl/public/materialegislativa/2018/1547/plo_20.2018__selecao.docx", "ementa": "Obriga o envio de editais de sele\u00e7\u00e3o simplificada para contrata\u00e7\u00e3o de servidores ao Poder Legislativo Municipal."}, {"id": "1548", "ano": "2018", "numero": "21", "tipo__sigla": "PLO", "tipo__descricao": "Projeto de Lei Ordin\u00e1ria", "autoria": "", "texto_original": "http://sapl.bicas.mg.leg.br/media/sapl/public/materialegislativa/2018/1548/plo_21.2018_-_ambulancia.docx", "ementa": "Torna obrigat\u00f3ria a perman\u00eancia de ambul\u00e2ncia de resgate e de profissional da \u00e1rea da sa\u00fade em lugares com grandes aglomera\u00e7\u00f5es de pessoas."}, {"id": "1549", "ano": "2018", "numero": "22", "tipo__sigla": "PLO", "tipo__descricao": "Projeto de Lei Ordin\u00e1ria", "autoria": "", "texto_original": "http://sapl.bicas.mg.leg.br/media/", "ementa": "\u201cAutoriza a abertura de cr\u00e9dito suplementar    e d\u00e1 outras provid\u00eancias\u201d"}, {"id": "1550", "ano": "2018", "numero": "23", "tipo__sigla": "PLO", "tipo__descricao": "Projeto de Lei Ordin\u00e1ria", "autoria": "", "texto_original": "http://sapl.bicas.mg.leg.br/media/sapl/public/materialegislativa/2018/1550/plo_23.2018_-_parcelamento_receita_federal.docx", "ementa": "Autoriza o Munic\u00edpio a efetuar parcelamento de d\u00edvida junto a Receita Federal do Brasil, e d\u00e1 outras provid\u00eancias"}, {"id": "1551", "ano": "2018", "numero": "24", "tipo__sigla": "PLO", "tipo__descricao": "Projeto de Lei Ordin\u00e1ria", "autoria": "", "texto_original": "http://sapl.bicas.mg.leg.br/media/sapl/public/materialegislativa/2018/1551/plo_24.2018_-_fixa_vencimentos_do_plano_de_carg_LM0VXyN.doc", "ementa": "Fixa o valor do vencimento do cargo que menciona e do percentual da gratifica\u00e7\u00e3o da fun\u00e7\u00e3o gratificada, bem como estabelece gratifica\u00e7\u00e3o especial aos servidores designados para assumirem atribui\u00e7\u00f5es na Comiss\u00e3o Permanente de Licita\u00e7\u00f5es, Pregoeiro e equipe de apoio, conforme previstos na Resolu\u00e7\u00e3o n\u00ba 286/2010 que estabelece a Estrutura Administrativa e Institui o Plano de Cargos, Carreiras e Vencimentos da C\u00e2mara Municipal de Bicas e d\u00e1 outras provid\u00eancias"}, {"id": "1552", "ano": "2018", "numero": "25", "tipo__sigla": "PLO", "tipo__descricao": "Projeto de Lei Ordin\u00e1ria", "autoria": "", "texto_original": "http://sapl.bicas.mg.leg.br/media/sapl/public/materialegislativa/2018/1552/plo_25.2018_-_cameras.doc", "ementa": "Obriga a instala\u00e7\u00e3o de c\u00e2meras de monitoramento em estabelecimentos comerciais que permane\u00e7am abertos ap\u00f3s as 21 horas."}, {"id": "1553", "ano": "2018", "numero": "26", "tipo__sigla": "PLO", "tipo__descricao": "Projeto de Lei Ordin\u00e1ria", "autoria": "", "texto_original": "http://sapl.bicas.mg.leg.br/media/sapl/public/materialegislativa/2018/1553/plo_26.2018_-_revisao_geral_compilado.doc", "ementa": "\u201cDisp\u00f5e sobre revis\u00e3o geral anual e d\u00e1 outras provid\u00eancias\u201d."}, {"id": "1554", "ano": "2018", "numero": "27", "tipo__sigla": "PLO", "tipo__descricao": "Projeto de Lei Ordin\u00e1ria", "autoria": "", "texto_original": "http://sapl.bicas.mg.leg.br/media/sapl/public/materialegislativa/2018/1554/plo_27.2018_-_altera_o_art_1o_da_lei_1.821-2018_UjrJpOB.doc", "ementa": "Altera o art. 1\u00ba, da Lei Municipal n\u00ba. 1.821/2018, que disp\u00f5e sobre a autoriza\u00e7\u00e3o de repasse de recursos financeiros \u00e0 Associa\u00e7\u00e3o de Caridade S\u00e3o Jos\u00e9 de Bicas (Hospital S\u00e3o Jos\u00e9) e d\u00e1 outras provid\u00eancias."}, {"id": "1555", "ano": "2018", "numero": "28", "tipo__sigla": "PLO", "tipo__descricao": "Projeto de Lei Ordin\u00e1ria", "autoria": "", "texto_original": "http://sapl.bicas.mg.leg.br/media/sapl/public/materialegislativa/2018/1555/plo_28.2018_-_concessao_agua_e_esgoto.doc", "ementa": "Autoriza o Poder Executivo a celebrar Conv\u00eanio de Coopera\u00e7\u00e3o com o Estado de Minas Gerais, para o fim de estabelecer colabora\u00e7\u00e3o federativa na organiza\u00e7\u00e3o, regula\u00e7\u00e3o, fiscaliza\u00e7\u00e3o e presta\u00e7\u00e3o dos servi\u00e7os p\u00fablicos municipais de abastecimento de \u00e1gua e de esgotamento sanit\u00e1rio, e d\u00e1 outras provid\u00eancias."}, {"id": "1556", "ano": "2018", "numero": "29", "tipo__sigla": "PLO", "tipo__descricao": "Projeto de Lei Ordin\u00e1ria", "autoria": "", "texto_original": "http://sapl.bicas.mg.leg.br/media/sapl/public/materialegislativa/2018/1556/plo_29.2018_-_c._supl.ajuste_orc_obra_reto_junior.docx", "ementa": "\u201cAutoriza o Remanejamento no valor de R$ 72.110,27 e d\u00e1 outras provid\u00eancias\u201d"}, {"id": "1557", "ano": "2018", "numero": "30", "tipo__sigla": "PLO", "tipo__descricao": "Projeto de Lei Ordin\u00e1ria", "autoria": "", "texto_original": "http://sapl.bicas.mg.leg.br/media/sapl/public/materialegislativa/2018/1557/plo_30.2018_-_altera_a_lei_1.639-2013_prorreforma.doc", "ementa": "Altera os arts. 1\u00ba, 2\u00b0, 3\u00b0 e 4\u00b0, da Lei Municipal n\u00ba. 1.639/2013, que cria o Prorreforma \u2013 programa de reformas e amplia\u00e7\u00e3o habitacional e d\u00e1 outras provid\u00eancias."}, {"id": "1558", "ano": "2018", "numero": "31", "tipo__sigla": "PLO", "tipo__descricao": "Projeto de Lei Ordin\u00e1ria", "autoria": "", "texto_original": "http://sapl.bicas.mg.leg.br/media/sapl/public/materialegislativa/2018/1558/plo_31.2018_-_emenda_parlamentar.doc", "ementa": "\u201cInsere no Or\u00e7amento vigente a natureza de despesa que menciona e d\u00e1 outras provid\u00eancias\u201d"}, {"id": "1559", "ano": "2018", "numero": "32", "tipo__sigla": "PLO", "tipo__descricao": "Projeto de Lei Ordin\u00e1ria", "autoria": "", "texto_original": "http://sapl.bicas.mg.leg.br/media/sapl/public/materialegislativa/2018/1559/plo_32.2018_-_cmdca.doc", "ementa": "Altera a Lei Municipal n\u00ba. 1.816/2017, que Disp\u00f5e sobre a reestrutura\u00e7\u00e3o da estrutura e do funcionamento do Conselho Municipal dos Direitos da Crian\u00e7a e do Adolescente, do Fundo Municipal dos Direitos da Crian\u00e7a e do Adolescente, do Conselho Tutelar e d\u00e1 outras provid\u00eancias."}, {"id": "1560", "ano": "2018", "numero": "33", "tipo__sigla": "PLO", "tipo__descricao": "Projeto de Lei Ordin\u00e1ria", "autoria": "", "texto_original": "http://sapl.bicas.mg.leg.br/media/", "ementa": "\u201cInsere no Or\u00e7amento vigente a natureza de despesa que menciona e d\u00e1 outras provid\u00eancias\u201d"}, {"id": "1561", "ano": "2018", "numero": "34", "tipo__sigla": "PLO", "tipo__descricao": "Projeto de Lei Ordin\u00e1ria", "autoria": "", "texto_original": "http://sapl.bicas.mg.leg.br/media/sapl/public/materialegislativa/2018/1561/plo_34.2018_-_oficio_e_mensagem_-_hv_2018.doc", "ementa": "Autoriza o Munic\u00edpio de Bicas a adquirir im\u00f3vel por meio de contrato de compra e venda."}, {"id": "1562", "ano": "2018", "numero": "35", "tipo__sigla": "PLO", "tipo__descricao": "Projeto de Lei Ordin\u00e1ria", "autoria": "", "texto_original": "http://sapl.bicas.mg.leg.br/media/sapl/public/materialegislativa/2018/1562/plo_35.2018_-_isencao_agua_esgoto.doc", "ementa": "Disp\u00f5e sobre a isen\u00e7\u00e3o de tarifas e taxas de \u00e1gua e esgoto e d\u00e1 outras provid\u00eancias."}, {"id": "1563", "ano": "2018", "numero": "36", "tipo__sigla": "PLO", "tipo__descricao": "Projeto de Lei Ordin\u00e1ria", "autoria": "", "texto_original": "http://sapl.bicas.mg.leg.br/media/sapl/public/materialegislativa/2018/1563/plo_36.2018_-_c.suplementar_fundo_crianca_e_ad_KAeVLZ4.docx", "ementa": "\u201cInsere no Or\u00e7amento vigente a natureza de despesa que menciona e d\u00e1 outras provid\u00eancias\u201d"}, {"id": "1564", "ano": "2018", "numero": "37", "tipo__sigla": "PLO", "tipo__descricao": "Projeto de Lei Ordin\u00e1ria", "autoria": "", "texto_original": "http://sapl.bicas.mg.leg.br/media/", "ementa": "\u201cAutoriza a abertura de cr\u00e9dito suplementar   e d\u00e1 outras provid\u00eancias\u201d"}, {"id": "1707", "ano": "2018", "numero": "38", "tipo__sigla": "PLO", "tipo__descricao": "Projeto de Lei Ordin\u00e1ria", "autoria": "", "texto_original": "http://sapl.bicas.mg.leg.br/media/sapl/public/materialegislativa/2018/1707/plo_38.2018_-_alteracao_de_metas_pms.doc", "ementa": "Altera o art. 2\u00ba da Lei Municipal n\u00ba. 1.731/2015, que \u201cAprova o Plano Municipal de Saneamento B\u00e1sico \u2013 PMSB da Cidade de Bicas.\u201d"}, {"id": "1708", "ano": "2018", "numero": "39", "tipo__sigla": "PLO", "tipo__descricao": "Projeto de Lei Ordin\u00e1ria", "autoria": "", "texto_original": "http://sapl.bicas.mg.leg.br/media/sapl/public/materialegislativa/2018/1708/plo_39.2018_-_cessao_de_uso_de_imovel_a_copasa.odt", "ementa": "Autoriza o Poder Executivo a ceder \u00e0 Companhia de Saneamento de Minas Gerais \u2013 COPASA, o uso de fra\u00e7\u00e3o de im\u00f3vel p\u00fablico dominical que especifica, para servir como casa de bombas para abastecimento de \u00e1gua no Bairro Gilson Lamha."}, {"id": "1709", "ano": "2018", "numero": "40", "tipo__sigla": "PLO", "tipo__descricao": "Projeto de Lei Ordin\u00e1ria", "autoria": "", "texto_original": "http://sapl.bicas.mg.leg.br/media/", "ementa": "\u201cInsere no Or\u00e7amento vigente a natureza de despesa que menciona e d\u00e1 outras provid\u00eancias\u201d"}, {"id": "1710", "ano": "2018", "numero": "41", "tipo__sigla": "PLO", "tipo__descricao": "Projeto de Lei Ordin\u00e1ria", "autoria": "", "texto_original": "http://sapl.bicas.mg.leg.br/media/sapl/public/materialegislativa/2018/1710/plo_41.2018_-_concessao_titulo_utilidade_publica.doc", "ementa": "CONCEDE T\u00cdTULO DE UTILIDADE P\u00daBLICA MUNICIPAL A \u201cASSOCIA\u00c7\u00c3O DE MORADORES DO BAIRRO GILSON LAMHA\u201d."}, {"id": "1711", "ano": "2018", "numero": "42", "tipo__sigla": "PLO", "tipo__descricao": "Projeto de Lei Ordin\u00e1ria", "autoria": "", "texto_original": "http://sapl.bicas.mg.leg.br/media/", "ementa": "Insere A\u00e7\u00e3o ao Programa constante do Plano Plurianual para o per\u00edodo 2018-2021."}, {"id": "1712", "ano": "2018", "numero": "43", "tipo__sigla": "PLO", "tipo__descricao": "Projeto de Lei Ordin\u00e1ria", "autoria": "", "texto_original": "http://sapl.bicas.mg.leg.br/media/sapl/public/materialegislativa/2018/1712/plo_43.2018_-_loa_2019.docx", "ementa": "Estima a Receita e Fixa a Despesa do  Munic\u00edpio de Bicas para o exerc\u00edcio  financeiro de 2019."}, {"id": "1713", "ano": "2018", "numero": "44", "tipo__sigla": "PLO", "tipo__descricao": "Projeto de Lei Ordin\u00e1ria", "autoria": "", "texto_original": "http://sapl.bicas.mg.leg.br/media/sapl/public/materialegislativa/2018/1713/plo_44.2018_-_tiago___atendimento_priortario.docx", "ementa": "Disp\u00f5e sobre a obrigatoriedade de atendimento priorit\u00e1rio aos pais de crian\u00e7as portadoras de necessidades especiais em filas."}, {"id": "1714", "ano": "2018", "numero": "45", "tipo__sigla": "PLO", "tipo__descricao": "Projeto de Lei Ordin\u00e1ria", "autoria": "", "texto_original": "http://sapl.bicas.mg.leg.br/media/sapl/public/materialegislativa/2018/1714/plo_45.2018_-_tanauza_-_travessa_jose_varanda.docx", "ementa": "Denomina Travessa Jo\u00e3o Varanda a Rua A do Bairro Souza Mattos."}, {"id": "1731", "ano": "2018", "numero": "46", "tipo__sigla": "PLO", "tipo__descricao": "Projeto de Lei Ordin\u00e1ria", "autoria": "", "texto_original": "http://sapl.bicas.mg.leg.br/media/sapl/public/materialegislativa/2018/1731/plo_46.2018_-_denomina_lourenco_benedicto_pred_xp9YzZ6.docx", "ementa": "\u201cDenomina de PROFESSOR LOUREN\u00c7O BENEDICTO o Pr\u00e9dio da nova Secretaria de Educa\u00e7\u00e3o e d\u00e1 outras provid\u00eancias.\u201d"}, {"id": "1730", "ano": "2018", "numero": "47", "tipo__sigla": "PLO", "tipo__descricao": "Projeto de Lei Ordin\u00e1ria", "autoria": "", "texto_original": "http://sapl.bicas.mg.leg.br/media/sapl/public/materialegislativa/2018/1730/plo_47.2018_-_fundo_municipal_de_saneamento_basico.doc", "ementa": "Cria o Fundo Municipal de Saneamento B\u00e1sico \u2013 FMSB e d\u00e1 outras provid\u00eancias."}, {"id": "1768", "ano": "2018", "numero": "48", "tipo__sigla": "PLO", "tipo__descricao": "Projeto de Lei Ordin\u00e1ria", "autoria": "", "texto_original": "http://sapl.bicas.mg.leg.br/media/sapl/public/materialegislativa/2018/1768/plo_48.2018_-_subvencao_sitio_shalon.docx", "ementa": "\u201cAltera parcialmente a Lei Ordin\u00e1ria 1.826/2018 que disp\u00f5e sobre a concess\u00e3o de subven\u00e7\u00f5es sociais \u00e0s Entidades que menciona e d\u00e1 outras provid\u00eancias\u201d."}, {"id": "1769", "ano": "2018", "numero": "49", "tipo__sigla": "PLO", "tipo__descricao": "Projeto de Lei Ordin\u00e1ria", "autoria": "", "texto_original": "http://sapl.bicas.mg.leg.br/media/sapl/public/materialegislativa/2018/1769/plo_49.2018_-_tanauza_-_travessa_jose_varanda.docx", "ementa": "Denomina Travessa Jos\u00e9 Varanda a Rua A do Bairro Souza Mattos."}, {"id": "1770", "ano": "2018", "numero": "50", "tipo__sigla": "PLO", "tipo__descricao": "Projeto de Lei Ordin\u00e1ria", "autoria": "", "texto_original": "http://sapl.bicas.mg.leg.br/media/sapl/public/materialegislativa/2018/1770/plo_50.2018_-_idoso.docx", "ementa": "\u201cDisp\u00f5e sobre a manuten\u00e7\u00e3o e o funcionamento do Conselho Municipal do Idoso \u2013 COMID, no munic\u00edpio de Bicas.\u201d"}, {"id": "1567", "ano": "2018", "numero": "1", "tipo__sigla": "PRE", "tipo__descricao": "Projeto de Resolu\u00e7\u00e3o", "autoria": "", "texto_original": "http://sapl.bicas.mg.leg.br/media/sapl/public/materialegislativa/2018/1567/projeto_de_resolucao_01.2018_cria_funcao_grati_3NNvdn9.docx", "ementa": "Altera a Resolu\u00e7\u00e3o n\u00ba 286/2010 para dispor sobre a cria\u00e7\u00e3o de cargo e de fun\u00e7\u00e3o gratificada, assim como para instituir gratifica\u00e7\u00e3o aos servidores designados para atua\u00e7\u00e3o em licita\u00e7\u00f5es no \u00e2mbito da C\u00e2mara Municipal de Bicas e d\u00e1 outras provid\u00eancias."}, {"id": "1703", "ano": "2018", "numero": "1", "tipo__sigla": "REP", "tipo__descricao": "Representa\u00e7\u00e3o", "autoria": "Joel Mil\u00e3o do Cemit\u00e9rio", "texto_original": "http://sapl.bicas.mg.leg.br/media/sapl/public/materialegislativa/2018/1703/rep1_-_joel_der.docx", "ementa": "Que sejam instaladas placas de aviso quanto \u00e0 presen\u00e7a de ciclistas e pedestres nas entradas do povoado de Santa Helena."}, {"id": "1704", "ano": "2018", "numero": "2", "tipo__sigla": "REP", "tipo__descricao": "Representa\u00e7\u00e3o", "autoria": "", "texto_original": "http://sapl.bicas.mg.leg.br/media/sapl/public/materialegislativa/2018/1704/rep2_-_loro_tce.docx", "ementa": "Que seja encaminhada den\u00fancia ao Tribunal de Contas de Minas Gerais, solicitando auditoria minuciosa nos gastos de recursos da Educa\u00e7\u00e3o nos exerc\u00edcios 2017 e 2018."}, {"id": "1706", "ano": "2018", "numero": "3", "tipo__sigla": "REP", "tipo__descricao": "Representa\u00e7\u00e3o", "autoria": "Denisy Dur\u00e3o", "texto_original": "http://sapl.bicas.mg.leg.br/media/sapl/public/materialegislativa/2018/1706/rep3_-_denisy_-_dnitt.docx", "ementa": "Que seja solicitado ao \u00f3rg\u00e3o competente a instala\u00e7\u00e3o de radar na BR267 no trecho do trevo do Povoado de S\u00e3o Manoel."}, {"id": "1439", "ano": "2018", "numero": "1", "tipo__sigla": "REQ", "tipo__descricao": "Requerimento", "autoria": "Loro", "texto_original": "http://sapl.bicas.mg.leg.br/media/./sapl/public/materialegislativa/2018/1439/1439_texto_integral.docx", "ementa": "SOLICITO \u00c0 PRESID\u00caNCIA DESTA CASA QUE, SEGUINDO O QUE DETERMINA O REGIMENTO INTERNO, FA\u00c7A INSTALAR COMISS\u00c3O ESPECIAL DE INQU\u00c9RITO A FIM DE INVESTIGAR DEN\u00daNCIA APRESENTADA NO IN\u00cdCIO DE 2017 SOBRE CONTRATA\u00c7\u00d5ES IRREGULARES E DESVIOS DE FUN\u00c7\u00c3O DE SERVIDORES FEITOS PELA ADMINISTRA\u00c7\u00c3O P\u00daBLICA MUNICIPAL, BURLANDO A LEI MUNICIPAL N\u00ba 1.316/2006 E O CONCURSO VIGENTE REALIZADO EM 2016."}, {"id": "1440", "ano": "2018", "numero": "2", "tipo__sigla": "REQ", "tipo__descricao": "Requerimento", "autoria": "Loro", "texto_original": "http://sapl.bicas.mg.leg.br/media/./sapl/public/materialegislativa/2018/1440/1440_texto_integral.docx", "ementa": "SOLICITO \u00c0 PRESID\u00caNCIA DESTA CASA QUE, SEGUINDO O QUE DETERMINA O REGIMENTO INTERNO, FA\u00c7A INSTALAR COMISS\u00c3O ESPECIAL DE INQU\u00c9RITO A FIM DE INVESTIGAR DEN\u00daNCIA APRESENTADA EM 2017 SOBRE A REALIZA\u00c7\u00c3O DE OBRAS DE REPAROS NO CENTRO DE EDUCA\u00c7\u00c3O INFANTIL DEJANIRA FONSECA DE OLIVEIRA, SEM A REALIZA\u00c7\u00c3O DE LICITA\u00c7\u00c3O PARA AQUISI\u00c7\u00c3O DE MATERIAIS.\r\n"}, {"id": "1441", "ano": "2018", "numero": "3", "tipo__sigla": "REQ", "tipo__descricao": "Requerimento", "autoria": "Loro", "texto_original": "http://sapl.bicas.mg.leg.br/media/./sapl/public/materialegislativa/2018/1441/1441_texto_integral.docx", "ementa": "SOLICITO \u00c0 PRESID\u00caNCIA DESTA CASA QUE, SEGUINDO O QUE DETERMINA O REGIMENTO INTERNO, FA\u00c7A INSTALAR COMISS\u00c3O ESPECIAL DE INQU\u00c9RITO A FIM DE INVESTIGAR DEN\u00daNCIA DE POSS\u00cdVEL IRREGULARIDADE NA DISPENSA DE LICITA\u00c7\u00c3O N\u00ba 37/2017, QUE TERCEIRIZOU A COLETA DO LIXO NO MUNIC\u00cdPIO."}, {"id": "1442", "ano": "2018", "numero": "4", "tipo__sigla": "REQ", "tipo__descricao": "Requerimento", "autoria": "Loro", "texto_original": "http://sapl.bicas.mg.leg.br/media/./sapl/public/materialegislativa/2018/1442/1442_texto_integral.docx", "ementa": "SOLICITO \u00c0 PRESID\u00caNCIA DESTA CASA QUE, SEGUINDO O QUE DETERMINA O REGIMENTO INTERNO, FA\u00c7A INSTALAR COMISS\u00c3O ESPECIAL DE INQU\u00c9RITO A FIM DE INVESTIGAR DEN\u00daNCIA DE POSS\u00cdVEL IRREGULARIDADE NA DISPENSA DE LICITA\u00c7\u00c3O N\u00ba 18/2017, QUE AUTORIZOU COMPRA DE MATERIAIS EL\u00c9TRICOS PARA O CENTRO MUNICIPAL DE EDUCA\u00c7\u00c3O INFANTIL DEJANIRA FONSECA DE OLIVEIRA.\r\n"}, {"id": "1443", "ano": "2018", "numero": "5", "tipo__sigla": "REQ", "tipo__descricao": "Requerimento", "autoria": "Loro", "texto_original": "http://sapl.bicas.mg.leg.br/media/./sapl/public/materialegislativa/2018/1443/1443_texto_integral.docx", "ementa": "SOLICITO \u00c0 PRESID\u00caNCIA DESTA CASA QUE, SEGUINDO O QUE DETERMINA O REGIMENTO INTERNO, FA\u00c7A INSTALAR COMISS\u00c3O ESPECIAL DE INQU\u00c9RITO A FIM DE INVESTIGAR DEN\u00daNCIA DE POSS\u00cdVEL IRREGULARIDADE NA PINTURA DE EQUIPAMENTOS P\u00daBLICOS COM CORES DE CAMPANHA, AFRONTANDO A LEGISLA\u00c7\u00c3O ELEITORAL E TAMB\u00c9M A LEI MUNICIPAL N\u00ba 1.210/2005.\r\n"}, {"id": "1444", "ano": "2018", "numero": "6", "tipo__sigla": "REQ", "tipo__descricao": "Requerimento", "autoria": "Loro", "texto_original": "http://sapl.bicas.mg.leg.br/media/./sapl/public/materialegislativa/2018/1444/1444_texto_integral.docx", "ementa": "SOLICITO \u00c0 PRESID\u00caNCIA DESTA CASA QUE, SEGUINDO O QUE DETERMINA O REGIMENTO INTERNO, FA\u00c7A INSTALAR COMISS\u00c3O ESPECIAL DE INQU\u00c9RITO A FIM DE INVESTIGAR DEN\u00daNCIA DE POSS\u00cdVEL IRREGULARIDADE NO PREG\u00c3O PRESENCIAL N\u00ba 22/2017, QUE CONTRATOU SERVI\u00c7OS DE PROPAGANDA INSTITUCIONAL PARA O MUNIC\u00cdPIO."}, {"id": "1445", "ano": "2018", "numero": "7", "tipo__sigla": "REQ", "tipo__descricao": "Requerimento", "autoria": "Loro", "texto_original": "http://sapl.bicas.mg.leg.br/media/./sapl/public/materialegislativa/2018/1445/1445_texto_integral.docx", "ementa": "SOLICITO \u00c0 PRESID\u00caNCIA DESTA CASA QUE, SEGUINDO O QUE DETERMINA O REGIMENTO INTERNO, FA\u00c7A INSTALAR COMISS\u00c3O ESPECIAL DE INQU\u00c9RITO A FIM DE INVESTIGAR DEN\u00daNCIA DE POSS\u00cdVEL IRREGULARIDADE NA DISTRIBUI\u00c7\u00c3O DE MATERIAIS DE CONSTRU\u00c7\u00c3O A CIDAD\u00c3OS DO MUNIC\u00cdPIO."}, {"id": "1446", "ano": "2018", "numero": "8", "tipo__sigla": "REQ", "tipo__descricao": "Requerimento", "autoria": "Loro", "texto_original": "http://sapl.bicas.mg.leg.br/media/", "ementa": "SOLICITO \u00c0 PRESID\u00caNCIA DESTA CASA QUE, SEGUINDO O QUE DETERMINA O REGIMENTO INTERNO, FA\u00c7A INSTALAR COMISS\u00c3O ESPECIAL DE INQU\u00c9RITO A FIM DE INVESTIGAR DEN\u00daNCIA DE POSS\u00cdVEL IRREGULARIDADE NA CESS\u00c3O DE M\u00c1QUINA DA PREFEITURA MUNICIPAL PARA USO DO SECRET\u00c1RIO DE OBRAS."}, {"id": "1447", "ano": "2018", "numero": "9", "tipo__sigla": "REQ", "tipo__descricao": "Requerimento", "autoria": "Loro", "texto_original": "http://sapl.bicas.mg.leg.br/media/./sapl/public/materialegislativa/2018/1447/1447_texto_integral.docx", "ementa": "SOLICITO \u00c0 PRESID\u00caNCIA DESTA CASA QUE, COM APROVA\u00c7\u00c3O DESTE PLEN\u00c1RIO, FA\u00c7A INSERIR NO OBJETO DA INVESTIGA\u00c7\u00c3O SOLICITADA PELO VEREADOR AILTON MOREIRA MENDES ATRAV\u00c9S DO REQUERIMENTO N\u00ba 128/2017 TAMB\u00c9M O ANO DE 2015, AFINAL A EMPRESA QUE ELE CITA COMO POSSIVELMENTE ENVOLVIDA EM IRREGULARIDADES NO ANO DE 2016 \u00c9 EXATAMENTE A MESMA QUE PRESTOU OS MESMOS SERVI\u00c7OS \u00c0 GEST\u00c3O ANTERIOR."}, {"id": "1448", "ano": "2018", "numero": "10", "tipo__sigla": "REQ", "tipo__descricao": "Requerimento", "autoria": "Loro", "texto_original": "http://sapl.bicas.mg.leg.br/media/./sapl/public/materialegislativa/2018/1448/1448_texto_integral.docx", "ementa": "SOLICITO AO PREFEITO MUNICIPAL QUE, ATRAV\u00c9S DA SECRETARIA COMPETENTE, ENVIE A ESTA CASA LEGISLATIVA C\u00d3PIA DO CONTRATO ASSINADO COM A CAIXA ECON\u00d4MICA FEDERAL REFERENTE \u00c0 DESTINA\u00c7\u00c3O A ESTA INSTITUI\u00c7\u00c3O BANC\u00c1RIA DA FOLHA DE PAGAMENTOS DOS SERVIDORES MUNICIPAIS, BEM COMO O RELAT\u00d3RIO BANC\u00c1RIO DE PAGAMENTOS DESDE A ASSINATURA DO MESMO AT\u00c9 A PRESENTE DATA."}, {"id": "1449", "ano": "2018", "numero": "11", "tipo__sigla": "REQ", "tipo__descricao": "Requerimento", "autoria": "Loro", "texto_original": "http://sapl.bicas.mg.leg.br/media/./sapl/public/materialegislativa/2018/1449/1449_texto_integral.docx", "ementa": "SOLICITO AO PREFEITO MUNICIPAL QUE, ATRAV\u00c9S DA SECRETARIA COMPETENTE, ENVIE A ESTA CASA LEGISLATIVA C\u00d3PIA DAS ORDENS DE COMPRA DE MATERIAIS DE CONSTRU\u00c7\u00c3O EMITIDAS NOS MESES DE NOVEMBRO E DEZEMBRO DE 2017."}, {"id": "1450", "ano": "2018", "numero": "12", "tipo__sigla": "REQ", "tipo__descricao": "Requerimento", "autoria": "Loro", "texto_original": "http://sapl.bicas.mg.leg.br/media/./sapl/public/materialegislativa/2018/1450/1450_texto_integral.docx", "ementa": "SOLICITO AO PREFEITO MUNICIPAL QUE, ATRAV\u00c9S DA SECRETARIA COMPETENTE, ENVIE A ESTA CASA LEGISLATIVA C\u00d3PIA DA LISTA DE MATERIAIS DE CONSTRU\u00c7\u00c3O EM ESTOQUE AO T\u00c9RMINO DO EXERC\u00cdCIO 2017."}, {"id": "1451", "ano": "2018", "numero": "13", "tipo__sigla": "REQ", "tipo__descricao": "Requerimento", "autoria": "Loro", "texto_original": "http://sapl.bicas.mg.leg.br/media/./sapl/public/materialegislativa/2018/1451/1451_texto_integral.docx", "ementa": "SOLICITO AO PREFEITO MUNICIPAL QUE, ATRAV\u00c9S DA SECRETARIA COMPETENTE, ENVIE A ESTA CASA LEGISLATIVA C\u00d3PIA DA LISTA DE MATERIAIS DE CONSTRU\u00c7\u00c3O EM ESTOQUE AO T\u00c9RMINO DO EXERC\u00cdCIO 2017."}, {"id": "1452", "ano": "2018", "numero": "14", "tipo__sigla": "REQ", "tipo__descricao": "Requerimento", "autoria": "Loro", "texto_original": "http://sapl.bicas.mg.leg.br/media/./sapl/public/materialegislativa/2018/1452/1452_texto_integral.docx", "ementa": "SOLICITO AO PREFEITO MUNICIPAL QUE, ATRAV\u00c9S DA SECRETARIA COMPETENTE, ENVIE A ESTA CASA LEGISLATIVA C\u00d3PIA DETALHADA DE TODAS AS CONTAS DE TELEFONES DA PREFEITURA MUNICIPAL, INCLUSIVE CELULARES CORPORATIVOS CASO VENHA A POSSUIR, DOS MESES DE NOVEMBRO E DEZEMBRO DE 2017 E JANEIRO DE 2018.\r\n"}, {"id": "1453", "ano": "2018", "numero": "15", "tipo__sigla": "REQ", "tipo__descricao": "Requerimento", "autoria": "Loro", "texto_original": "http://sapl.bicas.mg.leg.br/media/./sapl/public/materialegislativa/2018/1453/1453_texto_integral.docx", "ementa": "SOLICITO AO PREFEITO MUNICIPAL, QUE ATRAV\u00c9S DA SECRETARIA COMPETENTE, INFORME A ESTA CASA LEGISLATIVA A RELA\u00c7\u00c3O DE TODOS OS SERVIDORES QUE RECEBERAM HORAS EXTRAS NOS MESES DE OUTUBRO A DEZEMBRO DE 2017, QUANTAS HORAS CADA UM REALIZOU E QUAL O VALOR PAGO A CADA UM DELES."}, {"id": "1454", "ano": "2018", "numero": "16", "tipo__sigla": "REQ", "tipo__descricao": "Requerimento", "autoria": "Loro", "texto_original": "http://sapl.bicas.mg.leg.br/media/./sapl/public/materialegislativa/2018/1454/1454_texto_integral.docx", "ementa": "SOLICITO A CONVOCA\u00c7\u00c3O PARA NOVAS OITIVAS DAS SEGUINTES TESTEMUNHAS A SEGUIR LISTADAS: NATHANNE BORTOLLINI E RAQUEL VALAD\u00c3O."}, {"id": "1455", "ano": "2018", "numero": "17", "tipo__sigla": "REQ", "tipo__descricao": "Requerimento", "autoria": "Loro", "texto_original": "http://sapl.bicas.mg.leg.br/media/./sapl/public/materialegislativa/2018/1455/1455_texto_integral.docx", "ementa": "SOLICITO A CONVOCA\u00c7\u00c3O PARA OITIVAS DAS SEGUINTES TESTEMUNHAS A SEGUIR LISTADAS: ARY C\u00c9SAR MAROCO, D\u00c9BORA DUARTE ALHADAS, FERNANDO C\u00c9ZAR ROCHA E JOEL MIL\u00c3O FILHO."}, {"id": "1456", "ano": "2018", "numero": "18", "tipo__sigla": "REQ", "tipo__descricao": "Requerimento", "autoria": "Loro", "texto_original": "http://sapl.bicas.mg.leg.br/media/./sapl/public/materialegislativa/2018/1456/1456_texto_integral.docx", "ementa": "SOLICITO A PRESID\u00caNCIA DESTA CASA QUE, SEGUINDO O QUE DETERMINA O REGIMENTO INTERNO, FA\u00c7A INSTALAR COMISS\u00c3O ESPECIAL DE INQU\u00c9RITO A FIM DE INVESTIGAR DEN\u00daNCIA SOBRE A AQUISI\u00c7\u00c3O DE DOIS VE\u00cdCULOS RODOVI\u00c1RIOS (\u00d4NIBUS) PLACAS CNI 3995 E CNI 3996 PELA ADMINISTRA\u00c7\u00c3O 2013/2016 PODENDO CARACTERIZAR IND\u00cdCIOS DE DESVIO DE RECURSO DA EDUCA\u00c7\u00c3O, POIS, FORAM ADQUIRIDOS NA DOTA\u00c7\u00c3O DE RENOVA\u00c7\u00c3O DA FROTA ESCOLAR E DA EDUCA\u00c7\u00c3O E FORAM UTILIZADOS NO ENSINO SUPERIOR."}, {"id": "1457", "ano": "2018", "numero": "19", "tipo__sigla": "REQ", "tipo__descricao": "Requerimento", "autoria": "Loro", "texto_original": "http://sapl.bicas.mg.leg.br/media/", "ementa": "SOLICITO A PRESID\u00caNCIA DESTA CASA QUE, SEGUINDO O QUE DETERMINA O REGIMENTO INTERNO, FA\u00c7A INSTALAR COMISS\u00c3O ESPECIAL DE INQU\u00c9RITO A FIM DE INVESTIGAR DEN\u00daNCIA SOBRE A OFERTA DE EMPREGOS A ALGUNS SERVIDORES, PELA ENT\u00c3O VICE- PREFEITA L\u00c9A ALVES DE CASTRO EM ROCA DE FILIA\u00c7\u00c3O PARTID\u00c1RIA EM PARTIDOS VINCULADOS A REFERIDA VICE, UTILIZANDO-SE DO PODER DO CARGO PARA PERSUADIR CIDAD\u00c3O COM PROMESSAS DE TRABALHO NA PREFEITURA.\r\n"}, {"id": "1458", "ano": "2018", "numero": "20", "tipo__sigla": "REQ", "tipo__descricao": "Requerimento", "autoria": "Loro", "texto_original": "http://sapl.bicas.mg.leg.br/media/./sapl/public/materialegislativa/2018/1458/1458_texto_integral.docx", "ementa": "SOLICITO AO PREFEITO MUNICIPAL, QUE ATRAV\u00c9S DA SECRETARIA COMPETENTE, INFORME A ESTA CASA LEGISLATIVA A RELA\u00c7\u00c3O DE PAGAMENTO DE HORAS EXTRAS REFERENTES AO M\u00caS DE FEVEREIRO DE 2018, J\u00c1 QUE A FOLHA DE PAGAMENTOS \u00c9 ENCERRADA A CADA DIA 20 DO M\u00caS ANTERIOR."}, {"id": "1459", "ano": "2018", "numero": "21", "tipo__sigla": "REQ", "tipo__descricao": "Requerimento", "autoria": "Diego da Auto Escola", "texto_original": "http://sapl.bicas.mg.leg.br/media/", "ementa": "SOLICITO AO PREFEITO MUNICIPAL, QUE ATRAV\u00c9S DA SECRETARIA COMPETENTE, INFORME A ESTA CASA LEGISLATIVA A RELA\u00c7\u00c3O DE PAGAMENTO DE DI\u00c1RIAS REFERENTES AO M\u00caS DE JANEIRO E FEVEREIRO DE 2018, AO PREFEITO, VICE-PREFEITO, SECRET\u00c1RIOS, DIRETORES, CONTROLADOR INTERNO E PROCURADORA MUNICIPAL."}, {"id": "1460", "ano": "2018", "numero": "22", "tipo__sigla": "REQ", "tipo__descricao": "Requerimento", "autoria": "Joel Mil\u00e3o do Cemit\u00e9rio", "texto_original": "http://sapl.bicas.mg.leg.br/media/", "ementa": "SOLICITO AO PREFEITO MUNICIPAL, QUE ATRAV\u00c9S DA SECRETARIA COMPETENTE, INFORME A ESTA CASA LEGISLATIVA SOBRE O ANDAMENTO DA DISTRIBUI\u00c7\u00c3O DOS LIVROS DID\u00c1TICOS E KITS ESCOLARES."}, {"id": "1461", "ano": "2018", "numero": "23", "tipo__sigla": "REQ", "tipo__descricao": "Requerimento", "autoria": "Tiago Enfermeiro", "texto_original": "http://sapl.bicas.mg.leg.br/media/", "ementa": "SOLICITO AO PREFEITO MUNICIPAL, QUE ATRAV\u00c9S DA SECRETARIA COMPETENTE, INFORME A RAZ\u00c3O DA INTERRUP\u00c7\u00c3O DO SERVI\u00c7O DE PSICOLOGIA COMPORTAMENTAL."}, {"id": "1462", "ano": "2018", "numero": "24", "tipo__sigla": "REQ", "tipo__descricao": "Requerimento", "autoria": "Loro", "texto_original": "http://sapl.bicas.mg.leg.br/media/./sapl/public/materialegislativa/2018/1462/1462_texto_integral.docx", "ementa": "SOLICITO AO PREFEITO MUNICIPAL, QUE ATRAV\u00c9S DA SECRETARIA DE OBRAS, ENVIE C\u00d3PIAS DAS PLANILHAS DE MOVIMENTA\u00c7\u00c3O DO VE\u00cdCULO VOLKSWAGEN UP, PLACA PYE-1812 ENTRE OS DIAS 01 E 05/02/2018."}, {"id": "1463", "ano": "2018", "numero": "25", "tipo__sigla": "REQ", "tipo__descricao": "Requerimento", "autoria": "Loro", "texto_original": "http://sapl.bicas.mg.leg.br/media/./sapl/public/materialegislativa/2018/1463/1463_texto_integral.docx", "ementa": "SOLICITO AO PREFEITO MUNICIPAL, QUE ATRAV\u00c9S DA DIRETORIA DE RECURSOS HUMANOS, ENVIE RELA\u00c7\u00c3O COMPLETA DE SERVIDORES CONTRATADOS PELA ADMINISTRA\u00c7\u00c3O MUNICIPAL, IDENTIFICANDO OS PRESTADORES DE SERVI\u00c7OS E OS QUE CONSTAM DA FOLHA DE PAGAMENTO."}, {"id": "1485", "ano": "2018", "numero": "26", "tipo__sigla": "REQ", "tipo__descricao": "Requerimento", "autoria": "Loro", "texto_original": "http://sapl.bicas.mg.leg.br/media/./sapl/public/materialegislativa/2018/1485/1485_texto_integral.docx", "ementa": "SOLICITO AO PREFEITO MUNICIPAL, QUE ATRAV\u00c9S SECRETARIA COMPETENTE, INFORME A ESTA CASA LEGISLATIVA O QUE IMPEDE NO MOMENTO A ABERTURA DO PO\u00c7O ARTESIANO LICITADO EM DEZEMBRO DE 2017 E QUAIS MEDIDAS FORAM TOMADAS TENDO EM VISTA O OF\u00cdCIO N\u00ba 02/2018 DESTE MANDATO, QUE ELENCAVA DIVERSAS PROVID\u00caNCIAS SOLICITADAS EM REUNI\u00c3O REALIZADA COM O POVOADO DE SANTA HELENA SOBRE ABASTECIMENTO DE \u00c1GUA E FORNECIMENTO DE ENERGIA EL\u00c9TRICA.\r\n"}, {"id": "1486", "ano": "2018", "numero": "27", "tipo__sigla": "REQ", "tipo__descricao": "Requerimento", "autoria": "Ailton Mendes", "texto_original": "http://sapl.bicas.mg.leg.br/media/", "ementa": "REQUEIRO \u00c0 DIRE\u00c7\u00c3O DO CIESP QUE ENCAMINHE A ESTA CASA LEGISLATIVA A PRESTA\u00c7\u00c3O DE CONTAS DO REPASSE FEDERAL DO CAPS (CENTRO DE ATEN\u00c7\u00c3O PSICOSSOCIAL) REFERENTE AO ANO DE 2017, ASSIM COMO, TODOS OS DADOS PROCESSADOS AT\u00c9 O PRESENTE MOMENTO.\r\n"}, {"id": "1487", "ano": "2018", "numero": "28", "tipo__sigla": "REQ", "tipo__descricao": "Requerimento", "autoria": "Loro", "texto_original": "http://sapl.bicas.mg.leg.br/media/./sapl/public/materialegislativa/2018/1487/1487_texto_integral.docx", "ementa": "SOLICITO AO PREFEITO MUNICIPAL, QUE ATRAV\u00c9S SECRETARIA DE ADMINISTRA\u00c7\u00c3O E PLANEJAMENTO, INFORME A ESTA CASA LEGISLATIVA A SITUA\u00c7\u00c3O ATUAL DA PRESTA\u00c7\u00c3O DE SERVI\u00c7O DE ABASTECIMENTO DE \u00c1GUA NO MUNIC\u00cdPIO. \r\n"}, {"id": "1488", "ano": "2018", "numero": "29", "tipo__sigla": "REQ", "tipo__descricao": "Requerimento", "autoria": "", "texto_original": "http://sapl.bicas.mg.leg.br/media/", "ementa": "RETIRADO"}, {"id": "1489", "ano": "2018", "numero": "30", "tipo__sigla": "REQ", "tipo__descricao": "Requerimento", "autoria": "Joel Mil\u00e3o do Cemit\u00e9rio", "texto_original": "http://sapl.bicas.mg.leg.br/media/", "ementa": "SOLICITO AO PREFEITO MUNICIPAL, QUE ATRAV\u00c9S DA SECRETARIA COMPETENTE, ENCAMINHE A ESTA CASA C\u00d3PIA(EM FORMATO F\u00cdSICO OU DIGITAL) DO CONTRATO COM A EMPRESA VOLPI CONSULTORIA."}, {"id": "1490", "ano": "2018", "numero": "31", "tipo__sigla": "REQ", "tipo__descricao": "Requerimento", "autoria": "Loro", "texto_original": "http://sapl.bicas.mg.leg.br/media/", "ementa": "SOLICITO AO PREFEITO MUNICIPAL, QUE ATRAV\u00c9S DA SECRETARIA COMPETENTE, INFORME A ESTA CASA LEGISLATIVA A RELA\u00c7\u00c3O DE PAGAMENTO DE HORAS EXTRAS REFERENTE AO M\u00caS DE JANEIRO DE 2018. "}, {"id": "1491", "ano": "2018", "numero": "32", "tipo__sigla": "REQ", "tipo__descricao": "Requerimento", "autoria": "Loro", "texto_original": "http://sapl.bicas.mg.leg.br/media/", "ementa": "SOLICITO AO PREFEITO MUNICIPAL, QUE ATRAV\u00c9S DA SECRETARIA COMPETENTE, ENCAMINHE A ESTA CASA LEGISLATIVA O RELAT\u00d3RIO DETALHADO, CONTENDO OS VALORES PAGOS A T\u00cdTULO DE ADICIONAL NOTURNO A TODOS OS SERVIDORES NO PER\u00cdODO DE DEZEMBRO DE 2017 A FEVEREIRO DE 2018."}, {"id": "1492", "ano": "2018", "numero": "33", "tipo__sigla": "REQ", "tipo__descricao": "Requerimento", "autoria": "Tiago Enfermeiro", "texto_original": "http://sapl.bicas.mg.leg.br/media/", "ementa": "SOLICITO AO PREFEITO MUNICIPAL, QUE ATRAV\u00c9S DA SECRETARIA DE EDUCA\u00c7\u00c3O, INFORME OS CRIT\u00c9RIOS DE SELE\u00c7\u00c3O DOS ALUNOS CONTEMPLADOS PELO TRANSPORTE ESTUDANTIL INTERMUNICIPAL E SE HOUVE ALGUM PROCESSO SELETIVO. PE\u00c7O AINDA QUE INFORME SOBRE O CUMPRIMENTO DOS CRIT\u00c9RIOS DE SELE\u00c7\u00c3O PREVISTOS NA LEGISLA\u00c7\u00c3O MUNICIPAL."}, {"id": "1502", "ano": "2018", "numero": "34", "tipo__sigla": "REQ", "tipo__descricao": "Requerimento", "autoria": "Loro", "texto_original": "http://sapl.bicas.mg.leg.br/media/./sapl/public/materialegislativa/2018/1502/1502_texto_integral.docx", "ementa": "SOLICITO AO PREFEITO MUNICIPAL, QUE ATRAV\u00c9S DA SECRETARIA DE EDUCA\u00c7\u00c3O, ENCAMINHE A ESTA CASA LEGISLATIVA RELAT\u00d3RIO DETALHADO DO TRANSPORTE DE ESTUDANTES PARA A CIDADE DE JUIZ DE FORA, CONTENDO NOME COMPLETO DO BENEFICI\u00c1RIO, TIPO DE BENEF\u00cdCIO RECEBIDO (PASSE, TRANSPORTE DIRETO OU SUBS\u00cdDIO FINANCEIRO), DEMANDA REPRIMIDA (SE HOUVER), CURSO DO ESTUDANTE, N\u00daMERO DE VE\u00cdCULOS E SUA CAPACIDADE SEPARADOS POR TURNO, VALOR PAGO NOS PASSES PELO ESTUDANTE E CONTRAPARTIDA DA PREFEITURA \u00c0 VIA\u00c7\u00c3O SANTOS LTDA., SE HOUVER."}, {"id": "1503", "ano": "2018", "numero": "35", "tipo__sigla": "REQ", "tipo__descricao": "Requerimento", "autoria": "Loro", "texto_original": "http://sapl.bicas.mg.leg.br/media/./sapl/public/materialegislativa/2018/1503/1503_texto_integral.docx", "ementa": "SOLICITO AO PREFEITO MUNICIPAL, QUE ATRAV\u00c9S DA SECRETARIA COMPETENTE, INFORME A ESTA CASA LEGISLATIVA A RELA\u00c7\u00c3O DE PAGAMENTO DE HORAS EXTRAS REFERENTES AO M\u00caS DE MAR\u00c7O DE 2018, J\u00c1 QUE A FOLHA DE PONTO DOS SERVIDORES \u00c9 ENCERRADA NO DIA 20 DE CADA M\u00caS."}, {"id": "1520", "ano": "2018", "numero": "36", "tipo__sigla": "REQ", "tipo__descricao": "Requerimento", "autoria": "Loro", "texto_original": "http://sapl.bicas.mg.leg.br/media/", "ementa": "SOLICITO DA MESA DIRETORA DESTA CASA, REMETA PARA CONHECIMENTO E ASSINATURA DOS VEREADORES DAS C\u00c2MARAS DA COMARCA DE BICAS, O MANIFESTO QUE FOI ELABORADO PELO CISDESTES, E QUE SEGUE ANEXO A ESTA, REFERENTE A MELHORIAS NECESS\u00c1RIAS NA RODOVIA BR 267."}, {"id": "1659", "ano": "2018", "numero": "37", "tipo__sigla": "REQ", "tipo__descricao": "Requerimento", "autoria": "Tiago Enfermeiro", "texto_original": "http://sapl.bicas.mg.leg.br/media/sapl/public/materialegislativa/2018/1659/037_-_tiago_impositivas.docx", "ementa": "Solicito ao Prefeito Municipal, que envie um posicionamento sobre as emendas impositivas aprovadas por esta Casa."}, {"id": "1660", "ano": "2018", "numero": "38", "tipo__sigla": "REQ", "tipo__descricao": "Requerimento", "autoria": "", "texto_original": "http://sapl.bicas.mg.leg.br/media/sapl/public/materialegislativa/2018/1660/038_agricultura_familiar.docx", "ementa": "Solicito ao Prefeito Municipal, que atrav\u00e9s da Secretaria competente, determine a imediata atualiza\u00e7\u00e3o do Portal da Transpar\u00eancia do Munic\u00edpio, em especial dos dados do Edital de Chamada P\u00fablica n\u00ba 01/2018, que diz respeito \u00e0 aquisi\u00e7\u00e3o de g\u00eaneros aliment\u00edcios da agricultura familiar."}, {"id": "1661", "ano": "2018", "numero": "39", "tipo__sigla": "REQ", "tipo__descricao": "Requerimento", "autoria": "Joel Mil\u00e3o do Cemit\u00e9rio", "texto_original": "http://sapl.bicas.mg.leg.br/media/sapl/public/materialegislativa/2018/1661/039_-_joel_-_manutencao_carros.docx", "ementa": "Solicito ao Prefeito Municipal, que atrav\u00e9s da Secretaria competente, encaminhe a esta Casa relat\u00f3rio bimestral(em formato f\u00edsico ou digital) da manuten\u00e7\u00e3o dos ve\u00edculos da frota municipal."}, {"id": "1662", "ano": "2018", "numero": "40", "tipo__sigla": "REQ", "tipo__descricao": "Requerimento", "autoria": "Rafael Aquino", "texto_original": "http://sapl.bicas.mg.leg.br/media/sapl/public/materialegislativa/2018/1662/040_-_rafael_-_itpu.docx", "ementa": "Solicito da Mesa Diretora, que marque uma reuni\u00e3o com a empresa que executou o recadastramento imobili\u00e1rio no munic\u00edpio."}, {"id": "1663", "ano": "2018", "numero": "41", "tipo__sigla": "REQ", "tipo__descricao": "Requerimento", "autoria": "Rafael Aquino", "texto_original": "http://sapl.bicas.mg.leg.br/media/sapl/public/materialegislativa/2018/1663/041_-_rafael_-.docx", "ementa": "Solicito da Mesa Diretora, que marque uma reuni\u00e3o entre n\u00f3s vereadores e a empresa Uni\u00e3o Recicl\u00e1veis, a fim de debatermos a respeito do contrato em vig\u00eancia (que prev\u00ea por exemplo a\u00e7\u00e3o junto \u00e0s escolas do munic\u00edpio, e que ainda n\u00e3o foi implementada), bem como procedimentos adotados e reclama\u00e7\u00f5es constantes da popula\u00e7\u00e3o com rela\u00e7\u00e3o a coleta do lixo e as rotas."}, {"id": "1664", "ano": "2018", "numero": "42", "tipo__sigla": "REQ", "tipo__descricao": "Requerimento", "autoria": "Rafael Aquino", "texto_original": "http://sapl.bicas.mg.leg.br/media/sapl/public/materialegislativa/2018/1664/042_-_rafael_-.docx", "ementa": "Solicito da Mesa Diretora, que estude viabilidade or\u00e7ament\u00e1ria e jur\u00eddica para que a C\u00e2mara Municipal de Bicas possa apoiar o programa PROERD da Pol\u00edcia Militar, nas escolas P\u00fablicas de Bicas."}, {"id": "1675", "ano": "2018", "numero": "43", "tipo__sigla": "REQ", "tipo__descricao": "Requerimento", "autoria": "Loro", "texto_original": "http://sapl.bicas.mg.leg.br/media/sapl/public/materialegislativa/2018/1675/043-loro_adicional_noturno.docx", "ementa": "Solicito ao Prefeito Municipal, que atrav\u00e9s da Secretaria competente, encaminhe a esta Casa Legislativa o relat\u00f3rio detalhado, contendo os valores pagos a t\u00edtulo de adicional noturno a todos os servidores nos meses de mar\u00e7o e abril de 2018."}, {"id": "1676", "ano": "2018", "numero": "44", "tipo__sigla": "REQ", "tipo__descricao": "Requerimento", "autoria": "Loro", "texto_original": "http://sapl.bicas.mg.leg.br/media/sapl/public/materialegislativa/2018/1676/044-loro_horas_extras.docx", "ementa": "Solicito ao Prefeito Municipal, que atrav\u00e9s da Secretaria competente, informe a esta Casa Legislativa a rela\u00e7\u00e3o de pagamento de horas extras referentes ao m\u00eas de abril de 2018."}, {"id": "1677", "ano": "2018", "numero": "45", "tipo__sigla": "REQ", "tipo__descricao": "Requerimento", "autoria": "Loro", "texto_original": "http://sapl.bicas.mg.leg.br/media/sapl/public/materialegislativa/2018/1677/045-loro_reforma_exposicao.docx", "ementa": "Solicito ao Prefeito Municipal, que atrav\u00e9s da Secretaria competente, informe a esta Casa Legislativa sobre poss\u00edvel solicita\u00e7\u00e3o de reparos feito por \u00f3rg\u00e3o de fiscaliza\u00e7\u00e3o no Parque Municipal de Exposi\u00e7\u00e3o."}, {"id": "1678", "ano": "2018", "numero": "46", "tipo__sigla": "REQ", "tipo__descricao": "Requerimento", "autoria": "Joel Mil\u00e3o do Cemit\u00e9rio", "texto_original": "http://sapl.bicas.mg.leg.br/media/sapl/public/materialegislativa/2018/1678/046_-_joel_-_conselho_tutelar.docx", "ementa": "Solicito \u00e0 Presid\u00eancia do Conselho Tutelar que informe se tomou conhecimento da situa\u00e7\u00e3o das Kombis escolares e se por ventura alguma m\u00e3e fez alguma reclama\u00e7\u00e3o a respeito."}, {"id": "1679", "ano": "2018", "numero": "47", "tipo__sigla": "REQ", "tipo__descricao": "Requerimento", "autoria": "Tiago Enfermeiro", "texto_original": "http://sapl.bicas.mg.leg.br/media/sapl/public/materialegislativa/2018/1679/047_tiago_coronel_souza.docx", "ementa": "Solicito ao Prefeito Municipal, que atrav\u00e9s da secretaria Municipal de Educa\u00e7\u00e3o apresente explica\u00e7\u00f5es sobre trincas no pr\u00e9dio da Escola Municipal Coronel Joaquim Jos\u00e9 de Souza."}, {"id": "1680", "ano": "2018", "numero": "48", "tipo__sigla": "REQ", "tipo__descricao": "Requerimento", "autoria": "Rafael Aquino", "texto_original": "http://sapl.bicas.mg.leg.br/media/sapl/public/materialegislativa/2018/1680/048_rafael_audiencia.docx", "ementa": "Solicito do Sr Presidente que seja marcada Audi\u00eancia P\u00fablica nesta casa de leis, para debate acerca da situa\u00e7\u00e3o do esgoto de nossa cidade, com a possibilidade da empresa COPASA assumir tal servi\u00e7o."}, {"id": "1681", "ano": "2018", "numero": "49", "tipo__sigla": "REQ", "tipo__descricao": "Requerimento", "autoria": "Loro", "texto_original": "http://sapl.bicas.mg.leg.br/media/sapl/public/materialegislativa/2018/1681/049_loro_placa.doc", "ementa": "Solicito que seja oficiado o DNIT, para reposicionamento da placa indicando a entrada para a cidade de Bicas no trevo de acesso ao per\u00edmetro urbano do munic\u00edpio na BR-267, sentido Juiz de Fora-Bicas, para afast\u00e1-la do trevo e melhorar sua visibilidade."}, {"id": "1682", "ano": "2018", "numero": "50", "tipo__sigla": "REQ", "tipo__descricao": "Requerimento", "autoria": "Loro", "texto_original": "http://sapl.bicas.mg.leg.br/media/sapl/public/materialegislativa/2018/1682/050_loro_odontologos.doc", "ementa": "Solicito que a Secretaria de Sa\u00fade, ap\u00f3s aprova\u00e7\u00e3o plen\u00e1ria, informe a esta Casa Legislativa o n\u00famero de odontologistas pertencentes ao quadro de servidores municipais, seus nomes completos, suas respectivas cargas hor\u00e1rias, jornadas, com detalhamento dos hor\u00e1rios de atendimento, bem como dos locais onde prestam este servi\u00e7o."}, {"id": "1683", "ano": "2018", "numero": "51", "tipo__sigla": "REQ", "tipo__descricao": "Requerimento", "autoria": "Loro", "texto_original": "http://sapl.bicas.mg.leg.br/media/sapl/public/materialegislativa/2018/1683/051_loro_palacio.doc", "ementa": "Solicito que o Prefeito Municipal, atrav\u00e9s do \u00f3rg\u00e3o competente, encaminhe a esta Casa Legislativa por meio eletr\u00f4nico ou f\u00edsico, detalhamento sobre a cobertura do novo pr\u00e9dio que abrigar\u00e1 a Secretaria de Educa\u00e7\u00e3o."}, {"id": "1684", "ano": "2018", "numero": "52", "tipo__sigla": "REQ", "tipo__descricao": "Requerimento", "autoria": "Tiago Enfermeiro", "texto_original": "http://sapl.bicas.mg.leg.br/media/sapl/public/materialegislativa/2018/1684/052_tiago_contratados.docx", "ementa": "Solicito ao Prefeito Municipal, que atrav\u00e9s da secretaria Municipal de Fazenda envie a listagem dos prestadores de servi\u00e7o pessoa f\u00edsica contratados pela prefeitura por excepcional interesse p\u00fablico."}, {"id": "1685", "ano": "2018", "numero": "53", "tipo__sigla": "REQ", "tipo__descricao": "Requerimento", "autoria": "Loro", "texto_original": "http://sapl.bicas.mg.leg.br/media/sapl/public/materialegislativa/2018/1685/053-loro_adicional_noturno.docx", "ementa": "Solicito ao Prefeito Municipal, que atrav\u00e9s da Secretaria competente, encaminhe a esta Casa Legislativa o relat\u00f3rio detalhado, contendo os valores pagos a t\u00edtulo de adicional noturno a todos os servidores no m\u00eas de maio de 2018."}, {"id": "1686", "ano": "2018", "numero": "54", "tipo__sigla": "REQ", "tipo__descricao": "Requerimento", "autoria": "", "texto_original": "http://sapl.bicas.mg.leg.br/media/sapl/public/materialegislativa/2018/1686/054-loro_horas_extras.docx", "ementa": "Solicito ao Prefeito Municipal, que atrav\u00e9s da Secretaria competente, informe a esta Casa Legislativa a rela\u00e7\u00e3o de pagamento de horas extras referente ao m\u00eas de maio de 2018."}, {"id": "1687", "ano": "2018", "numero": "55", "tipo__sigla": "REQ", "tipo__descricao": "Requerimento", "autoria": "", "texto_original": "http://sapl.bicas.mg.leg.br/media/sapl/public/materialegislativa/2018/1687/055_loro_geoobras.doc", "ementa": "Solicito \u00e0 Presid\u00eancia da C\u00e2mara Municipal que, ouvido o plen\u00e1rio, formalize nova den\u00fancia ao Tribunal de Contas do Estado de Minas Gerais em face do Munic\u00edpio de Bicas, pelo n\u00e3o cumprimento do que estabelece a Instru\u00e7\u00e3o Normativa n\u00ba 06/2013 daquele \u00f3rg\u00e3o que trata do Portal GeoObras, onde deveriam ser publicados os detalhes de todas as obras realizadas pelo Munic\u00edpio."}, {"id": "1688", "ano": "2018", "numero": "56", "tipo__sigla": "REQ", "tipo__descricao": "Requerimento", "autoria": "", "texto_original": "http://sapl.bicas.mg.leg.br/media/sapl/public/materialegislativa/2018/1688/056_loro_insalubridade.doc", "ementa": "Solicito ao Prefeito Municipal que fa\u00e7a enviar a esta Casa Legislativa, listagem completa dos servidores que est\u00e3o recebendo regularmente o pagamento da insalubridade."}, {"id": "1689", "ano": "2018", "numero": "57", "tipo__sigla": "REQ", "tipo__descricao": "Requerimento", "autoria": "Loro", "texto_original": "http://sapl.bicas.mg.leg.br/media/sapl/public/materialegislativa/2018/1689/057_loro_pregao_50.doc", "ementa": "Solicito ao Prefeito Municipal que fa\u00e7a enviar a esta Casa Legislativa, c\u00f3pia impressa ou em m\u00eddia digital do Preg\u00e3o Presencial n\u00ba 50/2018."}, {"id": "1690", "ano": "2018", "numero": "58", "tipo__sigla": "REQ", "tipo__descricao": "Requerimento", "autoria": "Tiago Enfermeiro", "texto_original": "http://sapl.bicas.mg.leg.br/media/sapl/public/materialegislativa/2018/1690/058_tiago_fono.docx", "ementa": "Solicito ao Prefeito Municipal, que atrav\u00e9s da secretaria Municipal Competente, informe se os fonoaudi\u00f3logos est\u00e3o cumprindo a carga hor\u00e1ria de 20 horas semanais."}, {"id": "1691", "ano": "2018", "numero": "59", "tipo__sigla": "REQ", "tipo__descricao": "Requerimento", "autoria": "Loro", "texto_original": "http://sapl.bicas.mg.leg.br/media/sapl/public/materialegislativa/2018/1691/059_loro_areas_institucionais.doc", "ementa": "Solicito ao Prefeito Municipal que fa\u00e7a enviar a esta Casa Legislativa, relat\u00f3rio das \u00e1reas institucionais que constam nos cadastros municipais indicando, caso existam, \u00e1reas invadidas."}, {"id": "1692", "ano": "2018", "numero": "60", "tipo__sigla": "REQ", "tipo__descricao": "Requerimento", "autoria": "Loro", "texto_original": "http://sapl.bicas.mg.leg.br/media/sapl/public/materialegislativa/2018/1692/060_loro_estoque.doc", "ementa": "Solicito ao Prefeito Municipal que fa\u00e7a enviar a esta Casa Legislativa, relat\u00f3rio de todo o estoque discriminado de materiais de constru\u00e7\u00e3o, el\u00e9trico, ferragens e madeiras, ao final do exerc\u00edcio de 2017."}, {"id": "1693", "ano": "2018", "numero": "61", "tipo__sigla": "REQ", "tipo__descricao": "Requerimento", "autoria": "Tiago Enfermeiro", "texto_original": "http://sapl.bicas.mg.leg.br/media/sapl/public/materialegislativa/2018/1693/061_tiago_pedido_explicacoes.docx", "ementa": "Solicito ao Prefeito Municipal, que atrav\u00e9s da secretaria Municipal de Educa\u00e7\u00e3o, informe se houve algum incidente no Centro Educacional Dejanira Fonseca de Oliveira(Creche) em 02/07/2018 e, em caso afirmativo, qual a provid\u00eancia tomada."}, {"id": "1695", "ano": "2018", "numero": "62", "tipo__sigla": "REQ", "tipo__descricao": "Requerimento", "autoria": "Loro", "texto_original": "http://sapl.bicas.mg.leg.br/media/sapl/public/materialegislativa/2018/1695/062_loro_pp_03-2017.doc", "ementa": "Solicito ao Prefeito Municipal que fa\u00e7a enviar a esta Casa Legislativa ou que determine a publica\u00e7\u00e3o no Portal da Transpar\u00eancia, das atas de registro de pre\u00e7os do Preg\u00e3o Presencial n\u00ba 03/2017, especificamente as relativas \u00e0s empresas D\u2019Casa Materiais de Constru\u00e7\u00e3o Ltda. e Ferragens Filgueiras Ltda."}, {"id": "1696", "ano": "2018", "numero": "63", "tipo__sigla": "REQ", "tipo__descricao": "Requerimento", "autoria": "Loro", "texto_original": "http://sapl.bicas.mg.leg.br/media/sapl/public/materialegislativa/2018/1696/063_loro_acidente_trator.doc", "ementa": "Solicito ao Prefeito Municipal que fa\u00e7a enviar a esta Casa Legislativa informa\u00e7\u00f5es acerca do acidente envolvendo um dos ve\u00edculos da Prefeitura Municipal e o ve\u00edculo do Sr. Vasco Leite de Almeida (fotos anexas), aproveitando para encaminhar c\u00f3pia do Termo Circunstanciado de Ocorr\u00eancia (TCO) e demais documentos sobre as provid\u00eancias administrativas adotadas a partir do mesmo."}, {"id": "1697", "ano": "2018", "numero": "64", "tipo__sigla": "REQ", "tipo__descricao": "Requerimento", "autoria": "Joel Mil\u00e3o do Cemit\u00e9rio", "texto_original": "http://sapl.bicas.mg.leg.br/media/sapl/public/materialegislativa/2018/1697/064_-_joel_-_tiro_de_guerra.docx", "ementa": "Solicito ao Prefeito Municipal, que atrav\u00e9s da Secretaria competente, encaminhe a esta Casa informa\u00e7\u00f5es sobre o registro e a situa\u00e7\u00e3o atual do terreno do Tiro de Guerra."}, {"id": "1698", "ano": "2018", "numero": "65", "tipo__sigla": "REQ", "tipo__descricao": "Requerimento", "autoria": "Joel Mil\u00e3o do Cemit\u00e9rio", "texto_original": "http://sapl.bicas.mg.leg.br/media/sapl/public/materialegislativa/2018/1698/065_-_joel_-_veiculos.docx", "ementa": "Solicito ao Prefeito Municipal, que atrav\u00e9s da Secretaria competente, encaminhe a esta Casa listagem dos ve\u00edculos da frota municipal, contendo modelo, marca, ano de fabrica\u00e7\u00e3o e placa."}, {"id": "1699", "ano": "2018", "numero": "66", "tipo__sigla": "REQ", "tipo__descricao": "Requerimento", "autoria": "Loro", "texto_original": "http://sapl.bicas.mg.leg.br/media/sapl/public/materialegislativa/2018/1699/066_-_loro_decretos.docx", "ementa": "Solicito ao Prefeito Municipal, que atrav\u00e9s da Secretaria competente, determine a imediata atualiza\u00e7\u00e3o do Portal da Transpar\u00eancia, fazendo publicar imediatamente os decretos de n\u00fameros 487 a 496 e 498 a 501."}, {"id": "1700", "ano": "2018", "numero": "67", "tipo__sigla": "REQ", "tipo__descricao": "Requerimento", "autoria": "Joel Mil\u00e3o do Cemit\u00e9rio", "texto_original": "http://sapl.bicas.mg.leg.br/media/sapl/public/materialegislativa/2018/1700/067_-_retirado_joel_-_terreno_associacao.docx", "ementa": "RETIRADO"}, {"id": "1701", "ano": "2018", "numero": "68", "tipo__sigla": "REQ", "tipo__descricao": "Requerimento", "autoria": "Loro", "texto_original": "http://sapl.bicas.mg.leg.br/media/sapl/public/materialegislativa/2018/1701/068_-_loro_pp_50.docx", "ementa": "Solicito ao Prefeito Municipal, que atrav\u00e9s da Secretaria competente, informe a esta Casa Legislativa algumas d\u00favidas, advindas da an\u00e1lise do Preg\u00e3o Presencial n\u00ba 50/2018. Sendo elas: Por qual motivo as empresas locais W6 Comunica\u00e7\u00e3o Ltda. (jornal @conteceu) e Gr\u00e1fica Biquense Ltda. n\u00e3o foram consultadas para envio de or\u00e7amento na fase interna de licita\u00e7\u00e3o? Quem indicou a empresa Ideal Propaganda para fornecimento de or\u00e7amento nesta mesma fase? Porque foi solicitado or\u00e7amento da empresa Veiga e Machado Ltda, editora do jornal O Munic\u00edpio, sendo que todos sabem que ela j\u00e1 n\u00e3o produz jornal impresso h\u00e1 mais de dois anos? Porque a pregoeira aceitou o pre\u00e7o da concorrente \u00fanica no certame, a empresa Dulcilene Gomes de Ara\u00fajo ME, no valor de R$ 3.000,00 (tr\u00eas mil reais), se o or\u00e7amento original fornecido por esta mesma empresa na fase interna de licita\u00e7\u00e3o foi de R$ 2.700,00 (dois mil e setecentos reais) e v\u00e1lido por doze meses? Porque a Diretoria de licita\u00e7\u00e3o aceitou o or\u00e7amento para fixa\u00e7\u00e3o do valor de refer\u00eancia de duas empresas ligadas intimamente entre si, como a Dulcilene Gomes de Ara\u00fajo (vencedora e \u00fanica participante do certame) e a empresa Ideal propaganda, j\u00e1 que o jornalista respons\u00e1vel pelo Jornal News Minas \u00e9 um dos s\u00f3cios da empresa Ideal propaganda e, al\u00e9m disso, a empresa Ideal Propaganda consta tamb\u00e9m no expediente do Jornal News Minas como a respons\u00e1vel pelo projeto gr\u00e1fico do mesmo? Se a Diretoria de licita\u00e7\u00e3o verificou a exist\u00eancia f\u00e1tica da empresa Ideal Propaganda Ltda., j\u00e1 que no endere\u00e7o citado no or\u00e7amento, qual seja, Rua Ibaiti, n\u00ba 132 \u2013 Vila Cristina \u2013 Carapicu\u00edba/SP n\u00e3o conseguimos localizar a referida empresa?"}, {"id": "1702", "ano": "2018", "numero": "69", "tipo__sigla": "REQ", "tipo__descricao": "Requerimento", "autoria": "Loro", "texto_original": "http://sapl.bicas.mg.leg.br/media/sapl/public/materialegislativa/2018/1702/069_loro_pregao_42-52.doc", "ementa": "Solicito ao Prefeito Municipal que fa\u00e7a enviar a esta Casa Legislativa, c\u00f3pia impressa ou em m\u00eddia digital dos Preg\u00f5es Presenciais de n\u00fameros 42 e 52/2018."}, {"id": "1740", "ano": "2018", "numero": "70", "tipo__sigla": "REQ", "tipo__descricao": "Requerimento", "autoria": "Loro", "texto_original": "http://sapl.bicas.mg.leg.br/media/sapl/public/materialegislativa/2018/1740/070_loro_taxa_de_iluminacao.doc", "ementa": "Solicito ao Prefeito Municipal que fa\u00e7a enviar a esta Casa Legislativa, relat\u00f3rio do saldo financeiro relativo a conta da taxa de ilumina\u00e7\u00e3o p\u00fablica."}, {"id": "1741", "ano": "2018", "numero": "71", "tipo__sigla": "REQ", "tipo__descricao": "Requerimento", "autoria": "Loro", "texto_original": "http://sapl.bicas.mg.leg.br/media/sapl/public/materialegislativa/2018/1741/071_loro_correcao_rep_02.doc", "ementa": "Solicito \u00e0 Presid\u00eancia desta Casa, que fa\u00e7a substituir a p\u00e1gina 02 da Representa\u00e7\u00e3o n\u00ba 02/2018, devido a erros contidos na planilha ali apresentada, pela p\u00e1gina a este anexada com a corre\u00e7\u00e3o de descri\u00e7\u00f5es de materiais."}, {"id": "1742", "ano": "2018", "numero": "72", "tipo__sigla": "REQ", "tipo__descricao": "Requerimento", "autoria": "Denisy Dur\u00e3o", "texto_original": "http://sapl.bicas.mg.leg.br/media/sapl/public/materialegislativa/2018/1742/072_denisy_copasa.docx", "ementa": "Solicito \u00e0 COPASA que explique os motivos dos constantes desabastecimentos de \u00e1gua, em especial nos finais de semana."}, {"id": "1757", "ano": "2018", "numero": "73", "tipo__sigla": "REQ", "tipo__descricao": "Requerimento", "autoria": "", "texto_original": "http://sapl.bicas.mg.leg.br/media/", "ementa": "Solicito \u00e0 Mesa Diretora, que oficie a Companhia de Saneamento de Minas Gerais (COPASA) solicitando que envie a esta Casa Legislativa, relat\u00f3rio informando o n\u00famero de liga\u00e7\u00f5es de \u00e1gua no munic\u00edpio de Bicas, tanto de clientes pessoas f\u00edsicas quanto pessoas jur\u00eddicas, e o faturamento mensal da empresa em nosso Munic\u00edpio nos \u00faltimos 12 meses."}, {"id": "1767", "ano": "2018", "numero": "74", "tipo__sigla": "REQ", "tipo__descricao": "Requerimento", "autoria": "Rafael Aquino", "texto_original": "http://sapl.bicas.mg.leg.br/media/sapl/public/materialegislativa/2018/1767/074_rafael_-_outubro_rosa.docx", "ementa": "Solicito da Mesa Diretora, que fa\u00e7a publica\u00e7\u00e3o na p\u00e1gina da C\u00e2mara na internet, e nas redes sociais, alus\u00e3o ao outubro rosa, e a respeito aos direitos dos idosos pelo dia do idoso, que \u00e9 comemorado na data de hoje, dia primeiro de outubro."}, {"id": "1783", "ano": "2018", "numero": "75", "tipo__sigla": "REQ", "tipo__descricao": "Requerimento", "autoria": "", "texto_original": "http://sapl.bicas.mg.leg.br/media/sapl/public/materialegislativa/2018/1783/075_loro_lei_1836.doc", "ementa": "Solicito \u00e0 Presid\u00eancia, que oficie a Secret\u00e1ria Municipal de Administra\u00e7\u00e3o e Planejamento alertando para o descumprimento da Lei Municipal n\u00ba 1.836/2018, que obriga o Munic\u00edpio a informar \u00e0 C\u00e2mara Municipal de Bicas em at\u00e9 48 horas a publica\u00e7\u00e3o de editais de sele\u00e7\u00e3o ou quaisquer outros tipos contrata\u00e7\u00e3o."}, {"id": "1784", "ano": "2018", "numero": "76", "tipo__sigla": "REQ", "tipo__descricao": "Requerimento", "autoria": "", "texto_original": "http://sapl.bicas.mg.leg.br/media/sapl/public/materialegislativa/2018/1784/076_loro_dispensa_109.doc", "ementa": "Solicito ao Prefeito Municipal que fa\u00e7a enviar a esta Casa Legislativa, todos os documentos referentes ao Processo de Dispensa de Licita\u00e7\u00e3o n\u00ba 109/2017."}, {"id": "1785", "ano": "2018", "numero": "77", "tipo__sigla": "REQ", "tipo__descricao": "Requerimento", "autoria": "Rafael Aquino", "texto_original": "http://sapl.bicas.mg.leg.br/media/sapl/public/materialegislativa/2018/1785/077_rafael_-_copasa.docx", "ementa": "Solicito da Mesa Diretora, que OFICIE A EMPRESA COPASA, para que a mesma regularize o abastecimento de \u00e1gua para os moradores da rua Gumercindo Frade."}, {"id": "1786", "ano": "2018", "numero": "78", "tipo__sigla": "REQ", "tipo__descricao": "Requerimento", "autoria": "", "texto_original": "http://sapl.bicas.mg.leg.br/media/sapl/public/materialegislativa/2018/1786/078_rafael_-_oi.docx", "ementa": "Solicito da mesa diretora desta casa, que seja oficiado a operadora OI, para que informe os motivos pela m\u00e1 presta\u00e7\u00e3o de servi\u00e7o de fornecimento de internet atrav\u00e9s do oi velox."}, {"id": "1800", "ano": "2018", "numero": "79", "tipo__sigla": "REQ", "tipo__descricao": "Requerimento", "autoria": "", "texto_original": "http://sapl.bicas.mg.leg.br/media/sapl/public/materialegislativa/2018/1800/079_loro_carros_de_som.doc", "ementa": "Solicito ao Prefeito Municipal, que fa\u00e7a enviar a esta Casa Legislativa relat\u00f3rio de todas as secretarias municipais contendo as solicita\u00e7\u00f5es de an\u00fancios atrav\u00e9s de carros de propaganda volante realizadas nos anos de 2017 e 2018 at\u00e9 a presente data, encaminhando em anexo as ordens de servi\u00e7o e os textos que foram veiculados e as datas de quando isso ocorreu."}, {"id": "1801", "ano": "2018", "numero": "80", "tipo__sigla": "REQ", "tipo__descricao": "Requerimento", "autoria": "", "texto_original": "http://sapl.bicas.mg.leg.br/media/sapl/public/materialegislativa/2018/1801/080_loro_extratos_bancarios_e_relacao_gastos_ic_1JRlEKb.doc", "ementa": "Solicito ao Prefeito Municipal, que fa\u00e7a enviar a esta Casa Legislativa c\u00f3pias os extratos banc\u00e1rios, m\u00eas a m\u00eas, da conta do Fundo Municipal de Esportes que recebe recursos do ICMS Esportivo dos anos de 2017 e 2108 at\u00e9 o momento, bem como um relat\u00f3rio simplificado dos investimentos realizados com os referidos recursos."}, {"id": "1802", "ano": "2018", "numero": "81", "tipo__sigla": "REQ", "tipo__descricao": "Requerimento", "autoria": "", "texto_original": "http://sapl.bicas.mg.leg.br/media/sapl/public/materialegislativa/2018/1802/081_loro_eventos_2017_e_2018.doc", "ementa": "Solicito ao Prefeito Municipal, que fa\u00e7a enviar a esta Casa Legislativa relat\u00f3rio de todas as secretarias municipais contendo todos os eventos de pequeno porte realizados por elas nos anos de 2017 e 2018 at\u00e9 o momento, tais como palestras, semin\u00e1rios, encontros, confer\u00eancias, entre outros. Junto ao relat\u00f3rio, ordene aos secret\u00e1rios que anexem em c\u00f3pia digital fotografias de todos estes eventos, identificando cada um deles."}, {"id": "1803", "ano": "2018", "numero": "82", "tipo__sigla": "REQ", "tipo__descricao": "Requerimento", "autoria": "Joel Mil\u00e3o do Cemit\u00e9rio", "texto_original": "http://sapl.bicas.mg.leg.br/media/sapl/public/materialegislativa/2018/1803/082-_veiculos.docx", "ementa": "Solicito ao Prefeito Municipal, que atrav\u00e9s da secretaria competente, envie rela\u00e7\u00e3o completa de todos os ve\u00edculos que est\u00e3o estragados nas secretarias de educa\u00e7\u00e3o, sa\u00fade e obras e qual o problema."}, {"id": "1804", "ano": "2018", "numero": "83", "tipo__sigla": "REQ", "tipo__descricao": "Requerimento", "autoria": "Joel Mil\u00e3o do Cemit\u00e9rio", "texto_original": "http://sapl.bicas.mg.leg.br/media/sapl/public/materialegislativa/2018/1804/083_loro_odontologia_psf.doc", "ementa": "Solicito ao Prefeito Municipal, que fa\u00e7a enviar a esta Casa Legislativa relat\u00f3rio E-SUS de todos os atendimentos/procedimentos em odontologia realizados no Posto de Sa\u00fade da Fam\u00edlia Oeste (Leopoldina), de junho de 2017 at\u00e9 os dias atuais."}, {"id": "1805", "ano": "2018", "numero": "84", "tipo__sigla": "REQ", "tipo__descricao": "Requerimento", "autoria": "Rafael Aquino", "texto_original": "http://sapl.bicas.mg.leg.br/media/sapl/public/materialegislativa/2018/1805/084_rafael_medicamentos.doc", "ementa": "Solicito da mesa diretora desta casa, que seja oficiado a SES-MG (Secretaria Estadual de Sa\u00fade de minas Gerais), cobrando a regulariza\u00e7\u00e3o do fornecimento de medicamentos para a cidade de Bicas, principalmente com rela\u00e7\u00e3o ao medicamento Riluzol, fornecido pelo Sistema \u00danico de Sa\u00fade (SUS) por meio do Programa Estadual de Assist\u00eancia Farmac\u00eautica, que tem prejudicado pacientes diagnosticados com Esclerose Lateral Amiotr\u00f3fica (ELA)."}, {"id": "1826", "ano": "2018", "numero": "85", "tipo__sigla": "REQ", "tipo__descricao": "Requerimento", "autoria": "Denisy Dur\u00e3o", "texto_original": "http://sapl.bicas.mg.leg.br/media/sapl/public/materialegislativa/2018/1826/085_denisy_processo_licitatorio.docx", "ementa": "Solicito ao Presidente desta Casa Legislativa c\u00f3pia de todos os processos licitat\u00f3rios, empenhos, c\u00f3pia de cheques de todos os eventos feitos pela C\u00e2mara Municipal de Bicas nos anos de 2015e 2016."}, {"id": "1827", "ano": "2018", "numero": "86", "tipo__sigla": "REQ", "tipo__descricao": "Requerimento", "autoria": "Denisy Dur\u00e3o", "texto_original": "http://sapl.bicas.mg.leg.br/media/sapl/public/materialegislativa/2018/1827/086_denisy_processo_cpi.docx", "ementa": "Solicito ao Presidente desta Casa Legislativa c\u00f3pia de todo o processo da CPI instaurada para verifica\u00e7\u00e3o de exist\u00eancia de irregularidades no Processo Licitat\u00f3rio n\u00ba. 72/2017 \u2013 Convite n\u00ba.3/2017 que objetivou \u201cContrata\u00e7\u00e3o de pessoa f\u00edsica ou sociedade empres\u00e1ria destinada \u00e0 presta\u00e7\u00e3o de servi\u00e7os de marketing em \u00e1udio visual para atender a demanda de publicidade e propaganda da Prefeitura Municipal de Bicas.\u201d"}, {"id": "1828", "ano": "2018", "numero": "87", "tipo__sigla": "REQ", "tipo__descricao": "Requerimento", "autoria": "Ailton Mendes", "texto_original": "http://sapl.bicas.mg.leg.br/media/sapl/public/materialegislativa/2018/1828/087_ailton-diarias.docx", "ementa": "Solicito ao Presidente desta Casa Legislativa relat\u00f3rio de todas as di\u00e1rias dos Vereadores dos anos de 2017 e 2018 referentes a viagens com as respectivas despesas e c\u00f3pias de cheques."}, {"id": "1829", "ano": "2018", "numero": "88", "tipo__sigla": "REQ", "tipo__descricao": "Requerimento", "autoria": "Diego da Auto Escola", "texto_original": "http://sapl.bicas.mg.leg.br/media/sapl/public/materialegislativa/2018/1829/088_diego_contratos_terceirizados.docx", "ementa": "Solicito ao Exmo. Sr. Prefeito Municipal que envie a esta casa c\u00f3pia dos contratos de todas pessoas (f\u00edsicas e jur\u00eddicas) que prestam ou prestaram servi\u00e7os ao munic\u00edpio este ano."}]}