{"id":944,"__str__":"Requerimento n\u00ba 9 de 2017","link_detail_backend":"/materia/944","metadata":{},"numero":9,"ano":2017,"numero_protocolo":null,"data_apresentacao":"2017-02-06","tipo_apresentacao":"","data_publicacao":null,"numero_origem_externa":"","ano_origem_externa":null,"data_origem_externa":null,"apelido":"","dias_prazo":null,"data_fim_prazo":null,"em_tramitacao":true,"polemica":null,"objeto":"","complementar":null,"ementa":"SOLICITO A RETIRADA DO PROJETO DE RESOLU\u00c7\u00c3O N\u00ba 01 /2017 POR MIM APRESENTADO QUE CRIA O CENTRO DE ATEN\u00c7\u00c3O AO CIDAD\u00c3O VEREADOR VICENTE DE PAULA FERREIRA DOS SANTOS &#8211; VICENTE CHACRINHA, HAJA VISTA, DIVERG\u00caNCIAS DISCUT\u00cdVEIS QUANTO \u00c0 INICIATIVA DO MESMO. ","indexacao":"","observacao":"","resultado":"","texto_original":"http://sapl.bicas.mg.leg.br/media/sapl/public/materialegislativa/2017/944/944_texto_integral.docx","data_ultima_atualizacao":"2018-07-26T11:55:33.114640-03:00","ip":"","ultima_edicao":null,"tipo":3,"regime_tramitacao":1,"tipo_origem_externa":null,"local_origem_externa":null,"user":null,"anexadas":[],"autores":[28]}