{"id":909,"__str__":"Indica\u00e7\u00e3o n\u00ba 18 de 2017","link_detail_backend":"/materia/909","metadata":{},"numero":18,"ano":2017,"numero_protocolo":null,"data_apresentacao":"2017-01-30","tipo_apresentacao":"E","data_publicacao":null,"numero_origem_externa":"","ano_origem_externa":null,"data_origem_externa":null,"apelido":"","dias_prazo":null,"data_fim_prazo":null,"em_tramitacao":false,"polemica":false,"objeto":"","complementar":false,"ementa":"INDICO AO EXCELENT\u00cdSSIMO SENHOR PREFEITO QUE COLOQUE UMA PLACA DE PROIBI\u00c7\u00c3O DE ESTACIONAMENTO E PARADA NA PRA\u00c7A S\u00c3O JOS\u00c9, NO TRECHO QUE VAI DA ESQUINA COM A RUA AMILCAR VERLANGIERI REBOU\u00c7AS AT\u00c9 O PONTO DE \u00d4NIBUS.","indexacao":"","observacao":"","resultado":"","texto_original":"http://sapl.bicas.mg.leg.br/media/sapl/public/materialegislativa/2017/909/909_texto_integral.docx","data_ultima_atualizacao":"2018-07-26T11:55:32.190603-03:00","ip":"","ultima_edicao":null,"tipo":8,"regime_tramitacao":1,"tipo_origem_externa":null,"local_origem_externa":null,"user":null,"anexadas":[],"autores":[24]}