{"id":835,"__str__":"Requerimento n\u00ba 267 de 2016","link_detail_backend":"/materia/835","metadata":{},"numero":267,"ano":2016,"numero_protocolo":null,"data_apresentacao":"2016-10-24","tipo_apresentacao":"","data_publicacao":null,"numero_origem_externa":"","ano_origem_externa":null,"data_origem_externa":null,"apelido":"","dias_prazo":null,"data_fim_prazo":null,"em_tramitacao":false,"polemica":null,"objeto":"","complementar":null,"ementa":"SOLICITO QUE A COMISS\u00c3O DE EDUCA\u00c7\u00c3O CONSTITU\u00cdDA DESTA CASA PASSE A AVERIGUAR A RESPONSABILIDADE PELO FATO DOS VE\u00cdCULOS ESCOLARES ESTAREM EM SUA GRANDE MAIORIA PARADOS OU COM GRAVES PROBLEMAS.","indexacao":"","observacao":"","resultado":"","texto_original":"http://sapl.bicas.mg.leg.br/media/sapl/public/materialegislativa/2016/835/835_texto_integral.pdf","data_ultima_atualizacao":"2018-07-26T11:55:31.996291-03:00","ip":"","ultima_edicao":null,"tipo":3,"regime_tramitacao":1,"tipo_origem_externa":null,"local_origem_externa":null,"user":null,"anexadas":[],"autores":[9]}