{"id":782,"__str__":"Requerimento n\u00ba 226 de 2016","link_detail_backend":"/materia/782","metadata":{},"numero":226,"ano":2016,"numero_protocolo":null,"data_apresentacao":"2016-08-01","tipo_apresentacao":"","data_publicacao":null,"numero_origem_externa":"","ano_origem_externa":null,"data_origem_externa":null,"apelido":"","dias_prazo":null,"data_fim_prazo":null,"em_tramitacao":false,"polemica":null,"objeto":"","complementar":null,"ementa":"REQUER QUE SEJA OFICIADO AO CONGRESSO NACIONAL MO\u00c7\u00c3O DE REP\u00daDIO AO PL 257/2016, SOLICITANDO VOTA\u00c7\u00c3O CONTR\u00c1RIA AO REFERIDO PROJETO QUE ALTERA O LIMITE DE GASTOS DO PODER JUDICI\u00c1RIO, MINIST\u00c9RIO P\u00daBLICO, POLICIAS E DEFENSORIA P\u00daBLICA.","indexacao":"","observacao":"","resultado":"","texto_original":"http://sapl.bicas.mg.leg.br/media/sapl/public/materialegislativa/2016/782/782_texto_integral.pdf","data_ultima_atualizacao":"2018-07-26T11:55:33.148613-03:00","ip":"","ultima_edicao":null,"tipo":3,"regime_tramitacao":1,"tipo_origem_externa":null,"local_origem_externa":null,"user":null,"anexadas":[],"autores":[10]}