{"id":722,"__str__":"Projeto de Lei Complementar n\u00ba 1 de 2016","link_detail_backend":"/materia/722","metadata":{},"numero":1,"ano":2016,"numero_protocolo":null,"data_apresentacao":"2016-05-16","tipo_apresentacao":"","data_publicacao":null,"numero_origem_externa":"","ano_origem_externa":null,"data_origem_externa":null,"apelido":"","dias_prazo":null,"data_fim_prazo":null,"em_tramitacao":true,"polemica":null,"objeto":"","complementar":null,"ementa":"DISP\u00d5E SOBRE A CRIA\u00c7\u00c3O CONTRIBUI\u00c7\u00c3O PARA CUSTEIO DE ILUMINA\u00c7\u00c3O P\u00daBLICA-CIP NOS TERMOS PREVISTOS PELA AG\u00caNCIA NACIONAL DE ENERGIA EL\u00c9TRICA- ANELL E D\u00c1 OUTRAS PROVID\u00caNCIAS.","indexacao":"","observacao":"","resultado":"","texto_original":"http://sapl.bicas.mg.leg.br/media/sapl/public/materialegislativa/2016/722/722_texto_integral.pdf","data_ultima_atualizacao":"2018-07-26T11:55:33.168509-03:00","ip":"","ultima_edicao":null,"tipo":5,"regime_tramitacao":1,"tipo_origem_externa":null,"local_origem_externa":null,"user":null,"anexadas":[],"autores":[]}