{"id":710,"__str__":"Requerimento n\u00ba 171 de 2016","link_detail_backend":"/materia/710","metadata":{},"numero":171,"ano":2016,"numero_protocolo":null,"data_apresentacao":"2016-05-09","tipo_apresentacao":"","data_publicacao":null,"numero_origem_externa":"","ano_origem_externa":null,"data_origem_externa":null,"apelido":"","dias_prazo":null,"data_fim_prazo":null,"em_tramitacao":false,"polemica":null,"objeto":"","complementar":null,"ementa":"SOLICITO \u00c0 PRESID\u00caNCIA DESTA CASA LEGISLATIVA, COM A ANU\u00caNCIA DO PLEN\u00c1RIO, QUE, AP\u00d3S APRECIA\u00c7\u00c3O DA DEN\u00daNCIA QUE AQUI FA\u00c7O ATRAV\u00c9S DE IMAGENS, ANEXADAS, DE DEPREDA\u00c7\u00d5ES, INVAS\u00d5ES E FURTOS DOS PATRIM\u00d4NIOS P\u00daBLICOS DO CEMEI DEJANIRA FONSECA DE OLIVEIRA E DA USINA DE TRIAGEM E COMPOSTAGEM, PARA, QUE REMETA AO MINIST\u00c9RIO P\u00daBLICO PARA APURAR PREJU\u00cdZOS E RESPONSABILIDADES QUANTO \u00c0 NEGLIG\u00caNCIA E OMISS\u00c3O DO PODER EXECUTIVO \u00c0 PRESERVA\u00c7\u00c3O DOS MESMOS.","indexacao":"","observacao":"","resultado":"","texto_original":"http://sapl.bicas.mg.leg.br/media/sapl/public/materialegislativa/2016/710/710_texto_integral.pdf","data_ultima_atualizacao":"2018-07-26T11:55:32.523841-03:00","ip":"","ultima_edicao":null,"tipo":3,"regime_tramitacao":1,"tipo_origem_externa":null,"local_origem_externa":null,"user":null,"anexadas":[],"autores":[3]}