{"id":5501,"__str__":"Requerimento n\u00ba 99 de 2025","link_detail_backend":"/materia/5501","metadata":{},"numero":99,"ano":2025,"numero_protocolo":null,"data_apresentacao":"2025-09-08","tipo_apresentacao":"","data_publicacao":null,"numero_origem_externa":"","ano_origem_externa":null,"data_origem_externa":null,"apelido":"","dias_prazo":null,"data_fim_prazo":null,"em_tramitacao":false,"polemica":false,"objeto":"","complementar":false,"ementa":"Que seja oficiada a Sua Excel\u00eancia o Senhor Prefeito Municipal, solicitando provid\u00eancias no sentido de solicitar informa\u00e7\u00f5es junto \u00e0s Secretarias de Sa\u00fade e Educa\u00e7\u00e3o do munic\u00edpio, pelos seguintes motivos de interesse p\u00fablico:\r\n1. \u00c0 Secretaria de Sa\u00fade:\r\n- Solicito o n\u00famero de pessoas autistas registradas nos registros desta pasta.\r\n- Solicito informa\u00e7\u00f5es sobre quais servi\u00e7os e atendimentos s\u00e3o oferecidos \u00e0s pessoas autistas cadastradas.\r\n2. \u00c0 Secretaria de Educa\u00e7\u00e3o:\r\n- Solicito o n\u00famero de crian\u00e7as autistas matriculadas nas escolas do munic\u00edpio.","indexacao":"","observacao":"","resultado":"","texto_original":"http://sapl.bicas.mg.leg.br/media/sapl/public/materialegislativa/2025/5501/requerimento_no_99.pdf","data_ultima_atualizacao":"2025-09-16T16:46:16.796779-03:00","ip":"45.182.166.254","ultima_edicao":"2025-09-16T16:43:50.665770-03:00","tipo":3,"regime_tramitacao":1,"tipo_origem_externa":null,"local_origem_externa":null,"user":36,"anexadas":[],"autores":[57]}