{"id":5388,"__str__":"Indica\u00e7\u00e3o n\u00ba 219 de 2025","link_detail_backend":"/materia/5388","metadata":{},"numero":219,"ano":2025,"numero_protocolo":null,"data_apresentacao":"2025-06-30","tipo_apresentacao":"","data_publicacao":null,"numero_origem_externa":"","ano_origem_externa":null,"data_origem_externa":null,"apelido":"","dias_prazo":null,"data_fim_prazo":null,"em_tramitacao":false,"polemica":false,"objeto":"","complementar":false,"ementa":"Que seja oficiada a Sua Excel\u00eancia o Senhor Prefeito Municipal, solicitando as seguintes provid\u00eancias na quadra p\u00fablica localizada na Rua do Olaria:\r\n1. Instala\u00e7\u00e3o de ilumina\u00e7\u00e3o adequada para garantir seguran\u00e7a e visibilidade durante eventos e uso noturno;\r\n2. Constru\u00e7\u00e3o de banheiro (preferencialmente adapta\u00e7\u00e3o de banheiro j\u00e1 existente ou instala\u00e7\u00e3o de sanit\u00e1rio qu\u00edmico);\r\n3. Realiza\u00e7\u00e3o de limpeza geral e manuten\u00e7\u00e3o regular das instala\u00e7\u00f5es;\r\n4. Implementa\u00e7\u00e3o de equipe de apoio durante a festa julina agendada para o dia 12 de julho, a fim de garantir conforto e organiza\u00e7\u00e3o do evento.","indexacao":"","observacao":"","resultado":"","texto_original":"http://sapl.bicas.mg.leg.br/media/sapl/public/materialegislativa/2025/5388/indicacao_no_219.pdf","data_ultima_atualizacao":"2025-07-07T14:56:12.505079-03:00","ip":"45.182.166.254","ultima_edicao":"2025-07-07T14:51:58.718412-03:00","tipo":8,"regime_tramitacao":1,"tipo_origem_externa":null,"local_origem_externa":null,"user":36,"anexadas":[],"autores":[54]}