{"id":5374,"__str__":"Indica\u00e7\u00e3o n\u00ba 206 de 2025","link_detail_backend":"/materia/5374","metadata":{},"numero":206,"ano":2025,"numero_protocolo":null,"data_apresentacao":"2025-06-09","tipo_apresentacao":"","data_publicacao":null,"numero_origem_externa":"","ano_origem_externa":null,"data_origem_externa":null,"apelido":"","dias_prazo":null,"data_fim_prazo":null,"em_tramitacao":false,"polemica":false,"objeto":"","complementar":false,"ementa":"Que seja oficiada a Sua Excel\u00eancia o Senhor Prefeito Municipal, solicitando o reparo imediato da tela de prote\u00e7\u00e3o da Creche Dejanira, a fim de garantir a seguran\u00e7a das crian\u00e7as atendidas na unidade. Fotos ilustrativas da situa\u00e7\u00e3o atual encontram-se anexas a esta indica\u00e7\u00e3o.","indexacao":"","observacao":"","resultado":"","texto_original":"http://sapl.bicas.mg.leg.br/media/sapl/public/materialegislativa/2025/5374/indicacao_no_206.pdf","data_ultima_atualizacao":"2025-06-25T14:42:38.311310-03:00","ip":"45.182.166.254","ultima_edicao":"2025-06-25T14:41:45.191358-03:00","tipo":8,"regime_tramitacao":1,"tipo_origem_externa":null,"local_origem_externa":null,"user":36,"anexadas":[],"autores":[57]}