{"id":5371,"__str__":"Indica\u00e7\u00e3o n\u00ba 203 de 2025","link_detail_backend":"/materia/5371","metadata":{},"numero":203,"ano":2025,"numero_protocolo":null,"data_apresentacao":"2025-06-09","tipo_apresentacao":"","data_publicacao":null,"numero_origem_externa":"","ano_origem_externa":null,"data_origem_externa":null,"apelido":"","dias_prazo":null,"data_fim_prazo":null,"em_tramitacao":false,"polemica":false,"objeto":"","complementar":false,"ementa":"Que seja oficiada a Sua Excel\u00eancia o Senhor Prefeito Municipal, solicitando a cria\u00e7\u00e3o de um programa municipal de aten\u00e7\u00e3o, preven\u00e7\u00e3o e cuidado integral voltado \u00e0s pessoas com transtornos decorrentes do uso e abuso de subst\u00e2ncias psicoativas, como \u00e1lcool, crack e coca\u00edna.","indexacao":"","observacao":"","resultado":"","texto_original":"http://sapl.bicas.mg.leg.br/media/sapl/public/materialegislativa/2025/5371/indicacao_no_203.pdf","data_ultima_atualizacao":"2025-06-25T14:36:39.585686-03:00","ip":"45.182.166.254","ultima_edicao":"2025-06-25T14:35:55.928704-03:00","tipo":8,"regime_tramitacao":1,"tipo_origem_externa":null,"local_origem_externa":null,"user":36,"anexadas":[],"autores":[37]}