{"id":5343,"__str__":"Indica\u00e7\u00e3o n\u00ba 186 de 2025","link_detail_backend":"/materia/5343","metadata":{},"numero":186,"ano":2025,"numero_protocolo":null,"data_apresentacao":"2025-05-26","tipo_apresentacao":"","data_publicacao":null,"numero_origem_externa":"","ano_origem_externa":null,"data_origem_externa":null,"apelido":"","dias_prazo":null,"data_fim_prazo":null,"em_tramitacao":false,"polemica":false,"objeto":"","complementar":false,"ementa":"Que seja oficiada a Sua Excel\u00eancia o Senhor Prefeito Municipal, solicitando a transforma\u00e7\u00e3o das ruas Dom Silv\u00e9rio e Travessa Jos\u00e9 C\u00e2ndido Moreira em vias de m\u00e3o \u00fanica.","indexacao":"","observacao":"","resultado":"","texto_original":"http://sapl.bicas.mg.leg.br/media/sapl/public/materialegislativa/2025/5343/indicacao_no_186.pdf","data_ultima_atualizacao":"2025-06-10T14:39:05.997576-03:00","ip":"45.182.166.254","ultima_edicao":"2025-06-10T14:35:17.702928-03:00","tipo":8,"regime_tramitacao":1,"tipo_origem_externa":null,"local_origem_externa":null,"user":36,"anexadas":[],"autores":[55]}