{"id":5341,"__str__":"Requerimento n\u00ba 67 de 2025","link_detail_backend":"/materia/5341","metadata":{},"numero":67,"ano":2025,"numero_protocolo":null,"data_apresentacao":"2025-05-26","tipo_apresentacao":"","data_publicacao":null,"numero_origem_externa":"","ano_origem_externa":null,"data_origem_externa":null,"apelido":"","dias_prazo":null,"data_fim_prazo":null,"em_tramitacao":false,"polemica":false,"objeto":"","complementar":false,"ementa":"Requeiro que seja oficiado ao Senhor Prefeito Municipal, solicitando as seguintes informa\u00e7\u00f5es:\r\n1. Se h\u00e1 previs\u00e3o de investimentos ou melhorias destinados \u00e0 Feira do Produtor Rural no or\u00e7amento municipal vigente ou em programas em andamento;\r\n2. A possibilidade de mudan\u00e7a do local da feira para o espa\u00e7o de estacionamento em frente ao Parque dos Ferrovi\u00e1rios, considerando a melhor localiza\u00e7\u00e3o e visibilidade para os produtores e consumidores","indexacao":"","observacao":"","resultado":"","texto_original":"http://sapl.bicas.mg.leg.br/media/sapl/public/materialegislativa/2025/5341/requerimento_no_67.pdf","data_ultima_atualizacao":"2025-06-03T15:05:22.352792-03:00","ip":"45.182.166.254","ultima_edicao":"2025-06-03T15:03:49.025938-03:00","tipo":3,"regime_tramitacao":1,"tipo_origem_externa":null,"local_origem_externa":null,"user":36,"anexadas":[],"autores":[37]}