{"id":5286,"__str__":"Indica\u00e7\u00e3o n\u00ba 151 de 2025","link_detail_backend":"/materia/5286","metadata":{},"numero":151,"ano":2025,"numero_protocolo":null,"data_apresentacao":"2025-04-28","tipo_apresentacao":"","data_publicacao":null,"numero_origem_externa":"","ano_origem_externa":null,"data_origem_externa":null,"apelido":"","dias_prazo":null,"data_fim_prazo":null,"em_tramitacao":false,"polemica":false,"objeto":"","complementar":false,"ementa":"Que seja oficiada a Sua Excel\u00eancia o Senhor Prefeito Municipal, solicitando a revis\u00e3o da jornada de trabalho dos profissionais de apoio escolar que acompanham alunos com necessidades educacionais especiais, de modo a instituir a atua\u00e7\u00e3o em dois turnos distintos \u2014 um profissional no turno da manh\u00e3 e outro no turno da tarde \u2014 especialmente nas escolas com ensino em tempo integral, sem redu\u00e7\u00e3o de sal\u00e1rio.","indexacao":"","observacao":"","resultado":"","texto_original":"http://sapl.bicas.mg.leg.br/media/sapl/public/materialegislativa/2025/5286/indicacao_no_151.pdf","data_ultima_atualizacao":"2025-05-08T10:26:07.316118-03:00","ip":"45.182.166.254","ultima_edicao":"2025-05-08T10:24:02.756374-03:00","tipo":8,"regime_tramitacao":1,"tipo_origem_externa":null,"local_origem_externa":null,"user":36,"anexadas":[],"autores":[55]}