{"id":5270,"__str__":"Projeto de Lei Ordin\u00e1ria n\u00ba 25 de 2025","link_detail_backend":"/materia/5270","metadata":{},"numero":25,"ano":2025,"numero_protocolo":null,"data_apresentacao":"2025-04-15","tipo_apresentacao":"","data_publicacao":null,"numero_origem_externa":"","ano_origem_externa":null,"data_origem_externa":null,"apelido":"","dias_prazo":null,"data_fim_prazo":null,"em_tramitacao":true,"polemica":false,"objeto":"","complementar":false,"ementa":"DISP\u00d5E SOBRE A DELIMITA\u00c7\u00c3O DAS \u00c1REAS URBANAS CONSOLIDADAS (AUC) E A DEFINI\u00c7\u00c3O DAS \u00c1REAS DE PRESERV\u00c7\u00c3O PERMANENTE (APP)  EM \u00c1REA URBANA CONSOLIDADA  (AUC) E DEFINE \u00c1REA DE URBANIZA\u00c7\u00c3O ESPEC\u00cdFICA, NOS TERMOS DO QUE ESTABELECE A CONSTITUI\u00c7\u00c3O FEDERAL, LEIS FEDERAIS 6.938, DE 31 DE AGOSTO DE 2081, 12.651, DE 25 DE MAIO DE 2012 E 14.285, DE 29 DE DEZEMBRO DE 2021 E D\u00c1 OUTRAS PROVID\u00caNCIAS\u201d.","indexacao":"","observacao":"","resultado":"","texto_original":"http://sapl.bicas.mg.leg.br/media/sapl/public/materialegislativa/2025/5270/plo_25.pdf","data_ultima_atualizacao":"2025-05-05T17:25:13.851196-03:00","ip":"45.182.166.254","ultima_edicao":"2025-05-05T17:23:37.821782-03:00","tipo":1,"regime_tramitacao":1,"tipo_origem_externa":null,"local_origem_externa":null,"user":33,"anexadas":[],"autores":[41]}