{"id":5231,"__str__":"Requerimento n\u00ba 38 de 2025","link_detail_backend":"/materia/5231","metadata":{},"numero":38,"ano":2025,"numero_protocolo":null,"data_apresentacao":"2025-03-31","tipo_apresentacao":"","data_publicacao":null,"numero_origem_externa":"","ano_origem_externa":null,"data_origem_externa":null,"apelido":"","dias_prazo":null,"data_fim_prazo":null,"em_tramitacao":false,"polemica":false,"objeto":"","complementar":false,"ementa":"Que seja oficiada a Sua Excel\u00eancia o Senhor Prefeito Municipal, solicitando informa\u00e7\u00f5es detalhadas sobre o Projeto Sa\u00fade em Movimento.","indexacao":"","observacao":"","resultado":"","texto_original":"http://sapl.bicas.mg.leg.br/media/sapl/public/materialegislativa/2025/5231/requerimento_no_38.pdf","data_ultima_atualizacao":"2025-04-04T15:37:07.832645-03:00","ip":"45.182.166.254","ultima_edicao":"2025-04-04T15:32:46.944207-03:00","tipo":3,"regime_tramitacao":1,"tipo_origem_externa":null,"local_origem_externa":null,"user":36,"anexadas":[],"autores":[55]}