{"id":5217,"__str__":"Mo\u00e7\u00e3o n\u00ba 6 de 2025","link_detail_backend":"/materia/5217","metadata":{},"numero":6,"ano":2025,"numero_protocolo":null,"data_apresentacao":"2025-03-24","tipo_apresentacao":"","data_publicacao":null,"numero_origem_externa":"","ano_origem_externa":null,"data_origem_externa":null,"apelido":"","dias_prazo":null,"data_fim_prazo":null,"em_tramitacao":false,"polemica":false,"objeto":"","complementar":false,"ementa":"Nos termos regimentais este vereador requer ao soberano plen\u00e1rio a expedi\u00e7\u00e3o de mo\u00e7\u00e3o de aplausos ao atleta Thierry Emerenciano Machado, faixa roxa na categoria adulto (18 a 29 anos) peso m\u00e9dio de jiu-jitsu, pelo seu destacado desempenho no cen\u00e1rio esportivo.","indexacao":"","observacao":"","resultado":"","texto_original":"http://sapl.bicas.mg.leg.br/media/sapl/public/materialegislativa/2025/5217/mocao_no_06.pdf","data_ultima_atualizacao":"2025-03-28T14:55:38.384718-03:00","ip":"45.182.166.254","ultima_edicao":"2025-03-28T14:54:43.393465-03:00","tipo":7,"regime_tramitacao":1,"tipo_origem_externa":null,"local_origem_externa":null,"user":36,"anexadas":[],"autores":[55]}