{"id":4945,"__str__":"Projeto de Lei Ordin\u00e1ria n\u00ba 24 de 2024","link_detail_backend":"/materia/4945","metadata":{},"numero":24,"ano":2024,"numero_protocolo":null,"data_apresentacao":"2024-09-16","tipo_apresentacao":"","data_publicacao":null,"numero_origem_externa":"","ano_origem_externa":null,"data_origem_externa":null,"apelido":"","dias_prazo":null,"data_fim_prazo":null,"em_tramitacao":false,"polemica":false,"objeto":"","complementar":false,"ementa":"\u201cInstitui a Pol\u00edtica Municipal de Aten\u00e7\u00e3o \u00e0 Sa\u00fade Mental","indexacao":"","observacao":"","resultado":"","texto_original":"http://sapl.bicas.mg.leg.br/media/sapl/public/materialegislativa/2024/4945/plo_24.2024_-_rafael_-_saude_mental.docx","data_ultima_atualizacao":"2024-12-19T16:42:27.232486-03:00","ip":"45.182.166.254","ultima_edicao":"2024-12-19T16:42:27.101269-03:00","tipo":1,"regime_tramitacao":1,"tipo_origem_externa":null,"local_origem_externa":null,"user":33,"anexadas":[],"autores":[9]}