{"id":4639,"__str__":"Indica\u00e7\u00e3o n\u00ba 201 de 2023","link_detail_backend":"/materia/4639","metadata":{},"numero":201,"ano":2023,"numero_protocolo":null,"data_apresentacao":"2023-12-18","tipo_apresentacao":"","data_publicacao":null,"numero_origem_externa":"","ano_origem_externa":null,"data_origem_externa":null,"apelido":"","dias_prazo":null,"data_fim_prazo":null,"em_tramitacao":true,"polemica":false,"objeto":"","complementar":false,"ementa":"O vereador que este subscreve indica, nos termos do Art. 154, \u00a71, I do Regimento Interno, que o mesmo modelo de ilumina\u00e7\u00e3o que foi instalado na pra\u00e7a S\u00e3o Jos\u00e9, seja instalado nas demais pra\u00e7as do munic\u00edpio.","indexacao":"","observacao":"","resultado":"","texto_original":"http://sapl.bicas.mg.leg.br/media/sapl/public/materialegislativa/2023/4639/201.pdf","data_ultima_atualizacao":"2023-12-21T11:32:14.976451-03:00","ip":"45.182.166.254","ultima_edicao":"2023-12-21T11:30:35.385534-03:00","tipo":8,"regime_tramitacao":1,"tipo_origem_externa":null,"local_origem_externa":null,"user":33,"anexadas":[],"autores":[36]}