{"id":4597,"__str__":"Requerimento n\u00ba 123 de 2023","link_detail_backend":"/materia/4597","metadata":{},"numero":123,"ano":2023,"numero_protocolo":null,"data_apresentacao":"2023-11-27","tipo_apresentacao":"","data_publicacao":null,"numero_origem_externa":"","ano_origem_externa":null,"data_origem_externa":null,"apelido":"","dias_prazo":null,"data_fim_prazo":null,"em_tramitacao":true,"polemica":false,"objeto":"","complementar":false,"ementa":"A vereadora que este subscreve requer a V. Exa., nos termos do Art. 164, VII, do Regimento Interno, que seja informado:\r\n\u2022\tos valores pagos este ano aos profissionais da educa\u00e7\u00e3o, discriminado por cargos;\r\n\u2022\tOs totais com funcion\u00e1rios da educa\u00e7\u00e3o por centro de custo;\r\n\u2022\to \u00edndice de comprometimento da folha;\r\n\u2022\tos vencimentos base de cada cargo da pasta da educa\u00e7\u00e3o.","indexacao":"","observacao":"","resultado":"","texto_original":"http://sapl.bicas.mg.leg.br/media/sapl/public/materialegislativa/2023/4597/123.pdf","data_ultima_atualizacao":"2023-12-06T10:45:16.951694-03:00","ip":"45.182.166.254","ultima_edicao":"2023-12-06T10:44:23.761441-03:00","tipo":3,"regime_tramitacao":1,"tipo_origem_externa":null,"local_origem_externa":null,"user":33,"anexadas":[],"autores":[37]}