{"id":4552,"__str__":"Indica\u00e7\u00e3o n\u00ba 176 de 2023","link_detail_backend":"/materia/4552","metadata":{},"numero":176,"ano":2023,"numero_protocolo":null,"data_apresentacao":"2023-11-13","tipo_apresentacao":"","data_publicacao":null,"numero_origem_externa":"","ano_origem_externa":null,"data_origem_externa":null,"apelido":"","dias_prazo":null,"data_fim_prazo":null,"em_tramitacao":true,"polemica":false,"objeto":"","complementar":false,"ementa":"O vereador que este subscreve indica, nos termos do Art. 154, \u00a71, I do Regimento Interno, que seja verificado e corrigido problema na resid\u00eancia localizada \u00e0 Rua Jos\u00e9 Costa, em frente \u00e0 Assembleia de Deus, que est\u00e1 apresentando problemas devido o barranco em \u00e1rea da prefeitura.","indexacao":"","observacao":"","resultado":"","texto_original":null,"data_ultima_atualizacao":"2023-11-16T14:54:55.188814-03:00","ip":"45.182.166.254","ultima_edicao":"2023-11-16T14:54:11.117486-03:00","tipo":8,"regime_tramitacao":1,"tipo_origem_externa":null,"local_origem_externa":null,"user":33,"anexadas":[],"autores":[40]}