{"id":4468,"__str__":"Projeto de Lei Ordin\u00e1ria n\u00ba 48 de 2023","link_detail_backend":"/materia/4468","metadata":{},"numero":48,"ano":2023,"numero_protocolo":null,"data_apresentacao":"2023-09-04","tipo_apresentacao":"","data_publicacao":null,"numero_origem_externa":"","ano_origem_externa":null,"data_origem_externa":null,"apelido":"","dias_prazo":null,"data_fim_prazo":null,"em_tramitacao":true,"polemica":false,"objeto":"","complementar":false,"ementa":"\u201cDISP\u00d5E SOBRE A DECLARA\u00c7\u00c3O DE DIREITOS DE LIBERDADE ECON\u00d4MICA, PREVISTA NA LEI FEDERAL N\u00ba 13.874, DE 20 DE SETEMBRO DE 2019 E DA LEI ESTADUAL N\u00ba 23.959, DE 27 DE SETEMBRO DE 2021. AMPLIA O ALCANCE DAS GARANTIAS FUNDAMENTAIS \u00c0 LIVRE INICIATIVA E AO LIVRE EXERC\u00cdCIO DE ATIVIDADE ECON\u00d4MICA\u201d","indexacao":"","observacao":"","resultado":"","texto_original":"http://sapl.bicas.mg.leg.br/media/sapl/public/materialegislativa/2023/4468/plo_48.2023_-_marcelo_-_liberdade_economica.docx","data_ultima_atualizacao":"2023-12-21T14:52:08.113684-03:00","ip":"45.182.166.254","ultima_edicao":"2023-09-12T14:35:24.811820-03:00","tipo":1,"regime_tramitacao":1,"tipo_origem_externa":null,"local_origem_externa":null,"user":33,"anexadas":[],"autores":[34]}