{"id":4409,"__str__":"Indica\u00e7\u00e3o n\u00ba 111 de 2023","link_detail_backend":"/materia/4409","metadata":{},"numero":111,"ano":2023,"numero_protocolo":null,"data_apresentacao":"2023-07-31","tipo_apresentacao":"","data_publicacao":null,"numero_origem_externa":"","ano_origem_externa":null,"data_origem_externa":null,"apelido":"","dias_prazo":null,"data_fim_prazo":null,"em_tramitacao":true,"polemica":false,"objeto":"","complementar":false,"ementa":"O vereador que este subscreve indica, nos termos do Art. 154, \u00a71, I do Regimento Interno, que a Administra\u00e7\u00e3o Municipal, atrav\u00e9s das Secretarias de Educa\u00e7\u00e3o e Sa\u00fade, promovam um planejamento de a\u00e7\u00f5es para a busca e diagn\u00f3stico r\u00e1pido, para garantir que todas as crian\u00e7as e adolescentes com TEA e demais doen\u00e7as ocultas, tenham todos os seus direitos garantidos, seja na escola, ou em seu tratamento","indexacao":"","observacao":"","resultado":"","texto_original":"http://sapl.bicas.mg.leg.br/media/sapl/public/materialegislativa/2023/4409/111.pdf","data_ultima_atualizacao":"2023-08-04T15:02:15.986631-03:00","ip":"45.182.166.254","ultima_edicao":"2023-08-04T15:01:02.480140-03:00","tipo":8,"regime_tramitacao":1,"tipo_origem_externa":null,"local_origem_externa":null,"user":33,"anexadas":[],"autores":[9]}