{"id":4317,"__str__":"Projeto de Lei Ordin\u00e1ria n\u00ba 28 de 2023","link_detail_backend":"/materia/4317","metadata":{},"numero":28,"ano":2023,"numero_protocolo":null,"data_apresentacao":"2023-05-23","tipo_apresentacao":"","data_publicacao":null,"numero_origem_externa":"","ano_origem_externa":null,"data_origem_externa":null,"apelido":"","dias_prazo":null,"data_fim_prazo":null,"em_tramitacao":true,"polemica":false,"objeto":"","complementar":false,"ementa":"\u201cAutoriza a utiliza\u00e7\u00e3o de barracas e espa\u00e7os p\u00fablicos de forma onerosa no parque de exposi\u00e7\u00e3o e nas ruas ao entorno do parque, no per\u00edodo da Exposi\u00e7\u00e3o Agropecu\u00e1ria e Industrial de Bicas, e d\u00e1 outras provid\u00eancias\u201d.","indexacao":"","observacao":"","resultado":"","texto_original":"http://sapl.bicas.mg.leg.br/media/sapl/public/materialegislativa/2023/4317/plo_28.2023_-_barracas_expobicas.doc","data_ultima_atualizacao":"2023-06-07T16:56:20.875213-03:00","ip":"45.182.166.254","ultima_edicao":"2023-05-30T16:30:30.683036-03:00","tipo":1,"regime_tramitacao":1,"tipo_origem_externa":null,"local_origem_externa":null,"user":33,"anexadas":[],"autores":[]}