{"id":4281,"__str__":"Indica\u00e7\u00e3o n\u00ba 47 de 2023","link_detail_backend":"/materia/4281","metadata":{},"numero":47,"ano":2023,"numero_protocolo":null,"data_apresentacao":"2023-04-17","tipo_apresentacao":"","data_publicacao":null,"numero_origem_externa":"","ano_origem_externa":null,"data_origem_externa":null,"apelido":"","dias_prazo":null,"data_fim_prazo":null,"em_tramitacao":true,"polemica":false,"objeto":"","complementar":false,"ementa":"O vereador que este subscreve indica, nos termos do Art. 154, \u00a71, II do Regimento Interno, que a Administra\u00e7\u00e3o Municipal, envie a esta Casa Projeto de Lei para isen\u00e7\u00e3o do IPTU do presente ano, para os moradores que tiveram grandes preju\u00edzos ocasionados pela grande chuva ocorrida na sexta feira14/04/2023.\r\n\tSolicito ainda, que seja decretado estado de emerg\u00eancia, para que as pessoas que tiveram grade preju\u00edzo possam ter acesso ao saque calamidade do PIS e FGTS na Caixa econ\u00f4mica federal, devendo apresentar a documenta\u00e7\u00e3o necess\u00e1ria a Caixa e providenciando para facilita\u00e7\u00e3o e r\u00e1pido pagamento.","indexacao":"","observacao":"","resultado":"","texto_original":"http://sapl.bicas.mg.leg.br/media/sapl/public/materialegislativa/2023/4281/47.pdf","data_ultima_atualizacao":"2023-04-19T15:05:46.231681-03:00","ip":"45.182.166.254","ultima_edicao":"2023-04-19T15:04:18.566108-03:00","tipo":8,"regime_tramitacao":1,"tipo_origem_externa":null,"local_origem_externa":null,"user":33,"anexadas":[],"autores":[9]}