{"id":4247,"__str__":"Indica\u00e7\u00e3o n\u00ba 30 de 2023","link_detail_backend":"/materia/4247","metadata":{},"numero":30,"ano":2023,"numero_protocolo":null,"data_apresentacao":"2023-03-27","tipo_apresentacao":"","data_publicacao":null,"numero_origem_externa":"","ano_origem_externa":null,"data_origem_externa":null,"apelido":"","dias_prazo":null,"data_fim_prazo":null,"em_tramitacao":true,"polemica":false,"objeto":"","complementar":false,"ementa":"O vereador que este subscreve indica, nos termos do Art. 154,\u00a71,I do Regimento Interno, que a Prefeitura, tome as provid\u00eancias necess\u00e1rias junto a secretaria competente para que seja realizada melhorias na ilumina\u00e7\u00e3o do Cemit\u00e9rio, e que seja adquirido lanterna de cabe\u00e7a para os funcion\u00e1rios que realizam os sepultamentos.","indexacao":"","observacao":"","resultado":"","texto_original":"http://sapl.bicas.mg.leg.br/media/sapl/public/materialegislativa/2023/4247/30.pdf","data_ultima_atualizacao":"2023-03-29T15:36:00.886554-03:00","ip":"45.182.166.254","ultima_edicao":"2023-03-29T15:34:51.016749-03:00","tipo":8,"regime_tramitacao":1,"tipo_origem_externa":null,"local_origem_externa":null,"user":33,"anexadas":[],"autores":[25]}