{"id":4057,"__str__":"Indica\u00e7\u00e3o n\u00ba 260 de 2022","link_detail_backend":"/materia/4057","metadata":{},"numero":260,"ano":2022,"numero_protocolo":null,"data_apresentacao":"2022-10-31","tipo_apresentacao":"","data_publicacao":null,"numero_origem_externa":"","ano_origem_externa":null,"data_origem_externa":null,"apelido":"","dias_prazo":null,"data_fim_prazo":null,"em_tramitacao":true,"polemica":false,"objeto":"","complementar":false,"ementa":"O vereador que este subscreve indica, nos termos do Art. 154, \u00a71, I do Regimento Interno que seja estudada a possibilidade de instala\u00e7\u00e3o de um tel\u00e3o na Pra\u00e7a S\u00e3o Jos\u00e9 durante a realiza\u00e7\u00e3o da Copa do Mundo 2022.","indexacao":"","observacao":"","resultado":"","texto_original":"http://sapl.bicas.mg.leg.br/media/sapl/public/materialegislativa/2022/4057/260.pdf","data_ultima_atualizacao":"2022-11-03T13:04:59.107457-03:00","ip":"45.182.166.254","ultima_edicao":"2022-11-03T13:04:04.265648-03:00","tipo":8,"regime_tramitacao":1,"tipo_origem_externa":null,"local_origem_externa":null,"user":33,"anexadas":[],"autores":[7]}