{"id":3895,"__str__":"Mo\u00e7\u00e3o n\u00ba 27 de 2022","link_detail_backend":"/materia/3895","metadata":{},"numero":27,"ano":2022,"numero_protocolo":null,"data_apresentacao":"2022-07-11","tipo_apresentacao":"O","data_publicacao":null,"numero_origem_externa":"","ano_origem_externa":null,"data_origem_externa":null,"apelido":"","dias_prazo":null,"data_fim_prazo":null,"em_tramitacao":true,"polemica":false,"objeto":"","complementar":false,"ementa":"O Vereador que esta subscreve de acordo com o que determinam as normas do Regimento Interno, prop\u00f5e \u00e0 aprecia\u00e7\u00e3o dos colegas desta Casa, a emiss\u00e3o de MO\u00c7\u00c3O DE APLAUSOS ao Sr. JOS\u00c9 FRANCISCO MOREIRA AGRELLI pela dedica\u00e7\u00e3o no desempenho do seu trabalho, inclusive estando sempre presente para atender a popula\u00e7\u00e3o fora do seu hor\u00e1rio de trabalho.","indexacao":"","observacao":"","resultado":"","texto_original":"http://sapl.bicas.mg.leg.br/media/sapl/public/materialegislativa/2022/3895/27-_luiz_fernando_-_aplausos.docx","data_ultima_atualizacao":"2022-07-15T13:22:49.741783-03:00","ip":"45.182.164.2","ultima_edicao":"2022-07-15T13:22:09.476550-03:00","tipo":7,"regime_tramitacao":1,"tipo_origem_externa":null,"local_origem_externa":null,"user":33,"anexadas":[],"autores":[36]}