{"id":3662,"__str__":"Projeto de Lei Ordin\u00e1ria n\u00ba 27 de 2022","link_detail_backend":"/materia/3662","metadata":{},"numero":27,"ano":2022,"numero_protocolo":null,"data_apresentacao":"2022-03-28","tipo_apresentacao":"","data_publicacao":null,"numero_origem_externa":"","ano_origem_externa":null,"data_origem_externa":null,"apelido":"","dias_prazo":null,"data_fim_prazo":null,"em_tramitacao":true,"polemica":false,"objeto":"","complementar":false,"ementa":"Disp\u00f5e sobre a cria\u00e7\u00e3o e distribui\u00e7\u00e3o gratuita do \u201cCord\u00e3o de Girassol\u201d \u00e0queles que possuam doen\u00e7as, defici\u00eancias e/ou transtornos considerados ocultos, como forma de identific\u00e1-los nos estabelecimentos p\u00fablicos e privados, com o objetivo de prestar a eles um atendimento preferencial.","indexacao":"","observacao":"","resultado":"","texto_original":"http://sapl.bicas.mg.leg.br/media/sapl/public/materialegislativa/2022/3662/plo_27.2022_-_rafael_-_cordao_girassol.docx","data_ultima_atualizacao":"2022-05-20T15:13:54.358735-03:00","ip":"191.36.161.49","ultima_edicao":"2022-03-29T16:31:57.783631-03:00","tipo":1,"regime_tramitacao":1,"tipo_origem_externa":null,"local_origem_externa":null,"user":33,"anexadas":[],"autores":[9]}