{"id":3563,"__str__":"Requerimento n\u00ba 23 de 2022","link_detail_backend":"/materia/3563","metadata":{},"numero":23,"ano":2022,"numero_protocolo":null,"data_apresentacao":"2022-02-14","tipo_apresentacao":"","data_publicacao":null,"numero_origem_externa":"","ano_origem_externa":null,"data_origem_externa":null,"apelido":"","dias_prazo":null,"data_fim_prazo":null,"em_tramitacao":true,"polemica":false,"objeto":"","complementar":false,"ementa":"Solicito da Secretaria de Educa\u00e7\u00e3o, juntamente com a diretoria de transportes, que informo a respeito das manuten\u00e7oes dos ve\u00edculos escolares e se os condutores est\u00e3o registrados no Sistema Eletr\u00f4nico de Gest\u00e3o do transporte Escolar. Com a resposta, solicitamos a comprova\u00e7\u00e3o das revis\u00f5es e o cadastro dos motoristas no sistema para simples confer\u00eancia.","indexacao":"","observacao":"","resultado":"","texto_original":"http://sapl.bicas.mg.leg.br/media/sapl/public/materialegislativa/2022/3563/23_rafael.pdf","data_ultima_atualizacao":"2022-02-16T16:55:19.846980-03:00","ip":"191.36.161.17","ultima_edicao":"2022-02-16T16:52:00.783049-03:00","tipo":3,"regime_tramitacao":1,"tipo_origem_externa":null,"local_origem_externa":null,"user":33,"anexadas":[],"autores":[9]}