{"id":3518,"__str__":"Indica\u00e7\u00e3o n\u00ba 46 de 2022","link_detail_backend":"/materia/3518","metadata":{},"numero":46,"ano":2022,"numero_protocolo":null,"data_apresentacao":"2022-02-07","tipo_apresentacao":"","data_publicacao":null,"numero_origem_externa":"","ano_origem_externa":null,"data_origem_externa":null,"apelido":"","dias_prazo":null,"data_fim_prazo":null,"em_tramitacao":true,"polemica":false,"objeto":"","complementar":false,"ementa":"Solicito a Secretaria Municipal de Sa\u00fade junto com a Secretaria de Educa\u00e7\u00e3o, para que no inicio das aulas presenciais seja feito uma busca nas escolas por crian\u00e7as de 5 a 11 anos j\u00e1 vacinadas contra o covid-19. Sejam distribu\u00eddas fichas para os respons\u00e1veis preencherem sobre a situa\u00e7\u00e3o vacinal de cada crian\u00e7a. As crian\u00e7as que ainda n\u00e3o foram vacinadas teriam a oportunidade de se vacinarem na pr\u00f3pria escola, com a devida autoriza\u00e7\u00e3o dos pais, e o agendamento que seria realizado pela institui\u00e7\u00e3o em conformidade com a secretaria municipal de sa\u00fade.","indexacao":"","observacao":"","resultado":"","texto_original":"http://sapl.bicas.mg.leg.br/media/sapl/public/materialegislativa/2022/3518/46.pdf","data_ultima_atualizacao":"2022-02-10T15:15:27.985463-03:00","ip":"191.36.161.5","ultima_edicao":"2022-02-10T15:13:49.390035-03:00","tipo":8,"regime_tramitacao":1,"tipo_origem_externa":null,"local_origem_externa":null,"user":33,"anexadas":[],"autores":[37]}