{"id":3202,"__str__":"Indica\u00e7\u00e3o n\u00ba 363 de 2021","link_detail_backend":"/materia/3202","metadata":{},"numero":363,"ano":2021,"numero_protocolo":null,"data_apresentacao":"2021-09-13","tipo_apresentacao":"","data_publicacao":null,"numero_origem_externa":"","ano_origem_externa":null,"data_origem_externa":null,"apelido":"","dias_prazo":null,"data_fim_prazo":null,"em_tramitacao":true,"polemica":false,"objeto":"","complementar":false,"ementa":"Que o Exmo. Sr. Prefeito Municipal, atrav\u00e9s da secretaria competente, viabilize o transporte escolar para crian\u00e7as da creche e seus respons\u00e1veis e para crian\u00e7as em bairros distantes das escolas do ensino regular.","indexacao":"","observacao":"","resultado":"","texto_original":"http://sapl.bicas.mg.leg.br/media/sapl/public/materialegislativa/2021/3202/363.pdf","data_ultima_atualizacao":"2021-09-15T16:11:37.535179-03:00","ip":"191.36.160.242","ultima_edicao":"2021-09-15T16:10:35.133951-03:00","tipo":8,"regime_tramitacao":1,"tipo_origem_externa":null,"local_origem_externa":null,"user":33,"anexadas":[],"autores":[40]}