{"id":3201,"__str__":"Indica\u00e7\u00e3o n\u00ba 362 de 2021","link_detail_backend":"/materia/3201","metadata":{},"numero":362,"ano":2021,"numero_protocolo":null,"data_apresentacao":"2021-09-13","tipo_apresentacao":"","data_publicacao":null,"numero_origem_externa":"","ano_origem_externa":null,"data_origem_externa":null,"apelido":"","dias_prazo":null,"data_fim_prazo":null,"em_tramitacao":true,"polemica":false,"objeto":"","complementar":false,"ementa":"Que o Exmo. Sr. Prefeito Municipal, atrav\u00e9s da secretaria competente, oriente todos os departamentos da prefeitura quanto ao correto uso dos s\u00edmbolos nacionais, em especial nossa bandeira, e determine que nos dias c\u00edvicos seja feito o hasteamento solene das bandeiras de Bicas, de Minas Gerais e do Brasil.","indexacao":"","observacao":"","resultado":"","texto_original":"http://sapl.bicas.mg.leg.br/media/sapl/public/materialegislativa/2021/3201/362.pdf","data_ultima_atualizacao":"2021-09-15T16:10:24.829046-03:00","ip":"191.36.160.242","ultima_edicao":"2021-09-15T16:09:20.128708-03:00","tipo":8,"regime_tramitacao":1,"tipo_origem_externa":null,"local_origem_externa":null,"user":33,"anexadas":[],"autores":[40]}