{"id":3142,"__str__":"Representa\u00e7\u00e3o n\u00ba 7 de 2021","link_detail_backend":"/materia/3142","metadata":{},"numero":7,"ano":2021,"numero_protocolo":null,"data_apresentacao":"2021-08-09","tipo_apresentacao":"","data_publicacao":null,"numero_origem_externa":"","ano_origem_externa":null,"data_origem_externa":null,"apelido":"","dias_prazo":null,"data_fim_prazo":null,"em_tramitacao":true,"polemica":false,"objeto":"","complementar":false,"ementa":"Solicito que a Via\u00e7\u00e3o Bassamar viabilize linhas com sa\u00edda de Bicas para atendimento de nossos mun\u00edcipes, de forma a possibilitar que nossa popula\u00e7\u00e3o possa contar com o transporte Juiz de Fora \u2013 Bicas - Juiz de Fora, bem como a instala\u00e7\u00e3o de guich\u00ea no terminal rodovi\u00e1rio de Bicas.","indexacao":"","observacao":"","resultado":"","texto_original":"http://sapl.bicas.mg.leg.br/media/sapl/public/materialegislativa/2021/3142/07.pdf","data_ultima_atualizacao":"2021-08-18T16:29:01.651776-03:00","ip":"191.36.161.146","ultima_edicao":"2021-08-18T16:27:30.987458-03:00","tipo":15,"regime_tramitacao":1,"tipo_origem_externa":null,"local_origem_externa":null,"user":33,"anexadas":[],"autores":[37]}