{"id":308,"__str__":"Projeto de Lei do Legislativo n\u00ba 2 de 2015","link_detail_backend":"/materia/308","metadata":{},"numero":2,"ano":2015,"numero_protocolo":null,"data_apresentacao":"2015-03-18","tipo_apresentacao":"E","data_publicacao":null,"numero_origem_externa":"","ano_origem_externa":null,"data_origem_externa":null,"apelido":"","dias_prazo":null,"data_fim_prazo":null,"em_tramitacao":false,"polemica":false,"objeto":"","complementar":false,"ementa":"DISP\u00d5E SOBRE O REAJUSTE DO AUX\u00cdLIO ALIMENTA\u00c7\u00c3O DOS SERVIDORES P\u00daBLICOS DA C\u00c2MARA MUNICIPAL DE BICAS E D\u00c1 OUTRAS PROVID\u00caNCIAS.","indexacao":"AUX\u00cdLIO ALIMENTA\u00c7\u00c3O\r\nESTATUTO DO SERVIDOR\r\nREAJUSTE","observacao":"","resultado":"","texto_original":"http://sapl.bicas.mg.leg.br/media/sapl/public/materialegislativa/2015/308/308_texto_integral.doc","data_ultima_atualizacao":"2019-05-23T04:09:11.845487-03:00","ip":"","ultima_edicao":null,"tipo":10,"regime_tramitacao":1,"tipo_origem_externa":null,"local_origem_externa":null,"user":null,"anexadas":[],"autores":[]}