{"id":3074,"__str__":"Indica\u00e7\u00e3o n\u00ba 293 de 2021","link_detail_backend":"/materia/3074","metadata":{},"numero":293,"ano":2021,"numero_protocolo":null,"data_apresentacao":"2021-06-28","tipo_apresentacao":"","data_publicacao":null,"numero_origem_externa":"","ano_origem_externa":null,"data_origem_externa":null,"apelido":"","dias_prazo":null,"data_fim_prazo":null,"em_tramitacao":true,"polemica":false,"objeto":"","complementar":false,"ementa":"Quea Secretaria de Sa\u00fade fa\u00e7a a vacina\u00e7\u00e3o contra Covid19 por idade tamb\u00e9m aos s\u00e1bados.","indexacao":"","observacao":"","resultado":"","texto_original":"http://sapl.bicas.mg.leg.br/media/sapl/public/materialegislativa/2021/3074/293.pdf","data_ultima_atualizacao":"2021-07-06T13:23:39.204440-03:00","ip":"191.36.161.145","ultima_edicao":"2021-07-06T13:22:29.422077-03:00","tipo":8,"regime_tramitacao":1,"tipo_origem_externa":null,"local_origem_externa":null,"user":33,"anexadas":[],"autores":[38]}