{"id":3057,"__str__":"Indica\u00e7\u00e3o n\u00ba 284 de 2021","link_detail_backend":"/materia/3057","metadata":{},"numero":284,"ano":2021,"numero_protocolo":null,"data_apresentacao":"2021-06-21","tipo_apresentacao":"","data_publicacao":null,"numero_origem_externa":"","ano_origem_externa":null,"data_origem_externa":null,"apelido":"","dias_prazo":null,"data_fim_prazo":null,"em_tramitacao":true,"polemica":false,"objeto":"","complementar":false,"ementa":"Solicito da Administra\u00e7\u00e3o Municipal, atrav\u00e9s da Secretaria Municipal de sa\u00fade, que inicie estudos de viabilidade t\u00e9cnica e or\u00e7ament\u00e1ria para implanta\u00e7\u00e3o de um centro de Tratamento P\u00f3s-Covid19, tendo em vista os in\u00fameros estudos e relatos de sequelas advindas ap\u00f3s a infec\u00e7\u00e3o ou reinfec\u00e7\u00e3o de Covid19.","indexacao":"","observacao":"","resultado":"","texto_original":null,"data_ultima_atualizacao":"2021-06-24T13:42:54.063086-03:00","ip":"191.36.161.145","ultima_edicao":"2021-06-24T13:41:51.286973-03:00","tipo":8,"regime_tramitacao":1,"tipo_origem_externa":null,"local_origem_externa":null,"user":33,"anexadas":[],"autores":[9]}