{"id":3016,"__str__":"Indica\u00e7\u00e3o n\u00ba 263 de 2021","link_detail_backend":"/materia/3016","metadata":{},"numero":263,"ano":2021,"numero_protocolo":null,"data_apresentacao":"2021-06-07","tipo_apresentacao":"","data_publicacao":null,"numero_origem_externa":"","ano_origem_externa":null,"data_origem_externa":null,"apelido":"","dias_prazo":null,"data_fim_prazo":null,"em_tramitacao":true,"polemica":false,"objeto":"","complementar":false,"ementa":"Que o Exmo. Sr. Prefeito Municipal que possibilite a vacina\u00e7\u00e3o dos frentistas como grupo priorit\u00e1rio.","indexacao":"","observacao":"","resultado":"","texto_original":"http://sapl.bicas.mg.leg.br/media/sapl/public/materialegislativa/2021/3016/263.pdf","data_ultima_atualizacao":"2021-06-17T15:43:14.879751-03:00","ip":"191.36.161.145","ultima_edicao":"2021-06-17T15:41:59.345171-03:00","tipo":8,"regime_tramitacao":1,"tipo_origem_externa":null,"local_origem_externa":null,"user":33,"anexadas":[],"autores":[40]}