{"id":2936,"__str__":"Indica\u00e7\u00e3o n\u00ba 216 de 2021","link_detail_backend":"/materia/2936","metadata":{},"numero":216,"ano":2021,"numero_protocolo":null,"data_apresentacao":"2021-05-17","tipo_apresentacao":"","data_publicacao":null,"numero_origem_externa":"","ano_origem_externa":null,"data_origem_externa":null,"apelido":"","dias_prazo":null,"data_fim_prazo":null,"em_tramitacao":true,"polemica":false,"objeto":"","complementar":false,"ementa":"Que seja encaminhado of\u00edcio \u00e0 Secretaria de Estado de Sa\u00fade, \u00e0 Ger\u00eancia Regional de Sa\u00fade, \u00e0 Presid\u00eancia do CISDESTE e \u00e0 Promotoria de Sa\u00fade de Juiz de Fora, solicitando a inclus\u00e3o do Hospital S\u00e3o Jos\u00e9 de Bicas como refer\u00eancia no sistema do SAMU.","indexacao":"","observacao":"","resultado":"","texto_original":"http://sapl.bicas.mg.leg.br/media/sapl/public/materialegislativa/2021/2936/216.pdf","data_ultima_atualizacao":"2021-05-21T13:43:29.421735-03:00","ip":"191.36.166.136","ultima_edicao":"2021-05-21T13:42:38.542532-03:00","tipo":8,"regime_tramitacao":1,"tipo_origem_externa":null,"local_origem_externa":null,"user":33,"anexadas":[],"autores":[7]}