{"id":2396,"__str__":"Requerimento n\u00ba 18 de 2020","link_detail_backend":"/materia/2396","metadata":{},"numero":18,"ano":2020,"numero_protocolo":null,"data_apresentacao":"2020-05-18","tipo_apresentacao":"E","data_publicacao":null,"numero_origem_externa":"","ano_origem_externa":null,"data_origem_externa":null,"apelido":"","dias_prazo":null,"data_fim_prazo":null,"em_tramitacao":false,"polemica":null,"objeto":"","complementar":null,"ementa":"Requeiro \u00e0 Mesa Diretora explica\u00e7\u00f5es sobre a motiva\u00e7\u00e3o da suspens\u00e3o do uso da tribuna.","indexacao":"","observacao":"","resultado":"","texto_original":"http://sapl.bicas.mg.leg.br/media/sapl/public/materialegislativa/2020/2396/18.pdf","data_ultima_atualizacao":"2020-05-21T12:27:27.487564-03:00","ip":"187.127.212.237","ultima_edicao":"2020-05-21T12:26:08.032251-03:00","tipo":3,"regime_tramitacao":1,"tipo_origem_externa":null,"local_origem_externa":null,"user":33,"anexadas":[],"autores":[]}