{"id":2325,"__str__":"Indica\u00e7\u00e3o n\u00ba 32 de 2020","link_detail_backend":"/materia/2325","metadata":{},"numero":32,"ano":2020,"numero_protocolo":null,"data_apresentacao":"2020-03-09","tipo_apresentacao":"E","data_publicacao":null,"numero_origem_externa":"","ano_origem_externa":null,"data_origem_externa":null,"apelido":"","dias_prazo":null,"data_fim_prazo":null,"em_tramitacao":false,"polemica":null,"objeto":"","complementar":null,"ementa":"Nos termos da Lei Complementar n\u00ba 37/2019 que \u201cRegulamenta a partilha e fixa prazos para apresenta\u00e7\u00e3o das emendas impositivas ao Or\u00e7amento Anual\u201d, destino 100% do valor referente \u00e0s emendas parlamentares de que trata o art. 145 e seus par\u00e1grafos da Lei Org\u00e2nica Municipal, incluindo os valores referentes \u00e0 parcela obrigatoriamente destinada \u00e0 pasta da Sa\u00fade, o valor de R$ 5.593,31 (cinco mil quinhentos e noventa e tr\u00eas reais e trinta e um centavos), referente a cada vereador que subscreve esta para um total de R$ 33.559,86 (Trinta e tr\u00eas mil, quinhentos e cinquenta e nove reais e oitenta e seis centavos)para a seguinte dota\u00e7\u00e3o: \r\n \r\n\u00d3rg\u00e3o 2 - Prefeitura Municipal De Bicas\r\nUnidade 6 \u2013 Fundo Municipal de Sa\u00fade \r\nSub-Unidade 2 \u2013 Aten\u00e7\u00e3o de M\u00e9dia e Alta Complexidade\r\n10.302.018.2.0063 \u2013 Apoio \u00e0 Associa\u00e7\u00e3o da \u00c1rea da Sa\u00fade\r\n3.3.50.43 \u2013 Subven\u00e7\u00f5es Sociais R$ 33.559,86","indexacao":"","observacao":"","resultado":"","texto_original":"http://sapl.bicas.mg.leg.br/media/sapl/public/materialegislativa/2020/2325/indicacao_32.pdf","data_ultima_atualizacao":"2020-03-18T13:24:04.150962-03:00","ip":"191.44.56.139","ultima_edicao":"2020-03-18T13:01:14.211166-03:00","tipo":8,"regime_tramitacao":1,"tipo_origem_externa":null,"local_origem_externa":null,"user":33,"anexadas":[],"autores":[9]}