{"id":2232,"__str__":"Requerimento n\u00ba 62 de 2019","link_detail_backend":"/materia/2232","metadata":{},"numero":62,"ano":2019,"numero_protocolo":null,"data_apresentacao":"2019-11-25","tipo_apresentacao":"E","data_publicacao":null,"numero_origem_externa":"","ano_origem_externa":null,"data_origem_externa":null,"apelido":"","dias_prazo":null,"data_fim_prazo":null,"em_tramitacao":false,"polemica":null,"objeto":"","complementar":null,"ementa":"Solicito \u00e0 Presid\u00eancia desta Casa que, ouvido o plen\u00e1rio, oficie a Secretaria de Sa\u00fade e solicite a programa\u00e7\u00e3o de atendimento m\u00e9dico di\u00e1ria da policl\u00ednica municipal, identificando os m\u00e9dicos efetivos, terceirizados e contratados, al\u00e9m de todo o resumo de atendimento compreendido entre os dias 04 e 08 de novembro pr\u00f3ximos passados, detalhando o nome do paciente atendido, qual a especialidade consultada e os hor\u00e1rios destes atendimentos.","indexacao":"","observacao":"","resultado":"","texto_original":"http://sapl.bicas.mg.leg.br/media/sapl/public/materialegislativa/2019/2232/req._62_loro.pdf","data_ultima_atualizacao":"2019-11-27T17:51:32.874507-03:00","ip":"152.237.240.212","ultima_edicao":null,"tipo":3,"regime_tramitacao":1,"tipo_origem_externa":null,"local_origem_externa":null,"user":33,"anexadas":[],"autores":[7]}