{"id":2195,"__str__":"Portaria n\u00ba 25 de 2019","link_detail_backend":"/materia/2195","metadata":{},"numero":25,"ano":2019,"numero_protocolo":null,"data_apresentacao":"2019-10-03","tipo_apresentacao":"E","data_publicacao":null,"numero_origem_externa":"","ano_origem_externa":null,"data_origem_externa":null,"apelido":"","dias_prazo":null,"data_fim_prazo":null,"em_tramitacao":false,"polemica":null,"objeto":"","complementar":null,"ementa":"O Presidente da C\u00e2mara Municipal de Bicas \u2013 Minas Gerais, no uso das atribui\u00e7\u00f5es que lhe s\u00e3o conferidas pela Lei Org\u00e2nica do Munic\u00edpio e pelo Regimento Interno da C\u00e2mara, \r\nCONSIDERANDO o calend\u00e1rio legislativo do ano 2019; \r\nCONSIDERANDO que na data previamente agendada para a 28\u00aa Reuni\u00e3o Ordin\u00e1ria ocorrer\u00e1, nesta cidade, as comemora\u00e7\u00f5es dos 140 anos do pr\u00e9dio da Esta\u00e7\u00e3o Ferrovi\u00e1ria de Bicas.","indexacao":"","observacao":"","resultado":"","texto_original":"http://sapl.bicas.mg.leg.br/media/sapl/public/materialegislativa/2019/2195/portaria_25.2019.pdf","data_ultima_atualizacao":"2019-10-16T15:06:19.543044-03:00","ip":"170.78.15.40","ultima_edicao":null,"tipo":9,"regime_tramitacao":1,"tipo_origem_externa":null,"local_origem_externa":null,"user":33,"anexadas":[],"autores":[26]}