{"id":2171,"__str__":"Mo\u00e7\u00e3o n\u00ba 26 de 2019","link_detail_backend":"/materia/2171","metadata":{},"numero":26,"ano":2019,"numero_protocolo":null,"data_apresentacao":"2019-09-23","tipo_apresentacao":"E","data_publicacao":null,"numero_origem_externa":"","ano_origem_externa":null,"data_origem_externa":null,"apelido":"","dias_prazo":null,"data_fim_prazo":null,"em_tramitacao":false,"polemica":null,"objeto":"","complementar":null,"ementa":"Apresento a V.Exa., nos termos do art. 182 do Regimento Interno, a presente Mo\u00e7\u00e3o de Pesar a ser encaminhada aos familiares do Sr. Valtecir Campos pela ocasi\u00e3o de seu falecimento.","indexacao":"","observacao":"","resultado":"","texto_original":null,"data_ultima_atualizacao":"2019-09-26T13:37:21.321496-03:00","ip":"170.78.15.40","ultima_edicao":null,"tipo":7,"regime_tramitacao":1,"tipo_origem_externa":null,"local_origem_externa":null,"user":33,"anexadas":[],"autores":[29]}