{"id":2170,"__str__":"Mo\u00e7\u00e3o n\u00ba 25 de 2019","link_detail_backend":"/materia/2170","metadata":{},"numero":25,"ano":2019,"numero_protocolo":null,"data_apresentacao":"2019-09-11","tipo_apresentacao":"E","data_publicacao":null,"numero_origem_externa":"","ano_origem_externa":null,"data_origem_externa":null,"apelido":"","dias_prazo":null,"data_fim_prazo":null,"em_tramitacao":false,"polemica":null,"objeto":"","complementar":null,"ementa":"Apresento a V.Exa., nos termos do art. 182 do Regimento Interno, a presente Mo\u00e7\u00e3o de Aplausos a ser encaminhada  a Secret\u00e1ria de Educa\u00e7\u00e3o Sonia Maria Pereira Mattos, ao Secret\u00e1rio de Cultura Alexander de Castro Mendes, ao Sr Amarildo Mayrink e a Sra Vera Rossi, pelo belo trabalho no desenvolvimento do projeto de resgate de nossa hist\u00f3ria, na ocasi\u00e3o de passagem dos 140 anos da esta\u00e7\u00e3o ferrovi\u00e1ria, que culminou no belo desfile de 7 de setembro.","indexacao":"","observacao":"","resultado":"","texto_original":"http://sapl.bicas.mg.leg.br/media/sapl/public/materialegislativa/2019/2170/mocao_25_rafael.pdf","data_ultima_atualizacao":"2019-09-26T13:35:57.662881-03:00","ip":"170.78.15.40","ultima_edicao":null,"tipo":7,"regime_tramitacao":1,"tipo_origem_externa":null,"local_origem_externa":null,"user":33,"anexadas":[],"autores":[9]}