{"id":2158,"__str__":"Indica\u00e7\u00e3o n\u00ba 177 de 2019","link_detail_backend":"/materia/2158","metadata":{},"numero":177,"ano":2019,"numero_protocolo":null,"data_apresentacao":"2019-09-23","tipo_apresentacao":"E","data_publicacao":null,"numero_origem_externa":"","ano_origem_externa":null,"data_origem_externa":null,"apelido":"","dias_prazo":null,"data_fim_prazo":null,"em_tramitacao":false,"polemica":null,"objeto":"","complementar":null,"ementa":"Solicito que o Prefeito Municipal, atrav\u00e9s da secretaria competente, instale bra\u00e7os de ilumina\u00e7\u00e3o nos dois postes da Rua Valdir de Oliveirae tamb\u00e9m outros dois bra\u00e7os na Rua S\u00e3o Jorge (Rua do Leil\u00e3o.) esquina com  Jair Pereira de Souza.","indexacao":"","observacao":"","resultado":"","texto_original":"http://sapl.bicas.mg.leg.br/media/sapl/public/materialegislativa/2019/2158/ind._177_joel.pdf","data_ultima_atualizacao":"2019-09-26T13:15:40.204612-03:00","ip":"170.78.15.40","ultima_edicao":null,"tipo":8,"regime_tramitacao":1,"tipo_origem_externa":null,"local_origem_externa":null,"user":33,"anexadas":[],"autores":[25]}