{"id":2146,"__str__":"Requerimento n\u00ba 43 de 2019","link_detail_backend":"/materia/2146","metadata":{},"numero":43,"ano":2019,"numero_protocolo":null,"data_apresentacao":"2019-08-05","tipo_apresentacao":"E","data_publicacao":null,"numero_origem_externa":"","ano_origem_externa":null,"data_origem_externa":null,"apelido":"","dias_prazo":null,"data_fim_prazo":null,"em_tramitacao":false,"polemica":null,"objeto":"","complementar":null,"ementa":"Solicito \u00e0 Presid\u00eancia da C\u00e2mara Municipal que, ouvido o plen\u00e1rio, oficie o Tribunal de Justi\u00e7a do Estado de Minas Gerais, questionando acerca do processo n\u00ba 0003199-19.2019.8.13.0069 que teve o deferimento de uma liminar no dia 25 de fevereiro do ano em curso.","indexacao":"","observacao":"","resultado":"","texto_original":"http://sapl.bicas.mg.leg.br/media/sapl/public/materialegislativa/2019/2146/43_loro_inf._contas_cel.pdf","data_ultima_atualizacao":"2019-08-21T14:44:53.133361-03:00","ip":"191.44.58.231","ultima_edicao":null,"tipo":3,"regime_tramitacao":1,"tipo_origem_externa":null,"local_origem_externa":null,"user":33,"anexadas":[],"autores":[7]}